{"id":55795,"date":"2026-09-03T15:55:16","date_gmt":"2026-09-03T15:55:16","guid":{"rendered":"https:\/\/vrip.ubiobio.cl\/inicio\/?p=55795"},"modified":"2026-09-03T15:55:16","modified_gmt":"2026-09-03T15:55:16","slug":"conecta-san-carlos-2026-reunio-a-emprendedores-empresas-e-instituciones-para-fortalecer-el-desarrollo-territorial-de-nuble","status":"publish","type":"post","link":"https:\/\/vrip.ubiobio.cl\/inicio\/noticias\/conecta-san-carlos-2026-reunio-a-emprendedores-empresas-e-instituciones-para-fortalecer-el-desarrollo-territorial-de-nuble\/","title":{"rendered":"Conecta San Carlos 2026 reuni\u00f3 a emprendedores, empresas e instituciones para fortalecer el desarrollo territorial de \u00d1uble"},"content":{"rendered":"<p><img fetchpriority=\"high\" decoding=\"async\" class=\"alignnone size-medium wp-image-55796\" src=\"https:\/\/vrip.ubiobio.cl\/wp-content\/uploads\/2026\/09\/Foto_.8-380x304.png\" alt=\"\" width=\"380\" height=\"304\" srcset=\"https:\/\/vrip.ubiobio.cl\/wp-content\/uploads\/2026\/09\/Foto_.8-380x304.png 380w, https:\/\/vrip.ubiobio.cl\/wp-content\/uploads\/2026\/09\/Foto_.8-768x614.png 768w, https:\/\/vrip.ubiobio.cl\/wp-content\/uploads\/2026\/09\/Foto_.8.png 810w\" sizes=\"(max-width: 380px) 100vw, 380px\" \/> <img decoding=\"async\" class=\"alignnone size-medium wp-image-55798\" src=\"https:\/\/vrip.ubiobio.cl\/wp-content\/uploads\/2026\/09\/Foto_5-380x304.png\" alt=\"\" width=\"380\" height=\"304\" srcset=\"https:\/\/vrip.ubiobio.cl\/wp-content\/uploads\/2026\/09\/Foto_5-380x304.png 380w, https:\/\/vrip.ubiobio.cl\/wp-content\/uploads\/2026\/09\/Foto_5-768x614.png 768w, https:\/\/vrip.ubiobio.cl\/wp-content\/uploads\/2026\/09\/Foto_5.png 810w\" sizes=\"(max-width: 380px) 100vw, 380px\" \/> <img decoding=\"async\" class=\"alignnone size-medium wp-image-55799\" src=\"https:\/\/vrip.ubiobio.cl\/wp-content\/uploads\/2026\/09\/Foto_7-380x304.png\" alt=\"\" width=\"380\" height=\"304\" srcset=\"https:\/\/vrip.ubiobio.cl\/wp-content\/uploads\/2026\/09\/Foto_7-380x304.png 380w, https:\/\/vrip.ubiobio.cl\/wp-content\/uploads\/2026\/09\/Foto_7-768x614.png 768w, https:\/\/vrip.ubiobio.cl\/wp-content\/uploads\/2026\/09\/Foto_7.png 810w\" sizes=\"(max-width: 380px) 100vw, 380px\" \/> <img loading=\"lazy\" decoding=\"async\" class=\"alignnone size-medium wp-image-55800\" src=\"https:\/\/vrip.ubiobio.cl\/wp-content\/uploads\/2026\/09\/Foto_10-380x304.png\" alt=\"\" width=\"380\" height=\"304\" srcset=\"https:\/\/vrip.ubiobio.cl\/wp-content\/uploads\/2026\/09\/Foto_10-380x304.png 380w, https:\/\/vrip.ubiobio.cl\/wp-content\/uploads\/2026\/09\/Foto_10-768x614.png 768w, https:\/\/vrip.ubiobio.cl\/wp-content\/uploads\/2026\/09\/Foto_10.png 810w\" sizes=\"(max-width: 380px) 100vw, 380px\" \/> <img loading=\"lazy\" decoding=\"async\" class=\"alignnone size-medium wp-image-55801\" src=\"https:\/\/vrip.ubiobio.cl\/wp-content\/uploads\/2026\/09\/Foto_11-380x304.png\" alt=\"\" width=\"380\" height=\"304\" srcset=\"https:\/\/vrip.ubiobio.cl\/wp-content\/uploads\/2026\/09\/Foto_11-380x304.png 380w, https:\/\/vrip.ubiobio.cl\/wp-content\/uploads\/2026\/09\/Foto_11-768x614.png 768w, https:\/\/vrip.ubiobio.cl\/wp-content\/uploads\/2026\/09\/Foto_11.png 810w\" sizes=\"(max-width: 380px) 100vw, 380px\" \/> <img loading=\"lazy\" decoding=\"async\" class=\"alignnone size-medium wp-image-55802\" src=\"https:\/\/vrip.ubiobio.cl\/wp-content\/uploads\/2026\/09\/Foto_13-380x304.png\" alt=\"\" width=\"380\" height=\"304\" srcset=\"https:\/\/vrip.ubiobio.cl\/wp-content\/uploads\/2026\/09\/Foto_13-380x304.png 380w, https:\/\/vrip.ubiobio.cl\/wp-content\/uploads\/2026\/09\/Foto_13-768x614.png 768w, https:\/\/vrip.ubiobio.cl\/wp-content\/uploads\/2026\/09\/Foto_13.png 810w\" sizes=\"(max-width: 380px) 100vw, 380px\" \/><\/p>\n<p><em>La tercera versi\u00f3n del encuentro \u201cConecta San Carlos: \u00d1uble Territorio Vivo\u201d convoc\u00f3 a representantes de distintas comunas de la Regi\u00f3n de \u00d1uble para fortalecer redes, compartir experiencias y generar nuevas oportunidades de colaboraci\u00f3n.<\/em><\/p>\n<div class=\"perfect-pullquote  pullquote-align-right\"><blockquote><p>La jornada permiti\u00f3 visibilizar adem\u00e1s la diversidad de capacidades existentes en las distintas comunas participantes y la importancia de generar espacios que faciliten el encuentro entre quienes desarrollan actividades productivas, empresariales y de servicios.<\/p><\/blockquote><\/div>\n<p>Con una amplia participaci\u00f3n de emprendedores, empresarios, representantes del comercio, instituciones p\u00fablicas y privadas y actores del ecosistema de innovaci\u00f3n y emprendimiento, se desarroll\u00f3 \u201cConecta San Carlos 2026: \u00d1uble Territorio Vivo\u201d, encuentro destinado a promover la colaboraci\u00f3n y la generaci\u00f3n de nuevas oportunidades para el desarrollo econ\u00f3mico y territorial de la provincia de Punilla y la Regi\u00f3n de \u00d1uble.<\/p>\n<p>La actividad se realiz\u00f3 en el Centro Cultural de San Carlos y reuni\u00f3 a representantes de las comunas de San Carlos, \u00d1iqu\u00e9n, San Fabi\u00e1n, San Nicol\u00e1s, Ninhue, Quirihue y Cobquecura, quienes participaron en una jornada orientada a compartir experiencias, fortalecer redes y proyectar iniciativas que contribuyan al crecimiento sostenible del territorio.<\/p>\n<p>Esta tercera versi\u00f3n de Conecta San Carlos fue impulsada por el Centro de Desarrollo de Negocios Sercotec San Carlos, en articulaci\u00f3n con \u00d1uble Territorio Vivo, proyecto ejecutado por Innglobal y financiado por el Comit\u00e9 de Desarrollo Productivo Regional de \u00d1uble, a trav\u00e9s de Corfo. A esta alianza se sumaron la Municipalidad de San Carlos, la OMIL de San Carlos, la C\u00e1mara de Comercio de San Carlos y otras instituciones vinculadas al ecosistema regional de innovaci\u00f3n y emprendimiento.<\/p>\n<p>Uno de los momentos destacados de la jornada fue la participaci\u00f3n de Luis Andaur, reconocido comunicador y explorador chileno, quien comparti\u00f3 con los asistentes experiencias y aprendizajes relacionados con los desaf\u00edos de la exploraci\u00f3n, la capacidad de asumir riesgos y la importancia de atreverse a enfrentar nuevas oportunidades.<\/p>\n<p>La actividad tambi\u00e9n cont\u00f3 con la participaci\u00f3n de Bel\u00e9n Elisa D\u00edaz, quien abord\u00f3 la importancia de la identidad territorial y la generaci\u00f3n de valor desde la provincia de Punilla y la Regi\u00f3n de \u00d1uble hacia nuevos mercados y escenarios globales.<\/p>\n<p>Su exposici\u00f3n estuvo especialmente dirigida a empresarios tur\u00edsticos, emprendedores y representantes de los sectores gastron\u00f3mico y de servicios, poniendo \u00e9nfasis en la necesidad de identificar, fortalecer y comunicar aquellos atributos que distinguen al territorio y que pueden transformarse en oportunidades de desarrollo econ\u00f3mico.<\/p>\n<p><strong>Conectar para generar oportunidades<\/strong><\/p>\n<p>Desde el Centro de Desarrollo de Negocios Sercotec San Carlos destacaron la positiva convocatoria alcanzada por esta nueva versi\u00f3n del encuentro y agradecieron la participaci\u00f3n de autoridades, instituciones, organizaciones, empresas, emprendedores, colaboradores y asistentes. \u201cConecta San Carlos demuestra que cuando conectamos personas, ideas y oportunidades, fortalecemos nuestras redes y abrimos nuevos caminos para el desarrollo de nuestro territorio. Nuestro compromiso es continuar acompa\u00f1ando a los emprendedores y empresarios, fortaleciendo sus capacidades y promoviendo espacios de colaboraci\u00f3n que contribuyan al crecimiento sostenible de San Carlos y \u00d1uble\u201d<strong>,<\/strong> se\u00f1alaron desde la organizaci\u00f3n.<\/p>\n<p>La jornada permiti\u00f3 visibilizar adem\u00e1s la diversidad de capacidades existentes en las distintas comunas participantes y la importancia de generar espacios que faciliten el encuentro entre quienes desarrollan actividades productivas, empresariales y de servicios.<\/p>\n<p>En este sentido, Conecta San Carlos 2026 reafirm\u00f3 que la colaboraci\u00f3n y la articulaci\u00f3n entre los distintos actores del territorio constituyen herramientas fundamentales para impulsar nuevas iniciativas, fortalecer los emprendimientos locales y ampliar las posibilidades de acceso a mercados y oportunidades.<\/p>\n<p>Con el lema \u201c\u00d1uble Territorio Vivo\u201d, el encuentro puso en valor la identidad, el talento y las capacidades de la regi\u00f3n, proyectando a sus comunas como territorios con potencial para innovar, emprender y generar nuevas oportunidades de crecimiento.<\/p>\n<p>La tercera versi\u00f3n de Conecta San Carlos dej\u00f3, as\u00ed como principal desaf\u00edo continuar construyendo una red territorial activa, capaz de vincular personas, instituciones y empresas, y de transformar las capacidades locales en iniciativas que contribuyan al desarrollo econ\u00f3mico y sostenible de San Carlos, Punilla y la Regi\u00f3n de \u00d1uble.<\/p>\n<p>Fuente: CDN San Carlos-UBB<\/p>\n","protected":false},"excerpt":{"rendered":"<p>La tercera versi\u00f3n del encuentro \u201cConecta San Carlos: \u00d1uble Territorio Vivo\u201d convoc\u00f3 a representantes de distintas comunas de la Regi\u00f3n de \u00d1uble para fortalecer redes, compartir experiencias y generar nuevas oportunidades de colaboraci\u00f3n. Con una amplia participaci\u00f3n de emprendedores, empresarios, representantes del comercio, instituciones p\u00fablicas y privadas y actores del ecosistema de innovaci\u00f3n y emprendimiento,&#8230;<\/p>\n","protected":false},"author":3,"featured_media":55803,"comment_status":"closed","ping_status":"closed","sticky":false,"template":"","format":"standard","meta":{"_kadence_starter_templates_imported_post":false,"_kad_post_transparent":"default","_kad_post_title":"default","_kad_post_layout":"default","_kad_post_sidebar_id":"","_kad_post_content_style":"default","_kad_post_vertical_padding":"default","_kad_post_feature":"","_kad_post_feature_position":"","_kad_post_header":false,"_kad_post_footer":false,"footnotes":""},"categories":[3],"tags":[],"class_list":["post-55795","post","type-post","status-publish","format-standard","has-post-thumbnail","hentry","category-noticias"],"yoast_head":"<!-- This site is optimized with the Yoast SEO plugin v27.5 - https:\/\/yoast.com\/product\/yoast-seo-wordpress\/ -->\n<title>Conecta San Carlos 2026 reuni\u00f3 a emprendedores, empresas e instituciones para fortalecer el desarrollo territorial de \u00d1uble - VRIP<\/title>\n<meta name=\"robots\" content=\"index, follow, max-snippet:-1, max-image-preview:large, max-video-preview:-1\" \/>\n<link rel=\"canonical\" href=\"https:\/\/vrip.ubiobio.cl\/inicio\/noticias\/conecta-san-carlos-2026-reunio-a-emprendedores-empresas-e-instituciones-para-fortalecer-el-desarrollo-territorial-de-nuble\/\" \/>\n<meta property=\"og:locale\" content=\"es_ES\" \/>\n<meta property=\"og:type\" content=\"article\" \/>\n<meta property=\"og:title\" content=\"Conecta San Carlos 2026 reuni\u00f3 a emprendedores, empresas e instituciones para fortalecer el desarrollo territorial de \u00d1uble - VRIP\" \/>\n<meta property=\"og:description\" content=\"La tercera versi\u00f3n del encuentro \u201cConecta San Carlos: \u00d1uble Territorio Vivo\u201d convoc\u00f3 a representantes de distintas comunas de la Regi\u00f3n de \u00d1uble para fortalecer redes, compartir experiencias y generar nuevas oportunidades de colaboraci\u00f3n. Con una amplia participaci\u00f3n de emprendedores, empresarios, representantes del comercio, instituciones p\u00fablicas y privadas y actores del ecosistema de innovaci\u00f3n y emprendimiento,...\" \/>\n<meta property=\"og:url\" content=\"https:\/\/vrip.ubiobio.cl\/inicio\/noticias\/conecta-san-carlos-2026-reunio-a-emprendedores-empresas-e-instituciones-para-fortalecer-el-desarrollo-territorial-de-nuble\/\" \/>\n<meta property=\"og:site_name\" content=\"VRIP\" \/>\n<meta property=\"article:published_time\" content=\"2026-09-03T15:55:16+00:00\" \/>\n<meta property=\"og:image\" content=\"https:\/\/vrip.ubiobio.cl\/wp-content\/uploads\/2026\/09\/Foto_4.jpg\" \/>\n\t<meta property=\"og:image:width\" content=\"1350\" \/>\n\t<meta property=\"og:image:height\" content=\"641\" \/>\n\t<meta property=\"og:image:type\" content=\"image\/jpeg\" \/>\n<meta name=\"author\" content=\"Dagoberto Perez\" \/>\n<meta name=\"twitter:card\" content=\"summary_large_image\" \/>\n<meta name=\"twitter:creator\" content=\"@vripubb\" \/>\n<meta name=\"twitter:site\" content=\"@vripubb\" \/>\n<meta name=\"twitter:label1\" content=\"Escrito por\" \/>\n\t<meta name=\"twitter:data1\" content=\"Dagoberto Perez\" \/>\n\t<meta name=\"twitter:label2\" content=\"Tiempo de lectura\" \/>\n\t<meta name=\"twitter:data2\" content=\"5 minutos\" \/>\n<script type=\"application\/ld+json\" class=\"yoast-schema-graph\">{\"@context\":\"https:\\\/\\\/schema.org\",\"@graph\":[{\"@type\":\"Article\",\"@id\":\"https:\\\/\\\/vrip.ubiobio.cl\\\/inicio\\\/noticias\\\/conecta-san-carlos-2026-reunio-a-emprendedores-empresas-e-instituciones-para-fortalecer-el-desarrollo-territorial-de-nuble\\\/#article\",\"isPartOf\":{\"@id\":\"https:\\\/\\\/vrip.ubiobio.cl\\\/inicio\\\/noticias\\\/conecta-san-carlos-2026-reunio-a-emprendedores-empresas-e-instituciones-para-fortalecer-el-desarrollo-territorial-de-nuble\\\/\"},\"author\":{\"name\":\"Dagoberto Perez\",\"@id\":\"https:\\\/\\\/vrip.ubiobio.cl\\\/inicio\\\/#\\\/schema\\\/person\\\/39f3cf67f158f0420b4eb8baa645a9c0\"},\"headline\":\"Conecta San Carlos 2026 reuni\u00f3 a emprendedores, empresas e instituciones para fortalecer el desarrollo territorial de \u00d1uble\",\"datePublished\":\"2026-09-03T15:55:16+00:00\",\"mainEntityOfPage\":{\"@id\":\"https:\\\/\\\/vrip.ubiobio.cl\\\/inicio\\\/noticias\\\/conecta-san-carlos-2026-reunio-a-emprendedores-empresas-e-instituciones-para-fortalecer-el-desarrollo-territorial-de-nuble\\\/\"},\"wordCount\":714,\"publisher\":{\"@id\":\"https:\\\/\\\/vrip.ubiobio.cl\\\/inicio\\\/#organization\"},\"image\":{\"@id\":\"https:\\\/\\\/vrip.ubiobio.cl\\\/inicio\\\/noticias\\\/conecta-san-carlos-2026-reunio-a-emprendedores-empresas-e-instituciones-para-fortalecer-el-desarrollo-territorial-de-nuble\\\/#primaryimage\"},\"thumbnailUrl\":\"https:\\\/\\\/vrip.ubiobio.cl\\\/wp-content\\\/uploads\\\/2026\\\/09\\\/Foto_4.jpg\",\"articleSection\":[\"Noticias\"],\"inLanguage\":\"es\"},{\"@type\":\"WebPage\",\"@id\":\"https:\\\/\\\/vrip.ubiobio.cl\\\/inicio\\\/noticias\\\/conecta-san-carlos-2026-reunio-a-emprendedores-empresas-e-instituciones-para-fortalecer-el-desarrollo-territorial-de-nuble\\\/\",\"url\":\"https:\\\/\\\/vrip.ubiobio.cl\\\/inicio\\\/noticias\\\/conecta-san-carlos-2026-reunio-a-emprendedores-empresas-e-instituciones-para-fortalecer-el-desarrollo-territorial-de-nuble\\\/\",\"name\":\"Conecta San Carlos 2026 reuni\u00f3 a emprendedores, empresas e instituciones para fortalecer el desarrollo territorial de \u00d1uble - VRIP\",\"isPartOf\":{\"@id\":\"https:\\\/\\\/vrip.ubiobio.cl\\\/inicio\\\/#website\"},\"primaryImageOfPage\":{\"@id\":\"https:\\\/\\\/vrip.ubiobio.cl\\\/inicio\\\/noticias\\\/conecta-san-carlos-2026-reunio-a-emprendedores-empresas-e-instituciones-para-fortalecer-el-desarrollo-territorial-de-nuble\\\/#primaryimage\"},\"image\":{\"@id\":\"https:\\\/\\\/vrip.ubiobio.cl\\\/inicio\\\/noticias\\\/conecta-san-carlos-2026-reunio-a-emprendedores-empresas-e-instituciones-para-fortalecer-el-desarrollo-territorial-de-nuble\\\/#primaryimage\"},\"thumbnailUrl\":\"https:\\\/\\\/vrip.ubiobio.cl\\\/wp-content\\\/uploads\\\/2026\\\/09\\\/Foto_4.jpg\",\"datePublished\":\"2026-09-03T15:55:16+00:00\",\"breadcrumb\":{\"@id\":\"https:\\\/\\\/vrip.ubiobio.cl\\\/inicio\\\/noticias\\\/conecta-san-carlos-2026-reunio-a-emprendedores-empresas-e-instituciones-para-fortalecer-el-desarrollo-territorial-de-nuble\\\/#breadcrumb\"},\"inLanguage\":\"es\",\"potentialAction\":[{\"@type\":\"ReadAction\",\"target\":[\"https:\\\/\\\/vrip.ubiobio.cl\\\/inicio\\\/noticias\\\/conecta-san-carlos-2026-reunio-a-emprendedores-empresas-e-instituciones-para-fortalecer-el-desarrollo-territorial-de-nuble\\\/\"]}]},{\"@type\":\"ImageObject\",\"inLanguage\":\"es\",\"@id\":\"https:\\\/\\\/vrip.ubiobio.cl\\\/inicio\\\/noticias\\\/conecta-san-carlos-2026-reunio-a-emprendedores-empresas-e-instituciones-para-fortalecer-el-desarrollo-territorial-de-nuble\\\/#primaryimage\",\"url\":\"https:\\\/\\\/vrip.ubiobio.cl\\\/wp-content\\\/uploads\\\/2026\\\/09\\\/Foto_4.jpg\",\"contentUrl\":\"https:\\\/\\\/vrip.ubiobio.cl\\\/wp-content\\\/uploads\\\/2026\\\/09\\\/Foto_4.jpg\",\"width\":1350,\"height\":641},{\"@type\":\"BreadcrumbList\",\"@id\":\"https:\\\/\\\/vrip.ubiobio.cl\\\/inicio\\\/noticias\\\/conecta-san-carlos-2026-reunio-a-emprendedores-empresas-e-instituciones-para-fortalecer-el-desarrollo-territorial-de-nuble\\\/#breadcrumb\",\"itemListElement\":[{\"@type\":\"ListItem\",\"position\":1,\"name\":\"Portada\",\"item\":\"https:\\\/\\\/vrip.ubiobio.cl\\\/inicio\\\/\"},{\"@type\":\"ListItem\",\"position\":2,\"name\":\"Conecta San Carlos 2026 reuni\u00f3 a emprendedores, empresas e instituciones para fortalecer el desarrollo territorial de \u00d1uble\"}]},{\"@type\":\"WebSite\",\"@id\":\"https:\\\/\\\/vrip.ubiobio.cl\\\/inicio\\\/#website\",\"url\":\"https:\\\/\\\/vrip.ubiobio.cl\\\/inicio\\\/\",\"name\":\"VRIP\",\"description\":\"Vicerrector\u00eda de Investigaci\u00f3n y Postgrado\",\"publisher\":{\"@id\":\"https:\\\/\\\/vrip.ubiobio.cl\\\/inicio\\\/#organization\"},\"potentialAction\":[{\"@type\":\"SearchAction\",\"target\":{\"@type\":\"EntryPoint\",\"urlTemplate\":\"https:\\\/\\\/vrip.ubiobio.cl\\\/inicio\\\/?s={search_term_string}\"},\"query-input\":{\"@type\":\"PropertyValueSpecification\",\"valueRequired\":true,\"valueName\":\"search_term_string\"}}],\"inLanguage\":\"es\"},{\"@type\":\"Organization\",\"@id\":\"https:\\\/\\\/vrip.ubiobio.cl\\\/inicio\\\/#organization\",\"name\":\"VRIP\",\"url\":\"https:\\\/\\\/vrip.ubiobio.cl\\\/inicio\\\/\",\"logo\":{\"@type\":\"ImageObject\",\"inLanguage\":\"es\",\"@id\":\"https:\\\/\\\/vrip.ubiobio.cl\\\/inicio\\\/#\\\/schema\\\/logo\\\/image\\\/\",\"url\":\"https:\\\/\\\/vrip.ubiobio.cl\\\/wp-content\\\/uploads\\\/2022\\\/10\\\/logo-vrip_Mesa-de-trabajo-1.png\",\"contentUrl\":\"https:\\\/\\\/vrip.ubiobio.cl\\\/wp-content\\\/uploads\\\/2022\\\/10\\\/logo-vrip_Mesa-de-trabajo-1.png\",\"width\":642,\"height\":178,\"caption\":\"VRIP\"},\"image\":{\"@id\":\"https:\\\/\\\/vrip.ubiobio.cl\\\/inicio\\\/#\\\/schema\\\/logo\\\/image\\\/\"},\"sameAs\":[\"https:\\\/\\\/x.com\\\/vripubb\",\"https:\\\/\\\/www.instagram.com\\\/vrip_ubb\\\/\",\"https:\\\/\\\/www.youtube.com\\\/channel\\\/UCf7o8yHRJ7Y_QQLxwu1KQgA\",\"https:\\\/\\\/www.linkedin.com\\\/company\\\/96035097\\\/admin\\\/dashboard\\\/\"]},{\"@type\":\"Person\",\"@id\":\"https:\\\/\\\/vrip.ubiobio.cl\\\/inicio\\\/#\\\/schema\\\/person\\\/39f3cf67f158f0420b4eb8baa645a9c0\",\"name\":\"Dagoberto Perez\",\"image\":{\"@type\":\"ImageObject\",\"inLanguage\":\"es\",\"@id\":\"https:\\\/\\\/secure.gravatar.com\\\/avatar\\\/d16ec183e637d727e6c6574e3768aa439442611065e2b4f983793af8bb630edc?s=96&d=mm&r=g\",\"url\":\"https:\\\/\\\/secure.gravatar.com\\\/avatar\\\/d16ec183e637d727e6c6574e3768aa439442611065e2b4f983793af8bb630edc?s=96&d=mm&r=g\",\"contentUrl\":\"https:\\\/\\\/secure.gravatar.com\\\/avatar\\\/d16ec183e637d727e6c6574e3768aa439442611065e2b4f983793af8bb630edc?s=96&d=mm&r=g\",\"caption\":\"Dagoberto Perez\"},\"url\":\"https:\\\/\\\/vrip.ubiobio.cl\\\/inicio\\\/author\\\/dagoberto\\\/\"}]}<\/script>\n<!-- \/ Yoast SEO plugin. -->","yoast_head_json":{"title":"Conecta San Carlos 2026 reuni\u00f3 a emprendedores, empresas e instituciones para fortalecer el desarrollo territorial de \u00d1uble - VRIP","robots":{"index":"index","follow":"follow","max-snippet":"max-snippet:-1","max-image-preview":"max-image-preview:large","max-video-preview":"max-video-preview:-1"},"canonical":"https:\/\/vrip.ubiobio.cl\/inicio\/noticias\/conecta-san-carlos-2026-reunio-a-emprendedores-empresas-e-instituciones-para-fortalecer-el-desarrollo-territorial-de-nuble\/","og_locale":"es_ES","og_type":"article","og_title":"Conecta San Carlos 2026 reuni\u00f3 a emprendedores, empresas e instituciones para fortalecer el desarrollo territorial de \u00d1uble - VRIP","og_description":"La tercera versi\u00f3n del encuentro \u201cConecta San Carlos: \u00d1uble Territorio Vivo\u201d convoc\u00f3 a representantes de distintas comunas de la Regi\u00f3n de \u00d1uble para fortalecer redes, compartir experiencias y generar nuevas oportunidades de colaboraci\u00f3n. Con una amplia participaci\u00f3n de emprendedores, empresarios, representantes del comercio, instituciones p\u00fablicas y privadas y actores del ecosistema de innovaci\u00f3n y emprendimiento,...","og_url":"https:\/\/vrip.ubiobio.cl\/inicio\/noticias\/conecta-san-carlos-2026-reunio-a-emprendedores-empresas-e-instituciones-para-fortalecer-el-desarrollo-territorial-de-nuble\/","og_site_name":"VRIP","article_published_time":"2026-09-03T15:55:16+00:00","og_image":[{"width":1350,"height":641,"url":"https:\/\/vrip.ubiobio.cl\/wp-content\/uploads\/2026\/09\/Foto_4.jpg","type":"image\/jpeg"}],"author":"Dagoberto Perez","twitter_card":"summary_large_image","twitter_creator":"@vripubb","twitter_site":"@vripubb","twitter_misc":{"Escrito por":"Dagoberto Perez","Tiempo de lectura":"5 minutos"},"schema":{"@context":"https:\/\/schema.org","@graph":[{"@type":"Article","@id":"https:\/\/vrip.ubiobio.cl\/inicio\/noticias\/conecta-san-carlos-2026-reunio-a-emprendedores-empresas-e-instituciones-para-fortalecer-el-desarrollo-territorial-de-nuble\/#article","isPartOf":{"@id":"https:\/\/vrip.ubiobio.cl\/inicio\/noticias\/conecta-san-carlos-2026-reunio-a-emprendedores-empresas-e-instituciones-para-fortalecer-el-desarrollo-territorial-de-nuble\/"},"author":{"name":"Dagoberto Perez","@id":"https:\/\/vrip.ubiobio.cl\/inicio\/#\/schema\/person\/39f3cf67f158f0420b4eb8baa645a9c0"},"headline":"Conecta San Carlos 2026 reuni\u00f3 a emprendedores, empresas e instituciones para fortalecer el desarrollo territorial de \u00d1uble","datePublished":"2026-09-03T15:55:16+00:00","mainEntityOfPage":{"@id":"https:\/\/vrip.ubiobio.cl\/inicio\/noticias\/conecta-san-carlos-2026-reunio-a-emprendedores-empresas-e-instituciones-para-fortalecer-el-desarrollo-territorial-de-nuble\/"},"wordCount":714,"publisher":{"@id":"https:\/\/vrip.ubiobio.cl\/inicio\/#organization"},"image":{"@id":"https:\/\/vrip.ubiobio.cl\/inicio\/noticias\/conecta-san-carlos-2026-reunio-a-emprendedores-empresas-e-instituciones-para-fortalecer-el-desarrollo-territorial-de-nuble\/#primaryimage"},"thumbnailUrl":"https:\/\/vrip.ubiobio.cl\/wp-content\/uploads\/2026\/09\/Foto_4.jpg","articleSection":["Noticias"],"inLanguage":"es"},{"@type":"WebPage","@id":"https:\/\/vrip.ubiobio.cl\/inicio\/noticias\/conecta-san-carlos-2026-reunio-a-emprendedores-empresas-e-instituciones-para-fortalecer-el-desarrollo-territorial-de-nuble\/","url":"https:\/\/vrip.ubiobio.cl\/inicio\/noticias\/conecta-san-carlos-2026-reunio-a-emprendedores-empresas-e-instituciones-para-fortalecer-el-desarrollo-territorial-de-nuble\/","name":"Conecta San Carlos 2026 reuni\u00f3 a emprendedores, empresas e instituciones para fortalecer el desarrollo territorial de \u00d1uble - VRIP","isPartOf":{"@id":"https:\/\/vrip.ubiobio.cl\/inicio\/#website"},"primaryImageOfPage":{"@id":"https:\/\/vrip.ubiobio.cl\/inicio\/noticias\/conecta-san-carlos-2026-reunio-a-emprendedores-empresas-e-instituciones-para-fortalecer-el-desarrollo-territorial-de-nuble\/#primaryimage"},"image":{"@id":"https:\/\/vrip.ubiobio.cl\/inicio\/noticias\/conecta-san-carlos-2026-reunio-a-emprendedores-empresas-e-instituciones-para-fortalecer-el-desarrollo-territorial-de-nuble\/#primaryimage"},"thumbnailUrl":"https:\/\/vrip.ubiobio.cl\/wp-content\/uploads\/2026\/09\/Foto_4.jpg","datePublished":"2026-09-03T15:55:16+00:00","breadcrumb":{"@id":"https:\/\/vrip.ubiobio.cl\/inicio\/noticias\/conecta-san-carlos-2026-reunio-a-emprendedores-empresas-e-instituciones-para-fortalecer-el-desarrollo-territorial-de-nuble\/#breadcrumb"},"inLanguage":"es","potentialAction":[{"@type":"ReadAction","target":["https:\/\/vrip.ubiobio.cl\/inicio\/noticias\/conecta-san-carlos-2026-reunio-a-emprendedores-empresas-e-instituciones-para-fortalecer-el-desarrollo-territorial-de-nuble\/"]}]},{"@type":"ImageObject","inLanguage":"es","@id":"https:\/\/vrip.ubiobio.cl\/inicio\/noticias\/conecta-san-carlos-2026-reunio-a-emprendedores-empresas-e-instituciones-para-fortalecer-el-desarrollo-territorial-de-nuble\/#primaryimage","url":"https:\/\/vrip.ubiobio.cl\/wp-content\/uploads\/2026\/09\/Foto_4.jpg","contentUrl":"https:\/\/vrip.ubiobio.cl\/wp-content\/uploads\/2026\/09\/Foto_4.jpg","width":1350,"height":641},{"@type":"BreadcrumbList","@id":"https:\/\/vrip.ubiobio.cl\/inicio\/noticias\/conecta-san-carlos-2026-reunio-a-emprendedores-empresas-e-instituciones-para-fortalecer-el-desarrollo-territorial-de-nuble\/#breadcrumb","itemListElement":[{"@type":"ListItem","position":1,"name":"Portada","item":"https:\/\/vrip.ubiobio.cl\/inicio\/"},{"@type":"ListItem","position":2,"name":"Conecta San Carlos 2026 reuni\u00f3 a emprendedores, empresas e instituciones para fortalecer el desarrollo territorial de \u00d1uble"}]},{"@type":"WebSite","@id":"https:\/\/vrip.ubiobio.cl\/inicio\/#website","url":"https:\/\/vrip.ubiobio.cl\/inicio\/","name":"VRIP","description":"Vicerrector\u00eda de Investigaci\u00f3n y Postgrado","publisher":{"@id":"https:\/\/vrip.ubiobio.cl\/inicio\/#organization"},"potentialAction":[{"@type":"SearchAction","target":{"@type":"EntryPoint","urlTemplate":"https:\/\/vrip.ubiobio.cl\/inicio\/?s={search_term_string}"},"query-input":{"@type":"PropertyValueSpecification","valueRequired":true,"valueName":"search_term_string"}}],"inLanguage":"es"},{"@type":"Organization","@id":"https:\/\/vrip.ubiobio.cl\/inicio\/#organization","name":"VRIP","url":"https:\/\/vrip.ubiobio.cl\/inicio\/","logo":{"@type":"ImageObject","inLanguage":"es","@id":"https:\/\/vrip.ubiobio.cl\/inicio\/#\/schema\/logo\/image\/","url":"https:\/\/vrip.ubiobio.cl\/wp-content\/uploads\/2022\/10\/logo-vrip_Mesa-de-trabajo-1.png","contentUrl":"https:\/\/vrip.ubiobio.cl\/wp-content\/uploads\/2022\/10\/logo-vrip_Mesa-de-trabajo-1.png","width":642,"height":178,"caption":"VRIP"},"image":{"@id":"https:\/\/vrip.ubiobio.cl\/inicio\/#\/schema\/logo\/image\/"},"sameAs":["https:\/\/x.com\/vripubb","https:\/\/www.instagram.com\/vrip_ubb\/","https:\/\/www.youtube.com\/channel\/UCf7o8yHRJ7Y_QQLxwu1KQgA","https:\/\/www.linkedin.com\/company\/96035097\/admin\/dashboard\/"]},{"@type":"Person","@id":"https:\/\/vrip.ubiobio.cl\/inicio\/#\/schema\/person\/39f3cf67f158f0420b4eb8baa645a9c0","name":"Dagoberto Perez","image":{"@type":"ImageObject","inLanguage":"es","@id":"https:\/\/secure.gravatar.com\/avatar\/d16ec183e637d727e6c6574e3768aa439442611065e2b4f983793af8bb630edc?s=96&d=mm&r=g","url":"https:\/\/secure.gravatar.com\/avatar\/d16ec183e637d727e6c6574e3768aa439442611065e2b4f983793af8bb630edc?s=96&d=mm&r=g","contentUrl":"https:\/\/secure.gravatar.com\/avatar\/d16ec183e637d727e6c6574e3768aa439442611065e2b4f983793af8bb630edc?s=96&d=mm&r=g","caption":"Dagoberto Perez"},"url":"https:\/\/vrip.ubiobio.cl\/inicio\/author\/dagoberto\/"}]}},"_links":{"self":[{"href":"https:\/\/vrip.ubiobio.cl\/inicio\/wp-json\/wp\/v2\/posts\/55795","targetHints":{"allow":["GET"]}}],"collection":[{"href":"https:\/\/vrip.ubiobio.cl\/inicio\/wp-json\/wp\/v2\/posts"}],"about":[{"href":"https:\/\/vrip.ubiobio.cl\/inicio\/wp-json\/wp\/v2\/types\/post"}],"author":[{"embeddable":true,"href":"https:\/\/vrip.ubiobio.cl\/inicio\/wp-json\/wp\/v2\/users\/3"}],"replies":[{"embeddable":true,"href":"https:\/\/vrip.ubiobio.cl\/inicio\/wp-json\/wp\/v2\/comments?post=55795"}],"version-history":[{"count":1,"href":"https:\/\/vrip.ubiobio.cl\/inicio\/wp-json\/wp\/v2\/posts\/55795\/revisions"}],"predecessor-version":[{"id":55804,"href":"https:\/\/vrip.ubiobio.cl\/inicio\/wp-json\/wp\/v2\/posts\/55795\/revisions\/55804"}],"wp:featuredmedia":[{"embeddable":true,"href":"https:\/\/vrip.ubiobio.cl\/inicio\/wp-json\/wp\/v2\/media\/55803"}],"wp:attachment":[{"href":"https:\/\/vrip.ubiobio.cl\/inicio\/wp-json\/wp\/v2\/media?parent=55795"}],"wp:term":[{"taxonomy":"category","embeddable":true,"href":"https:\/\/vrip.ubiobio.cl\/inicio\/wp-json\/wp\/v2\/categories?post=55795"},{"taxonomy":"post_tag","embeddable":true,"href":"https:\/\/vrip.ubiobio.cl\/inicio\/wp-json\/wp\/v2\/tags?post=55795"}],"curies":[{"name":"wp","href":"https:\/\/api.w.org\/{rel}","templated":true}]}}