{"id":55789,"date":"2026-09-03T14:22:27","date_gmt":"2026-09-03T14:22:27","guid":{"rendered":"https:\/\/vrip.ubiobio.cl\/inicio\/?p=55789"},"modified":"2026-09-03T14:22:27","modified_gmt":"2026-09-03T14:22:27","slug":"cobquecura-impulsa-la-formalizacion-y-competitividad-de-sus-emprendimientos-turisticos","status":"publish","type":"post","link":"https:\/\/vrip.ubiobio.cl\/inicio\/noticias\/cobquecura-impulsa-la-formalizacion-y-competitividad-de-sus-emprendimientos-turisticos\/","title":{"rendered":"Cobquecura impulsa la formalizaci\u00f3n y competitividad de sus emprendimientos tur\u00edsticos"},"content":{"rendered":"<p><img fetchpriority=\"high\" decoding=\"async\" class=\"alignnone size-medium wp-image-55790\" src=\"https:\/\/vrip.ubiobio.cl\/wp-content\/uploads\/2026\/09\/IMG_Cobq-II-285x380.jpg\" alt=\"\" width=\"285\" height=\"380\" srcset=\"https:\/\/vrip.ubiobio.cl\/wp-content\/uploads\/2026\/09\/IMG_Cobq-II-285x380.jpg 285w, https:\/\/vrip.ubiobio.cl\/wp-content\/uploads\/2026\/09\/IMG_Cobq-II-768x1024.jpg 768w, https:\/\/vrip.ubiobio.cl\/wp-content\/uploads\/2026\/09\/IMG_Cobq-II-300x400.jpg 300w, https:\/\/vrip.ubiobio.cl\/wp-content\/uploads\/2026\/09\/IMG_Cobq-II.jpg 907w\" sizes=\"(max-width: 285px) 100vw, 285px\" \/> <img decoding=\"async\" class=\"alignnone size-medium wp-image-55792\" src=\"https:\/\/vrip.ubiobio.cl\/wp-content\/uploads\/2026\/09\/IMG_Cobq-285x380.jpg\" alt=\"\" width=\"285\" height=\"380\" srcset=\"https:\/\/vrip.ubiobio.cl\/wp-content\/uploads\/2026\/09\/IMG_Cobq-285x380.jpg 285w, https:\/\/vrip.ubiobio.cl\/wp-content\/uploads\/2026\/09\/IMG_Cobq-768x1024.jpg 768w, https:\/\/vrip.ubiobio.cl\/wp-content\/uploads\/2026\/09\/IMG_Cobq-300x400.jpg 300w, https:\/\/vrip.ubiobio.cl\/wp-content\/uploads\/2026\/09\/IMG_Cobq.jpg 907w\" sizes=\"(max-width: 285px) 100vw, 285px\" \/><\/p>\n<p><em>Seminario organizado por la Municipalidad de Cobquecura, la Universidad del B\u00edo-B\u00edo y el Centro de Desarrollo de Negocios Sercotec San Carlos entreg\u00f3 herramientas pr\u00e1cticas para fortalecer la gesti\u00f3n y el crecimiento de los negocios tur\u00edsticos de la comuna.<\/em><\/p>\n<p>Con una amplia participaci\u00f3n de microempresarios, emprendedores y actores vinculados al sector tur\u00edstico local se desarroll\u00f3 el seminario \u201cResoluci\u00f3n Sanitaria y Formalizaci\u00f3n de Emprendimientos Tur\u00edsticos\u201d, iniciativa que busca fortalecer las capacidades de quienes desarrollan actividades vinculadas al turismo en la comuna y avanzar hacia una oferta m\u00e1s competitiva, segura y sostenible.<\/p>\n<p>La actividad se realiz\u00f3 en el Sal\u00f3n Municipal de Cobquecura y fue organizada conjuntamente por la Municipalidad de Cobquecura, la Universidad del B\u00edo-B\u00edo (UBB) y el Centro de Desarrollo de Negocios Sercotec San Carlos, en el marco del proyecto de encadenamiento tur\u00edstico \u201cDe mar a cordillera\u201d.<\/p>\n<p>La jornada permiti\u00f3 abordar aspectos t\u00e9cnicos y normativos fundamentales para los emprendedores que buscan iniciar, regularizar o fortalecer sus negocios, especialmente aquellos relacionados con la formalizaci\u00f3n de actividades comerciales y los requisitos necesarios para obtener las respectivas resoluciones sanitarias.<\/p>\n<p>Durante el seminario expusieron la MSc. Ana Ortiz Sep\u00falveda, en representaci\u00f3n de la Universidad del B\u00edo-B\u00edo, y el Mg. Jos\u00e9 Wall, del Centro de Desarrollo de Negocios Sercotec San Carlos, quienes compartieron conocimientos, metodolog\u00edas y experiencias pr\u00e1cticas orientadas a facilitar los procesos de formalizaci\u00f3n y mejorar la gesti\u00f3n de los emprendimientos tur\u00edsticos.<\/p>\n<p>Uno de los aspectos m\u00e1s valorados de la actividad fue el espacio de conversaci\u00f3n generado entre los expositores y los participantes, quienes pudieron plantear sus inquietudes y recibir orientaci\u00f3n respecto de situaciones espec\u00edficas relacionadas con sus emprendimientos.<\/p>\n<p>En este contexto, se destac\u00f3 que la formalizaci\u00f3n no constituye \u00fanicamente una exigencia normativa, sino tambi\u00e9n una herramienta estrat\u00e9gica para fortalecer los negocios, acceder a nuevas oportunidades de financiamiento y crecimiento, ampliar los canales de comercializaci\u00f3n y entregar mayores garant\u00edas de calidad y seguridad a los visitantes.<\/p>\n<p>La tem\u00e1tica adquiere especial importancia en Cobquecura, comuna que cuenta con un reconocido patrimonio natural y cultural y que posee un importante potencial para continuar fortaleciendo su actividad tur\u00edstica. En este escenario, el desarrollo de capacidades en los emprendedores constituye un elemento fundamental para consolidar una oferta tur\u00edstica capaz de responder a las nuevas exigencias de los visitantes.<\/p>\n<p><strong>Articulaci\u00f3n para el desarrollo territorial<\/strong><\/p>\n<p>La realizaci\u00f3n del seminario refleja el valor de la colaboraci\u00f3n entre el sector p\u00fablico, la academia y las instituciones de fomento productivo para abordar necesidades concretas de los territorios.<\/p>\n<p>Desde el Centro de Desarrollo de Negocios Sercotec San Carlos se valor\u00f3 positivamente la convocatoria y el inter\u00e9s demostrado por los emprendedores, destacando la importancia de generar instancias de capacitaci\u00f3n y acompa\u00f1amiento t\u00e9cnico que respondan a las caracter\u00edsticas y necesidades particulares de cada comuna.<\/p>\n<p>Asimismo, la participaci\u00f3n de la Universidad del B\u00edo-B\u00edo permiti\u00f3 incorporar capacidades acad\u00e9micas y t\u00e9cnicas a una iniciativa orientada directamente al fortalecimiento del ecosistema tur\u00edstico local, contribuyendo a acercar el conocimiento especializado a los emprendedores y actores productivos del territorio.<\/p>\n<p>El encuentro se enmarca as\u00ed en una estrategia de acompa\u00f1amiento que busca que los emprendimientos tur\u00edsticos de Cobquecura puedan avanzar progresivamente hacia mayores niveles de formalizaci\u00f3n, profesionalizaci\u00f3n y competitividad.<\/p>\n<p>De esta manera, la iniciativa \u201cDe mar a cordillera\u201d contin\u00faa fortaleciendo la articulaci\u00f3n territorial y la generaci\u00f3n de oportunidades para el sector tur\u00edstico, contribuyendo al dinamismo de la econom\u00eda local y al desarrollo sostenible de la Regi\u00f3n de \u00d1uble.<\/p>\n<p>Fuente: CDN UBB<\/p>\n","protected":false},"excerpt":{"rendered":"<p>Seminario organizado por la Municipalidad de Cobquecura, la Universidad del B\u00edo-B\u00edo y el Centro de Desarrollo de Negocios Sercotec San Carlos entreg\u00f3 herramientas pr\u00e1cticas para fortalecer la gesti\u00f3n y el crecimiento de los negocios tur\u00edsticos de la comuna. Con una amplia participaci\u00f3n de microempresarios, emprendedores y actores vinculados al sector tur\u00edstico local se desarroll\u00f3 el&#8230;<\/p>\n","protected":false},"author":3,"featured_media":55793,"comment_status":"closed","ping_status":"closed","sticky":false,"template":"","format":"standard","meta":{"_kadence_starter_templates_imported_post":false,"_kad_post_transparent":"default","_kad_post_title":"default","_kad_post_layout":"default","_kad_post_sidebar_id":"","_kad_post_content_style":"default","_kad_post_vertical_padding":"default","_kad_post_feature":"","_kad_post_feature_position":"","_kad_post_header":false,"_kad_post_footer":false,"footnotes":""},"categories":[3],"tags":[],"class_list":["post-55789","post","type-post","status-publish","format-standard","has-post-thumbnail","hentry","category-noticias"],"yoast_head":"<!-- This site is optimized with the Yoast SEO plugin v27.5 - https:\/\/yoast.com\/product\/yoast-seo-wordpress\/ -->\n<title>Cobquecura impulsa la formalizaci\u00f3n y competitividad de sus emprendimientos tur\u00edsticos - VRIP<\/title>\n<meta name=\"robots\" content=\"index, follow, max-snippet:-1, max-image-preview:large, max-video-preview:-1\" \/>\n<link rel=\"canonical\" href=\"https:\/\/vrip.ubiobio.cl\/inicio\/noticias\/cobquecura-impulsa-la-formalizacion-y-competitividad-de-sus-emprendimientos-turisticos\/\" \/>\n<meta property=\"og:locale\" content=\"es_ES\" \/>\n<meta property=\"og:type\" content=\"article\" \/>\n<meta property=\"og:title\" content=\"Cobquecura impulsa la formalizaci\u00f3n y competitividad de sus emprendimientos tur\u00edsticos - VRIP\" \/>\n<meta property=\"og:description\" content=\"Seminario organizado por la Municipalidad de Cobquecura, la Universidad del B\u00edo-B\u00edo y el Centro de Desarrollo de Negocios Sercotec San Carlos entreg\u00f3 herramientas pr\u00e1cticas para fortalecer la gesti\u00f3n y el crecimiento de los negocios tur\u00edsticos de la comuna. Con una amplia participaci\u00f3n de microempresarios, emprendedores y actores vinculados al sector tur\u00edstico local se desarroll\u00f3 el...\" \/>\n<meta property=\"og:url\" content=\"https:\/\/vrip.ubiobio.cl\/inicio\/noticias\/cobquecura-impulsa-la-formalizacion-y-competitividad-de-sus-emprendimientos-turisticos\/\" \/>\n<meta property=\"og:site_name\" content=\"VRIP\" \/>\n<meta property=\"article:published_time\" content=\"2026-09-03T14:22:27+00:00\" \/>\n<meta property=\"og:image\" content=\"https:\/\/vrip.ubiobio.cl\/wp-content\/uploads\/2026\/09\/IMG_Cobq-IV-1.jpg\" \/>\n\t<meta property=\"og:image:width\" content=\"907\" \/>\n\t<meta property=\"og:image:height\" content=\"463\" \/>\n\t<meta property=\"og:image:type\" content=\"image\/jpeg\" \/>\n<meta name=\"author\" content=\"Dagoberto Perez\" \/>\n<meta name=\"twitter:card\" content=\"summary_large_image\" \/>\n<meta name=\"twitter:creator\" content=\"@vripubb\" \/>\n<meta name=\"twitter:site\" content=\"@vripubb\" \/>\n<meta name=\"twitter:label1\" content=\"Escrito por\" \/>\n\t<meta name=\"twitter:data1\" content=\"Dagoberto Perez\" \/>\n\t<meta name=\"twitter:label2\" content=\"Tiempo de lectura\" \/>\n\t<meta name=\"twitter:data2\" content=\"4 minutos\" \/>\n<script type=\"application\/ld+json\" class=\"yoast-schema-graph\">{\"@context\":\"https:\\\/\\\/schema.org\",\"@graph\":[{\"@type\":\"Article\",\"@id\":\"https:\\\/\\\/vrip.ubiobio.cl\\\/inicio\\\/noticias\\\/cobquecura-impulsa-la-formalizacion-y-competitividad-de-sus-emprendimientos-turisticos\\\/#article\",\"isPartOf\":{\"@id\":\"https:\\\/\\\/vrip.ubiobio.cl\\\/inicio\\\/noticias\\\/cobquecura-impulsa-la-formalizacion-y-competitividad-de-sus-emprendimientos-turisticos\\\/\"},\"author\":{\"name\":\"Dagoberto Perez\",\"@id\":\"https:\\\/\\\/vrip.ubiobio.cl\\\/inicio\\\/#\\\/schema\\\/person\\\/39f3cf67f158f0420b4eb8baa645a9c0\"},\"headline\":\"Cobquecura impulsa la formalizaci\u00f3n y competitividad de sus emprendimientos tur\u00edsticos\",\"datePublished\":\"2026-09-03T14:22:27+00:00\",\"mainEntityOfPage\":{\"@id\":\"https:\\\/\\\/vrip.ubiobio.cl\\\/inicio\\\/noticias\\\/cobquecura-impulsa-la-formalizacion-y-competitividad-de-sus-emprendimientos-turisticos\\\/\"},\"wordCount\":631,\"publisher\":{\"@id\":\"https:\\\/\\\/vrip.ubiobio.cl\\\/inicio\\\/#organization\"},\"image\":{\"@id\":\"https:\\\/\\\/vrip.ubiobio.cl\\\/inicio\\\/noticias\\\/cobquecura-impulsa-la-formalizacion-y-competitividad-de-sus-emprendimientos-turisticos\\\/#primaryimage\"},\"thumbnailUrl\":\"https:\\\/\\\/vrip.ubiobio.cl\\\/wp-content\\\/uploads\\\/2026\\\/09\\\/IMG_Cobq-IV-1.jpg\",\"articleSection\":[\"Noticias\"],\"inLanguage\":\"es\"},{\"@type\":\"WebPage\",\"@id\":\"https:\\\/\\\/vrip.ubiobio.cl\\\/inicio\\\/noticias\\\/cobquecura-impulsa-la-formalizacion-y-competitividad-de-sus-emprendimientos-turisticos\\\/\",\"url\":\"https:\\\/\\\/vrip.ubiobio.cl\\\/inicio\\\/noticias\\\/cobquecura-impulsa-la-formalizacion-y-competitividad-de-sus-emprendimientos-turisticos\\\/\",\"name\":\"Cobquecura impulsa la formalizaci\u00f3n y competitividad de sus emprendimientos tur\u00edsticos - VRIP\",\"isPartOf\":{\"@id\":\"https:\\\/\\\/vrip.ubiobio.cl\\\/inicio\\\/#website\"},\"primaryImageOfPage\":{\"@id\":\"https:\\\/\\\/vrip.ubiobio.cl\\\/inicio\\\/noticias\\\/cobquecura-impulsa-la-formalizacion-y-competitividad-de-sus-emprendimientos-turisticos\\\/#primaryimage\"},\"image\":{\"@id\":\"https:\\\/\\\/vrip.ubiobio.cl\\\/inicio\\\/noticias\\\/cobquecura-impulsa-la-formalizacion-y-competitividad-de-sus-emprendimientos-turisticos\\\/#primaryimage\"},\"thumbnailUrl\":\"https:\\\/\\\/vrip.ubiobio.cl\\\/wp-content\\\/uploads\\\/2026\\\/09\\\/IMG_Cobq-IV-1.jpg\",\"datePublished\":\"2026-09-03T14:22:27+00:00\",\"breadcrumb\":{\"@id\":\"https:\\\/\\\/vrip.ubiobio.cl\\\/inicio\\\/noticias\\\/cobquecura-impulsa-la-formalizacion-y-competitividad-de-sus-emprendimientos-turisticos\\\/#breadcrumb\"},\"inLanguage\":\"es\",\"potentialAction\":[{\"@type\":\"ReadAction\",\"target\":[\"https:\\\/\\\/vrip.ubiobio.cl\\\/inicio\\\/noticias\\\/cobquecura-impulsa-la-formalizacion-y-competitividad-de-sus-emprendimientos-turisticos\\\/\"]}]},{\"@type\":\"ImageObject\",\"inLanguage\":\"es\",\"@id\":\"https:\\\/\\\/vrip.ubiobio.cl\\\/inicio\\\/noticias\\\/cobquecura-impulsa-la-formalizacion-y-competitividad-de-sus-emprendimientos-turisticos\\\/#primaryimage\",\"url\":\"https:\\\/\\\/vrip.ubiobio.cl\\\/wp-content\\\/uploads\\\/2026\\\/09\\\/IMG_Cobq-IV-1.jpg\",\"contentUrl\":\"https:\\\/\\\/vrip.ubiobio.cl\\\/wp-content\\\/uploads\\\/2026\\\/09\\\/IMG_Cobq-IV-1.jpg\",\"width\":907,\"height\":463},{\"@type\":\"BreadcrumbList\",\"@id\":\"https:\\\/\\\/vrip.ubiobio.cl\\\/inicio\\\/noticias\\\/cobquecura-impulsa-la-formalizacion-y-competitividad-de-sus-emprendimientos-turisticos\\\/#breadcrumb\",\"itemListElement\":[{\"@type\":\"ListItem\",\"position\":1,\"name\":\"Portada\",\"item\":\"https:\\\/\\\/vrip.ubiobio.cl\\\/inicio\\\/\"},{\"@type\":\"ListItem\",\"position\":2,\"name\":\"Cobquecura impulsa la formalizaci\u00f3n y competitividad de sus emprendimientos tur\u00edsticos\"}]},{\"@type\":\"WebSite\",\"@id\":\"https:\\\/\\\/vrip.ubiobio.cl\\\/inicio\\\/#website\",\"url\":\"https:\\\/\\\/vrip.ubiobio.cl\\\/inicio\\\/\",\"name\":\"VRIP\",\"description\":\"Vicerrector\u00eda de Investigaci\u00f3n y Postgrado\",\"publisher\":{\"@id\":\"https:\\\/\\\/vrip.ubiobio.cl\\\/inicio\\\/#organization\"},\"potentialAction\":[{\"@type\":\"SearchAction\",\"target\":{\"@type\":\"EntryPoint\",\"urlTemplate\":\"https:\\\/\\\/vrip.ubiobio.cl\\\/inicio\\\/?s={search_term_string}\"},\"query-input\":{\"@type\":\"PropertyValueSpecification\",\"valueRequired\":true,\"valueName\":\"search_term_string\"}}],\"inLanguage\":\"es\"},{\"@type\":\"Organization\",\"@id\":\"https:\\\/\\\/vrip.ubiobio.cl\\\/inicio\\\/#organization\",\"name\":\"VRIP\",\"url\":\"https:\\\/\\\/vrip.ubiobio.cl\\\/inicio\\\/\",\"logo\":{\"@type\":\"ImageObject\",\"inLanguage\":\"es\",\"@id\":\"https:\\\/\\\/vrip.ubiobio.cl\\\/inicio\\\/#\\\/schema\\\/logo\\\/image\\\/\",\"url\":\"https:\\\/\\\/vrip.ubiobio.cl\\\/wp-content\\\/uploads\\\/2022\\\/10\\\/logo-vrip_Mesa-de-trabajo-1.png\",\"contentUrl\":\"https:\\\/\\\/vrip.ubiobio.cl\\\/wp-content\\\/uploads\\\/2022\\\/10\\\/logo-vrip_Mesa-de-trabajo-1.png\",\"width\":642,\"height\":178,\"caption\":\"VRIP\"},\"image\":{\"@id\":\"https:\\\/\\\/vrip.ubiobio.cl\\\/inicio\\\/#\\\/schema\\\/logo\\\/image\\\/\"},\"sameAs\":[\"https:\\\/\\\/x.com\\\/vripubb\",\"https:\\\/\\\/www.instagram.com\\\/vrip_ubb\\\/\",\"https:\\\/\\\/www.youtube.com\\\/channel\\\/UCf7o8yHRJ7Y_QQLxwu1KQgA\",\"https:\\\/\\\/www.linkedin.com\\\/company\\\/96035097\\\/admin\\\/dashboard\\\/\"]},{\"@type\":\"Person\",\"@id\":\"https:\\\/\\\/vrip.ubiobio.cl\\\/inicio\\\/#\\\/schema\\\/person\\\/39f3cf67f158f0420b4eb8baa645a9c0\",\"name\":\"Dagoberto Perez\",\"image\":{\"@type\":\"ImageObject\",\"inLanguage\":\"es\",\"@id\":\"https:\\\/\\\/secure.gravatar.com\\\/avatar\\\/d16ec183e637d727e6c6574e3768aa439442611065e2b4f983793af8bb630edc?s=96&d=mm&r=g\",\"url\":\"https:\\\/\\\/secure.gravatar.com\\\/avatar\\\/d16ec183e637d727e6c6574e3768aa439442611065e2b4f983793af8bb630edc?s=96&d=mm&r=g\",\"contentUrl\":\"https:\\\/\\\/secure.gravatar.com\\\/avatar\\\/d16ec183e637d727e6c6574e3768aa439442611065e2b4f983793af8bb630edc?s=96&d=mm&r=g\",\"caption\":\"Dagoberto Perez\"},\"url\":\"https:\\\/\\\/vrip.ubiobio.cl\\\/inicio\\\/author\\\/dagoberto\\\/\"}]}<\/script>\n<!-- \/ Yoast SEO plugin. -->","yoast_head_json":{"title":"Cobquecura impulsa la formalizaci\u00f3n y competitividad de sus emprendimientos tur\u00edsticos - VRIP","robots":{"index":"index","follow":"follow","max-snippet":"max-snippet:-1","max-image-preview":"max-image-preview:large","max-video-preview":"max-video-preview:-1"},"canonical":"https:\/\/vrip.ubiobio.cl\/inicio\/noticias\/cobquecura-impulsa-la-formalizacion-y-competitividad-de-sus-emprendimientos-turisticos\/","og_locale":"es_ES","og_type":"article","og_title":"Cobquecura impulsa la formalizaci\u00f3n y competitividad de sus emprendimientos tur\u00edsticos - VRIP","og_description":"Seminario organizado por la Municipalidad de Cobquecura, la Universidad del B\u00edo-B\u00edo y el Centro de Desarrollo de Negocios Sercotec San Carlos entreg\u00f3 herramientas pr\u00e1cticas para fortalecer la gesti\u00f3n y el crecimiento de los negocios tur\u00edsticos de la comuna. Con una amplia participaci\u00f3n de microempresarios, emprendedores y actores vinculados al sector tur\u00edstico local se desarroll\u00f3 el...","og_url":"https:\/\/vrip.ubiobio.cl\/inicio\/noticias\/cobquecura-impulsa-la-formalizacion-y-competitividad-de-sus-emprendimientos-turisticos\/","og_site_name":"VRIP","article_published_time":"2026-09-03T14:22:27+00:00","og_image":[{"width":907,"height":463,"url":"https:\/\/vrip.ubiobio.cl\/wp-content\/uploads\/2026\/09\/IMG_Cobq-IV-1.jpg","type":"image\/jpeg"}],"author":"Dagoberto Perez","twitter_card":"summary_large_image","twitter_creator":"@vripubb","twitter_site":"@vripubb","twitter_misc":{"Escrito por":"Dagoberto Perez","Tiempo de lectura":"4 minutos"},"schema":{"@context":"https:\/\/schema.org","@graph":[{"@type":"Article","@id":"https:\/\/vrip.ubiobio.cl\/inicio\/noticias\/cobquecura-impulsa-la-formalizacion-y-competitividad-de-sus-emprendimientos-turisticos\/#article","isPartOf":{"@id":"https:\/\/vrip.ubiobio.cl\/inicio\/noticias\/cobquecura-impulsa-la-formalizacion-y-competitividad-de-sus-emprendimientos-turisticos\/"},"author":{"name":"Dagoberto Perez","@id":"https:\/\/vrip.ubiobio.cl\/inicio\/#\/schema\/person\/39f3cf67f158f0420b4eb8baa645a9c0"},"headline":"Cobquecura impulsa la formalizaci\u00f3n y competitividad de sus emprendimientos tur\u00edsticos","datePublished":"2026-09-03T14:22:27+00:00","mainEntityOfPage":{"@id":"https:\/\/vrip.ubiobio.cl\/inicio\/noticias\/cobquecura-impulsa-la-formalizacion-y-competitividad-de-sus-emprendimientos-turisticos\/"},"wordCount":631,"publisher":{"@id":"https:\/\/vrip.ubiobio.cl\/inicio\/#organization"},"image":{"@id":"https:\/\/vrip.ubiobio.cl\/inicio\/noticias\/cobquecura-impulsa-la-formalizacion-y-competitividad-de-sus-emprendimientos-turisticos\/#primaryimage"},"thumbnailUrl":"https:\/\/vrip.ubiobio.cl\/wp-content\/uploads\/2026\/09\/IMG_Cobq-IV-1.jpg","articleSection":["Noticias"],"inLanguage":"es"},{"@type":"WebPage","@id":"https:\/\/vrip.ubiobio.cl\/inicio\/noticias\/cobquecura-impulsa-la-formalizacion-y-competitividad-de-sus-emprendimientos-turisticos\/","url":"https:\/\/vrip.ubiobio.cl\/inicio\/noticias\/cobquecura-impulsa-la-formalizacion-y-competitividad-de-sus-emprendimientos-turisticos\/","name":"Cobquecura impulsa la formalizaci\u00f3n y competitividad de sus emprendimientos tur\u00edsticos - VRIP","isPartOf":{"@id":"https:\/\/vrip.ubiobio.cl\/inicio\/#website"},"primaryImageOfPage":{"@id":"https:\/\/vrip.ubiobio.cl\/inicio\/noticias\/cobquecura-impulsa-la-formalizacion-y-competitividad-de-sus-emprendimientos-turisticos\/#primaryimage"},"image":{"@id":"https:\/\/vrip.ubiobio.cl\/inicio\/noticias\/cobquecura-impulsa-la-formalizacion-y-competitividad-de-sus-emprendimientos-turisticos\/#primaryimage"},"thumbnailUrl":"https:\/\/vrip.ubiobio.cl\/wp-content\/uploads\/2026\/09\/IMG_Cobq-IV-1.jpg","datePublished":"2026-09-03T14:22:27+00:00","breadcrumb":{"@id":"https:\/\/vrip.ubiobio.cl\/inicio\/noticias\/cobquecura-impulsa-la-formalizacion-y-competitividad-de-sus-emprendimientos-turisticos\/#breadcrumb"},"inLanguage":"es","potentialAction":[{"@type":"ReadAction","target":["https:\/\/vrip.ubiobio.cl\/inicio\/noticias\/cobquecura-impulsa-la-formalizacion-y-competitividad-de-sus-emprendimientos-turisticos\/"]}]},{"@type":"ImageObject","inLanguage":"es","@id":"https:\/\/vrip.ubiobio.cl\/inicio\/noticias\/cobquecura-impulsa-la-formalizacion-y-competitividad-de-sus-emprendimientos-turisticos\/#primaryimage","url":"https:\/\/vrip.ubiobio.cl\/wp-content\/uploads\/2026\/09\/IMG_Cobq-IV-1.jpg","contentUrl":"https:\/\/vrip.ubiobio.cl\/wp-content\/uploads\/2026\/09\/IMG_Cobq-IV-1.jpg","width":907,"height":463},{"@type":"BreadcrumbList","@id":"https:\/\/vrip.ubiobio.cl\/inicio\/noticias\/cobquecura-impulsa-la-formalizacion-y-competitividad-de-sus-emprendimientos-turisticos\/#breadcrumb","itemListElement":[{"@type":"ListItem","position":1,"name":"Portada","item":"https:\/\/vrip.ubiobio.cl\/inicio\/"},{"@type":"ListItem","position":2,"name":"Cobquecura impulsa la formalizaci\u00f3n y competitividad de sus emprendimientos tur\u00edsticos"}]},{"@type":"WebSite","@id":"https:\/\/vrip.ubiobio.cl\/inicio\/#website","url":"https:\/\/vrip.ubiobio.cl\/inicio\/","name":"VRIP","description":"Vicerrector\u00eda de Investigaci\u00f3n y Postgrado","publisher":{"@id":"https:\/\/vrip.ubiobio.cl\/inicio\/#organization"},"potentialAction":[{"@type":"SearchAction","target":{"@type":"EntryPoint","urlTemplate":"https:\/\/vrip.ubiobio.cl\/inicio\/?s={search_term_string}"},"query-input":{"@type":"PropertyValueSpecification","valueRequired":true,"valueName":"search_term_string"}}],"inLanguage":"es"},{"@type":"Organization","@id":"https:\/\/vrip.ubiobio.cl\/inicio\/#organization","name":"VRIP","url":"https:\/\/vrip.ubiobio.cl\/inicio\/","logo":{"@type":"ImageObject","inLanguage":"es","@id":"https:\/\/vrip.ubiobio.cl\/inicio\/#\/schema\/logo\/image\/","url":"https:\/\/vrip.ubiobio.cl\/wp-content\/uploads\/2022\/10\/logo-vrip_Mesa-de-trabajo-1.png","contentUrl":"https:\/\/vrip.ubiobio.cl\/wp-content\/uploads\/2022\/10\/logo-vrip_Mesa-de-trabajo-1.png","width":642,"height":178,"caption":"VRIP"},"image":{"@id":"https:\/\/vrip.ubiobio.cl\/inicio\/#\/schema\/logo\/image\/"},"sameAs":["https:\/\/x.com\/vripubb","https:\/\/www.instagram.com\/vrip_ubb\/","https:\/\/www.youtube.com\/channel\/UCf7o8yHRJ7Y_QQLxwu1KQgA","https:\/\/www.linkedin.com\/company\/96035097\/admin\/dashboard\/"]},{"@type":"Person","@id":"https:\/\/vrip.ubiobio.cl\/inicio\/#\/schema\/person\/39f3cf67f158f0420b4eb8baa645a9c0","name":"Dagoberto Perez","image":{"@type":"ImageObject","inLanguage":"es","@id":"https:\/\/secure.gravatar.com\/avatar\/d16ec183e637d727e6c6574e3768aa439442611065e2b4f983793af8bb630edc?s=96&d=mm&r=g","url":"https:\/\/secure.gravatar.com\/avatar\/d16ec183e637d727e6c6574e3768aa439442611065e2b4f983793af8bb630edc?s=96&d=mm&r=g","contentUrl":"https:\/\/secure.gravatar.com\/avatar\/d16ec183e637d727e6c6574e3768aa439442611065e2b4f983793af8bb630edc?s=96&d=mm&r=g","caption":"Dagoberto Perez"},"url":"https:\/\/vrip.ubiobio.cl\/inicio\/author\/dagoberto\/"}]}},"_links":{"self":[{"href":"https:\/\/vrip.ubiobio.cl\/inicio\/wp-json\/wp\/v2\/posts\/55789","targetHints":{"allow":["GET"]}}],"collection":[{"href":"https:\/\/vrip.ubiobio.cl\/inicio\/wp-json\/wp\/v2\/posts"}],"about":[{"href":"https:\/\/vrip.ubiobio.cl\/inicio\/wp-json\/wp\/v2\/types\/post"}],"author":[{"embeddable":true,"href":"https:\/\/vrip.ubiobio.cl\/inicio\/wp-json\/wp\/v2\/users\/3"}],"replies":[{"embeddable":true,"href":"https:\/\/vrip.ubiobio.cl\/inicio\/wp-json\/wp\/v2\/comments?post=55789"}],"version-history":[{"count":1,"href":"https:\/\/vrip.ubiobio.cl\/inicio\/wp-json\/wp\/v2\/posts\/55789\/revisions"}],"predecessor-version":[{"id":55794,"href":"https:\/\/vrip.ubiobio.cl\/inicio\/wp-json\/wp\/v2\/posts\/55789\/revisions\/55794"}],"wp:featuredmedia":[{"embeddable":true,"href":"https:\/\/vrip.ubiobio.cl\/inicio\/wp-json\/wp\/v2\/media\/55793"}],"wp:attachment":[{"href":"https:\/\/vrip.ubiobio.cl\/inicio\/wp-json\/wp\/v2\/media?parent=55789"}],"wp:term":[{"taxonomy":"category","embeddable":true,"href":"https:\/\/vrip.ubiobio.cl\/inicio\/wp-json\/wp\/v2\/categories?post=55789"},{"taxonomy":"post_tag","embeddable":true,"href":"https:\/\/vrip.ubiobio.cl\/inicio\/wp-json\/wp\/v2\/tags?post=55789"}],"curies":[{"name":"wp","href":"https:\/\/api.w.org\/{rel}","templated":true}]}}