{"id":53776,"date":"2026-03-30T17:00:38","date_gmt":"2026-03-30T17:00:38","guid":{"rendered":"https:\/\/vrip.ubiobio.cl\/inicio\/?p=53776"},"modified":"2026-03-30T20:08:26","modified_gmt":"2026-03-30T20:08:26","slug":"universidad-del-bio-bio-destaca-en-ceremonia-de-graduacion-de-postgrado-en-chillan-a-cuatro-nuevas-doctoras","status":"publish","type":"post","link":"https:\/\/vrip.ubiobio.cl\/inicio\/noticias\/universidad-del-bio-bio-destaca-en-ceremonia-de-graduacion-de-postgrado-en-chillan-a-cuatro-nuevas-doctoras\/","title":{"rendered":"Universidad del B\u00edo-B\u00edo destaca a cuatro nuevas doctoras en ceremonia de graduaci\u00f3n de Postgrado en Chill\u00e1n"},"content":{"rendered":"<p><img fetchpriority=\"high\" decoding=\"async\" class=\"alignnone size-medium wp-image-53777\" src=\"https:\/\/vrip.ubiobio.cl\/wp-content\/uploads\/2026\/03\/IMG_2166-380x253.jpg\" alt=\"\" width=\"380\" height=\"253\" srcset=\"https:\/\/vrip.ubiobio.cl\/wp-content\/uploads\/2026\/03\/IMG_2166-380x253.jpg 380w, https:\/\/vrip.ubiobio.cl\/wp-content\/uploads\/2026\/03\/IMG_2166-1024x683.jpg 1024w, https:\/\/vrip.ubiobio.cl\/wp-content\/uploads\/2026\/03\/IMG_2166-768x512.jpg 768w, https:\/\/vrip.ubiobio.cl\/wp-content\/uploads\/2026\/03\/IMG_2166-391x260.jpg 391w, https:\/\/vrip.ubiobio.cl\/wp-content\/uploads\/2026\/03\/IMG_2166-1536x1024.jpg 1536w, https:\/\/vrip.ubiobio.cl\/wp-content\/uploads\/2026\/03\/IMG_2166-2048x1365.jpg 2048w\" sizes=\"(max-width: 380px) 100vw, 380px\" \/> <img decoding=\"async\" class=\"alignnone size-medium wp-image-53778\" src=\"https:\/\/vrip.ubiobio.cl\/wp-content\/uploads\/2026\/03\/IMG_2176-380x253.jpg\" alt=\"\" width=\"380\" height=\"253\" srcset=\"https:\/\/vrip.ubiobio.cl\/wp-content\/uploads\/2026\/03\/IMG_2176-380x253.jpg 380w, https:\/\/vrip.ubiobio.cl\/wp-content\/uploads\/2026\/03\/IMG_2176-1024x683.jpg 1024w, https:\/\/vrip.ubiobio.cl\/wp-content\/uploads\/2026\/03\/IMG_2176-768x512.jpg 768w, https:\/\/vrip.ubiobio.cl\/wp-content\/uploads\/2026\/03\/IMG_2176-391x260.jpg 391w, https:\/\/vrip.ubiobio.cl\/wp-content\/uploads\/2026\/03\/IMG_2176-1536x1024.jpg 1536w, https:\/\/vrip.ubiobio.cl\/wp-content\/uploads\/2026\/03\/IMG_2176-2048x1365.jpg 2048w\" sizes=\"(max-width: 380px) 100vw, 380px\" \/> <img decoding=\"async\" class=\"alignnone size-medium wp-image-53779\" src=\"https:\/\/vrip.ubiobio.cl\/wp-content\/uploads\/2026\/03\/IMG_2179-380x253.jpg\" alt=\"\" width=\"380\" height=\"253\" srcset=\"https:\/\/vrip.ubiobio.cl\/wp-content\/uploads\/2026\/03\/IMG_2179-380x253.jpg 380w, https:\/\/vrip.ubiobio.cl\/wp-content\/uploads\/2026\/03\/IMG_2179-1024x683.jpg 1024w, https:\/\/vrip.ubiobio.cl\/wp-content\/uploads\/2026\/03\/IMG_2179-768x512.jpg 768w, https:\/\/vrip.ubiobio.cl\/wp-content\/uploads\/2026\/03\/IMG_2179-391x260.jpg 391w, https:\/\/vrip.ubiobio.cl\/wp-content\/uploads\/2026\/03\/IMG_2179-1536x1024.jpg 1536w, https:\/\/vrip.ubiobio.cl\/wp-content\/uploads\/2026\/03\/IMG_2179-2048x1365.jpg 2048w\" sizes=\"(max-width: 380px) 100vw, 380px\" \/> <img loading=\"lazy\" decoding=\"async\" class=\"alignnone size-medium wp-image-53780\" src=\"https:\/\/vrip.ubiobio.cl\/wp-content\/uploads\/2026\/03\/IMG_2186-380x253.jpg\" alt=\"\" width=\"380\" height=\"253\" srcset=\"https:\/\/vrip.ubiobio.cl\/wp-content\/uploads\/2026\/03\/IMG_2186-380x253.jpg 380w, https:\/\/vrip.ubiobio.cl\/wp-content\/uploads\/2026\/03\/IMG_2186-1024x683.jpg 1024w, https:\/\/vrip.ubiobio.cl\/wp-content\/uploads\/2026\/03\/IMG_2186-768x512.jpg 768w, https:\/\/vrip.ubiobio.cl\/wp-content\/uploads\/2026\/03\/IMG_2186-391x260.jpg 391w, https:\/\/vrip.ubiobio.cl\/wp-content\/uploads\/2026\/03\/IMG_2186-1536x1024.jpg 1536w, https:\/\/vrip.ubiobio.cl\/wp-content\/uploads\/2026\/03\/IMG_2186-2048x1365.jpg 2048w\" sizes=\"(max-width: 380px) 100vw, 380px\" \/> <img loading=\"lazy\" decoding=\"async\" class=\"alignnone size-medium wp-image-53781\" src=\"https:\/\/vrip.ubiobio.cl\/wp-content\/uploads\/2026\/03\/IMG_2187-380x253.jpg\" alt=\"\" width=\"380\" height=\"253\" srcset=\"https:\/\/vrip.ubiobio.cl\/wp-content\/uploads\/2026\/03\/IMG_2187-380x253.jpg 380w, https:\/\/vrip.ubiobio.cl\/wp-content\/uploads\/2026\/03\/IMG_2187-1024x683.jpg 1024w, https:\/\/vrip.ubiobio.cl\/wp-content\/uploads\/2026\/03\/IMG_2187-768x512.jpg 768w, https:\/\/vrip.ubiobio.cl\/wp-content\/uploads\/2026\/03\/IMG_2187-391x260.jpg 391w, https:\/\/vrip.ubiobio.cl\/wp-content\/uploads\/2026\/03\/IMG_2187-1536x1024.jpg 1536w, https:\/\/vrip.ubiobio.cl\/wp-content\/uploads\/2026\/03\/IMG_2187-2048x1365.jpg 2048w\" sizes=\"(max-width: 380px) 100vw, 380px\" \/> <img loading=\"lazy\" decoding=\"async\" class=\"alignnone size-medium wp-image-53782\" src=\"https:\/\/vrip.ubiobio.cl\/wp-content\/uploads\/2026\/03\/IMG_2189-380x359.jpg\" alt=\"\" width=\"380\" height=\"359\" srcset=\"https:\/\/vrip.ubiobio.cl\/wp-content\/uploads\/2026\/03\/IMG_2189-380x359.jpg 380w, https:\/\/vrip.ubiobio.cl\/wp-content\/uploads\/2026\/03\/IMG_2189-1024x967.jpg 1024w, https:\/\/vrip.ubiobio.cl\/wp-content\/uploads\/2026\/03\/IMG_2189-768x725.jpg 768w, https:\/\/vrip.ubiobio.cl\/wp-content\/uploads\/2026\/03\/IMG_2189-1536x1451.jpg 1536w, https:\/\/vrip.ubiobio.cl\/wp-content\/uploads\/2026\/03\/IMG_2189-2048x1935.jpg 2048w\" sizes=\"(max-width: 380px) 100vw, 380px\" \/> <img loading=\"lazy\" decoding=\"async\" class=\"alignnone wp-image-53783\" src=\"https:\/\/vrip.ubiobio.cl\/wp-content\/uploads\/2026\/03\/IMG_2191-372x380.jpg\" alt=\"\" width=\"380\" height=\"388\" srcset=\"https:\/\/vrip.ubiobio.cl\/wp-content\/uploads\/2026\/03\/IMG_2191-372x380.jpg 372w, https:\/\/vrip.ubiobio.cl\/wp-content\/uploads\/2026\/03\/IMG_2191-1001x1024.jpg 1001w, https:\/\/vrip.ubiobio.cl\/wp-content\/uploads\/2026\/03\/IMG_2191-768x785.jpg 768w, https:\/\/vrip.ubiobio.cl\/wp-content\/uploads\/2026\/03\/IMG_2191-1502x1536.jpg 1502w, https:\/\/vrip.ubiobio.cl\/wp-content\/uploads\/2026\/03\/IMG_2191-2003x2048.jpg 2003w\" sizes=\"(max-width: 380px) 100vw, 380px\" \/> <img loading=\"lazy\" decoding=\"async\" class=\"alignnone size-medium wp-image-53784\" src=\"https:\/\/vrip.ubiobio.cl\/wp-content\/uploads\/2026\/03\/IMG_2196-380x320.jpg\" alt=\"\" width=\"380\" height=\"320\" srcset=\"https:\/\/vrip.ubiobio.cl\/wp-content\/uploads\/2026\/03\/IMG_2196-380x320.jpg 380w, https:\/\/vrip.ubiobio.cl\/wp-content\/uploads\/2026\/03\/IMG_2196-1024x863.jpg 1024w, https:\/\/vrip.ubiobio.cl\/wp-content\/uploads\/2026\/03\/IMG_2196-768x647.jpg 768w, https:\/\/vrip.ubiobio.cl\/wp-content\/uploads\/2026\/03\/IMG_2196-1536x1294.jpg 1536w, https:\/\/vrip.ubiobio.cl\/wp-content\/uploads\/2026\/03\/IMG_2196-2048x1726.jpg 2048w\" sizes=\"(max-width: 380px) 100vw, 380px\" \/> <img loading=\"lazy\" decoding=\"async\" class=\"alignnone wp-image-53785\" src=\"https:\/\/vrip.ubiobio.cl\/wp-content\/uploads\/2026\/03\/IMG_2198-372x380.jpg\" alt=\"\" width=\"379\" height=\"387\" srcset=\"https:\/\/vrip.ubiobio.cl\/wp-content\/uploads\/2026\/03\/IMG_2198-372x380.jpg 372w, https:\/\/vrip.ubiobio.cl\/wp-content\/uploads\/2026\/03\/IMG_2198-1001x1024.jpg 1001w, https:\/\/vrip.ubiobio.cl\/wp-content\/uploads\/2026\/03\/IMG_2198-768x785.jpg 768w, https:\/\/vrip.ubiobio.cl\/wp-content\/uploads\/2026\/03\/IMG_2198-1502x1536.jpg 1502w, https:\/\/vrip.ubiobio.cl\/wp-content\/uploads\/2026\/03\/IMG_2198-2003x2048.jpg 2003w\" sizes=\"(max-width: 379px) 100vw, 379px\" \/> <img loading=\"lazy\" decoding=\"async\" class=\"alignnone size-medium wp-image-53786\" src=\"https:\/\/vrip.ubiobio.cl\/wp-content\/uploads\/2026\/03\/IMG_2200-380x307.jpg\" alt=\"\" width=\"380\" height=\"307\" srcset=\"https:\/\/vrip.ubiobio.cl\/wp-content\/uploads\/2026\/03\/IMG_2200-380x307.jpg 380w, https:\/\/vrip.ubiobio.cl\/wp-content\/uploads\/2026\/03\/IMG_2200-1024x827.jpg 1024w, https:\/\/vrip.ubiobio.cl\/wp-content\/uploads\/2026\/03\/IMG_2200-768x620.jpg 768w, https:\/\/vrip.ubiobio.cl\/wp-content\/uploads\/2026\/03\/IMG_2200-1536x1241.jpg 1536w, https:\/\/vrip.ubiobio.cl\/wp-content\/uploads\/2026\/03\/IMG_2200-2048x1654.jpg 2048w\" sizes=\"(max-width: 380px) 100vw, 380px\" \/> <img loading=\"lazy\" decoding=\"async\" class=\"alignnone size-medium wp-image-53787\" src=\"https:\/\/vrip.ubiobio.cl\/wp-content\/uploads\/2026\/03\/IMG_2202-380x346.jpg\" alt=\"\" width=\"380\" height=\"346\" srcset=\"https:\/\/vrip.ubiobio.cl\/wp-content\/uploads\/2026\/03\/IMG_2202-380x346.jpg 380w, https:\/\/vrip.ubiobio.cl\/wp-content\/uploads\/2026\/03\/IMG_2202-1024x933.jpg 1024w, https:\/\/vrip.ubiobio.cl\/wp-content\/uploads\/2026\/03\/IMG_2202-768x699.jpg 768w, https:\/\/vrip.ubiobio.cl\/wp-content\/uploads\/2026\/03\/IMG_2202-1536x1399.jpg 1536w, https:\/\/vrip.ubiobio.cl\/wp-content\/uploads\/2026\/03\/IMG_2202-2048x1865.jpg 2048w\" sizes=\"(max-width: 380px) 100vw, 380px\" \/> <img loading=\"lazy\" decoding=\"async\" class=\"alignnone size-medium wp-image-53788\" src=\"https:\/\/vrip.ubiobio.cl\/wp-content\/uploads\/2026\/03\/IMG_2205-380x367.jpg\" alt=\"\" width=\"380\" height=\"367\" srcset=\"https:\/\/vrip.ubiobio.cl\/wp-content\/uploads\/2026\/03\/IMG_2205-380x367.jpg 380w, https:\/\/vrip.ubiobio.cl\/wp-content\/uploads\/2026\/03\/IMG_2205-1024x990.jpg 1024w, https:\/\/vrip.ubiobio.cl\/wp-content\/uploads\/2026\/03\/IMG_2205-768x743.jpg 768w, https:\/\/vrip.ubiobio.cl\/wp-content\/uploads\/2026\/03\/IMG_2205-1536x1485.jpg 1536w, https:\/\/vrip.ubiobio.cl\/wp-content\/uploads\/2026\/03\/IMG_2205-2048x1980.jpg 2048w\" sizes=\"(max-width: 380px) 100vw, 380px\" \/> <img loading=\"lazy\" decoding=\"async\" class=\"alignnone size-medium wp-image-53789\" src=\"https:\/\/vrip.ubiobio.cl\/wp-content\/uploads\/2026\/03\/IMG_2208-376x380.jpg\" alt=\"\" width=\"376\" height=\"380\" srcset=\"https:\/\/vrip.ubiobio.cl\/wp-content\/uploads\/2026\/03\/IMG_2208-376x380.jpg 376w, https:\/\/vrip.ubiobio.cl\/wp-content\/uploads\/2026\/03\/IMG_2208-1012x1024.jpg 1012w, https:\/\/vrip.ubiobio.cl\/wp-content\/uploads\/2026\/03\/IMG_2208-768x777.jpg 768w, https:\/\/vrip.ubiobio.cl\/wp-content\/uploads\/2026\/03\/IMG_2208-120x120.jpg 120w, https:\/\/vrip.ubiobio.cl\/wp-content\/uploads\/2026\/03\/IMG_2208.jpg 1484w\" sizes=\"(max-width: 376px) 100vw, 376px\" \/> <img loading=\"lazy\" decoding=\"async\" class=\"alignnone wp-image-53790\" src=\"https:\/\/vrip.ubiobio.cl\/wp-content\/uploads\/2026\/03\/IMG_2210-367x380.jpg\" alt=\"\" width=\"374\" height=\"387\" srcset=\"https:\/\/vrip.ubiobio.cl\/wp-content\/uploads\/2026\/03\/IMG_2210-367x380.jpg 367w, https:\/\/vrip.ubiobio.cl\/wp-content\/uploads\/2026\/03\/IMG_2210-988x1024.jpg 988w, https:\/\/vrip.ubiobio.cl\/wp-content\/uploads\/2026\/03\/IMG_2210-768x796.jpg 768w, https:\/\/vrip.ubiobio.cl\/wp-content\/uploads\/2026\/03\/IMG_2210-1482x1536.jpg 1482w, https:\/\/vrip.ubiobio.cl\/wp-content\/uploads\/2026\/03\/IMG_2210-1976x2048.jpg 1976w, https:\/\/vrip.ubiobio.cl\/wp-content\/uploads\/2026\/03\/IMG_2210.jpg 2005w\" sizes=\"(max-width: 374px) 100vw, 374px\" \/> <img loading=\"lazy\" decoding=\"async\" class=\"alignnone size-medium wp-image-53791\" src=\"https:\/\/vrip.ubiobio.cl\/wp-content\/uploads\/2026\/03\/IMG_2212-380x359.jpg\" alt=\"\" width=\"380\" height=\"359\" srcset=\"https:\/\/vrip.ubiobio.cl\/wp-content\/uploads\/2026\/03\/IMG_2212-380x359.jpg 380w, https:\/\/vrip.ubiobio.cl\/wp-content\/uploads\/2026\/03\/IMG_2212-1024x968.jpg 1024w, https:\/\/vrip.ubiobio.cl\/wp-content\/uploads\/2026\/03\/IMG_2212-768x726.jpg 768w, https:\/\/vrip.ubiobio.cl\/wp-content\/uploads\/2026\/03\/IMG_2212-1536x1452.jpg 1536w, https:\/\/vrip.ubiobio.cl\/wp-content\/uploads\/2026\/03\/IMG_2212.jpg 1649w\" sizes=\"(max-width: 380px) 100vw, 380px\" \/> <img loading=\"lazy\" decoding=\"async\" class=\"alignnone wp-image-53792\" src=\"https:\/\/vrip.ubiobio.cl\/wp-content\/uploads\/2026\/03\/IMG_2216-367x380.jpg\" alt=\"\" width=\"381\" height=\"394\" srcset=\"https:\/\/vrip.ubiobio.cl\/wp-content\/uploads\/2026\/03\/IMG_2216-367x380.jpg 367w, https:\/\/vrip.ubiobio.cl\/wp-content\/uploads\/2026\/03\/IMG_2216-989x1024.jpg 989w, https:\/\/vrip.ubiobio.cl\/wp-content\/uploads\/2026\/03\/IMG_2216-768x796.jpg 768w, https:\/\/vrip.ubiobio.cl\/wp-content\/uploads\/2026\/03\/IMG_2216.jpg 1477w\" sizes=\"(max-width: 381px) 100vw, 381px\" \/> <img loading=\"lazy\" decoding=\"async\" class=\"alignnone size-medium wp-image-53793\" src=\"https:\/\/vrip.ubiobio.cl\/wp-content\/uploads\/2026\/03\/IMG_2218-380x363.jpg\" alt=\"\" width=\"380\" height=\"363\" srcset=\"https:\/\/vrip.ubiobio.cl\/wp-content\/uploads\/2026\/03\/IMG_2218-380x363.jpg 380w, https:\/\/vrip.ubiobio.cl\/wp-content\/uploads\/2026\/03\/IMG_2218-1024x978.jpg 1024w, https:\/\/vrip.ubiobio.cl\/wp-content\/uploads\/2026\/03\/IMG_2218-768x733.jpg 768w, https:\/\/vrip.ubiobio.cl\/wp-content\/uploads\/2026\/03\/IMG_2218-1536x1467.jpg 1536w, https:\/\/vrip.ubiobio.cl\/wp-content\/uploads\/2026\/03\/IMG_2218.jpg 1637w\" sizes=\"(max-width: 380px) 100vw, 380px\" \/><\/p>\n<p><em>En una emotiva ceremonia realizada este viernes 27 de marzo, en la ciudad de Chill\u00e1n, la Universidad del B\u00edo-B\u00edo celebr\u00f3 la graduaci\u00f3n de 69 profesionales de programas de Doctorado y Mag\u00edster, destacando especialmente el logro de cuatro mujeres que obtuvieron el grado de Doctoras, consolidando su aporte a la generaci\u00f3n de conocimiento avanzado en el pa\u00eds.<\/em><\/p>\n<div class=\"perfect-pullquote algo pullquote-align-left\"><blockquote><p>\u201cEste es un logro que implica sacrificio y perseverancia. Hoy no solo celebramos el t\u00e9rmino de una etapa, sino tambi\u00e9n el inicio de un camino donde su conocimiento tendr\u00e1 un impacto en la sociedad. Como universidad, nos sentimos profundamente orgullosos de ustedes\u201d, se\u00f1al\u00f3 la Vicerrectora de Investigaci\u00f3n y Postgrado, Dra. Claudia Mu\u00f1oz.<\/p><\/blockquote><\/div>\n<p>Se trata de las doctoras Carolina Paz Herrera Lavados e Indira P\u00e9rez Berm\u00fadez, del Doctorado en Ingenier\u00eda de Alimentos; y Diana Isabel Correa Otero y Pamela Andrea Jara Zapata, del Doctorado en Ciencias menci\u00f3n Recursos Naturales Renovables, quienes culminaron con \u00e9xito un exigente proceso de formaci\u00f3n acad\u00e9mica e investigativa.<\/p>\n<p>Este importante hito fue encabezado por el Rector, Dr. Benito Uma\u00f1a Hermosilla, junto a la Vicerrectora de Investigaci\u00f3n y Postgrado, Dra. Claudia Mu\u00f1oz Sanguinetti, y la directora de Postgrado, Dra. Carolina Luengo, junto a autoridades universitarias, acad\u00e9micos, familiares e invitados especiales.<\/p>\n<p>Las nuevas doctoras desarrollaron investigaciones en \u00e1reas estrat\u00e9gicas como la innovaci\u00f3n alimentaria, biotecnolog\u00eda y recursos naturales, contribuyendo con conocimiento pertinente a los desaf\u00edos del entorno.<\/p>\n<p>Entre sus trabajos destacan estudios sobre el uso de campos el\u00e9ctricos pulsados para la obtenci\u00f3n de p\u00e9ptidos funcionales, la concentraci\u00f3n por congelaci\u00f3n de infusiones, la producci\u00f3n de compuestos bioactivos en especies vegetales chilenas y el potencial biotecnol\u00f3gico de microorganismos marinos.<\/p>\n<p>Durante la ceremonia, uno de los momentos m\u00e1s significativos fue el tradicional cambio de borla, s\u00edmbolo que marca el paso desde la condici\u00f3n de estudiante a la de doctora, representando el inicio de una nueva etapa profesional al m\u00e1s alto nivel acad\u00e9mico.<\/p>\n<p><strong>Compromiso institucional<\/strong><\/p>\n<p>En su intervenci\u00f3n, la Vicerrectora de Investigaci\u00f3n y Postgrado, Dra. Claudia Mu\u00f1oz Sanguinetti, destac\u00f3 el valor del esfuerzo de las graduadas y el rol de sus familias en este proceso. \u201cEste es un logro que implica sacrificio y perseverancia. Hoy no solo celebramos el t\u00e9rmino de una etapa, sino tambi\u00e9n el inicio de un camino donde su conocimiento tendr\u00e1 un impacto en la sociedad. Como universidad, nos sentimos profundamente orgullosos de ustedes\u201d, se\u00f1al\u00f3.<\/p>\n<p>Asimismo, relev\u00f3 el papel creciente de las mujeres en la investigaci\u00f3n y la formaci\u00f3n de capital humano avanzado, subrayando la importancia de seguir fortaleciendo su participaci\u00f3n en espacios acad\u00e9micos y cient\u00edficos.<\/p>\n<p>Por su parte, la directora de Postgrado. Dra. Carolina Luengo Mart\u00ednez, destac\u00f3 que la ceremonia representa un momento de celebraci\u00f3n y reflexi\u00f3n, reconociendo el esfuerzo, dedicaci\u00f3n y excelencia de las y los 69 graduados de programas de mag\u00edster y doctorado.<\/p>\n<p>Subray\u00f3 que la obtenci\u00f3n de estos grados no solo acredita capacidades acad\u00e9micas, sino tambi\u00e9n la habilidad para enfrentar desaf\u00edos en un entorno cada vez m\u00e1s competitivo. Asimismo, valor\u00f3 el rol del postgrado en la formaci\u00f3n de profesionales cr\u00edticos y agentes de cambio, comprometidos con la sociedad. \u201cAl embarcarse en el pr\u00f3ximo cap\u00edtulo de sus vidas, los animo a recordar siempre el valor del aprendizaje continuo y la importancia de hacer una diferencia en el mundo que nos rodea. Mantengan viva la curiosidad intelectual que los ha llevado hasta aqu\u00ed y abracen cada oportunidad para crecer, tanto personal como profesionalmente. En nombre del equipo de direcci\u00f3n de Postgrado quiero felicitarlos, felicitarlas por este logro extraordinario que este d\u00eda sea el comienzo de un viaje lleno de \u00e9xitos, satisfacciones y realizaciones para cada uno y cada una de ustedes\u201d.<\/p>\n<p>La autoridad enfatiz\u00f3 el crecimiento y calidad de la oferta acad\u00e9mica de la Universidad, junto con su misi\u00f3n de contribuir al desarrollo mediante la generaci\u00f3n y transferencia de conocimiento.<\/p>\n<p>Finalmente, felicit\u00f3 a las y los graduados por este logro, los inst\u00f3 a continuar con el aprendizaje permanente y agradeci\u00f3 a acad\u00e9micos, directivos y equipos de apoyo por su labor formativa, reafirmando que la Universidad siempre ser\u00e1 su casa.<\/p>\n<p>Los programas graduados corresponden al Doctorado en Ingenier\u00eda de Alimentos; Doctorado en Ciencias menci\u00f3n Recursos Naturales Renovables; Mag\u00edster en Ciencias e Ingenier\u00eda en Alimentos; Mag\u00edster en Salud P\u00fablica; Mag\u00edster en Ense\u00f1anza de las Ciencias; Mag\u00edster en Ciencias Qu\u00edmico Ecol\u00f3gicas; Mag\u00edster en Ciencias Biol\u00f3gicas; Mag\u00edster en Gesti\u00f3n de Empresas; Mag\u00edster en Ciencias Sociales y Mag\u00edster en Educaci\u00f3n.<\/p>\n<p><strong>Formaci\u00f3n avanzada con impacto<\/strong><\/p>\n<p>La Universidad del B\u00edo-B\u00edo, \u00fanica instituci\u00f3n estatal y p\u00fablica presente en las regiones de \u00d1uble y Biob\u00edo, reafirma a trav\u00e9s de esta ceremonia su compromiso con la formaci\u00f3n de capital humano avanzado, articulado con la investigaci\u00f3n, la innovaci\u00f3n y la vinculaci\u00f3n con el medio.<\/p>\n<p>La graduaci\u00f3n de estas cuatro doctoras no solo representa un hito personal, sino tambi\u00e9n un avance en la consolidaci\u00f3n de una academia m\u00e1s diversa, inclusiva y comprometida con el desarrollo sostenible del pa\u00eds.<\/p>\n<p>La jornada concluy\u00f3 con un llamado a las nuevas graduadas a continuar aportando desde sus disciplinas, enfrentando los desaf\u00edos del futuro con conocimiento, \u00e9tica y vocaci\u00f3n de servicio.<\/p>\n<p><strong>Fuente: VRIP Comunicaciones<\/strong><\/p>\n","protected":false},"excerpt":{"rendered":"<p>En una emotiva ceremonia realizada este viernes 27 de marzo, en la ciudad de Chill\u00e1n, la Universidad del B\u00edo-B\u00edo celebr\u00f3 la graduaci\u00f3n de 69 profesionales de programas de Doctorado y Mag\u00edster, destacando especialmente el logro de cuatro mujeres que obtuvieron el grado de Doctoras, consolidando su aporte a la generaci\u00f3n de conocimiento avanzado en el&#8230;<\/p>\n","protected":false},"author":3,"featured_media":53794,"comment_status":"open","ping_status":"open","sticky":false,"template":"","format":"standard","meta":{"_kadence_starter_templates_imported_post":false,"_kad_post_transparent":"default","_kad_post_title":"default","_kad_post_layout":"default","_kad_post_sidebar_id":"","_kad_post_content_style":"default","_kad_post_vertical_padding":"default","_kad_post_feature":"","_kad_post_feature_position":"","_kad_post_header":false,"_kad_post_footer":false,"footnotes":""},"categories":[3],"tags":[],"class_list":["post-53776","post","type-post","status-publish","format-standard","has-post-thumbnail","hentry","category-noticias"],"yoast_head":"<!-- This site is optimized with the Yoast SEO plugin v27.5 - https:\/\/yoast.com\/product\/yoast-seo-wordpress\/ -->\n<title>Universidad del B\u00edo-B\u00edo destaca a cuatro nuevas doctoras en ceremonia de graduaci\u00f3n de Postgrado en Chill\u00e1n - VRIP<\/title>\n<meta name=\"robots\" content=\"index, follow, max-snippet:-1, max-image-preview:large, max-video-preview:-1\" \/>\n<link rel=\"canonical\" href=\"https:\/\/vrip.ubiobio.cl\/inicio\/noticias\/universidad-del-bio-bio-destaca-en-ceremonia-de-graduacion-de-postgrado-en-chillan-a-cuatro-nuevas-doctoras\/\" \/>\n<meta property=\"og:locale\" content=\"es_ES\" \/>\n<meta property=\"og:type\" content=\"article\" \/>\n<meta property=\"og:title\" content=\"Universidad del B\u00edo-B\u00edo destaca a cuatro nuevas doctoras en ceremonia de graduaci\u00f3n de Postgrado en Chill\u00e1n - VRIP\" \/>\n<meta property=\"og:description\" content=\"En una emotiva ceremonia realizada este viernes 27 de marzo, en la ciudad de Chill\u00e1n, la Universidad del B\u00edo-B\u00edo celebr\u00f3 la graduaci\u00f3n de 69 profesionales de programas de Doctorado y Mag\u00edster, destacando especialmente el logro de cuatro mujeres que obtuvieron el grado de Doctoras, consolidando su aporte a la generaci\u00f3n de conocimiento avanzado en el...\" \/>\n<meta property=\"og:url\" content=\"https:\/\/vrip.ubiobio.cl\/inicio\/noticias\/universidad-del-bio-bio-destaca-en-ceremonia-de-graduacion-de-postgrado-en-chillan-a-cuatro-nuevas-doctoras\/\" \/>\n<meta property=\"og:site_name\" content=\"VRIP\" \/>\n<meta property=\"article:published_time\" content=\"2026-03-30T17:00:38+00:00\" \/>\n<meta property=\"article:modified_time\" content=\"2026-03-30T20:08:26+00:00\" \/>\n<meta property=\"og:image\" content=\"https:\/\/vrip.ubiobio.cl\/wp-content\/uploads\/2026\/03\/IMG_2224-scaled.jpg\" \/>\n\t<meta property=\"og:image:width\" content=\"2560\" \/>\n\t<meta property=\"og:image:height\" content=\"1802\" \/>\n\t<meta property=\"og:image:type\" content=\"image\/jpeg\" \/>\n<meta name=\"author\" content=\"Dagoberto Perez\" \/>\n<meta name=\"twitter:card\" content=\"summary_large_image\" \/>\n<meta name=\"twitter:creator\" content=\"@vripubb\" \/>\n<meta name=\"twitter:site\" content=\"@vripubb\" \/>\n<meta name=\"twitter:label1\" content=\"Escrito por\" \/>\n\t<meta name=\"twitter:data1\" content=\"Dagoberto Perez\" \/>\n\t<meta name=\"twitter:label2\" content=\"Tiempo de lectura\" \/>\n\t<meta name=\"twitter:data2\" content=\"5 minutos\" \/>\n<script type=\"application\/ld+json\" class=\"yoast-schema-graph\">{\"@context\":\"https:\\\/\\\/schema.org\",\"@graph\":[{\"@type\":\"Article\",\"@id\":\"https:\\\/\\\/vrip.ubiobio.cl\\\/inicio\\\/noticias\\\/universidad-del-bio-bio-destaca-en-ceremonia-de-graduacion-de-postgrado-en-chillan-a-cuatro-nuevas-doctoras\\\/#article\",\"isPartOf\":{\"@id\":\"https:\\\/\\\/vrip.ubiobio.cl\\\/inicio\\\/noticias\\\/universidad-del-bio-bio-destaca-en-ceremonia-de-graduacion-de-postgrado-en-chillan-a-cuatro-nuevas-doctoras\\\/\"},\"author\":{\"name\":\"Dagoberto Perez\",\"@id\":\"https:\\\/\\\/vrip.ubiobio.cl\\\/inicio\\\/#\\\/schema\\\/person\\\/39f3cf67f158f0420b4eb8baa645a9c0\"},\"headline\":\"Universidad del B\u00edo-B\u00edo destaca a cuatro nuevas doctoras en ceremonia de graduaci\u00f3n de Postgrado en Chill\u00e1n\",\"datePublished\":\"2026-03-30T17:00:38+00:00\",\"dateModified\":\"2026-03-30T20:08:26+00:00\",\"mainEntityOfPage\":{\"@id\":\"https:\\\/\\\/vrip.ubiobio.cl\\\/inicio\\\/noticias\\\/universidad-del-bio-bio-destaca-en-ceremonia-de-graduacion-de-postgrado-en-chillan-a-cuatro-nuevas-doctoras\\\/\"},\"wordCount\":955,\"commentCount\":0,\"publisher\":{\"@id\":\"https:\\\/\\\/vrip.ubiobio.cl\\\/inicio\\\/#organization\"},\"image\":{\"@id\":\"https:\\\/\\\/vrip.ubiobio.cl\\\/inicio\\\/noticias\\\/universidad-del-bio-bio-destaca-en-ceremonia-de-graduacion-de-postgrado-en-chillan-a-cuatro-nuevas-doctoras\\\/#primaryimage\"},\"thumbnailUrl\":\"https:\\\/\\\/vrip.ubiobio.cl\\\/wp-content\\\/uploads\\\/2026\\\/03\\\/IMG_2224-scaled.jpg\",\"articleSection\":[\"Noticias\"],\"inLanguage\":\"es\",\"potentialAction\":[{\"@type\":\"CommentAction\",\"name\":\"Comment\",\"target\":[\"https:\\\/\\\/vrip.ubiobio.cl\\\/inicio\\\/noticias\\\/universidad-del-bio-bio-destaca-en-ceremonia-de-graduacion-de-postgrado-en-chillan-a-cuatro-nuevas-doctoras\\\/#respond\"]}]},{\"@type\":\"WebPage\",\"@id\":\"https:\\\/\\\/vrip.ubiobio.cl\\\/inicio\\\/noticias\\\/universidad-del-bio-bio-destaca-en-ceremonia-de-graduacion-de-postgrado-en-chillan-a-cuatro-nuevas-doctoras\\\/\",\"url\":\"https:\\\/\\\/vrip.ubiobio.cl\\\/inicio\\\/noticias\\\/universidad-del-bio-bio-destaca-en-ceremonia-de-graduacion-de-postgrado-en-chillan-a-cuatro-nuevas-doctoras\\\/\",\"name\":\"Universidad del B\u00edo-B\u00edo destaca a cuatro nuevas doctoras en ceremonia de graduaci\u00f3n de Postgrado en Chill\u00e1n - VRIP\",\"isPartOf\":{\"@id\":\"https:\\\/\\\/vrip.ubiobio.cl\\\/inicio\\\/#website\"},\"primaryImageOfPage\":{\"@id\":\"https:\\\/\\\/vrip.ubiobio.cl\\\/inicio\\\/noticias\\\/universidad-del-bio-bio-destaca-en-ceremonia-de-graduacion-de-postgrado-en-chillan-a-cuatro-nuevas-doctoras\\\/#primaryimage\"},\"image\":{\"@id\":\"https:\\\/\\\/vrip.ubiobio.cl\\\/inicio\\\/noticias\\\/universidad-del-bio-bio-destaca-en-ceremonia-de-graduacion-de-postgrado-en-chillan-a-cuatro-nuevas-doctoras\\\/#primaryimage\"},\"thumbnailUrl\":\"https:\\\/\\\/vrip.ubiobio.cl\\\/wp-content\\\/uploads\\\/2026\\\/03\\\/IMG_2224-scaled.jpg\",\"datePublished\":\"2026-03-30T17:00:38+00:00\",\"dateModified\":\"2026-03-30T20:08:26+00:00\",\"breadcrumb\":{\"@id\":\"https:\\\/\\\/vrip.ubiobio.cl\\\/inicio\\\/noticias\\\/universidad-del-bio-bio-destaca-en-ceremonia-de-graduacion-de-postgrado-en-chillan-a-cuatro-nuevas-doctoras\\\/#breadcrumb\"},\"inLanguage\":\"es\",\"potentialAction\":[{\"@type\":\"ReadAction\",\"target\":[\"https:\\\/\\\/vrip.ubiobio.cl\\\/inicio\\\/noticias\\\/universidad-del-bio-bio-destaca-en-ceremonia-de-graduacion-de-postgrado-en-chillan-a-cuatro-nuevas-doctoras\\\/\"]}]},{\"@type\":\"ImageObject\",\"inLanguage\":\"es\",\"@id\":\"https:\\\/\\\/vrip.ubiobio.cl\\\/inicio\\\/noticias\\\/universidad-del-bio-bio-destaca-en-ceremonia-de-graduacion-de-postgrado-en-chillan-a-cuatro-nuevas-doctoras\\\/#primaryimage\",\"url\":\"https:\\\/\\\/vrip.ubiobio.cl\\\/wp-content\\\/uploads\\\/2026\\\/03\\\/IMG_2224-scaled.jpg\",\"contentUrl\":\"https:\\\/\\\/vrip.ubiobio.cl\\\/wp-content\\\/uploads\\\/2026\\\/03\\\/IMG_2224-scaled.jpg\",\"width\":2560,\"height\":1802},{\"@type\":\"BreadcrumbList\",\"@id\":\"https:\\\/\\\/vrip.ubiobio.cl\\\/inicio\\\/noticias\\\/universidad-del-bio-bio-destaca-en-ceremonia-de-graduacion-de-postgrado-en-chillan-a-cuatro-nuevas-doctoras\\\/#breadcrumb\",\"itemListElement\":[{\"@type\":\"ListItem\",\"position\":1,\"name\":\"Portada\",\"item\":\"https:\\\/\\\/vrip.ubiobio.cl\\\/inicio\\\/\"},{\"@type\":\"ListItem\",\"position\":2,\"name\":\"Universidad del B\u00edo-B\u00edo destaca a cuatro nuevas doctoras en ceremonia de graduaci\u00f3n de Postgrado en Chill\u00e1n\"}]},{\"@type\":\"WebSite\",\"@id\":\"https:\\\/\\\/vrip.ubiobio.cl\\\/inicio\\\/#website\",\"url\":\"https:\\\/\\\/vrip.ubiobio.cl\\\/inicio\\\/\",\"name\":\"VRIP\",\"description\":\"Vicerrector\u00eda de Investigaci\u00f3n y Postgrado\",\"publisher\":{\"@id\":\"https:\\\/\\\/vrip.ubiobio.cl\\\/inicio\\\/#organization\"},\"potentialAction\":[{\"@type\":\"SearchAction\",\"target\":{\"@type\":\"EntryPoint\",\"urlTemplate\":\"https:\\\/\\\/vrip.ubiobio.cl\\\/inicio\\\/?s={search_term_string}\"},\"query-input\":{\"@type\":\"PropertyValueSpecification\",\"valueRequired\":true,\"valueName\":\"search_term_string\"}}],\"inLanguage\":\"es\"},{\"@type\":\"Organization\",\"@id\":\"https:\\\/\\\/vrip.ubiobio.cl\\\/inicio\\\/#organization\",\"name\":\"VRIP\",\"url\":\"https:\\\/\\\/vrip.ubiobio.cl\\\/inicio\\\/\",\"logo\":{\"@type\":\"ImageObject\",\"inLanguage\":\"es\",\"@id\":\"https:\\\/\\\/vrip.ubiobio.cl\\\/inicio\\\/#\\\/schema\\\/logo\\\/image\\\/\",\"url\":\"https:\\\/\\\/vrip.ubiobio.cl\\\/wp-content\\\/uploads\\\/2022\\\/10\\\/logo-vrip_Mesa-de-trabajo-1.png\",\"contentUrl\":\"https:\\\/\\\/vrip.ubiobio.cl\\\/wp-content\\\/uploads\\\/2022\\\/10\\\/logo-vrip_Mesa-de-trabajo-1.png\",\"width\":642,\"height\":178,\"caption\":\"VRIP\"},\"image\":{\"@id\":\"https:\\\/\\\/vrip.ubiobio.cl\\\/inicio\\\/#\\\/schema\\\/logo\\\/image\\\/\"},\"sameAs\":[\"https:\\\/\\\/x.com\\\/vripubb\",\"https:\\\/\\\/www.instagram.com\\\/vrip_ubb\\\/\",\"https:\\\/\\\/www.youtube.com\\\/channel\\\/UCf7o8yHRJ7Y_QQLxwu1KQgA\",\"https:\\\/\\\/www.linkedin.com\\\/company\\\/96035097\\\/admin\\\/dashboard\\\/\"]},{\"@type\":\"Person\",\"@id\":\"https:\\\/\\\/vrip.ubiobio.cl\\\/inicio\\\/#\\\/schema\\\/person\\\/39f3cf67f158f0420b4eb8baa645a9c0\",\"name\":\"Dagoberto Perez\",\"image\":{\"@type\":\"ImageObject\",\"inLanguage\":\"es\",\"@id\":\"https:\\\/\\\/secure.gravatar.com\\\/avatar\\\/d16ec183e637d727e6c6574e3768aa439442611065e2b4f983793af8bb630edc?s=96&d=mm&r=g\",\"url\":\"https:\\\/\\\/secure.gravatar.com\\\/avatar\\\/d16ec183e637d727e6c6574e3768aa439442611065e2b4f983793af8bb630edc?s=96&d=mm&r=g\",\"contentUrl\":\"https:\\\/\\\/secure.gravatar.com\\\/avatar\\\/d16ec183e637d727e6c6574e3768aa439442611065e2b4f983793af8bb630edc?s=96&d=mm&r=g\",\"caption\":\"Dagoberto Perez\"},\"url\":\"https:\\\/\\\/vrip.ubiobio.cl\\\/inicio\\\/author\\\/dagoberto\\\/\"}]}<\/script>\n<!-- \/ Yoast SEO plugin. -->","yoast_head_json":{"title":"Universidad del B\u00edo-B\u00edo destaca a cuatro nuevas doctoras en ceremonia de graduaci\u00f3n de Postgrado en Chill\u00e1n - VRIP","robots":{"index":"index","follow":"follow","max-snippet":"max-snippet:-1","max-image-preview":"max-image-preview:large","max-video-preview":"max-video-preview:-1"},"canonical":"https:\/\/vrip.ubiobio.cl\/inicio\/noticias\/universidad-del-bio-bio-destaca-en-ceremonia-de-graduacion-de-postgrado-en-chillan-a-cuatro-nuevas-doctoras\/","og_locale":"es_ES","og_type":"article","og_title":"Universidad del B\u00edo-B\u00edo destaca a cuatro nuevas doctoras en ceremonia de graduaci\u00f3n de Postgrado en Chill\u00e1n - VRIP","og_description":"En una emotiva ceremonia realizada este viernes 27 de marzo, en la ciudad de Chill\u00e1n, la Universidad del B\u00edo-B\u00edo celebr\u00f3 la graduaci\u00f3n de 69 profesionales de programas de Doctorado y Mag\u00edster, destacando especialmente el logro de cuatro mujeres que obtuvieron el grado de Doctoras, consolidando su aporte a la generaci\u00f3n de conocimiento avanzado en el...","og_url":"https:\/\/vrip.ubiobio.cl\/inicio\/noticias\/universidad-del-bio-bio-destaca-en-ceremonia-de-graduacion-de-postgrado-en-chillan-a-cuatro-nuevas-doctoras\/","og_site_name":"VRIP","article_published_time":"2026-03-30T17:00:38+00:00","article_modified_time":"2026-03-30T20:08:26+00:00","og_image":[{"width":2560,"height":1802,"url":"https:\/\/vrip.ubiobio.cl\/wp-content\/uploads\/2026\/03\/IMG_2224-scaled.jpg","type":"image\/jpeg"}],"author":"Dagoberto Perez","twitter_card":"summary_large_image","twitter_creator":"@vripubb","twitter_site":"@vripubb","twitter_misc":{"Escrito por":"Dagoberto Perez","Tiempo de lectura":"5 minutos"},"schema":{"@context":"https:\/\/schema.org","@graph":[{"@type":"Article","@id":"https:\/\/vrip.ubiobio.cl\/inicio\/noticias\/universidad-del-bio-bio-destaca-en-ceremonia-de-graduacion-de-postgrado-en-chillan-a-cuatro-nuevas-doctoras\/#article","isPartOf":{"@id":"https:\/\/vrip.ubiobio.cl\/inicio\/noticias\/universidad-del-bio-bio-destaca-en-ceremonia-de-graduacion-de-postgrado-en-chillan-a-cuatro-nuevas-doctoras\/"},"author":{"name":"Dagoberto Perez","@id":"https:\/\/vrip.ubiobio.cl\/inicio\/#\/schema\/person\/39f3cf67f158f0420b4eb8baa645a9c0"},"headline":"Universidad del B\u00edo-B\u00edo destaca a cuatro nuevas doctoras en ceremonia de graduaci\u00f3n de Postgrado en Chill\u00e1n","datePublished":"2026-03-30T17:00:38+00:00","dateModified":"2026-03-30T20:08:26+00:00","mainEntityOfPage":{"@id":"https:\/\/vrip.ubiobio.cl\/inicio\/noticias\/universidad-del-bio-bio-destaca-en-ceremonia-de-graduacion-de-postgrado-en-chillan-a-cuatro-nuevas-doctoras\/"},"wordCount":955,"commentCount":0,"publisher":{"@id":"https:\/\/vrip.ubiobio.cl\/inicio\/#organization"},"image":{"@id":"https:\/\/vrip.ubiobio.cl\/inicio\/noticias\/universidad-del-bio-bio-destaca-en-ceremonia-de-graduacion-de-postgrado-en-chillan-a-cuatro-nuevas-doctoras\/#primaryimage"},"thumbnailUrl":"https:\/\/vrip.ubiobio.cl\/wp-content\/uploads\/2026\/03\/IMG_2224-scaled.jpg","articleSection":["Noticias"],"inLanguage":"es","potentialAction":[{"@type":"CommentAction","name":"Comment","target":["https:\/\/vrip.ubiobio.cl\/inicio\/noticias\/universidad-del-bio-bio-destaca-en-ceremonia-de-graduacion-de-postgrado-en-chillan-a-cuatro-nuevas-doctoras\/#respond"]}]},{"@type":"WebPage","@id":"https:\/\/vrip.ubiobio.cl\/inicio\/noticias\/universidad-del-bio-bio-destaca-en-ceremonia-de-graduacion-de-postgrado-en-chillan-a-cuatro-nuevas-doctoras\/","url":"https:\/\/vrip.ubiobio.cl\/inicio\/noticias\/universidad-del-bio-bio-destaca-en-ceremonia-de-graduacion-de-postgrado-en-chillan-a-cuatro-nuevas-doctoras\/","name":"Universidad del B\u00edo-B\u00edo destaca a cuatro nuevas doctoras en ceremonia de graduaci\u00f3n de Postgrado en Chill\u00e1n - VRIP","isPartOf":{"@id":"https:\/\/vrip.ubiobio.cl\/inicio\/#website"},"primaryImageOfPage":{"@id":"https:\/\/vrip.ubiobio.cl\/inicio\/noticias\/universidad-del-bio-bio-destaca-en-ceremonia-de-graduacion-de-postgrado-en-chillan-a-cuatro-nuevas-doctoras\/#primaryimage"},"image":{"@id":"https:\/\/vrip.ubiobio.cl\/inicio\/noticias\/universidad-del-bio-bio-destaca-en-ceremonia-de-graduacion-de-postgrado-en-chillan-a-cuatro-nuevas-doctoras\/#primaryimage"},"thumbnailUrl":"https:\/\/vrip.ubiobio.cl\/wp-content\/uploads\/2026\/03\/IMG_2224-scaled.jpg","datePublished":"2026-03-30T17:00:38+00:00","dateModified":"2026-03-30T20:08:26+00:00","breadcrumb":{"@id":"https:\/\/vrip.ubiobio.cl\/inicio\/noticias\/universidad-del-bio-bio-destaca-en-ceremonia-de-graduacion-de-postgrado-en-chillan-a-cuatro-nuevas-doctoras\/#breadcrumb"},"inLanguage":"es","potentialAction":[{"@type":"ReadAction","target":["https:\/\/vrip.ubiobio.cl\/inicio\/noticias\/universidad-del-bio-bio-destaca-en-ceremonia-de-graduacion-de-postgrado-en-chillan-a-cuatro-nuevas-doctoras\/"]}]},{"@type":"ImageObject","inLanguage":"es","@id":"https:\/\/vrip.ubiobio.cl\/inicio\/noticias\/universidad-del-bio-bio-destaca-en-ceremonia-de-graduacion-de-postgrado-en-chillan-a-cuatro-nuevas-doctoras\/#primaryimage","url":"https:\/\/vrip.ubiobio.cl\/wp-content\/uploads\/2026\/03\/IMG_2224-scaled.jpg","contentUrl":"https:\/\/vrip.ubiobio.cl\/wp-content\/uploads\/2026\/03\/IMG_2224-scaled.jpg","width":2560,"height":1802},{"@type":"BreadcrumbList","@id":"https:\/\/vrip.ubiobio.cl\/inicio\/noticias\/universidad-del-bio-bio-destaca-en-ceremonia-de-graduacion-de-postgrado-en-chillan-a-cuatro-nuevas-doctoras\/#breadcrumb","itemListElement":[{"@type":"ListItem","position":1,"name":"Portada","item":"https:\/\/vrip.ubiobio.cl\/inicio\/"},{"@type":"ListItem","position":2,"name":"Universidad del B\u00edo-B\u00edo destaca a cuatro nuevas doctoras en ceremonia de graduaci\u00f3n de Postgrado en Chill\u00e1n"}]},{"@type":"WebSite","@id":"https:\/\/vrip.ubiobio.cl\/inicio\/#website","url":"https:\/\/vrip.ubiobio.cl\/inicio\/","name":"VRIP","description":"Vicerrector\u00eda de Investigaci\u00f3n y Postgrado","publisher":{"@id":"https:\/\/vrip.ubiobio.cl\/inicio\/#organization"},"potentialAction":[{"@type":"SearchAction","target":{"@type":"EntryPoint","urlTemplate":"https:\/\/vrip.ubiobio.cl\/inicio\/?s={search_term_string}"},"query-input":{"@type":"PropertyValueSpecification","valueRequired":true,"valueName":"search_term_string"}}],"inLanguage":"es"},{"@type":"Organization","@id":"https:\/\/vrip.ubiobio.cl\/inicio\/#organization","name":"VRIP","url":"https:\/\/vrip.ubiobio.cl\/inicio\/","logo":{"@type":"ImageObject","inLanguage":"es","@id":"https:\/\/vrip.ubiobio.cl\/inicio\/#\/schema\/logo\/image\/","url":"https:\/\/vrip.ubiobio.cl\/wp-content\/uploads\/2022\/10\/logo-vrip_Mesa-de-trabajo-1.png","contentUrl":"https:\/\/vrip.ubiobio.cl\/wp-content\/uploads\/2022\/10\/logo-vrip_Mesa-de-trabajo-1.png","width":642,"height":178,"caption":"VRIP"},"image":{"@id":"https:\/\/vrip.ubiobio.cl\/inicio\/#\/schema\/logo\/image\/"},"sameAs":["https:\/\/x.com\/vripubb","https:\/\/www.instagram.com\/vrip_ubb\/","https:\/\/www.youtube.com\/channel\/UCf7o8yHRJ7Y_QQLxwu1KQgA","https:\/\/www.linkedin.com\/company\/96035097\/admin\/dashboard\/"]},{"@type":"Person","@id":"https:\/\/vrip.ubiobio.cl\/inicio\/#\/schema\/person\/39f3cf67f158f0420b4eb8baa645a9c0","name":"Dagoberto Perez","image":{"@type":"ImageObject","inLanguage":"es","@id":"https:\/\/secure.gravatar.com\/avatar\/d16ec183e637d727e6c6574e3768aa439442611065e2b4f983793af8bb630edc?s=96&d=mm&r=g","url":"https:\/\/secure.gravatar.com\/avatar\/d16ec183e637d727e6c6574e3768aa439442611065e2b4f983793af8bb630edc?s=96&d=mm&r=g","contentUrl":"https:\/\/secure.gravatar.com\/avatar\/d16ec183e637d727e6c6574e3768aa439442611065e2b4f983793af8bb630edc?s=96&d=mm&r=g","caption":"Dagoberto Perez"},"url":"https:\/\/vrip.ubiobio.cl\/inicio\/author\/dagoberto\/"}]}},"_links":{"self":[{"href":"https:\/\/vrip.ubiobio.cl\/inicio\/wp-json\/wp\/v2\/posts\/53776","targetHints":{"allow":["GET"]}}],"collection":[{"href":"https:\/\/vrip.ubiobio.cl\/inicio\/wp-json\/wp\/v2\/posts"}],"about":[{"href":"https:\/\/vrip.ubiobio.cl\/inicio\/wp-json\/wp\/v2\/types\/post"}],"author":[{"embeddable":true,"href":"https:\/\/vrip.ubiobio.cl\/inicio\/wp-json\/wp\/v2\/users\/3"}],"replies":[{"embeddable":true,"href":"https:\/\/vrip.ubiobio.cl\/inicio\/wp-json\/wp\/v2\/comments?post=53776"}],"version-history":[{"count":5,"href":"https:\/\/vrip.ubiobio.cl\/inicio\/wp-json\/wp\/v2\/posts\/53776\/revisions"}],"predecessor-version":[{"id":53799,"href":"https:\/\/vrip.ubiobio.cl\/inicio\/wp-json\/wp\/v2\/posts\/53776\/revisions\/53799"}],"wp:featuredmedia":[{"embeddable":true,"href":"https:\/\/vrip.ubiobio.cl\/inicio\/wp-json\/wp\/v2\/media\/53794"}],"wp:attachment":[{"href":"https:\/\/vrip.ubiobio.cl\/inicio\/wp-json\/wp\/v2\/media?parent=53776"}],"wp:term":[{"taxonomy":"category","embeddable":true,"href":"https:\/\/vrip.ubiobio.cl\/inicio\/wp-json\/wp\/v2\/categories?post=53776"},{"taxonomy":"post_tag","embeddable":true,"href":"https:\/\/vrip.ubiobio.cl\/inicio\/wp-json\/wp\/v2\/tags?post=53776"}],"curies":[{"name":"wp","href":"https:\/\/api.w.org\/{rel}","templated":true}]}}