{"id":52718,"date":"2025-12-10T14:56:45","date_gmt":"2025-12-10T14:56:45","guid":{"rendered":"https:\/\/vrip.ubiobio.cl\/inicio\/?p=52718"},"modified":"2025-12-10T15:03:20","modified_gmt":"2025-12-10T15:03:20","slug":"proyecto-pati-corfo-fortalece-redes-e-innovacion-con-gira-tecnologica-en-el-pais-vasco","status":"publish","type":"post","link":"https:\/\/vrip.ubiobio.cl\/inicio\/noticias\/proyecto-pati-corfo-fortalece-redes-e-innovacion-con-gira-tecnologica-en-el-pais-vasco\/","title":{"rendered":"Proyecto PATI-UBB fortalece redes e innovaci\u00f3n con gira tecnol\u00f3gica en el Pa\u00eds Vasco"},"content":{"rendered":"<p><img fetchpriority=\"high\" decoding=\"async\" class=\"alignnone size-medium wp-image-52719\" src=\"https:\/\/vrip.ubiobio.cl\/wp-content\/uploads\/2025\/12\/1-380x214.jpeg\" alt=\"\" width=\"380\" height=\"214\" srcset=\"https:\/\/vrip.ubiobio.cl\/wp-content\/uploads\/2025\/12\/1-380x214.jpeg 380w, https:\/\/vrip.ubiobio.cl\/wp-content\/uploads\/2025\/12\/1-1024x576.jpeg 1024w, https:\/\/vrip.ubiobio.cl\/wp-content\/uploads\/2025\/12\/1-768x432.jpeg 768w, https:\/\/vrip.ubiobio.cl\/wp-content\/uploads\/2025\/12\/1-1536x864.jpeg 1536w, https:\/\/vrip.ubiobio.cl\/wp-content\/uploads\/2025\/12\/1.jpeg 1600w\" sizes=\"(max-width: 380px) 100vw, 380px\" \/> <img decoding=\"async\" class=\"alignnone size-medium wp-image-52720\" src=\"https:\/\/vrip.ubiobio.cl\/wp-content\/uploads\/2025\/12\/2-380x285.jpeg\" alt=\"\" width=\"380\" height=\"285\" srcset=\"https:\/\/vrip.ubiobio.cl\/wp-content\/uploads\/2025\/12\/2-380x285.jpeg 380w, https:\/\/vrip.ubiobio.cl\/wp-content\/uploads\/2025\/12\/2-1024x768.jpeg 1024w, https:\/\/vrip.ubiobio.cl\/wp-content\/uploads\/2025\/12\/2-768x576.jpeg 768w, https:\/\/vrip.ubiobio.cl\/wp-content\/uploads\/2025\/12\/2-1536x1152.jpeg 1536w, https:\/\/vrip.ubiobio.cl\/wp-content\/uploads\/2025\/12\/2.jpeg 1600w\" sizes=\"(max-width: 380px) 100vw, 380px\" \/> <img decoding=\"async\" class=\"alignnone size-medium wp-image-52721\" src=\"https:\/\/vrip.ubiobio.cl\/wp-content\/uploads\/2025\/12\/3-380x214.jpeg\" alt=\"\" width=\"380\" height=\"214\" srcset=\"https:\/\/vrip.ubiobio.cl\/wp-content\/uploads\/2025\/12\/3-380x214.jpeg 380w, https:\/\/vrip.ubiobio.cl\/wp-content\/uploads\/2025\/12\/3-1024x576.jpeg 1024w, https:\/\/vrip.ubiobio.cl\/wp-content\/uploads\/2025\/12\/3-768x432.jpeg 768w, https:\/\/vrip.ubiobio.cl\/wp-content\/uploads\/2025\/12\/3-1536x864.jpeg 1536w, https:\/\/vrip.ubiobio.cl\/wp-content\/uploads\/2025\/12\/3.jpeg 1600w\" sizes=\"(max-width: 380px) 100vw, 380px\" \/> <img loading=\"lazy\" decoding=\"async\" class=\"alignnone size-medium wp-image-52723\" src=\"https:\/\/vrip.ubiobio.cl\/wp-content\/uploads\/2025\/12\/5-380x214.jpeg\" alt=\"\" width=\"380\" height=\"214\" srcset=\"https:\/\/vrip.ubiobio.cl\/wp-content\/uploads\/2025\/12\/5-380x214.jpeg 380w, https:\/\/vrip.ubiobio.cl\/wp-content\/uploads\/2025\/12\/5-1024x576.jpeg 1024w, https:\/\/vrip.ubiobio.cl\/wp-content\/uploads\/2025\/12\/5-768x432.jpeg 768w, https:\/\/vrip.ubiobio.cl\/wp-content\/uploads\/2025\/12\/5-1536x864.jpeg 1536w, https:\/\/vrip.ubiobio.cl\/wp-content\/uploads\/2025\/12\/5.jpeg 1599w\" sizes=\"(max-width: 380px) 100vw, 380px\" \/> <img loading=\"lazy\" decoding=\"async\" class=\"alignnone size-medium wp-image-52724\" src=\"https:\/\/vrip.ubiobio.cl\/wp-content\/uploads\/2025\/12\/6-380x214.jpeg\" alt=\"\" width=\"380\" height=\"214\" srcset=\"https:\/\/vrip.ubiobio.cl\/wp-content\/uploads\/2025\/12\/6-380x214.jpeg 380w, https:\/\/vrip.ubiobio.cl\/wp-content\/uploads\/2025\/12\/6-1024x576.jpeg 1024w, https:\/\/vrip.ubiobio.cl\/wp-content\/uploads\/2025\/12\/6-768x432.jpeg 768w, https:\/\/vrip.ubiobio.cl\/wp-content\/uploads\/2025\/12\/6-1536x864.jpeg 1536w, https:\/\/vrip.ubiobio.cl\/wp-content\/uploads\/2025\/12\/6.jpeg 1599w\" sizes=\"(max-width: 380px) 100vw, 380px\" \/> <img loading=\"lazy\" decoding=\"async\" class=\"alignnone size-medium wp-image-52725\" src=\"https:\/\/vrip.ubiobio.cl\/wp-content\/uploads\/2025\/12\/7-380x214.jpeg\" alt=\"\" width=\"380\" height=\"214\" srcset=\"https:\/\/vrip.ubiobio.cl\/wp-content\/uploads\/2025\/12\/7-380x214.jpeg 380w, https:\/\/vrip.ubiobio.cl\/wp-content\/uploads\/2025\/12\/7-1024x576.jpeg 1024w, https:\/\/vrip.ubiobio.cl\/wp-content\/uploads\/2025\/12\/7-768x432.jpeg 768w, https:\/\/vrip.ubiobio.cl\/wp-content\/uploads\/2025\/12\/7-1536x864.jpeg 1536w, https:\/\/vrip.ubiobio.cl\/wp-content\/uploads\/2025\/12\/7.jpeg 1600w\" sizes=\"(max-width: 380px) 100vw, 380px\" \/><\/p>\n<p><em>El equipo del Proyecto PATI-CORFO de la Universidad del B\u00edo-B\u00edo realiz\u00f3 una gira tecnol\u00f3gica en el Pa\u00eds Vasco con el prop\u00f3sito de fortalecer la innovaci\u00f3n regional y avanzar en el desarrollo de nuevos prototipos para las empresas que forman parte del programa. <\/em><\/p>\n<div class=\"perfect-pullquote  pullquote-align-right\"><blockquote><p>La visita se centr\u00f3 en conocer el trabajo de los laboratorios del Centro de Investigaci\u00f3n y Desarrollo Tecnol\u00f3gico del Pa\u00eds Vasco, TECNALIA, uno de los espacios de investigaci\u00f3n aplicada m\u00e1s destacados de Europa, y explorar tecnolog\u00edas vinculadas a inteligencia artificial, sensorificaci\u00f3n, rob\u00f3tica y sistemas de apoyo a la toma de decisiones, todas con aplicaciones directas para los sectores productivos del Biob\u00edo.<\/p><\/blockquote><\/div>\n<p>La visita se centr\u00f3 en conocer el trabajo de los laboratorios del Centro de Investigaci\u00f3n y Desarrollo Tecnol\u00f3gico del Pa\u00eds Vasco, TECNALIA, uno de los espacios de investigaci\u00f3n aplicada m\u00e1s destacados de Europa, y explorar tecnolog\u00edas vinculadas a inteligencia artificial, sensorificaci\u00f3n, rob\u00f3tica y sistemas de apoyo a la toma de decisiones, todas con aplicaciones directas para los sectores productivos del Biob\u00edo.<\/p>\n<p>La delegaci\u00f3n estuvo encabezada por el Dr. Mario Ramos, jefe\u00a0del proyecto, junto al Dr. Francisco Gatica, director alterno\u00a0del programa y MSMIN, empresa participante del proyecto que busca incorporar nuevas tecnolog\u00edas de monitoreo en procesos de explotaci\u00f3n minera.<\/p>\n<p>Durante la gira, el equipo tuvo la oportunidad de conocer de primera fuente desarrollos tecnol\u00f3gicos de alto nivel, observar metodolog\u00edas de gesti\u00f3n de la innovaci\u00f3n en espacios colaborativos y comprender nuevos mecanismos de transferencia tecnol\u00f3gica que pueden ser aplicados en la regi\u00f3n del Bio-B\u00edo.<\/p>\n<p>La experiencia permiti\u00f3 abrir contactos estrat\u00e9gicos y generar espacios de vinculaci\u00f3n que proyectan nuevas oportunidades de colaboraci\u00f3n. Uno de los hitos m\u00e1s relevantes fue la invitaci\u00f3n extendida a los empresarios asociados al proyecto PATI, para participar en marzo en la Bienal de M\u00e1quinas y Herramientas, BIEMH, en Bilbao, donde podr\u00e1n profundizar la relaci\u00f3n con TECNALIA y explorar soluciones tecnol\u00f3gicas que impulsen la competitividad de sus empresas.<\/p>\n<p>La gira deja avances concretos para el proyecto PATI, entre ellos la definici\u00f3n de prototipos que comenzar\u00e1n a desarrollarse y\u00a0la identificaci\u00f3n de tecnolog\u00edas aplicables en las empresas participantes. Con esta iniciativa, el proyecto reafirma su compromiso con la innovaci\u00f3n aplicada y la articulaci\u00f3n entre academia, empresas y centros tecnol\u00f3gicos, consolidando una hoja de ruta que potencia la transformaci\u00f3n productiva del Biob\u00edo.<\/p>\n<p>Fuente: Proyecto PATI-UBB<\/p>\n","protected":false},"excerpt":{"rendered":"<p>El equipo del Proyecto PATI-CORFO de la Universidad del B\u00edo-B\u00edo realiz\u00f3 una gira tecnol\u00f3gica en el Pa\u00eds Vasco con el prop\u00f3sito de fortalecer la innovaci\u00f3n regional y avanzar en el desarrollo de nuevos prototipos para las empresas que forman parte del programa. La visita se centr\u00f3 en conocer el trabajo de los laboratorios del Centro&#8230;<\/p>\n","protected":false},"author":3,"featured_media":52722,"comment_status":"open","ping_status":"open","sticky":false,"template":"","format":"standard","meta":{"_kadence_starter_templates_imported_post":false,"_kad_post_transparent":"default","_kad_post_title":"default","_kad_post_layout":"default","_kad_post_sidebar_id":"","_kad_post_content_style":"default","_kad_post_vertical_padding":"default","_kad_post_feature":"","_kad_post_feature_position":"","_kad_post_header":false,"_kad_post_footer":false,"footnotes":""},"categories":[3],"tags":[],"class_list":["post-52718","post","type-post","status-publish","format-standard","has-post-thumbnail","hentry","category-noticias"],"yoast_head":"<!-- This site is optimized with the Yoast SEO plugin v27.5 - https:\/\/yoast.com\/product\/yoast-seo-wordpress\/ -->\n<title>Proyecto PATI-UBB fortalece redes e innovaci\u00f3n con gira tecnol\u00f3gica en el Pa\u00eds Vasco - VRIP<\/title>\n<meta name=\"robots\" content=\"index, follow, max-snippet:-1, max-image-preview:large, max-video-preview:-1\" \/>\n<link rel=\"canonical\" href=\"https:\/\/vrip.ubiobio.cl\/inicio\/noticias\/proyecto-pati-corfo-fortalece-redes-e-innovacion-con-gira-tecnologica-en-el-pais-vasco\/\" \/>\n<meta property=\"og:locale\" content=\"es_ES\" \/>\n<meta property=\"og:type\" content=\"article\" \/>\n<meta property=\"og:title\" content=\"Proyecto PATI-UBB fortalece redes e innovaci\u00f3n con gira tecnol\u00f3gica en el Pa\u00eds Vasco - VRIP\" \/>\n<meta property=\"og:description\" content=\"El equipo del Proyecto PATI-CORFO de la Universidad del B\u00edo-B\u00edo realiz\u00f3 una gira tecnol\u00f3gica en el Pa\u00eds Vasco con el prop\u00f3sito de fortalecer la innovaci\u00f3n regional y avanzar en el desarrollo de nuevos prototipos para las empresas que forman parte del programa. La visita se centr\u00f3 en conocer el trabajo de los laboratorios del Centro...\" \/>\n<meta property=\"og:url\" content=\"https:\/\/vrip.ubiobio.cl\/inicio\/noticias\/proyecto-pati-corfo-fortalece-redes-e-innovacion-con-gira-tecnologica-en-el-pais-vasco\/\" \/>\n<meta property=\"og:site_name\" content=\"VRIP\" \/>\n<meta property=\"article:published_time\" content=\"2025-12-10T14:56:45+00:00\" \/>\n<meta property=\"article:modified_time\" content=\"2025-12-10T15:03:20+00:00\" \/>\n<meta property=\"og:image\" content=\"https:\/\/vrip.ubiobio.cl\/wp-content\/uploads\/2025\/12\/4.jpeg\" \/>\n\t<meta property=\"og:image:width\" content=\"1600\" \/>\n\t<meta property=\"og:image:height\" content=\"1200\" \/>\n\t<meta property=\"og:image:type\" content=\"image\/jpeg\" \/>\n<meta name=\"author\" content=\"Dagoberto Perez\" \/>\n<meta name=\"twitter:card\" content=\"summary_large_image\" \/>\n<meta name=\"twitter:creator\" content=\"@vripubb\" \/>\n<meta name=\"twitter:site\" content=\"@vripubb\" \/>\n<meta name=\"twitter:label1\" content=\"Escrito por\" \/>\n\t<meta name=\"twitter:data1\" content=\"Dagoberto Perez\" \/>\n\t<meta name=\"twitter:label2\" content=\"Tiempo de lectura\" \/>\n\t<meta name=\"twitter:data2\" content=\"2 minutos\" \/>\n<script type=\"application\/ld+json\" class=\"yoast-schema-graph\">{\"@context\":\"https:\\\/\\\/schema.org\",\"@graph\":[{\"@type\":\"Article\",\"@id\":\"https:\\\/\\\/vrip.ubiobio.cl\\\/inicio\\\/noticias\\\/proyecto-pati-corfo-fortalece-redes-e-innovacion-con-gira-tecnologica-en-el-pais-vasco\\\/#article\",\"isPartOf\":{\"@id\":\"https:\\\/\\\/vrip.ubiobio.cl\\\/inicio\\\/noticias\\\/proyecto-pati-corfo-fortalece-redes-e-innovacion-con-gira-tecnologica-en-el-pais-vasco\\\/\"},\"author\":{\"name\":\"Dagoberto Perez\",\"@id\":\"https:\\\/\\\/vrip.ubiobio.cl\\\/inicio\\\/#\\\/schema\\\/person\\\/39f3cf67f158f0420b4eb8baa645a9c0\"},\"headline\":\"Proyecto PATI-UBB fortalece redes e innovaci\u00f3n con gira tecnol\u00f3gica en el Pa\u00eds Vasco\",\"datePublished\":\"2025-12-10T14:56:45+00:00\",\"dateModified\":\"2025-12-10T15:03:20+00:00\",\"mainEntityOfPage\":{\"@id\":\"https:\\\/\\\/vrip.ubiobio.cl\\\/inicio\\\/noticias\\\/proyecto-pati-corfo-fortalece-redes-e-innovacion-con-gira-tecnologica-en-el-pais-vasco\\\/\"},\"wordCount\":455,\"commentCount\":0,\"publisher\":{\"@id\":\"https:\\\/\\\/vrip.ubiobio.cl\\\/inicio\\\/#organization\"},\"image\":{\"@id\":\"https:\\\/\\\/vrip.ubiobio.cl\\\/inicio\\\/noticias\\\/proyecto-pati-corfo-fortalece-redes-e-innovacion-con-gira-tecnologica-en-el-pais-vasco\\\/#primaryimage\"},\"thumbnailUrl\":\"https:\\\/\\\/vrip.ubiobio.cl\\\/wp-content\\\/uploads\\\/2025\\\/12\\\/4.jpeg\",\"articleSection\":[\"Noticias\"],\"inLanguage\":\"es\",\"potentialAction\":[{\"@type\":\"CommentAction\",\"name\":\"Comment\",\"target\":[\"https:\\\/\\\/vrip.ubiobio.cl\\\/inicio\\\/noticias\\\/proyecto-pati-corfo-fortalece-redes-e-innovacion-con-gira-tecnologica-en-el-pais-vasco\\\/#respond\"]}]},{\"@type\":\"WebPage\",\"@id\":\"https:\\\/\\\/vrip.ubiobio.cl\\\/inicio\\\/noticias\\\/proyecto-pati-corfo-fortalece-redes-e-innovacion-con-gira-tecnologica-en-el-pais-vasco\\\/\",\"url\":\"https:\\\/\\\/vrip.ubiobio.cl\\\/inicio\\\/noticias\\\/proyecto-pati-corfo-fortalece-redes-e-innovacion-con-gira-tecnologica-en-el-pais-vasco\\\/\",\"name\":\"Proyecto PATI-UBB fortalece redes e innovaci\u00f3n con gira tecnol\u00f3gica en el Pa\u00eds Vasco - VRIP\",\"isPartOf\":{\"@id\":\"https:\\\/\\\/vrip.ubiobio.cl\\\/inicio\\\/#website\"},\"primaryImageOfPage\":{\"@id\":\"https:\\\/\\\/vrip.ubiobio.cl\\\/inicio\\\/noticias\\\/proyecto-pati-corfo-fortalece-redes-e-innovacion-con-gira-tecnologica-en-el-pais-vasco\\\/#primaryimage\"},\"image\":{\"@id\":\"https:\\\/\\\/vrip.ubiobio.cl\\\/inicio\\\/noticias\\\/proyecto-pati-corfo-fortalece-redes-e-innovacion-con-gira-tecnologica-en-el-pais-vasco\\\/#primaryimage\"},\"thumbnailUrl\":\"https:\\\/\\\/vrip.ubiobio.cl\\\/wp-content\\\/uploads\\\/2025\\\/12\\\/4.jpeg\",\"datePublished\":\"2025-12-10T14:56:45+00:00\",\"dateModified\":\"2025-12-10T15:03:20+00:00\",\"breadcrumb\":{\"@id\":\"https:\\\/\\\/vrip.ubiobio.cl\\\/inicio\\\/noticias\\\/proyecto-pati-corfo-fortalece-redes-e-innovacion-con-gira-tecnologica-en-el-pais-vasco\\\/#breadcrumb\"},\"inLanguage\":\"es\",\"potentialAction\":[{\"@type\":\"ReadAction\",\"target\":[\"https:\\\/\\\/vrip.ubiobio.cl\\\/inicio\\\/noticias\\\/proyecto-pati-corfo-fortalece-redes-e-innovacion-con-gira-tecnologica-en-el-pais-vasco\\\/\"]}]},{\"@type\":\"ImageObject\",\"inLanguage\":\"es\",\"@id\":\"https:\\\/\\\/vrip.ubiobio.cl\\\/inicio\\\/noticias\\\/proyecto-pati-corfo-fortalece-redes-e-innovacion-con-gira-tecnologica-en-el-pais-vasco\\\/#primaryimage\",\"url\":\"https:\\\/\\\/vrip.ubiobio.cl\\\/wp-content\\\/uploads\\\/2025\\\/12\\\/4.jpeg\",\"contentUrl\":\"https:\\\/\\\/vrip.ubiobio.cl\\\/wp-content\\\/uploads\\\/2025\\\/12\\\/4.jpeg\",\"width\":1600,\"height\":1200},{\"@type\":\"BreadcrumbList\",\"@id\":\"https:\\\/\\\/vrip.ubiobio.cl\\\/inicio\\\/noticias\\\/proyecto-pati-corfo-fortalece-redes-e-innovacion-con-gira-tecnologica-en-el-pais-vasco\\\/#breadcrumb\",\"itemListElement\":[{\"@type\":\"ListItem\",\"position\":1,\"name\":\"Portada\",\"item\":\"https:\\\/\\\/vrip.ubiobio.cl\\\/inicio\\\/\"},{\"@type\":\"ListItem\",\"position\":2,\"name\":\"Proyecto PATI-UBB fortalece redes e innovaci\u00f3n con gira tecnol\u00f3gica en el Pa\u00eds Vasco\"}]},{\"@type\":\"WebSite\",\"@id\":\"https:\\\/\\\/vrip.ubiobio.cl\\\/inicio\\\/#website\",\"url\":\"https:\\\/\\\/vrip.ubiobio.cl\\\/inicio\\\/\",\"name\":\"VRIP\",\"description\":\"Vicerrector\u00eda de Investigaci\u00f3n y Postgrado\",\"publisher\":{\"@id\":\"https:\\\/\\\/vrip.ubiobio.cl\\\/inicio\\\/#organization\"},\"potentialAction\":[{\"@type\":\"SearchAction\",\"target\":{\"@type\":\"EntryPoint\",\"urlTemplate\":\"https:\\\/\\\/vrip.ubiobio.cl\\\/inicio\\\/?s={search_term_string}\"},\"query-input\":{\"@type\":\"PropertyValueSpecification\",\"valueRequired\":true,\"valueName\":\"search_term_string\"}}],\"inLanguage\":\"es\"},{\"@type\":\"Organization\",\"@id\":\"https:\\\/\\\/vrip.ubiobio.cl\\\/inicio\\\/#organization\",\"name\":\"VRIP\",\"url\":\"https:\\\/\\\/vrip.ubiobio.cl\\\/inicio\\\/\",\"logo\":{\"@type\":\"ImageObject\",\"inLanguage\":\"es\",\"@id\":\"https:\\\/\\\/vrip.ubiobio.cl\\\/inicio\\\/#\\\/schema\\\/logo\\\/image\\\/\",\"url\":\"https:\\\/\\\/vrip.ubiobio.cl\\\/wp-content\\\/uploads\\\/2022\\\/10\\\/logo-vrip_Mesa-de-trabajo-1.png\",\"contentUrl\":\"https:\\\/\\\/vrip.ubiobio.cl\\\/wp-content\\\/uploads\\\/2022\\\/10\\\/logo-vrip_Mesa-de-trabajo-1.png\",\"width\":642,\"height\":178,\"caption\":\"VRIP\"},\"image\":{\"@id\":\"https:\\\/\\\/vrip.ubiobio.cl\\\/inicio\\\/#\\\/schema\\\/logo\\\/image\\\/\"},\"sameAs\":[\"https:\\\/\\\/x.com\\\/vripubb\",\"https:\\\/\\\/www.instagram.com\\\/vrip_ubb\\\/\",\"https:\\\/\\\/www.youtube.com\\\/channel\\\/UCf7o8yHRJ7Y_QQLxwu1KQgA\",\"https:\\\/\\\/www.linkedin.com\\\/company\\\/96035097\\\/admin\\\/dashboard\\\/\"]},{\"@type\":\"Person\",\"@id\":\"https:\\\/\\\/vrip.ubiobio.cl\\\/inicio\\\/#\\\/schema\\\/person\\\/39f3cf67f158f0420b4eb8baa645a9c0\",\"name\":\"Dagoberto Perez\",\"image\":{\"@type\":\"ImageObject\",\"inLanguage\":\"es\",\"@id\":\"https:\\\/\\\/secure.gravatar.com\\\/avatar\\\/d16ec183e637d727e6c6574e3768aa439442611065e2b4f983793af8bb630edc?s=96&d=mm&r=g\",\"url\":\"https:\\\/\\\/secure.gravatar.com\\\/avatar\\\/d16ec183e637d727e6c6574e3768aa439442611065e2b4f983793af8bb630edc?s=96&d=mm&r=g\",\"contentUrl\":\"https:\\\/\\\/secure.gravatar.com\\\/avatar\\\/d16ec183e637d727e6c6574e3768aa439442611065e2b4f983793af8bb630edc?s=96&d=mm&r=g\",\"caption\":\"Dagoberto Perez\"},\"url\":\"https:\\\/\\\/vrip.ubiobio.cl\\\/inicio\\\/author\\\/dagoberto\\\/\"}]}<\/script>\n<!-- \/ Yoast SEO plugin. -->","yoast_head_json":{"title":"Proyecto PATI-UBB fortalece redes e innovaci\u00f3n con gira tecnol\u00f3gica en el Pa\u00eds Vasco - VRIP","robots":{"index":"index","follow":"follow","max-snippet":"max-snippet:-1","max-image-preview":"max-image-preview:large","max-video-preview":"max-video-preview:-1"},"canonical":"https:\/\/vrip.ubiobio.cl\/inicio\/noticias\/proyecto-pati-corfo-fortalece-redes-e-innovacion-con-gira-tecnologica-en-el-pais-vasco\/","og_locale":"es_ES","og_type":"article","og_title":"Proyecto PATI-UBB fortalece redes e innovaci\u00f3n con gira tecnol\u00f3gica en el Pa\u00eds Vasco - VRIP","og_description":"El equipo del Proyecto PATI-CORFO de la Universidad del B\u00edo-B\u00edo realiz\u00f3 una gira tecnol\u00f3gica en el Pa\u00eds Vasco con el prop\u00f3sito de fortalecer la innovaci\u00f3n regional y avanzar en el desarrollo de nuevos prototipos para las empresas que forman parte del programa. La visita se centr\u00f3 en conocer el trabajo de los laboratorios del Centro...","og_url":"https:\/\/vrip.ubiobio.cl\/inicio\/noticias\/proyecto-pati-corfo-fortalece-redes-e-innovacion-con-gira-tecnologica-en-el-pais-vasco\/","og_site_name":"VRIP","article_published_time":"2025-12-10T14:56:45+00:00","article_modified_time":"2025-12-10T15:03:20+00:00","og_image":[{"width":1600,"height":1200,"url":"https:\/\/vrip.ubiobio.cl\/wp-content\/uploads\/2025\/12\/4.jpeg","type":"image\/jpeg"}],"author":"Dagoberto Perez","twitter_card":"summary_large_image","twitter_creator":"@vripubb","twitter_site":"@vripubb","twitter_misc":{"Escrito por":"Dagoberto Perez","Tiempo de lectura":"2 minutos"},"schema":{"@context":"https:\/\/schema.org","@graph":[{"@type":"Article","@id":"https:\/\/vrip.ubiobio.cl\/inicio\/noticias\/proyecto-pati-corfo-fortalece-redes-e-innovacion-con-gira-tecnologica-en-el-pais-vasco\/#article","isPartOf":{"@id":"https:\/\/vrip.ubiobio.cl\/inicio\/noticias\/proyecto-pati-corfo-fortalece-redes-e-innovacion-con-gira-tecnologica-en-el-pais-vasco\/"},"author":{"name":"Dagoberto Perez","@id":"https:\/\/vrip.ubiobio.cl\/inicio\/#\/schema\/person\/39f3cf67f158f0420b4eb8baa645a9c0"},"headline":"Proyecto PATI-UBB fortalece redes e innovaci\u00f3n con gira tecnol\u00f3gica en el Pa\u00eds Vasco","datePublished":"2025-12-10T14:56:45+00:00","dateModified":"2025-12-10T15:03:20+00:00","mainEntityOfPage":{"@id":"https:\/\/vrip.ubiobio.cl\/inicio\/noticias\/proyecto-pati-corfo-fortalece-redes-e-innovacion-con-gira-tecnologica-en-el-pais-vasco\/"},"wordCount":455,"commentCount":0,"publisher":{"@id":"https:\/\/vrip.ubiobio.cl\/inicio\/#organization"},"image":{"@id":"https:\/\/vrip.ubiobio.cl\/inicio\/noticias\/proyecto-pati-corfo-fortalece-redes-e-innovacion-con-gira-tecnologica-en-el-pais-vasco\/#primaryimage"},"thumbnailUrl":"https:\/\/vrip.ubiobio.cl\/wp-content\/uploads\/2025\/12\/4.jpeg","articleSection":["Noticias"],"inLanguage":"es","potentialAction":[{"@type":"CommentAction","name":"Comment","target":["https:\/\/vrip.ubiobio.cl\/inicio\/noticias\/proyecto-pati-corfo-fortalece-redes-e-innovacion-con-gira-tecnologica-en-el-pais-vasco\/#respond"]}]},{"@type":"WebPage","@id":"https:\/\/vrip.ubiobio.cl\/inicio\/noticias\/proyecto-pati-corfo-fortalece-redes-e-innovacion-con-gira-tecnologica-en-el-pais-vasco\/","url":"https:\/\/vrip.ubiobio.cl\/inicio\/noticias\/proyecto-pati-corfo-fortalece-redes-e-innovacion-con-gira-tecnologica-en-el-pais-vasco\/","name":"Proyecto PATI-UBB fortalece redes e innovaci\u00f3n con gira tecnol\u00f3gica en el Pa\u00eds Vasco - VRIP","isPartOf":{"@id":"https:\/\/vrip.ubiobio.cl\/inicio\/#website"},"primaryImageOfPage":{"@id":"https:\/\/vrip.ubiobio.cl\/inicio\/noticias\/proyecto-pati-corfo-fortalece-redes-e-innovacion-con-gira-tecnologica-en-el-pais-vasco\/#primaryimage"},"image":{"@id":"https:\/\/vrip.ubiobio.cl\/inicio\/noticias\/proyecto-pati-corfo-fortalece-redes-e-innovacion-con-gira-tecnologica-en-el-pais-vasco\/#primaryimage"},"thumbnailUrl":"https:\/\/vrip.ubiobio.cl\/wp-content\/uploads\/2025\/12\/4.jpeg","datePublished":"2025-12-10T14:56:45+00:00","dateModified":"2025-12-10T15:03:20+00:00","breadcrumb":{"@id":"https:\/\/vrip.ubiobio.cl\/inicio\/noticias\/proyecto-pati-corfo-fortalece-redes-e-innovacion-con-gira-tecnologica-en-el-pais-vasco\/#breadcrumb"},"inLanguage":"es","potentialAction":[{"@type":"ReadAction","target":["https:\/\/vrip.ubiobio.cl\/inicio\/noticias\/proyecto-pati-corfo-fortalece-redes-e-innovacion-con-gira-tecnologica-en-el-pais-vasco\/"]}]},{"@type":"ImageObject","inLanguage":"es","@id":"https:\/\/vrip.ubiobio.cl\/inicio\/noticias\/proyecto-pati-corfo-fortalece-redes-e-innovacion-con-gira-tecnologica-en-el-pais-vasco\/#primaryimage","url":"https:\/\/vrip.ubiobio.cl\/wp-content\/uploads\/2025\/12\/4.jpeg","contentUrl":"https:\/\/vrip.ubiobio.cl\/wp-content\/uploads\/2025\/12\/4.jpeg","width":1600,"height":1200},{"@type":"BreadcrumbList","@id":"https:\/\/vrip.ubiobio.cl\/inicio\/noticias\/proyecto-pati-corfo-fortalece-redes-e-innovacion-con-gira-tecnologica-en-el-pais-vasco\/#breadcrumb","itemListElement":[{"@type":"ListItem","position":1,"name":"Portada","item":"https:\/\/vrip.ubiobio.cl\/inicio\/"},{"@type":"ListItem","position":2,"name":"Proyecto PATI-UBB fortalece redes e innovaci\u00f3n con gira tecnol\u00f3gica en el Pa\u00eds Vasco"}]},{"@type":"WebSite","@id":"https:\/\/vrip.ubiobio.cl\/inicio\/#website","url":"https:\/\/vrip.ubiobio.cl\/inicio\/","name":"VRIP","description":"Vicerrector\u00eda de Investigaci\u00f3n y Postgrado","publisher":{"@id":"https:\/\/vrip.ubiobio.cl\/inicio\/#organization"},"potentialAction":[{"@type":"SearchAction","target":{"@type":"EntryPoint","urlTemplate":"https:\/\/vrip.ubiobio.cl\/inicio\/?s={search_term_string}"},"query-input":{"@type":"PropertyValueSpecification","valueRequired":true,"valueName":"search_term_string"}}],"inLanguage":"es"},{"@type":"Organization","@id":"https:\/\/vrip.ubiobio.cl\/inicio\/#organization","name":"VRIP","url":"https:\/\/vrip.ubiobio.cl\/inicio\/","logo":{"@type":"ImageObject","inLanguage":"es","@id":"https:\/\/vrip.ubiobio.cl\/inicio\/#\/schema\/logo\/image\/","url":"https:\/\/vrip.ubiobio.cl\/wp-content\/uploads\/2022\/10\/logo-vrip_Mesa-de-trabajo-1.png","contentUrl":"https:\/\/vrip.ubiobio.cl\/wp-content\/uploads\/2022\/10\/logo-vrip_Mesa-de-trabajo-1.png","width":642,"height":178,"caption":"VRIP"},"image":{"@id":"https:\/\/vrip.ubiobio.cl\/inicio\/#\/schema\/logo\/image\/"},"sameAs":["https:\/\/x.com\/vripubb","https:\/\/www.instagram.com\/vrip_ubb\/","https:\/\/www.youtube.com\/channel\/UCf7o8yHRJ7Y_QQLxwu1KQgA","https:\/\/www.linkedin.com\/company\/96035097\/admin\/dashboard\/"]},{"@type":"Person","@id":"https:\/\/vrip.ubiobio.cl\/inicio\/#\/schema\/person\/39f3cf67f158f0420b4eb8baa645a9c0","name":"Dagoberto Perez","image":{"@type":"ImageObject","inLanguage":"es","@id":"https:\/\/secure.gravatar.com\/avatar\/d16ec183e637d727e6c6574e3768aa439442611065e2b4f983793af8bb630edc?s=96&d=mm&r=g","url":"https:\/\/secure.gravatar.com\/avatar\/d16ec183e637d727e6c6574e3768aa439442611065e2b4f983793af8bb630edc?s=96&d=mm&r=g","contentUrl":"https:\/\/secure.gravatar.com\/avatar\/d16ec183e637d727e6c6574e3768aa439442611065e2b4f983793af8bb630edc?s=96&d=mm&r=g","caption":"Dagoberto Perez"},"url":"https:\/\/vrip.ubiobio.cl\/inicio\/author\/dagoberto\/"}]}},"_links":{"self":[{"href":"https:\/\/vrip.ubiobio.cl\/inicio\/wp-json\/wp\/v2\/posts\/52718","targetHints":{"allow":["GET"]}}],"collection":[{"href":"https:\/\/vrip.ubiobio.cl\/inicio\/wp-json\/wp\/v2\/posts"}],"about":[{"href":"https:\/\/vrip.ubiobio.cl\/inicio\/wp-json\/wp\/v2\/types\/post"}],"author":[{"embeddable":true,"href":"https:\/\/vrip.ubiobio.cl\/inicio\/wp-json\/wp\/v2\/users\/3"}],"replies":[{"embeddable":true,"href":"https:\/\/vrip.ubiobio.cl\/inicio\/wp-json\/wp\/v2\/comments?post=52718"}],"version-history":[{"count":3,"href":"https:\/\/vrip.ubiobio.cl\/inicio\/wp-json\/wp\/v2\/posts\/52718\/revisions"}],"predecessor-version":[{"id":52728,"href":"https:\/\/vrip.ubiobio.cl\/inicio\/wp-json\/wp\/v2\/posts\/52718\/revisions\/52728"}],"wp:featuredmedia":[{"embeddable":true,"href":"https:\/\/vrip.ubiobio.cl\/inicio\/wp-json\/wp\/v2\/media\/52722"}],"wp:attachment":[{"href":"https:\/\/vrip.ubiobio.cl\/inicio\/wp-json\/wp\/v2\/media?parent=52718"}],"wp:term":[{"taxonomy":"category","embeddable":true,"href":"https:\/\/vrip.ubiobio.cl\/inicio\/wp-json\/wp\/v2\/categories?post=52718"},{"taxonomy":"post_tag","embeddable":true,"href":"https:\/\/vrip.ubiobio.cl\/inicio\/wp-json\/wp\/v2\/tags?post=52718"}],"curies":[{"name":"wp","href":"https:\/\/api.w.org\/{rel}","templated":true}]}}