{"id":52697,"date":"2025-12-09T15:22:03","date_gmt":"2025-12-09T15:22:03","guid":{"rendered":"https:\/\/vrip.ubiobio.cl\/inicio\/?p=52697"},"modified":"2025-12-09T15:22:03","modified_gmt":"2025-12-09T15:22:03","slug":"ubb-fortalece-su-presencia-internacional-con-investigadores-que-fueron-reconocidos-en-el-concurso-fovi-2025-de-anid","status":"publish","type":"post","link":"https:\/\/vrip.ubiobio.cl\/inicio\/noticias\/ubb-fortalece-su-presencia-internacional-con-investigadores-que-fueron-reconocidos-en-el-concurso-fovi-2025-de-anid\/","title":{"rendered":"UBB fortalece su presencia internacional con investigadores que fueron reconocidos en el Concurso FOVI 2025 de ANID"},"content":{"rendered":"<p><em>La Direcci\u00f3n de Investigaci\u00f3n y Creaci\u00f3n Art\u00edstica de la Vicerrector\u00eda de Investigaci\u00f3n y Postgrado de la Universidad del B\u00edo-B\u00edo saluda y felicita a los acad\u00e9micos que resultaron beneficiados en el Concurso de Fomento a la Vinculaci\u00f3n Internacional para Instituciones de Investigaci\u00f3n (FOVI) 2025, convocado por la Agencia Nacional de Investigaci\u00f3n y Desarrollo (ANID). <\/em><\/p>\n<div class=\"perfect-pullquote  pullquote-align-right\"><blockquote><p>Los fondos FOVI de ANID son un instrumento clave para fortalecer la ciencia chilena desde una perspectiva global, permitiendo fortalecer redes cient\u00edficas, genera v\u00ednculos s\u00f3lidos entre instituciones nacionales y extranjeras.<\/p><\/blockquote><\/div>\n<p><strong>Ganadores <\/strong><\/p>\n<p>Facultad de Ingenier\u00eda: Dr. Rodrigo Linfati Medina, Departamento de Ingenier\u00eda Industrial. Proyecto<strong>:<\/strong> <em>Consolidaci\u00f3n de capacidades cient\u00edficas en log\u00edstica resiliente y viabilidad de cadenas de suministro ante el cambio clim\u00e1tico, c<\/em>\u00f3digo: FOVI250059.<\/p>\n<p>Dr. Serguei Alejandro Martin, Departamento de Ingenier\u00eda de Procesos y Bioproductos. Proyecto: <em>Valoraci\u00f3n sustentable de residuos mediante transformaci\u00f3n termoqu\u00edmica de materiales lignocelul\u00f3sicos: Consolidaci\u00f3n de red colaborativa internacional entre instituciones chilenas y europeas, c<\/em>\u00f3digo<strong>:<\/strong> FOVI250170.<\/p>\n<p>Facultad de Educaci\u00f3n y Humanidades: Dr. Alexander Panez Pinto, Departamento de Ciencias Sociales. Proyecto: <em>Red interdisciplinar de investigaci\u00f3n sobre plaguicidas y justicia ambiental.<\/em><\/p>\n<p><strong>Concurso FOVI 2025<\/strong><\/p>\n<p>Los fondos FOVI son un instrumento clave para fortalecer la ciencia chilena desde una perspectiva global, permitiendo fortalecer redes cient\u00edficas, genera v\u00ednculos s\u00f3lidos entre instituciones nacionales y extranjeras. Con un impulso a la investigaci\u00f3n de frontera, la formaci\u00f3n de capital humano avanzado, visi\u00f3n territorial e interdisciplinaria y desarrollo regional.<\/p>\n<p>La convocatoria 2025 estuvo abierta a todas las \u00e1reas del conocimiento, priorizando iniciativas relacionadas con \u00e1reas estrat\u00e9gicas macrozonales y ciencia ant\u00e1rtica.<\/p>\n<p>Duraci\u00f3n del proyecto 12 meses, con un financiamiento de hasta $30.000.000 por propuesta.<\/p>\n<p>Fuente: VRIP Comunicaciones<\/p>\n","protected":false},"excerpt":{"rendered":"<p>La Direcci\u00f3n de Investigaci\u00f3n y Creaci\u00f3n Art\u00edstica de la Vicerrector\u00eda de Investigaci\u00f3n y Postgrado de la Universidad del B\u00edo-B\u00edo saluda y felicita a los acad\u00e9micos que resultaron beneficiados en el Concurso de Fomento a la Vinculaci\u00f3n Internacional para Instituciones de Investigaci\u00f3n (FOVI) 2025, convocado por la Agencia Nacional de Investigaci\u00f3n y Desarrollo (ANID). Ganadores Facultad&#8230;<\/p>\n","protected":false},"author":3,"featured_media":52699,"comment_status":"open","ping_status":"open","sticky":false,"template":"","format":"standard","meta":{"_kadence_starter_templates_imported_post":false,"_kad_post_transparent":"default","_kad_post_title":"default","_kad_post_layout":"default","_kad_post_sidebar_id":"","_kad_post_content_style":"default","_kad_post_vertical_padding":"default","_kad_post_feature":"","_kad_post_feature_position":"","_kad_post_header":false,"_kad_post_footer":false,"footnotes":""},"categories":[3],"tags":[],"class_list":["post-52697","post","type-post","status-publish","format-standard","has-post-thumbnail","hentry","category-noticias"],"yoast_head":"<!-- This site is optimized with the Yoast SEO plugin v27.5 - https:\/\/yoast.com\/product\/yoast-seo-wordpress\/ -->\n<title>UBB fortalece su presencia internacional con investigadores que fueron reconocidos en el Concurso FOVI 2025 de ANID - VRIP<\/title>\n<meta name=\"robots\" content=\"index, follow, max-snippet:-1, max-image-preview:large, max-video-preview:-1\" \/>\n<link rel=\"canonical\" href=\"https:\/\/vrip.ubiobio.cl\/inicio\/noticias\/ubb-fortalece-su-presencia-internacional-con-investigadores-que-fueron-reconocidos-en-el-concurso-fovi-2025-de-anid\/\" \/>\n<meta property=\"og:locale\" content=\"es_ES\" \/>\n<meta property=\"og:type\" content=\"article\" \/>\n<meta property=\"og:title\" content=\"UBB fortalece su presencia internacional con investigadores que fueron reconocidos en el Concurso FOVI 2025 de ANID - VRIP\" \/>\n<meta property=\"og:description\" content=\"La Direcci\u00f3n de Investigaci\u00f3n y Creaci\u00f3n Art\u00edstica de la Vicerrector\u00eda de Investigaci\u00f3n y Postgrado de la Universidad del B\u00edo-B\u00edo saluda y felicita a los acad\u00e9micos que resultaron beneficiados en el Concurso de Fomento a la Vinculaci\u00f3n Internacional para Instituciones de Investigaci\u00f3n (FOVI) 2025, convocado por la Agencia Nacional de Investigaci\u00f3n y Desarrollo (ANID). Ganadores Facultad...\" \/>\n<meta property=\"og:url\" content=\"https:\/\/vrip.ubiobio.cl\/inicio\/noticias\/ubb-fortalece-su-presencia-internacional-con-investigadores-que-fueron-reconocidos-en-el-concurso-fovi-2025-de-anid\/\" \/>\n<meta property=\"og:site_name\" content=\"VRIP\" \/>\n<meta property=\"article:published_time\" content=\"2025-12-09T15:22:03+00:00\" \/>\n<meta property=\"og:image\" content=\"https:\/\/vrip.ubiobio.cl\/wp-content\/uploads\/2025\/12\/VRIP_Resultado-Concurso_FOVI-25.jpg\" \/>\n\t<meta property=\"og:image:width\" content=\"2083\" \/>\n\t<meta property=\"og:image:height\" content=\"929\" \/>\n\t<meta property=\"og:image:type\" content=\"image\/jpeg\" \/>\n<meta name=\"author\" content=\"Dagoberto Perez\" \/>\n<meta name=\"twitter:card\" content=\"summary_large_image\" \/>\n<meta name=\"twitter:creator\" content=\"@vripubb\" \/>\n<meta name=\"twitter:site\" content=\"@vripubb\" \/>\n<meta name=\"twitter:label1\" content=\"Escrito por\" \/>\n\t<meta name=\"twitter:data1\" content=\"Dagoberto Perez\" \/>\n\t<meta name=\"twitter:label2\" content=\"Tiempo de lectura\" \/>\n\t<meta name=\"twitter:data2\" content=\"2 minutos\" \/>\n<script type=\"application\/ld+json\" class=\"yoast-schema-graph\">{\"@context\":\"https:\\\/\\\/schema.org\",\"@graph\":[{\"@type\":\"Article\",\"@id\":\"https:\\\/\\\/vrip.ubiobio.cl\\\/inicio\\\/noticias\\\/ubb-fortalece-su-presencia-internacional-con-investigadores-que-fueron-reconocidos-en-el-concurso-fovi-2025-de-anid\\\/#article\",\"isPartOf\":{\"@id\":\"https:\\\/\\\/vrip.ubiobio.cl\\\/inicio\\\/noticias\\\/ubb-fortalece-su-presencia-internacional-con-investigadores-que-fueron-reconocidos-en-el-concurso-fovi-2025-de-anid\\\/\"},\"author\":{\"name\":\"Dagoberto Perez\",\"@id\":\"https:\\\/\\\/vrip.ubiobio.cl\\\/inicio\\\/#\\\/schema\\\/person\\\/39f3cf67f158f0420b4eb8baa645a9c0\"},\"headline\":\"UBB fortalece su presencia internacional con investigadores que fueron reconocidos en el Concurso FOVI 2025 de ANID\",\"datePublished\":\"2025-12-09T15:22:03+00:00\",\"mainEntityOfPage\":{\"@id\":\"https:\\\/\\\/vrip.ubiobio.cl\\\/inicio\\\/noticias\\\/ubb-fortalece-su-presencia-internacional-con-investigadores-que-fueron-reconocidos-en-el-concurso-fovi-2025-de-anid\\\/\"},\"wordCount\":321,\"commentCount\":0,\"publisher\":{\"@id\":\"https:\\\/\\\/vrip.ubiobio.cl\\\/inicio\\\/#organization\"},\"image\":{\"@id\":\"https:\\\/\\\/vrip.ubiobio.cl\\\/inicio\\\/noticias\\\/ubb-fortalece-su-presencia-internacional-con-investigadores-que-fueron-reconocidos-en-el-concurso-fovi-2025-de-anid\\\/#primaryimage\"},\"thumbnailUrl\":\"https:\\\/\\\/vrip.ubiobio.cl\\\/wp-content\\\/uploads\\\/2025\\\/12\\\/VRIP_Resultado-Concurso_FOVI-25.jpg\",\"articleSection\":[\"Noticias\"],\"inLanguage\":\"es\",\"potentialAction\":[{\"@type\":\"CommentAction\",\"name\":\"Comment\",\"target\":[\"https:\\\/\\\/vrip.ubiobio.cl\\\/inicio\\\/noticias\\\/ubb-fortalece-su-presencia-internacional-con-investigadores-que-fueron-reconocidos-en-el-concurso-fovi-2025-de-anid\\\/#respond\"]}]},{\"@type\":\"WebPage\",\"@id\":\"https:\\\/\\\/vrip.ubiobio.cl\\\/inicio\\\/noticias\\\/ubb-fortalece-su-presencia-internacional-con-investigadores-que-fueron-reconocidos-en-el-concurso-fovi-2025-de-anid\\\/\",\"url\":\"https:\\\/\\\/vrip.ubiobio.cl\\\/inicio\\\/noticias\\\/ubb-fortalece-su-presencia-internacional-con-investigadores-que-fueron-reconocidos-en-el-concurso-fovi-2025-de-anid\\\/\",\"name\":\"UBB fortalece su presencia internacional con investigadores que fueron reconocidos en el Concurso FOVI 2025 de ANID - VRIP\",\"isPartOf\":{\"@id\":\"https:\\\/\\\/vrip.ubiobio.cl\\\/inicio\\\/#website\"},\"primaryImageOfPage\":{\"@id\":\"https:\\\/\\\/vrip.ubiobio.cl\\\/inicio\\\/noticias\\\/ubb-fortalece-su-presencia-internacional-con-investigadores-que-fueron-reconocidos-en-el-concurso-fovi-2025-de-anid\\\/#primaryimage\"},\"image\":{\"@id\":\"https:\\\/\\\/vrip.ubiobio.cl\\\/inicio\\\/noticias\\\/ubb-fortalece-su-presencia-internacional-con-investigadores-que-fueron-reconocidos-en-el-concurso-fovi-2025-de-anid\\\/#primaryimage\"},\"thumbnailUrl\":\"https:\\\/\\\/vrip.ubiobio.cl\\\/wp-content\\\/uploads\\\/2025\\\/12\\\/VRIP_Resultado-Concurso_FOVI-25.jpg\",\"datePublished\":\"2025-12-09T15:22:03+00:00\",\"breadcrumb\":{\"@id\":\"https:\\\/\\\/vrip.ubiobio.cl\\\/inicio\\\/noticias\\\/ubb-fortalece-su-presencia-internacional-con-investigadores-que-fueron-reconocidos-en-el-concurso-fovi-2025-de-anid\\\/#breadcrumb\"},\"inLanguage\":\"es\",\"potentialAction\":[{\"@type\":\"ReadAction\",\"target\":[\"https:\\\/\\\/vrip.ubiobio.cl\\\/inicio\\\/noticias\\\/ubb-fortalece-su-presencia-internacional-con-investigadores-que-fueron-reconocidos-en-el-concurso-fovi-2025-de-anid\\\/\"]}]},{\"@type\":\"ImageObject\",\"inLanguage\":\"es\",\"@id\":\"https:\\\/\\\/vrip.ubiobio.cl\\\/inicio\\\/noticias\\\/ubb-fortalece-su-presencia-internacional-con-investigadores-que-fueron-reconocidos-en-el-concurso-fovi-2025-de-anid\\\/#primaryimage\",\"url\":\"https:\\\/\\\/vrip.ubiobio.cl\\\/wp-content\\\/uploads\\\/2025\\\/12\\\/VRIP_Resultado-Concurso_FOVI-25.jpg\",\"contentUrl\":\"https:\\\/\\\/vrip.ubiobio.cl\\\/wp-content\\\/uploads\\\/2025\\\/12\\\/VRIP_Resultado-Concurso_FOVI-25.jpg\",\"width\":2083,\"height\":929},{\"@type\":\"BreadcrumbList\",\"@id\":\"https:\\\/\\\/vrip.ubiobio.cl\\\/inicio\\\/noticias\\\/ubb-fortalece-su-presencia-internacional-con-investigadores-que-fueron-reconocidos-en-el-concurso-fovi-2025-de-anid\\\/#breadcrumb\",\"itemListElement\":[{\"@type\":\"ListItem\",\"position\":1,\"name\":\"Portada\",\"item\":\"https:\\\/\\\/vrip.ubiobio.cl\\\/inicio\\\/\"},{\"@type\":\"ListItem\",\"position\":2,\"name\":\"UBB fortalece su presencia internacional con investigadores que fueron reconocidos en el Concurso FOVI 2025 de ANID\"}]},{\"@type\":\"WebSite\",\"@id\":\"https:\\\/\\\/vrip.ubiobio.cl\\\/inicio\\\/#website\",\"url\":\"https:\\\/\\\/vrip.ubiobio.cl\\\/inicio\\\/\",\"name\":\"VRIP\",\"description\":\"Vicerrector\u00eda de Investigaci\u00f3n y Postgrado\",\"publisher\":{\"@id\":\"https:\\\/\\\/vrip.ubiobio.cl\\\/inicio\\\/#organization\"},\"potentialAction\":[{\"@type\":\"SearchAction\",\"target\":{\"@type\":\"EntryPoint\",\"urlTemplate\":\"https:\\\/\\\/vrip.ubiobio.cl\\\/inicio\\\/?s={search_term_string}\"},\"query-input\":{\"@type\":\"PropertyValueSpecification\",\"valueRequired\":true,\"valueName\":\"search_term_string\"}}],\"inLanguage\":\"es\"},{\"@type\":\"Organization\",\"@id\":\"https:\\\/\\\/vrip.ubiobio.cl\\\/inicio\\\/#organization\",\"name\":\"VRIP\",\"url\":\"https:\\\/\\\/vrip.ubiobio.cl\\\/inicio\\\/\",\"logo\":{\"@type\":\"ImageObject\",\"inLanguage\":\"es\",\"@id\":\"https:\\\/\\\/vrip.ubiobio.cl\\\/inicio\\\/#\\\/schema\\\/logo\\\/image\\\/\",\"url\":\"https:\\\/\\\/vrip.ubiobio.cl\\\/wp-content\\\/uploads\\\/2022\\\/10\\\/logo-vrip_Mesa-de-trabajo-1.png\",\"contentUrl\":\"https:\\\/\\\/vrip.ubiobio.cl\\\/wp-content\\\/uploads\\\/2022\\\/10\\\/logo-vrip_Mesa-de-trabajo-1.png\",\"width\":642,\"height\":178,\"caption\":\"VRIP\"},\"image\":{\"@id\":\"https:\\\/\\\/vrip.ubiobio.cl\\\/inicio\\\/#\\\/schema\\\/logo\\\/image\\\/\"},\"sameAs\":[\"https:\\\/\\\/x.com\\\/vripubb\",\"https:\\\/\\\/www.instagram.com\\\/vrip_ubb\\\/\",\"https:\\\/\\\/www.youtube.com\\\/channel\\\/UCf7o8yHRJ7Y_QQLxwu1KQgA\",\"https:\\\/\\\/www.linkedin.com\\\/company\\\/96035097\\\/admin\\\/dashboard\\\/\"]},{\"@type\":\"Person\",\"@id\":\"https:\\\/\\\/vrip.ubiobio.cl\\\/inicio\\\/#\\\/schema\\\/person\\\/39f3cf67f158f0420b4eb8baa645a9c0\",\"name\":\"Dagoberto Perez\",\"image\":{\"@type\":\"ImageObject\",\"inLanguage\":\"es\",\"@id\":\"https:\\\/\\\/secure.gravatar.com\\\/avatar\\\/d16ec183e637d727e6c6574e3768aa439442611065e2b4f983793af8bb630edc?s=96&d=mm&r=g\",\"url\":\"https:\\\/\\\/secure.gravatar.com\\\/avatar\\\/d16ec183e637d727e6c6574e3768aa439442611065e2b4f983793af8bb630edc?s=96&d=mm&r=g\",\"contentUrl\":\"https:\\\/\\\/secure.gravatar.com\\\/avatar\\\/d16ec183e637d727e6c6574e3768aa439442611065e2b4f983793af8bb630edc?s=96&d=mm&r=g\",\"caption\":\"Dagoberto Perez\"},\"url\":\"https:\\\/\\\/vrip.ubiobio.cl\\\/inicio\\\/author\\\/dagoberto\\\/\"}]}<\/script>\n<!-- \/ Yoast SEO plugin. -->","yoast_head_json":{"title":"UBB fortalece su presencia internacional con investigadores que fueron reconocidos en el Concurso FOVI 2025 de ANID - VRIP","robots":{"index":"index","follow":"follow","max-snippet":"max-snippet:-1","max-image-preview":"max-image-preview:large","max-video-preview":"max-video-preview:-1"},"canonical":"https:\/\/vrip.ubiobio.cl\/inicio\/noticias\/ubb-fortalece-su-presencia-internacional-con-investigadores-que-fueron-reconocidos-en-el-concurso-fovi-2025-de-anid\/","og_locale":"es_ES","og_type":"article","og_title":"UBB fortalece su presencia internacional con investigadores que fueron reconocidos en el Concurso FOVI 2025 de ANID - VRIP","og_description":"La Direcci\u00f3n de Investigaci\u00f3n y Creaci\u00f3n Art\u00edstica de la Vicerrector\u00eda de Investigaci\u00f3n y Postgrado de la Universidad del B\u00edo-B\u00edo saluda y felicita a los acad\u00e9micos que resultaron beneficiados en el Concurso de Fomento a la Vinculaci\u00f3n Internacional para Instituciones de Investigaci\u00f3n (FOVI) 2025, convocado por la Agencia Nacional de Investigaci\u00f3n y Desarrollo (ANID). Ganadores Facultad...","og_url":"https:\/\/vrip.ubiobio.cl\/inicio\/noticias\/ubb-fortalece-su-presencia-internacional-con-investigadores-que-fueron-reconocidos-en-el-concurso-fovi-2025-de-anid\/","og_site_name":"VRIP","article_published_time":"2025-12-09T15:22:03+00:00","og_image":[{"width":2083,"height":929,"url":"https:\/\/vrip.ubiobio.cl\/wp-content\/uploads\/2025\/12\/VRIP_Resultado-Concurso_FOVI-25.jpg","type":"image\/jpeg"}],"author":"Dagoberto Perez","twitter_card":"summary_large_image","twitter_creator":"@vripubb","twitter_site":"@vripubb","twitter_misc":{"Escrito por":"Dagoberto Perez","Tiempo de lectura":"2 minutos"},"schema":{"@context":"https:\/\/schema.org","@graph":[{"@type":"Article","@id":"https:\/\/vrip.ubiobio.cl\/inicio\/noticias\/ubb-fortalece-su-presencia-internacional-con-investigadores-que-fueron-reconocidos-en-el-concurso-fovi-2025-de-anid\/#article","isPartOf":{"@id":"https:\/\/vrip.ubiobio.cl\/inicio\/noticias\/ubb-fortalece-su-presencia-internacional-con-investigadores-que-fueron-reconocidos-en-el-concurso-fovi-2025-de-anid\/"},"author":{"name":"Dagoberto Perez","@id":"https:\/\/vrip.ubiobio.cl\/inicio\/#\/schema\/person\/39f3cf67f158f0420b4eb8baa645a9c0"},"headline":"UBB fortalece su presencia internacional con investigadores que fueron reconocidos en el Concurso FOVI 2025 de ANID","datePublished":"2025-12-09T15:22:03+00:00","mainEntityOfPage":{"@id":"https:\/\/vrip.ubiobio.cl\/inicio\/noticias\/ubb-fortalece-su-presencia-internacional-con-investigadores-que-fueron-reconocidos-en-el-concurso-fovi-2025-de-anid\/"},"wordCount":321,"commentCount":0,"publisher":{"@id":"https:\/\/vrip.ubiobio.cl\/inicio\/#organization"},"image":{"@id":"https:\/\/vrip.ubiobio.cl\/inicio\/noticias\/ubb-fortalece-su-presencia-internacional-con-investigadores-que-fueron-reconocidos-en-el-concurso-fovi-2025-de-anid\/#primaryimage"},"thumbnailUrl":"https:\/\/vrip.ubiobio.cl\/wp-content\/uploads\/2025\/12\/VRIP_Resultado-Concurso_FOVI-25.jpg","articleSection":["Noticias"],"inLanguage":"es","potentialAction":[{"@type":"CommentAction","name":"Comment","target":["https:\/\/vrip.ubiobio.cl\/inicio\/noticias\/ubb-fortalece-su-presencia-internacional-con-investigadores-que-fueron-reconocidos-en-el-concurso-fovi-2025-de-anid\/#respond"]}]},{"@type":"WebPage","@id":"https:\/\/vrip.ubiobio.cl\/inicio\/noticias\/ubb-fortalece-su-presencia-internacional-con-investigadores-que-fueron-reconocidos-en-el-concurso-fovi-2025-de-anid\/","url":"https:\/\/vrip.ubiobio.cl\/inicio\/noticias\/ubb-fortalece-su-presencia-internacional-con-investigadores-que-fueron-reconocidos-en-el-concurso-fovi-2025-de-anid\/","name":"UBB fortalece su presencia internacional con investigadores que fueron reconocidos en el Concurso FOVI 2025 de ANID - VRIP","isPartOf":{"@id":"https:\/\/vrip.ubiobio.cl\/inicio\/#website"},"primaryImageOfPage":{"@id":"https:\/\/vrip.ubiobio.cl\/inicio\/noticias\/ubb-fortalece-su-presencia-internacional-con-investigadores-que-fueron-reconocidos-en-el-concurso-fovi-2025-de-anid\/#primaryimage"},"image":{"@id":"https:\/\/vrip.ubiobio.cl\/inicio\/noticias\/ubb-fortalece-su-presencia-internacional-con-investigadores-que-fueron-reconocidos-en-el-concurso-fovi-2025-de-anid\/#primaryimage"},"thumbnailUrl":"https:\/\/vrip.ubiobio.cl\/wp-content\/uploads\/2025\/12\/VRIP_Resultado-Concurso_FOVI-25.jpg","datePublished":"2025-12-09T15:22:03+00:00","breadcrumb":{"@id":"https:\/\/vrip.ubiobio.cl\/inicio\/noticias\/ubb-fortalece-su-presencia-internacional-con-investigadores-que-fueron-reconocidos-en-el-concurso-fovi-2025-de-anid\/#breadcrumb"},"inLanguage":"es","potentialAction":[{"@type":"ReadAction","target":["https:\/\/vrip.ubiobio.cl\/inicio\/noticias\/ubb-fortalece-su-presencia-internacional-con-investigadores-que-fueron-reconocidos-en-el-concurso-fovi-2025-de-anid\/"]}]},{"@type":"ImageObject","inLanguage":"es","@id":"https:\/\/vrip.ubiobio.cl\/inicio\/noticias\/ubb-fortalece-su-presencia-internacional-con-investigadores-que-fueron-reconocidos-en-el-concurso-fovi-2025-de-anid\/#primaryimage","url":"https:\/\/vrip.ubiobio.cl\/wp-content\/uploads\/2025\/12\/VRIP_Resultado-Concurso_FOVI-25.jpg","contentUrl":"https:\/\/vrip.ubiobio.cl\/wp-content\/uploads\/2025\/12\/VRIP_Resultado-Concurso_FOVI-25.jpg","width":2083,"height":929},{"@type":"BreadcrumbList","@id":"https:\/\/vrip.ubiobio.cl\/inicio\/noticias\/ubb-fortalece-su-presencia-internacional-con-investigadores-que-fueron-reconocidos-en-el-concurso-fovi-2025-de-anid\/#breadcrumb","itemListElement":[{"@type":"ListItem","position":1,"name":"Portada","item":"https:\/\/vrip.ubiobio.cl\/inicio\/"},{"@type":"ListItem","position":2,"name":"UBB fortalece su presencia internacional con investigadores que fueron reconocidos en el Concurso FOVI 2025 de ANID"}]},{"@type":"WebSite","@id":"https:\/\/vrip.ubiobio.cl\/inicio\/#website","url":"https:\/\/vrip.ubiobio.cl\/inicio\/","name":"VRIP","description":"Vicerrector\u00eda de Investigaci\u00f3n y Postgrado","publisher":{"@id":"https:\/\/vrip.ubiobio.cl\/inicio\/#organization"},"potentialAction":[{"@type":"SearchAction","target":{"@type":"EntryPoint","urlTemplate":"https:\/\/vrip.ubiobio.cl\/inicio\/?s={search_term_string}"},"query-input":{"@type":"PropertyValueSpecification","valueRequired":true,"valueName":"search_term_string"}}],"inLanguage":"es"},{"@type":"Organization","@id":"https:\/\/vrip.ubiobio.cl\/inicio\/#organization","name":"VRIP","url":"https:\/\/vrip.ubiobio.cl\/inicio\/","logo":{"@type":"ImageObject","inLanguage":"es","@id":"https:\/\/vrip.ubiobio.cl\/inicio\/#\/schema\/logo\/image\/","url":"https:\/\/vrip.ubiobio.cl\/wp-content\/uploads\/2022\/10\/logo-vrip_Mesa-de-trabajo-1.png","contentUrl":"https:\/\/vrip.ubiobio.cl\/wp-content\/uploads\/2022\/10\/logo-vrip_Mesa-de-trabajo-1.png","width":642,"height":178,"caption":"VRIP"},"image":{"@id":"https:\/\/vrip.ubiobio.cl\/inicio\/#\/schema\/logo\/image\/"},"sameAs":["https:\/\/x.com\/vripubb","https:\/\/www.instagram.com\/vrip_ubb\/","https:\/\/www.youtube.com\/channel\/UCf7o8yHRJ7Y_QQLxwu1KQgA","https:\/\/www.linkedin.com\/company\/96035097\/admin\/dashboard\/"]},{"@type":"Person","@id":"https:\/\/vrip.ubiobio.cl\/inicio\/#\/schema\/person\/39f3cf67f158f0420b4eb8baa645a9c0","name":"Dagoberto Perez","image":{"@type":"ImageObject","inLanguage":"es","@id":"https:\/\/secure.gravatar.com\/avatar\/d16ec183e637d727e6c6574e3768aa439442611065e2b4f983793af8bb630edc?s=96&d=mm&r=g","url":"https:\/\/secure.gravatar.com\/avatar\/d16ec183e637d727e6c6574e3768aa439442611065e2b4f983793af8bb630edc?s=96&d=mm&r=g","contentUrl":"https:\/\/secure.gravatar.com\/avatar\/d16ec183e637d727e6c6574e3768aa439442611065e2b4f983793af8bb630edc?s=96&d=mm&r=g","caption":"Dagoberto Perez"},"url":"https:\/\/vrip.ubiobio.cl\/inicio\/author\/dagoberto\/"}]}},"_links":{"self":[{"href":"https:\/\/vrip.ubiobio.cl\/inicio\/wp-json\/wp\/v2\/posts\/52697","targetHints":{"allow":["GET"]}}],"collection":[{"href":"https:\/\/vrip.ubiobio.cl\/inicio\/wp-json\/wp\/v2\/posts"}],"about":[{"href":"https:\/\/vrip.ubiobio.cl\/inicio\/wp-json\/wp\/v2\/types\/post"}],"author":[{"embeddable":true,"href":"https:\/\/vrip.ubiobio.cl\/inicio\/wp-json\/wp\/v2\/users\/3"}],"replies":[{"embeddable":true,"href":"https:\/\/vrip.ubiobio.cl\/inicio\/wp-json\/wp\/v2\/comments?post=52697"}],"version-history":[{"count":1,"href":"https:\/\/vrip.ubiobio.cl\/inicio\/wp-json\/wp\/v2\/posts\/52697\/revisions"}],"predecessor-version":[{"id":52698,"href":"https:\/\/vrip.ubiobio.cl\/inicio\/wp-json\/wp\/v2\/posts\/52697\/revisions\/52698"}],"wp:featuredmedia":[{"embeddable":true,"href":"https:\/\/vrip.ubiobio.cl\/inicio\/wp-json\/wp\/v2\/media\/52699"}],"wp:attachment":[{"href":"https:\/\/vrip.ubiobio.cl\/inicio\/wp-json\/wp\/v2\/media?parent=52697"}],"wp:term":[{"taxonomy":"category","embeddable":true,"href":"https:\/\/vrip.ubiobio.cl\/inicio\/wp-json\/wp\/v2\/categories?post=52697"},{"taxonomy":"post_tag","embeddable":true,"href":"https:\/\/vrip.ubiobio.cl\/inicio\/wp-json\/wp\/v2\/tags?post=52697"}],"curies":[{"name":"wp","href":"https:\/\/api.w.org\/{rel}","templated":true}]}}