{"id":51810,"date":"2025-10-13T08:10:22","date_gmt":"2025-10-13T08:10:22","guid":{"rendered":"https:\/\/vrip.ubiobio.cl\/inicio\/?p=51810"},"modified":"2025-10-13T15:01:50","modified_gmt":"2025-10-13T15:01:50","slug":"representante-del-centro-tecnologico-tecnalia-espana-destaca-potencial-de-colaboracion-con-la-universidad-del-bio-bio-en-innovacion-tecnologica-y-sostenibilidad","status":"publish","type":"post","link":"https:\/\/vrip.ubiobio.cl\/inicio\/noticias\/representante-del-centro-tecnologico-tecnalia-espana-destaca-potencial-de-colaboracion-con-la-universidad-del-bio-bio-en-innovacion-tecnologica-y-sostenibilidad\/","title":{"rendered":"Representante del Centro Tecnol\u00f3gico Tecnalia-Espa\u00f1a, destaca potencial de colaboraci\u00f3n con la Universidad del B\u00edo-B\u00edo en innovaci\u00f3n tecnol\u00f3gica y sostenibilidad"},"content":{"rendered":"<p><em>I\u00f1igo Lazkanotegi Larrarte, especialista en desarrollo de negocios del centro tecnol\u00f3gico vasco Tecnalia, el mayor centro de investigaci\u00f3n aplicada y desarrollo tecnol\u00f3gico de Espa\u00f1a, un referente en Europa visit\u00f3 la Universidad del B\u00edo-B\u00edo para fortalecer la cooperaci\u00f3n en \u00e1reas como inteligencia artificial, manufactura avanzada y construcci\u00f3n sostenible.<\/em><\/p>\n<div class=\"perfect-pullquote algo pullquote-align-left\"><blockquote><p>\u201cLa inteligencia artificial, como toda tecnolog\u00eda poderosa, puede ser usada para el bien o para el mal. Por eso debemos confiar en la conciencia y la voluntad del ser humano para garantizar un desarrollo \u00e9tico y sostenible\u201d, I\u00f1igo Lazkanotegi.<\/p><\/blockquote><\/div>\n<p>En el marco de las actividades impulsadas por el proyecto PATI liderado por el acad\u00e9mico e investigador Dr. Mario Ramos y el Dr. Francisco Gatica, la Universidad del B\u00edo-B\u00edo recibi\u00f3 la visita del representante de Tecnalia, uno de los principales centros tecnol\u00f3gicos de Espa\u00f1a y del sur de Europa.<\/p>\n<p>Durante su estad\u00eda, I\u00f1igo Lazkanotegi, quien se desempe\u00f1a en desarrollo de negocio en Tecnalia, particip\u00f3 como expositor en el seminario: Datos, Industrias 4.0 e inteligencia artificial, donde, adem\u00e1s, sostuvo reuniones con investigadores y autoridades universitarias. El encuentro busc\u00f3 identificar sinergias y fortalecer la cooperaci\u00f3n internacional entre ambas instituciones.<\/p>\n<p>\u201cNo es la primera vez que estoy en Chile ni en la Universidad del B\u00edo-B\u00edo. Con el Dr. Ramos y el Dr. Cristhian Aguilera ya hab\u00edamos compartido experiencias y v\u00ednculos a partir de visitas a ferias tecnol\u00f3gicas en Bilbao. Esta relaci\u00f3n se ha ido consolidando en torno a proyectos conjuntos y al inter\u00e9s por desarrollar soluciones tecnol\u00f3gicas con impacto real\u201d, destac\u00f3 Lazkanotegi.<\/p>\n<p>Desde su experiencia en transferencia tecnol\u00f3gica y desarrollo de soluciones singulares para la industria, el representante de Tecnalia subray\u00f3 la afinidad existente entre ambos organismos en t\u00e9rminos de visi\u00f3n y objetivos.<\/p>\n<p>\u201cCompartimos una mirada com\u00fan sobre c\u00f3mo gestionar la relaci\u00f3n con el cliente, c\u00f3mo traducir la investigaci\u00f3n en valor y c\u00f3mo enfrentar retos similares en la transferencia de tecnolog\u00eda a la industria\u201d, coment\u00f3.<\/p>\n<p>En cuanto a los principales campos de acci\u00f3n de Tecnalia, Lazkanotegi se\u00f1al\u00f3 que la organizaci\u00f3n aborda desaf\u00edos sociales y productivos mediante la aplicaci\u00f3n de tecnolog\u00edas habilitadoras. \u201cTrabajamos en \u00e1reas como la fabricaci\u00f3n avanzada, la transformaci\u00f3n digital y la construcci\u00f3n sostenible, \u00e1mbitos en los que existen puntos de conexi\u00f3n muy claros con la Universidad del B\u00edo-B\u00edo\u201d, indic\u00f3.<\/p>\n<p>Asimismo, destac\u00f3 la importancia de los centros tecnol\u00f3gicos como espacios de articulaci\u00f3n entre universidad y empresa, enfatizando que \u201ccumplen un rol clave en la generaci\u00f3n de conocimiento y prosperidad, pero requieren una participaci\u00f3n activa del sector empresarial para definir sus l\u00edneas de investigaci\u00f3n y aprovechar su potencial innovador\u201d.<\/p>\n<p>Respecto a las oportunidades de colaboraci\u00f3n con Latinoam\u00e9rica, el representante de Tecnalia destac\u00f3 la existencia de desaf\u00edos tecnol\u00f3gicos comunes, como la descarbonizaci\u00f3n, el d\u00e9ficit de vivienda o la digitalizaci\u00f3n de procesos industriales. \u201cChile tiene un liderazgo indiscutible en sectores como la miner\u00eda y una gran especializaci\u00f3n en tecnolog\u00edas asociadas a la madera. Es ah\u00ed donde la cooperaci\u00f3n tecnol\u00f3gica puede generar valor compartido\u201d, explic\u00f3.<\/p>\n<p>En relaci\u00f3n con las tendencias que marcar\u00e1n el futuro, Lazkanotegi fue enf\u00e1tico: \u201cLa inteligencia artificial ya est\u00e1 transformando la sociedad y ser\u00e1 clave en la transici\u00f3n hacia la descarbonizaci\u00f3n. Junto con la rob\u00f3tica y los nuevos materiales, abre la puerta a lo que algunos llaman una \u2018abundancia sostenible\u2019, un escenario donde la tecnolog\u00eda nos permita centrarnos m\u00e1s en el valor humano\u201d.<\/p>\n<p>Finalmente, respecto a los desaf\u00edos \u00e9ticos y sociales que plantea la IA, subray\u00f3 la necesidad de avanzar en regulaci\u00f3n y autorregulaci\u00f3n responsable: \u201cLa inteligencia artificial, como toda tecnolog\u00eda poderosa, puede ser usada para el bien o para el mal. Por eso debemos confiar en la conciencia y la voluntad del ser humano para garantizar un desarrollo \u00e9tico y sostenible\u201d.<\/p>\n<p><strong>Fuente<\/strong>: VRIP Comunicaciones<\/p>\n","protected":false},"excerpt":{"rendered":"<p>I\u00f1igo Lazkanotegi Larrarte, especialista en desarrollo de negocios del centro tecnol\u00f3gico vasco Tecnalia, el mayor centro de investigaci\u00f3n aplicada y desarrollo tecnol\u00f3gico de Espa\u00f1a, un referente en Europa visit\u00f3 la Universidad del B\u00edo-B\u00edo para fortalecer la cooperaci\u00f3n en \u00e1reas como inteligencia artificial, manufactura avanzada y construcci\u00f3n sostenible. En el marco de las actividades impulsadas por&#8230;<\/p>\n","protected":false},"author":3,"featured_media":51887,"comment_status":"open","ping_status":"open","sticky":false,"template":"","format":"standard","meta":{"_kadence_starter_templates_imported_post":false,"_kad_post_transparent":"default","_kad_post_title":"default","_kad_post_layout":"default","_kad_post_sidebar_id":"","_kad_post_content_style":"default","_kad_post_vertical_padding":"default","_kad_post_feature":"","_kad_post_feature_position":"","_kad_post_header":false,"_kad_post_footer":false,"footnotes":""},"categories":[3],"tags":[],"class_list":["post-51810","post","type-post","status-publish","format-standard","has-post-thumbnail","hentry","category-noticias"],"yoast_head":"<!-- This site is optimized with the Yoast SEO plugin v27.5 - https:\/\/yoast.com\/product\/yoast-seo-wordpress\/ -->\n<title>Representante del Centro Tecnol\u00f3gico Tecnalia-Espa\u00f1a, destaca potencial de colaboraci\u00f3n con la Universidad del B\u00edo-B\u00edo en innovaci\u00f3n tecnol\u00f3gica y sostenibilidad - VRIP<\/title>\n<meta name=\"robots\" content=\"index, follow, max-snippet:-1, max-image-preview:large, max-video-preview:-1\" \/>\n<link rel=\"canonical\" href=\"https:\/\/vrip.ubiobio.cl\/inicio\/noticias\/representante-del-centro-tecnologico-tecnalia-espana-destaca-potencial-de-colaboracion-con-la-universidad-del-bio-bio-en-innovacion-tecnologica-y-sostenibilidad\/\" \/>\n<meta property=\"og:locale\" content=\"es_ES\" \/>\n<meta property=\"og:type\" content=\"article\" \/>\n<meta property=\"og:title\" content=\"Representante del Centro Tecnol\u00f3gico Tecnalia-Espa\u00f1a, destaca potencial de colaboraci\u00f3n con la Universidad del B\u00edo-B\u00edo en innovaci\u00f3n tecnol\u00f3gica y sostenibilidad - VRIP\" \/>\n<meta property=\"og:description\" content=\"I\u00f1igo Lazkanotegi Larrarte, especialista en desarrollo de negocios del centro tecnol\u00f3gico vasco Tecnalia, el mayor centro de investigaci\u00f3n aplicada y desarrollo tecnol\u00f3gico de Espa\u00f1a, un referente en Europa visit\u00f3 la Universidad del B\u00edo-B\u00edo para fortalecer la cooperaci\u00f3n en \u00e1reas como inteligencia artificial, manufactura avanzada y construcci\u00f3n sostenible. En el marco de las actividades impulsadas por...\" \/>\n<meta property=\"og:url\" content=\"https:\/\/vrip.ubiobio.cl\/inicio\/noticias\/representante-del-centro-tecnologico-tecnalia-espana-destaca-potencial-de-colaboracion-con-la-universidad-del-bio-bio-en-innovacion-tecnologica-y-sostenibilidad\/\" \/>\n<meta property=\"og:site_name\" content=\"VRIP\" \/>\n<meta property=\"article:published_time\" content=\"2025-10-13T08:10:22+00:00\" \/>\n<meta property=\"article:modified_time\" content=\"2025-10-13T15:01:50+00:00\" \/>\n<meta property=\"og:image\" content=\"https:\/\/vrip.ubiobio.cl\/wp-content\/uploads\/2025\/10\/VRIP_Investigador_Inigo2.jpg\" \/>\n\t<meta property=\"og:image:width\" content=\"1500\" \/>\n\t<meta property=\"og:image:height\" content=\"1000\" \/>\n\t<meta property=\"og:image:type\" content=\"image\/jpeg\" \/>\n<meta name=\"author\" content=\"Dagoberto Perez\" \/>\n<meta name=\"twitter:card\" content=\"summary_large_image\" \/>\n<meta name=\"twitter:creator\" content=\"@vripubb\" \/>\n<meta name=\"twitter:site\" content=\"@vripubb\" \/>\n<meta name=\"twitter:label1\" content=\"Escrito por\" \/>\n\t<meta name=\"twitter:data1\" content=\"Dagoberto Perez\" \/>\n\t<meta name=\"twitter:label2\" content=\"Tiempo de lectura\" \/>\n\t<meta name=\"twitter:data2\" content=\"3 minutos\" \/>\n<script type=\"application\/ld+json\" class=\"yoast-schema-graph\">{\"@context\":\"https:\\\/\\\/schema.org\",\"@graph\":[{\"@type\":\"Article\",\"@id\":\"https:\\\/\\\/vrip.ubiobio.cl\\\/inicio\\\/noticias\\\/representante-del-centro-tecnologico-tecnalia-espana-destaca-potencial-de-colaboracion-con-la-universidad-del-bio-bio-en-innovacion-tecnologica-y-sostenibilidad\\\/#article\",\"isPartOf\":{\"@id\":\"https:\\\/\\\/vrip.ubiobio.cl\\\/inicio\\\/noticias\\\/representante-del-centro-tecnologico-tecnalia-espana-destaca-potencial-de-colaboracion-con-la-universidad-del-bio-bio-en-innovacion-tecnologica-y-sostenibilidad\\\/\"},\"author\":{\"name\":\"Dagoberto Perez\",\"@id\":\"https:\\\/\\\/vrip.ubiobio.cl\\\/inicio\\\/#\\\/schema\\\/person\\\/39f3cf67f158f0420b4eb8baa645a9c0\"},\"headline\":\"Representante del Centro Tecnol\u00f3gico Tecnalia-Espa\u00f1a, destaca potencial de colaboraci\u00f3n con la Universidad del B\u00edo-B\u00edo en innovaci\u00f3n tecnol\u00f3gica y sostenibilidad\",\"datePublished\":\"2025-10-13T08:10:22+00:00\",\"dateModified\":\"2025-10-13T15:01:50+00:00\",\"mainEntityOfPage\":{\"@id\":\"https:\\\/\\\/vrip.ubiobio.cl\\\/inicio\\\/noticias\\\/representante-del-centro-tecnologico-tecnalia-espana-destaca-potencial-de-colaboracion-con-la-universidad-del-bio-bio-en-innovacion-tecnologica-y-sostenibilidad\\\/\"},\"wordCount\":713,\"commentCount\":0,\"publisher\":{\"@id\":\"https:\\\/\\\/vrip.ubiobio.cl\\\/inicio\\\/#organization\"},\"image\":{\"@id\":\"https:\\\/\\\/vrip.ubiobio.cl\\\/inicio\\\/noticias\\\/representante-del-centro-tecnologico-tecnalia-espana-destaca-potencial-de-colaboracion-con-la-universidad-del-bio-bio-en-innovacion-tecnologica-y-sostenibilidad\\\/#primaryimage\"},\"thumbnailUrl\":\"https:\\\/\\\/vrip.ubiobio.cl\\\/wp-content\\\/uploads\\\/2025\\\/10\\\/VRIP_Investigador_Inigo2.jpg\",\"articleSection\":[\"Noticias\"],\"inLanguage\":\"es\",\"potentialAction\":[{\"@type\":\"CommentAction\",\"name\":\"Comment\",\"target\":[\"https:\\\/\\\/vrip.ubiobio.cl\\\/inicio\\\/noticias\\\/representante-del-centro-tecnologico-tecnalia-espana-destaca-potencial-de-colaboracion-con-la-universidad-del-bio-bio-en-innovacion-tecnologica-y-sostenibilidad\\\/#respond\"]}]},{\"@type\":\"WebPage\",\"@id\":\"https:\\\/\\\/vrip.ubiobio.cl\\\/inicio\\\/noticias\\\/representante-del-centro-tecnologico-tecnalia-espana-destaca-potencial-de-colaboracion-con-la-universidad-del-bio-bio-en-innovacion-tecnologica-y-sostenibilidad\\\/\",\"url\":\"https:\\\/\\\/vrip.ubiobio.cl\\\/inicio\\\/noticias\\\/representante-del-centro-tecnologico-tecnalia-espana-destaca-potencial-de-colaboracion-con-la-universidad-del-bio-bio-en-innovacion-tecnologica-y-sostenibilidad\\\/\",\"name\":\"Representante del Centro Tecnol\u00f3gico Tecnalia-Espa\u00f1a, destaca potencial de colaboraci\u00f3n con la Universidad del B\u00edo-B\u00edo en innovaci\u00f3n tecnol\u00f3gica y sostenibilidad - VRIP\",\"isPartOf\":{\"@id\":\"https:\\\/\\\/vrip.ubiobio.cl\\\/inicio\\\/#website\"},\"primaryImageOfPage\":{\"@id\":\"https:\\\/\\\/vrip.ubiobio.cl\\\/inicio\\\/noticias\\\/representante-del-centro-tecnologico-tecnalia-espana-destaca-potencial-de-colaboracion-con-la-universidad-del-bio-bio-en-innovacion-tecnologica-y-sostenibilidad\\\/#primaryimage\"},\"image\":{\"@id\":\"https:\\\/\\\/vrip.ubiobio.cl\\\/inicio\\\/noticias\\\/representante-del-centro-tecnologico-tecnalia-espana-destaca-potencial-de-colaboracion-con-la-universidad-del-bio-bio-en-innovacion-tecnologica-y-sostenibilidad\\\/#primaryimage\"},\"thumbnailUrl\":\"https:\\\/\\\/vrip.ubiobio.cl\\\/wp-content\\\/uploads\\\/2025\\\/10\\\/VRIP_Investigador_Inigo2.jpg\",\"datePublished\":\"2025-10-13T08:10:22+00:00\",\"dateModified\":\"2025-10-13T15:01:50+00:00\",\"breadcrumb\":{\"@id\":\"https:\\\/\\\/vrip.ubiobio.cl\\\/inicio\\\/noticias\\\/representante-del-centro-tecnologico-tecnalia-espana-destaca-potencial-de-colaboracion-con-la-universidad-del-bio-bio-en-innovacion-tecnologica-y-sostenibilidad\\\/#breadcrumb\"},\"inLanguage\":\"es\",\"potentialAction\":[{\"@type\":\"ReadAction\",\"target\":[\"https:\\\/\\\/vrip.ubiobio.cl\\\/inicio\\\/noticias\\\/representante-del-centro-tecnologico-tecnalia-espana-destaca-potencial-de-colaboracion-con-la-universidad-del-bio-bio-en-innovacion-tecnologica-y-sostenibilidad\\\/\"]}]},{\"@type\":\"ImageObject\",\"inLanguage\":\"es\",\"@id\":\"https:\\\/\\\/vrip.ubiobio.cl\\\/inicio\\\/noticias\\\/representante-del-centro-tecnologico-tecnalia-espana-destaca-potencial-de-colaboracion-con-la-universidad-del-bio-bio-en-innovacion-tecnologica-y-sostenibilidad\\\/#primaryimage\",\"url\":\"https:\\\/\\\/vrip.ubiobio.cl\\\/wp-content\\\/uploads\\\/2025\\\/10\\\/VRIP_Investigador_Inigo2.jpg\",\"contentUrl\":\"https:\\\/\\\/vrip.ubiobio.cl\\\/wp-content\\\/uploads\\\/2025\\\/10\\\/VRIP_Investigador_Inigo2.jpg\",\"width\":1500,\"height\":1000},{\"@type\":\"BreadcrumbList\",\"@id\":\"https:\\\/\\\/vrip.ubiobio.cl\\\/inicio\\\/noticias\\\/representante-del-centro-tecnologico-tecnalia-espana-destaca-potencial-de-colaboracion-con-la-universidad-del-bio-bio-en-innovacion-tecnologica-y-sostenibilidad\\\/#breadcrumb\",\"itemListElement\":[{\"@type\":\"ListItem\",\"position\":1,\"name\":\"Portada\",\"item\":\"https:\\\/\\\/vrip.ubiobio.cl\\\/inicio\\\/\"},{\"@type\":\"ListItem\",\"position\":2,\"name\":\"Representante del Centro Tecnol\u00f3gico Tecnalia-Espa\u00f1a, destaca potencial de colaboraci\u00f3n con la Universidad del B\u00edo-B\u00edo en innovaci\u00f3n tecnol\u00f3gica y sostenibilidad\"}]},{\"@type\":\"WebSite\",\"@id\":\"https:\\\/\\\/vrip.ubiobio.cl\\\/inicio\\\/#website\",\"url\":\"https:\\\/\\\/vrip.ubiobio.cl\\\/inicio\\\/\",\"name\":\"VRIP\",\"description\":\"Vicerrector\u00eda de Investigaci\u00f3n y Postgrado\",\"publisher\":{\"@id\":\"https:\\\/\\\/vrip.ubiobio.cl\\\/inicio\\\/#organization\"},\"potentialAction\":[{\"@type\":\"SearchAction\",\"target\":{\"@type\":\"EntryPoint\",\"urlTemplate\":\"https:\\\/\\\/vrip.ubiobio.cl\\\/inicio\\\/?s={search_term_string}\"},\"query-input\":{\"@type\":\"PropertyValueSpecification\",\"valueRequired\":true,\"valueName\":\"search_term_string\"}}],\"inLanguage\":\"es\"},{\"@type\":\"Organization\",\"@id\":\"https:\\\/\\\/vrip.ubiobio.cl\\\/inicio\\\/#organization\",\"name\":\"VRIP\",\"url\":\"https:\\\/\\\/vrip.ubiobio.cl\\\/inicio\\\/\",\"logo\":{\"@type\":\"ImageObject\",\"inLanguage\":\"es\",\"@id\":\"https:\\\/\\\/vrip.ubiobio.cl\\\/inicio\\\/#\\\/schema\\\/logo\\\/image\\\/\",\"url\":\"https:\\\/\\\/vrip.ubiobio.cl\\\/wp-content\\\/uploads\\\/2022\\\/10\\\/logo-vrip_Mesa-de-trabajo-1.png\",\"contentUrl\":\"https:\\\/\\\/vrip.ubiobio.cl\\\/wp-content\\\/uploads\\\/2022\\\/10\\\/logo-vrip_Mesa-de-trabajo-1.png\",\"width\":642,\"height\":178,\"caption\":\"VRIP\"},\"image\":{\"@id\":\"https:\\\/\\\/vrip.ubiobio.cl\\\/inicio\\\/#\\\/schema\\\/logo\\\/image\\\/\"},\"sameAs\":[\"https:\\\/\\\/x.com\\\/vripubb\",\"https:\\\/\\\/www.instagram.com\\\/vrip_ubb\\\/\",\"https:\\\/\\\/www.youtube.com\\\/channel\\\/UCf7o8yHRJ7Y_QQLxwu1KQgA\",\"https:\\\/\\\/www.linkedin.com\\\/company\\\/96035097\\\/admin\\\/dashboard\\\/\"]},{\"@type\":\"Person\",\"@id\":\"https:\\\/\\\/vrip.ubiobio.cl\\\/inicio\\\/#\\\/schema\\\/person\\\/39f3cf67f158f0420b4eb8baa645a9c0\",\"name\":\"Dagoberto Perez\",\"image\":{\"@type\":\"ImageObject\",\"inLanguage\":\"es\",\"@id\":\"https:\\\/\\\/secure.gravatar.com\\\/avatar\\\/d16ec183e637d727e6c6574e3768aa439442611065e2b4f983793af8bb630edc?s=96&d=mm&r=g\",\"url\":\"https:\\\/\\\/secure.gravatar.com\\\/avatar\\\/d16ec183e637d727e6c6574e3768aa439442611065e2b4f983793af8bb630edc?s=96&d=mm&r=g\",\"contentUrl\":\"https:\\\/\\\/secure.gravatar.com\\\/avatar\\\/d16ec183e637d727e6c6574e3768aa439442611065e2b4f983793af8bb630edc?s=96&d=mm&r=g\",\"caption\":\"Dagoberto Perez\"},\"url\":\"https:\\\/\\\/vrip.ubiobio.cl\\\/inicio\\\/author\\\/dagoberto\\\/\"}]}<\/script>\n<!-- \/ Yoast SEO plugin. -->","yoast_head_json":{"title":"Representante del Centro Tecnol\u00f3gico Tecnalia-Espa\u00f1a, destaca potencial de colaboraci\u00f3n con la Universidad del B\u00edo-B\u00edo en innovaci\u00f3n tecnol\u00f3gica y sostenibilidad - VRIP","robots":{"index":"index","follow":"follow","max-snippet":"max-snippet:-1","max-image-preview":"max-image-preview:large","max-video-preview":"max-video-preview:-1"},"canonical":"https:\/\/vrip.ubiobio.cl\/inicio\/noticias\/representante-del-centro-tecnologico-tecnalia-espana-destaca-potencial-de-colaboracion-con-la-universidad-del-bio-bio-en-innovacion-tecnologica-y-sostenibilidad\/","og_locale":"es_ES","og_type":"article","og_title":"Representante del Centro Tecnol\u00f3gico Tecnalia-Espa\u00f1a, destaca potencial de colaboraci\u00f3n con la Universidad del B\u00edo-B\u00edo en innovaci\u00f3n tecnol\u00f3gica y sostenibilidad - VRIP","og_description":"I\u00f1igo Lazkanotegi Larrarte, especialista en desarrollo de negocios del centro tecnol\u00f3gico vasco Tecnalia, el mayor centro de investigaci\u00f3n aplicada y desarrollo tecnol\u00f3gico de Espa\u00f1a, un referente en Europa visit\u00f3 la Universidad del B\u00edo-B\u00edo para fortalecer la cooperaci\u00f3n en \u00e1reas como inteligencia artificial, manufactura avanzada y construcci\u00f3n sostenible. En el marco de las actividades impulsadas por...","og_url":"https:\/\/vrip.ubiobio.cl\/inicio\/noticias\/representante-del-centro-tecnologico-tecnalia-espana-destaca-potencial-de-colaboracion-con-la-universidad-del-bio-bio-en-innovacion-tecnologica-y-sostenibilidad\/","og_site_name":"VRIP","article_published_time":"2025-10-13T08:10:22+00:00","article_modified_time":"2025-10-13T15:01:50+00:00","og_image":[{"width":1500,"height":1000,"url":"https:\/\/vrip.ubiobio.cl\/wp-content\/uploads\/2025\/10\/VRIP_Investigador_Inigo2.jpg","type":"image\/jpeg"}],"author":"Dagoberto Perez","twitter_card":"summary_large_image","twitter_creator":"@vripubb","twitter_site":"@vripubb","twitter_misc":{"Escrito por":"Dagoberto Perez","Tiempo de lectura":"3 minutos"},"schema":{"@context":"https:\/\/schema.org","@graph":[{"@type":"Article","@id":"https:\/\/vrip.ubiobio.cl\/inicio\/noticias\/representante-del-centro-tecnologico-tecnalia-espana-destaca-potencial-de-colaboracion-con-la-universidad-del-bio-bio-en-innovacion-tecnologica-y-sostenibilidad\/#article","isPartOf":{"@id":"https:\/\/vrip.ubiobio.cl\/inicio\/noticias\/representante-del-centro-tecnologico-tecnalia-espana-destaca-potencial-de-colaboracion-con-la-universidad-del-bio-bio-en-innovacion-tecnologica-y-sostenibilidad\/"},"author":{"name":"Dagoberto Perez","@id":"https:\/\/vrip.ubiobio.cl\/inicio\/#\/schema\/person\/39f3cf67f158f0420b4eb8baa645a9c0"},"headline":"Representante del Centro Tecnol\u00f3gico Tecnalia-Espa\u00f1a, destaca potencial de colaboraci\u00f3n con la Universidad del B\u00edo-B\u00edo en innovaci\u00f3n tecnol\u00f3gica y sostenibilidad","datePublished":"2025-10-13T08:10:22+00:00","dateModified":"2025-10-13T15:01:50+00:00","mainEntityOfPage":{"@id":"https:\/\/vrip.ubiobio.cl\/inicio\/noticias\/representante-del-centro-tecnologico-tecnalia-espana-destaca-potencial-de-colaboracion-con-la-universidad-del-bio-bio-en-innovacion-tecnologica-y-sostenibilidad\/"},"wordCount":713,"commentCount":0,"publisher":{"@id":"https:\/\/vrip.ubiobio.cl\/inicio\/#organization"},"image":{"@id":"https:\/\/vrip.ubiobio.cl\/inicio\/noticias\/representante-del-centro-tecnologico-tecnalia-espana-destaca-potencial-de-colaboracion-con-la-universidad-del-bio-bio-en-innovacion-tecnologica-y-sostenibilidad\/#primaryimage"},"thumbnailUrl":"https:\/\/vrip.ubiobio.cl\/wp-content\/uploads\/2025\/10\/VRIP_Investigador_Inigo2.jpg","articleSection":["Noticias"],"inLanguage":"es","potentialAction":[{"@type":"CommentAction","name":"Comment","target":["https:\/\/vrip.ubiobio.cl\/inicio\/noticias\/representante-del-centro-tecnologico-tecnalia-espana-destaca-potencial-de-colaboracion-con-la-universidad-del-bio-bio-en-innovacion-tecnologica-y-sostenibilidad\/#respond"]}]},{"@type":"WebPage","@id":"https:\/\/vrip.ubiobio.cl\/inicio\/noticias\/representante-del-centro-tecnologico-tecnalia-espana-destaca-potencial-de-colaboracion-con-la-universidad-del-bio-bio-en-innovacion-tecnologica-y-sostenibilidad\/","url":"https:\/\/vrip.ubiobio.cl\/inicio\/noticias\/representante-del-centro-tecnologico-tecnalia-espana-destaca-potencial-de-colaboracion-con-la-universidad-del-bio-bio-en-innovacion-tecnologica-y-sostenibilidad\/","name":"Representante del Centro Tecnol\u00f3gico Tecnalia-Espa\u00f1a, destaca potencial de colaboraci\u00f3n con la Universidad del B\u00edo-B\u00edo en innovaci\u00f3n tecnol\u00f3gica y sostenibilidad - VRIP","isPartOf":{"@id":"https:\/\/vrip.ubiobio.cl\/inicio\/#website"},"primaryImageOfPage":{"@id":"https:\/\/vrip.ubiobio.cl\/inicio\/noticias\/representante-del-centro-tecnologico-tecnalia-espana-destaca-potencial-de-colaboracion-con-la-universidad-del-bio-bio-en-innovacion-tecnologica-y-sostenibilidad\/#primaryimage"},"image":{"@id":"https:\/\/vrip.ubiobio.cl\/inicio\/noticias\/representante-del-centro-tecnologico-tecnalia-espana-destaca-potencial-de-colaboracion-con-la-universidad-del-bio-bio-en-innovacion-tecnologica-y-sostenibilidad\/#primaryimage"},"thumbnailUrl":"https:\/\/vrip.ubiobio.cl\/wp-content\/uploads\/2025\/10\/VRIP_Investigador_Inigo2.jpg","datePublished":"2025-10-13T08:10:22+00:00","dateModified":"2025-10-13T15:01:50+00:00","breadcrumb":{"@id":"https:\/\/vrip.ubiobio.cl\/inicio\/noticias\/representante-del-centro-tecnologico-tecnalia-espana-destaca-potencial-de-colaboracion-con-la-universidad-del-bio-bio-en-innovacion-tecnologica-y-sostenibilidad\/#breadcrumb"},"inLanguage":"es","potentialAction":[{"@type":"ReadAction","target":["https:\/\/vrip.ubiobio.cl\/inicio\/noticias\/representante-del-centro-tecnologico-tecnalia-espana-destaca-potencial-de-colaboracion-con-la-universidad-del-bio-bio-en-innovacion-tecnologica-y-sostenibilidad\/"]}]},{"@type":"ImageObject","inLanguage":"es","@id":"https:\/\/vrip.ubiobio.cl\/inicio\/noticias\/representante-del-centro-tecnologico-tecnalia-espana-destaca-potencial-de-colaboracion-con-la-universidad-del-bio-bio-en-innovacion-tecnologica-y-sostenibilidad\/#primaryimage","url":"https:\/\/vrip.ubiobio.cl\/wp-content\/uploads\/2025\/10\/VRIP_Investigador_Inigo2.jpg","contentUrl":"https:\/\/vrip.ubiobio.cl\/wp-content\/uploads\/2025\/10\/VRIP_Investigador_Inigo2.jpg","width":1500,"height":1000},{"@type":"BreadcrumbList","@id":"https:\/\/vrip.ubiobio.cl\/inicio\/noticias\/representante-del-centro-tecnologico-tecnalia-espana-destaca-potencial-de-colaboracion-con-la-universidad-del-bio-bio-en-innovacion-tecnologica-y-sostenibilidad\/#breadcrumb","itemListElement":[{"@type":"ListItem","position":1,"name":"Portada","item":"https:\/\/vrip.ubiobio.cl\/inicio\/"},{"@type":"ListItem","position":2,"name":"Representante del Centro Tecnol\u00f3gico Tecnalia-Espa\u00f1a, destaca potencial de colaboraci\u00f3n con la Universidad del B\u00edo-B\u00edo en innovaci\u00f3n tecnol\u00f3gica y sostenibilidad"}]},{"@type":"WebSite","@id":"https:\/\/vrip.ubiobio.cl\/inicio\/#website","url":"https:\/\/vrip.ubiobio.cl\/inicio\/","name":"VRIP","description":"Vicerrector\u00eda de Investigaci\u00f3n y Postgrado","publisher":{"@id":"https:\/\/vrip.ubiobio.cl\/inicio\/#organization"},"potentialAction":[{"@type":"SearchAction","target":{"@type":"EntryPoint","urlTemplate":"https:\/\/vrip.ubiobio.cl\/inicio\/?s={search_term_string}"},"query-input":{"@type":"PropertyValueSpecification","valueRequired":true,"valueName":"search_term_string"}}],"inLanguage":"es"},{"@type":"Organization","@id":"https:\/\/vrip.ubiobio.cl\/inicio\/#organization","name":"VRIP","url":"https:\/\/vrip.ubiobio.cl\/inicio\/","logo":{"@type":"ImageObject","inLanguage":"es","@id":"https:\/\/vrip.ubiobio.cl\/inicio\/#\/schema\/logo\/image\/","url":"https:\/\/vrip.ubiobio.cl\/wp-content\/uploads\/2022\/10\/logo-vrip_Mesa-de-trabajo-1.png","contentUrl":"https:\/\/vrip.ubiobio.cl\/wp-content\/uploads\/2022\/10\/logo-vrip_Mesa-de-trabajo-1.png","width":642,"height":178,"caption":"VRIP"},"image":{"@id":"https:\/\/vrip.ubiobio.cl\/inicio\/#\/schema\/logo\/image\/"},"sameAs":["https:\/\/x.com\/vripubb","https:\/\/www.instagram.com\/vrip_ubb\/","https:\/\/www.youtube.com\/channel\/UCf7o8yHRJ7Y_QQLxwu1KQgA","https:\/\/www.linkedin.com\/company\/96035097\/admin\/dashboard\/"]},{"@type":"Person","@id":"https:\/\/vrip.ubiobio.cl\/inicio\/#\/schema\/person\/39f3cf67f158f0420b4eb8baa645a9c0","name":"Dagoberto Perez","image":{"@type":"ImageObject","inLanguage":"es","@id":"https:\/\/secure.gravatar.com\/avatar\/d16ec183e637d727e6c6574e3768aa439442611065e2b4f983793af8bb630edc?s=96&d=mm&r=g","url":"https:\/\/secure.gravatar.com\/avatar\/d16ec183e637d727e6c6574e3768aa439442611065e2b4f983793af8bb630edc?s=96&d=mm&r=g","contentUrl":"https:\/\/secure.gravatar.com\/avatar\/d16ec183e637d727e6c6574e3768aa439442611065e2b4f983793af8bb630edc?s=96&d=mm&r=g","caption":"Dagoberto Perez"},"url":"https:\/\/vrip.ubiobio.cl\/inicio\/author\/dagoberto\/"}]}},"_links":{"self":[{"href":"https:\/\/vrip.ubiobio.cl\/inicio\/wp-json\/wp\/v2\/posts\/51810","targetHints":{"allow":["GET"]}}],"collection":[{"href":"https:\/\/vrip.ubiobio.cl\/inicio\/wp-json\/wp\/v2\/posts"}],"about":[{"href":"https:\/\/vrip.ubiobio.cl\/inicio\/wp-json\/wp\/v2\/types\/post"}],"author":[{"embeddable":true,"href":"https:\/\/vrip.ubiobio.cl\/inicio\/wp-json\/wp\/v2\/users\/3"}],"replies":[{"embeddable":true,"href":"https:\/\/vrip.ubiobio.cl\/inicio\/wp-json\/wp\/v2\/comments?post=51810"}],"version-history":[{"count":5,"href":"https:\/\/vrip.ubiobio.cl\/inicio\/wp-json\/wp\/v2\/posts\/51810\/revisions"}],"predecessor-version":[{"id":51891,"href":"https:\/\/vrip.ubiobio.cl\/inicio\/wp-json\/wp\/v2\/posts\/51810\/revisions\/51891"}],"wp:featuredmedia":[{"embeddable":true,"href":"https:\/\/vrip.ubiobio.cl\/inicio\/wp-json\/wp\/v2\/media\/51887"}],"wp:attachment":[{"href":"https:\/\/vrip.ubiobio.cl\/inicio\/wp-json\/wp\/v2\/media?parent=51810"}],"wp:term":[{"taxonomy":"category","embeddable":true,"href":"https:\/\/vrip.ubiobio.cl\/inicio\/wp-json\/wp\/v2\/categories?post=51810"},{"taxonomy":"post_tag","embeddable":true,"href":"https:\/\/vrip.ubiobio.cl\/inicio\/wp-json\/wp\/v2\/tags?post=51810"}],"curies":[{"name":"wp","href":"https:\/\/api.w.org\/{rel}","templated":true}]}}