{"id":50914,"date":"2025-07-17T16:43:17","date_gmt":"2025-07-17T16:43:17","guid":{"rendered":"https:\/\/vrip.ubiobio.cl\/inicio\/?p=50914"},"modified":"2025-07-17T16:43:17","modified_gmt":"2025-07-17T16:43:17","slug":"cruch-reunio-a-expertas-y-expertos-en-conversatorio-sobre-nuevos-criterios-de-acreditacion-con-foco-en-el-postgrado","status":"publish","type":"post","link":"https:\/\/vrip.ubiobio.cl\/inicio\/noticias\/cruch-reunio-a-expertas-y-expertos-en-conversatorio-sobre-nuevos-criterios-de-acreditacion-con-foco-en-el-postgrado\/","title":{"rendered":"CRUCH reuni\u00f3 a expertas y expertos en conversatorio sobre nuevos criterios de acreditaci\u00f3n con foco en el Postgrado"},"content":{"rendered":"<p style=\"text-align: justify; line-height: 14.4pt;\"><i><span style=\"font-family: 'gobCL_Regular',serif; color: #231f20; letter-spacing: .1pt;\">El Conversatorio \u201cExperiencias Universitarias y nuevos criterios de acreditaci\u00f3n institucional con foco en el Postgrado\u201d, organizado de manera virtual por la Comisi\u00f3n de Postgrado del Consejo de Rectoras y Rectores de las Universidades Chilenas (CRUCH) el pasado viernes 11 de julio, concit\u00f3 el inter\u00e9s de un amplio p\u00fablico de las comunidades universitarias. En representaci\u00f3n de la Universidad del B\u00edo-B\u00edo, expuso el director de la Unidad de Aseguramiento de la Calidad Dr. Pedro Campos.<\/span><\/i><\/p>\n<p style=\"text-align: justify; line-height: 14.4pt;\"><div class=\"perfect-pullquote  pullquote-align-right\"><blockquote><p>El espacio de di\u00e1logo permiti\u00f3 que las universidades que ya hab\u00edan experimentado el proceso de acreditaci\u00f3n con los nuevos criterios compartieran sus recomendaciones con las dem\u00e1s. \u201cEn ese sentido hubo bastante inter\u00e9s, sobre todo de universidades regionales, por manifestar sus consultas respecto al proceso\u201d, coment\u00f3 el presidente de la Comisi\u00f3n de Postgrado del CRUCH.<\/p><\/blockquote><\/div><\/p>\n<p style=\"text-align: justify; line-height: 14.4pt;\"><span style=\"font-family: 'gobCL_Regular',serif; color: #231f20; letter-spacing: .1pt;\">A trav\u00e9s de dos paneles con expertos y expertas del \u00e1rea de aseguramiento de la calidad de las universidades CRUCH, y la participaci\u00f3n del presidente de la Comisi\u00f3n Nacional de Acreditaci\u00f3n (CNA), Andr\u00e9s Bernasconi, se abordaron preguntas clave para las universidades.<\/span><\/p>\n<p style=\"text-align: justify; line-height: 14.4pt;\"><span style=\"font-family: 'gobCL_Regular',serif; color: #231f20; letter-spacing: .1pt;\">\u201cEl balance es bastante positivo. Llegamos a m\u00e1s de 100 participantes durante el conversatorio, lo que refleja el inter\u00e9s que exist\u00eda por parte de las distintas universidades por conocer de primera fuente aspectos asociados a la acreditaci\u00f3n institucional y los nuevos criterios que la CNA est\u00e1 aplicando\u201d, se\u00f1al\u00f3 el presidente de la Comisi\u00f3n de Postgrado CRUCH y director de Postgrado y Post\u00edtulo de la Universidad de Chile, Osvaldo Salazar. \u201cFue una oportunidad para que las universidades pudiesen consultarle directamente al presidente de la CNA aspectos m\u00e1s t\u00e9cnicos asociados al proceso, de forma que al finalizar el conversatorio todos terminaron con una visi\u00f3n mucho m\u00e1s clara respecto a los desaf\u00edos que tiene este nuevo proceso, las oportunidades de mejora continua en nuestro proceso de aseguramiento de la calidad y de c\u00f3mo fortalecer el Postgrado en nuestras instituciones\u201d, puntualiz\u00f3.<\/span><\/p>\n<p style=\"text-align: justify; line-height: 14.4pt;\"><strong><span style=\"font-family: 'gobCL_Regular',serif; color: #231f20; letter-spacing: .1pt;\">\u201cHubo bastante inter\u00e9s\u201d<\/span><\/strong><\/p>\n<p style=\"text-align: justify; line-height: 14.4pt;\"><span style=\"font-family: 'gobCL_Regular',serif; color: #231f20; letter-spacing: .1pt;\">El espacio de di\u00e1logo permiti\u00f3 que las universidades que ya hab\u00edan experimentado el proceso de acreditaci\u00f3n con los nuevos criterios compartieran sus recomendaciones con las dem\u00e1s. \u201cEn ese sentido hubo bastante inter\u00e9s, sobre todo de universidades regionales, por manifestar sus consultas respecto al proceso\u201d, coment\u00f3 el presidente de la Comisi\u00f3n de Postgrado del CRUCH.<\/span><\/p>\n<p style=\"text-align: justify; line-height: 14.4pt;\"><span style=\"font-family: 'gobCL_Regular',serif; color: #231f20; letter-spacing: .1pt;\">La Pontificia Universidad Cat\u00f3lica de Chile, la Universidad Alberto Hurtado, la Universidad del B\u00edo-B\u00edo, la Universidad Cat\u00f3lica de Temuco y la Universidad de Chile compartieron sus experiencias respecto al proceso y, especialmente, acerca del postgrado. \u201cSe enfocaron en los doctorados, en el sentido de que los doctorados tributaban a distintas dimensiones dentro del proceso de acreditaci\u00f3n, a docencia, investigaci\u00f3n e incluso a la dimensi\u00f3n de internacionalizaci\u00f3n de la universidad, en la medida que los estudiantes tambi\u00e9n ten\u00edan actividades asociadas a estas tem\u00e1ticas\u201d, indic\u00f3 Salazar.<\/span><\/p>\n<p style=\"text-align: justify; line-height: 14.4pt;\"><span style=\"font-family: 'gobCL_Regular',serif; color: #231f20; letter-spacing: .1pt;\">En el primer panel de conversaci\u00f3n particip\u00f3 el Director de la Unidad de Aseguramiento de la Calidad de la Universidad del B\u00edo B\u00edo (UBB), Pedro Campos; la Directora de An\u00e1lisis Institucional y Estudios Estrat\u00e9gicos de la Pontificia Universidad Cat\u00f3lica de Chile (PUC), B\u00e1rbara Prieto; y el Director de Postgrado de la Universidad Cat\u00f3lica de Temuco (UCT), Gonzalo D\u00edaz.<\/span><\/p>\n<p style=\"text-align: justify; line-height: 14.4pt;\"><span style=\"font-family: 'gobCL_Regular',serif; color: #231f20; letter-spacing: .1pt;\">En tanto, el segundo panel estuvo integrado por el Director de Aprendizaje Institucional de la Universidad Alberto Hurtado (UAH), Alex Guti\u00e9rrez; el Coordinador del Sistema Interno de la Calidad de la PUC, Diego Dur\u00e1n; y el Director de Docencia de Postgrado de la UCT, Oscar Calzadilla.<\/span><\/p>\n<p style=\"text-align: justify; line-height: 14.4pt;\"><span style=\"font-family: 'gobCL_Regular',serif; color: #231f20; letter-spacing: .1pt;\">\u00a0Fuente: CRUCH<\/span><\/p>\n","protected":false},"excerpt":{"rendered":"<p>El Conversatorio \u201cExperiencias Universitarias y nuevos criterios de acreditaci\u00f3n institucional con foco en el Postgrado\u201d, organizado de manera virtual por la Comisi\u00f3n de Postgrado del Consejo de Rectoras y Rectores de las Universidades Chilenas (CRUCH) el pasado viernes 11 de julio, concit\u00f3 el inter\u00e9s de un amplio p\u00fablico de las comunidades universitarias. En representaci\u00f3n de&#8230;<\/p>\n","protected":false},"author":3,"featured_media":50915,"comment_status":"open","ping_status":"open","sticky":false,"template":"","format":"standard","meta":{"_kadence_starter_templates_imported_post":false,"_kad_post_transparent":"default","_kad_post_title":"default","_kad_post_layout":"default","_kad_post_sidebar_id":"","_kad_post_content_style":"default","_kad_post_vertical_padding":"default","_kad_post_feature":"","_kad_post_feature_position":"","_kad_post_header":false,"_kad_post_footer":false,"footnotes":""},"categories":[3,161],"tags":[],"class_list":["post-50914","post","type-post","status-publish","format-standard","has-post-thumbnail","hentry","category-noticias","category-postgrado"],"yoast_head":"<!-- This site is optimized with the Yoast SEO plugin v27.5 - https:\/\/yoast.com\/product\/yoast-seo-wordpress\/ -->\n<title>CRUCH reuni\u00f3 a expertas y expertos en conversatorio sobre nuevos criterios de acreditaci\u00f3n con foco en el Postgrado - VRIP<\/title>\n<meta name=\"robots\" content=\"index, follow, max-snippet:-1, max-image-preview:large, max-video-preview:-1\" \/>\n<link rel=\"canonical\" href=\"https:\/\/vrip.ubiobio.cl\/inicio\/noticias\/cruch-reunio-a-expertas-y-expertos-en-conversatorio-sobre-nuevos-criterios-de-acreditacion-con-foco-en-el-postgrado\/\" \/>\n<meta property=\"og:locale\" content=\"es_ES\" \/>\n<meta property=\"og:type\" content=\"article\" \/>\n<meta property=\"og:title\" content=\"CRUCH reuni\u00f3 a expertas y expertos en conversatorio sobre nuevos criterios de acreditaci\u00f3n con foco en el Postgrado - VRIP\" \/>\n<meta property=\"og:description\" content=\"El Conversatorio \u201cExperiencias Universitarias y nuevos criterios de acreditaci\u00f3n institucional con foco en el Postgrado\u201d, organizado de manera virtual por la Comisi\u00f3n de Postgrado del Consejo de Rectoras y Rectores de las Universidades Chilenas (CRUCH) el pasado viernes 11 de julio, concit\u00f3 el inter\u00e9s de un amplio p\u00fablico de las comunidades universitarias. En representaci\u00f3n de...\" \/>\n<meta property=\"og:url\" content=\"https:\/\/vrip.ubiobio.cl\/inicio\/noticias\/cruch-reunio-a-expertas-y-expertos-en-conversatorio-sobre-nuevos-criterios-de-acreditacion-con-foco-en-el-postgrado\/\" \/>\n<meta property=\"og:site_name\" content=\"VRIP\" \/>\n<meta property=\"article:published_time\" content=\"2025-07-17T16:43:17+00:00\" \/>\n<meta property=\"og:image\" content=\"https:\/\/vrip.ubiobio.cl\/wp-content\/uploads\/2025\/07\/Noticias-Web-CRUCH-46-1920x804-1.jpg\" \/>\n\t<meta property=\"og:image:width\" content=\"1143\" \/>\n\t<meta property=\"og:image:height\" content=\"713\" \/>\n\t<meta property=\"og:image:type\" content=\"image\/jpeg\" \/>\n<meta name=\"author\" content=\"Dagoberto Perez\" \/>\n<meta name=\"twitter:card\" content=\"summary_large_image\" \/>\n<meta name=\"twitter:creator\" content=\"@vripubb\" \/>\n<meta name=\"twitter:site\" content=\"@vripubb\" \/>\n<meta name=\"twitter:label1\" content=\"Escrito por\" \/>\n\t<meta name=\"twitter:data1\" content=\"Dagoberto Perez\" \/>\n\t<meta name=\"twitter:label2\" content=\"Tiempo de lectura\" \/>\n\t<meta name=\"twitter:data2\" content=\"3 minutos\" \/>\n<script type=\"application\/ld+json\" class=\"yoast-schema-graph\">{\"@context\":\"https:\\\/\\\/schema.org\",\"@graph\":[{\"@type\":\"Article\",\"@id\":\"https:\\\/\\\/vrip.ubiobio.cl\\\/inicio\\\/noticias\\\/cruch-reunio-a-expertas-y-expertos-en-conversatorio-sobre-nuevos-criterios-de-acreditacion-con-foco-en-el-postgrado\\\/#article\",\"isPartOf\":{\"@id\":\"https:\\\/\\\/vrip.ubiobio.cl\\\/inicio\\\/noticias\\\/cruch-reunio-a-expertas-y-expertos-en-conversatorio-sobre-nuevos-criterios-de-acreditacion-con-foco-en-el-postgrado\\\/\"},\"author\":{\"name\":\"Dagoberto Perez\",\"@id\":\"https:\\\/\\\/vrip.ubiobio.cl\\\/inicio\\\/#\\\/schema\\\/person\\\/39f3cf67f158f0420b4eb8baa645a9c0\"},\"headline\":\"CRUCH reuni\u00f3 a expertas y expertos en conversatorio sobre nuevos criterios de acreditaci\u00f3n con foco en el Postgrado\",\"datePublished\":\"2025-07-17T16:43:17+00:00\",\"mainEntityOfPage\":{\"@id\":\"https:\\\/\\\/vrip.ubiobio.cl\\\/inicio\\\/noticias\\\/cruch-reunio-a-expertas-y-expertos-en-conversatorio-sobre-nuevos-criterios-de-acreditacion-con-foco-en-el-postgrado\\\/\"},\"wordCount\":638,\"commentCount\":0,\"publisher\":{\"@id\":\"https:\\\/\\\/vrip.ubiobio.cl\\\/inicio\\\/#organization\"},\"image\":{\"@id\":\"https:\\\/\\\/vrip.ubiobio.cl\\\/inicio\\\/noticias\\\/cruch-reunio-a-expertas-y-expertos-en-conversatorio-sobre-nuevos-criterios-de-acreditacion-con-foco-en-el-postgrado\\\/#primaryimage\"},\"thumbnailUrl\":\"https:\\\/\\\/vrip.ubiobio.cl\\\/wp-content\\\/uploads\\\/2025\\\/07\\\/Noticias-Web-CRUCH-46-1920x804-1.jpg\",\"articleSection\":[\"Noticias\",\"Postgrado\"],\"inLanguage\":\"es\",\"potentialAction\":[{\"@type\":\"CommentAction\",\"name\":\"Comment\",\"target\":[\"https:\\\/\\\/vrip.ubiobio.cl\\\/inicio\\\/noticias\\\/cruch-reunio-a-expertas-y-expertos-en-conversatorio-sobre-nuevos-criterios-de-acreditacion-con-foco-en-el-postgrado\\\/#respond\"]}]},{\"@type\":\"WebPage\",\"@id\":\"https:\\\/\\\/vrip.ubiobio.cl\\\/inicio\\\/noticias\\\/cruch-reunio-a-expertas-y-expertos-en-conversatorio-sobre-nuevos-criterios-de-acreditacion-con-foco-en-el-postgrado\\\/\",\"url\":\"https:\\\/\\\/vrip.ubiobio.cl\\\/inicio\\\/noticias\\\/cruch-reunio-a-expertas-y-expertos-en-conversatorio-sobre-nuevos-criterios-de-acreditacion-con-foco-en-el-postgrado\\\/\",\"name\":\"CRUCH reuni\u00f3 a expertas y expertos en conversatorio sobre nuevos criterios de acreditaci\u00f3n con foco en el Postgrado - VRIP\",\"isPartOf\":{\"@id\":\"https:\\\/\\\/vrip.ubiobio.cl\\\/inicio\\\/#website\"},\"primaryImageOfPage\":{\"@id\":\"https:\\\/\\\/vrip.ubiobio.cl\\\/inicio\\\/noticias\\\/cruch-reunio-a-expertas-y-expertos-en-conversatorio-sobre-nuevos-criterios-de-acreditacion-con-foco-en-el-postgrado\\\/#primaryimage\"},\"image\":{\"@id\":\"https:\\\/\\\/vrip.ubiobio.cl\\\/inicio\\\/noticias\\\/cruch-reunio-a-expertas-y-expertos-en-conversatorio-sobre-nuevos-criterios-de-acreditacion-con-foco-en-el-postgrado\\\/#primaryimage\"},\"thumbnailUrl\":\"https:\\\/\\\/vrip.ubiobio.cl\\\/wp-content\\\/uploads\\\/2025\\\/07\\\/Noticias-Web-CRUCH-46-1920x804-1.jpg\",\"datePublished\":\"2025-07-17T16:43:17+00:00\",\"breadcrumb\":{\"@id\":\"https:\\\/\\\/vrip.ubiobio.cl\\\/inicio\\\/noticias\\\/cruch-reunio-a-expertas-y-expertos-en-conversatorio-sobre-nuevos-criterios-de-acreditacion-con-foco-en-el-postgrado\\\/#breadcrumb\"},\"inLanguage\":\"es\",\"potentialAction\":[{\"@type\":\"ReadAction\",\"target\":[\"https:\\\/\\\/vrip.ubiobio.cl\\\/inicio\\\/noticias\\\/cruch-reunio-a-expertas-y-expertos-en-conversatorio-sobre-nuevos-criterios-de-acreditacion-con-foco-en-el-postgrado\\\/\"]}]},{\"@type\":\"ImageObject\",\"inLanguage\":\"es\",\"@id\":\"https:\\\/\\\/vrip.ubiobio.cl\\\/inicio\\\/noticias\\\/cruch-reunio-a-expertas-y-expertos-en-conversatorio-sobre-nuevos-criterios-de-acreditacion-con-foco-en-el-postgrado\\\/#primaryimage\",\"url\":\"https:\\\/\\\/vrip.ubiobio.cl\\\/wp-content\\\/uploads\\\/2025\\\/07\\\/Noticias-Web-CRUCH-46-1920x804-1.jpg\",\"contentUrl\":\"https:\\\/\\\/vrip.ubiobio.cl\\\/wp-content\\\/uploads\\\/2025\\\/07\\\/Noticias-Web-CRUCH-46-1920x804-1.jpg\",\"width\":1143,\"height\":713},{\"@type\":\"BreadcrumbList\",\"@id\":\"https:\\\/\\\/vrip.ubiobio.cl\\\/inicio\\\/noticias\\\/cruch-reunio-a-expertas-y-expertos-en-conversatorio-sobre-nuevos-criterios-de-acreditacion-con-foco-en-el-postgrado\\\/#breadcrumb\",\"itemListElement\":[{\"@type\":\"ListItem\",\"position\":1,\"name\":\"Portada\",\"item\":\"https:\\\/\\\/vrip.ubiobio.cl\\\/inicio\\\/\"},{\"@type\":\"ListItem\",\"position\":2,\"name\":\"CRUCH reuni\u00f3 a expertas y expertos en conversatorio sobre nuevos criterios de acreditaci\u00f3n con foco en el Postgrado\"}]},{\"@type\":\"WebSite\",\"@id\":\"https:\\\/\\\/vrip.ubiobio.cl\\\/inicio\\\/#website\",\"url\":\"https:\\\/\\\/vrip.ubiobio.cl\\\/inicio\\\/\",\"name\":\"VRIP\",\"description\":\"Vicerrector\u00eda de Investigaci\u00f3n y Postgrado\",\"publisher\":{\"@id\":\"https:\\\/\\\/vrip.ubiobio.cl\\\/inicio\\\/#organization\"},\"potentialAction\":[{\"@type\":\"SearchAction\",\"target\":{\"@type\":\"EntryPoint\",\"urlTemplate\":\"https:\\\/\\\/vrip.ubiobio.cl\\\/inicio\\\/?s={search_term_string}\"},\"query-input\":{\"@type\":\"PropertyValueSpecification\",\"valueRequired\":true,\"valueName\":\"search_term_string\"}}],\"inLanguage\":\"es\"},{\"@type\":\"Organization\",\"@id\":\"https:\\\/\\\/vrip.ubiobio.cl\\\/inicio\\\/#organization\",\"name\":\"VRIP\",\"url\":\"https:\\\/\\\/vrip.ubiobio.cl\\\/inicio\\\/\",\"logo\":{\"@type\":\"ImageObject\",\"inLanguage\":\"es\",\"@id\":\"https:\\\/\\\/vrip.ubiobio.cl\\\/inicio\\\/#\\\/schema\\\/logo\\\/image\\\/\",\"url\":\"https:\\\/\\\/vrip.ubiobio.cl\\\/wp-content\\\/uploads\\\/2022\\\/10\\\/logo-vrip_Mesa-de-trabajo-1.png\",\"contentUrl\":\"https:\\\/\\\/vrip.ubiobio.cl\\\/wp-content\\\/uploads\\\/2022\\\/10\\\/logo-vrip_Mesa-de-trabajo-1.png\",\"width\":642,\"height\":178,\"caption\":\"VRIP\"},\"image\":{\"@id\":\"https:\\\/\\\/vrip.ubiobio.cl\\\/inicio\\\/#\\\/schema\\\/logo\\\/image\\\/\"},\"sameAs\":[\"https:\\\/\\\/x.com\\\/vripubb\",\"https:\\\/\\\/www.instagram.com\\\/vrip_ubb\\\/\",\"https:\\\/\\\/www.youtube.com\\\/channel\\\/UCf7o8yHRJ7Y_QQLxwu1KQgA\",\"https:\\\/\\\/www.linkedin.com\\\/company\\\/96035097\\\/admin\\\/dashboard\\\/\"]},{\"@type\":\"Person\",\"@id\":\"https:\\\/\\\/vrip.ubiobio.cl\\\/inicio\\\/#\\\/schema\\\/person\\\/39f3cf67f158f0420b4eb8baa645a9c0\",\"name\":\"Dagoberto Perez\",\"image\":{\"@type\":\"ImageObject\",\"inLanguage\":\"es\",\"@id\":\"https:\\\/\\\/secure.gravatar.com\\\/avatar\\\/d16ec183e637d727e6c6574e3768aa439442611065e2b4f983793af8bb630edc?s=96&d=mm&r=g\",\"url\":\"https:\\\/\\\/secure.gravatar.com\\\/avatar\\\/d16ec183e637d727e6c6574e3768aa439442611065e2b4f983793af8bb630edc?s=96&d=mm&r=g\",\"contentUrl\":\"https:\\\/\\\/secure.gravatar.com\\\/avatar\\\/d16ec183e637d727e6c6574e3768aa439442611065e2b4f983793af8bb630edc?s=96&d=mm&r=g\",\"caption\":\"Dagoberto Perez\"},\"url\":\"https:\\\/\\\/vrip.ubiobio.cl\\\/inicio\\\/author\\\/dagoberto\\\/\"}]}<\/script>\n<!-- \/ Yoast SEO plugin. -->","yoast_head_json":{"title":"CRUCH reuni\u00f3 a expertas y expertos en conversatorio sobre nuevos criterios de acreditaci\u00f3n con foco en el Postgrado - VRIP","robots":{"index":"index","follow":"follow","max-snippet":"max-snippet:-1","max-image-preview":"max-image-preview:large","max-video-preview":"max-video-preview:-1"},"canonical":"https:\/\/vrip.ubiobio.cl\/inicio\/noticias\/cruch-reunio-a-expertas-y-expertos-en-conversatorio-sobre-nuevos-criterios-de-acreditacion-con-foco-en-el-postgrado\/","og_locale":"es_ES","og_type":"article","og_title":"CRUCH reuni\u00f3 a expertas y expertos en conversatorio sobre nuevos criterios de acreditaci\u00f3n con foco en el Postgrado - VRIP","og_description":"El Conversatorio \u201cExperiencias Universitarias y nuevos criterios de acreditaci\u00f3n institucional con foco en el Postgrado\u201d, organizado de manera virtual por la Comisi\u00f3n de Postgrado del Consejo de Rectoras y Rectores de las Universidades Chilenas (CRUCH) el pasado viernes 11 de julio, concit\u00f3 el inter\u00e9s de un amplio p\u00fablico de las comunidades universitarias. En representaci\u00f3n de...","og_url":"https:\/\/vrip.ubiobio.cl\/inicio\/noticias\/cruch-reunio-a-expertas-y-expertos-en-conversatorio-sobre-nuevos-criterios-de-acreditacion-con-foco-en-el-postgrado\/","og_site_name":"VRIP","article_published_time":"2025-07-17T16:43:17+00:00","og_image":[{"width":1143,"height":713,"url":"https:\/\/vrip.ubiobio.cl\/wp-content\/uploads\/2025\/07\/Noticias-Web-CRUCH-46-1920x804-1.jpg","type":"image\/jpeg"}],"author":"Dagoberto Perez","twitter_card":"summary_large_image","twitter_creator":"@vripubb","twitter_site":"@vripubb","twitter_misc":{"Escrito por":"Dagoberto Perez","Tiempo de lectura":"3 minutos"},"schema":{"@context":"https:\/\/schema.org","@graph":[{"@type":"Article","@id":"https:\/\/vrip.ubiobio.cl\/inicio\/noticias\/cruch-reunio-a-expertas-y-expertos-en-conversatorio-sobre-nuevos-criterios-de-acreditacion-con-foco-en-el-postgrado\/#article","isPartOf":{"@id":"https:\/\/vrip.ubiobio.cl\/inicio\/noticias\/cruch-reunio-a-expertas-y-expertos-en-conversatorio-sobre-nuevos-criterios-de-acreditacion-con-foco-en-el-postgrado\/"},"author":{"name":"Dagoberto Perez","@id":"https:\/\/vrip.ubiobio.cl\/inicio\/#\/schema\/person\/39f3cf67f158f0420b4eb8baa645a9c0"},"headline":"CRUCH reuni\u00f3 a expertas y expertos en conversatorio sobre nuevos criterios de acreditaci\u00f3n con foco en el Postgrado","datePublished":"2025-07-17T16:43:17+00:00","mainEntityOfPage":{"@id":"https:\/\/vrip.ubiobio.cl\/inicio\/noticias\/cruch-reunio-a-expertas-y-expertos-en-conversatorio-sobre-nuevos-criterios-de-acreditacion-con-foco-en-el-postgrado\/"},"wordCount":638,"commentCount":0,"publisher":{"@id":"https:\/\/vrip.ubiobio.cl\/inicio\/#organization"},"image":{"@id":"https:\/\/vrip.ubiobio.cl\/inicio\/noticias\/cruch-reunio-a-expertas-y-expertos-en-conversatorio-sobre-nuevos-criterios-de-acreditacion-con-foco-en-el-postgrado\/#primaryimage"},"thumbnailUrl":"https:\/\/vrip.ubiobio.cl\/wp-content\/uploads\/2025\/07\/Noticias-Web-CRUCH-46-1920x804-1.jpg","articleSection":["Noticias","Postgrado"],"inLanguage":"es","potentialAction":[{"@type":"CommentAction","name":"Comment","target":["https:\/\/vrip.ubiobio.cl\/inicio\/noticias\/cruch-reunio-a-expertas-y-expertos-en-conversatorio-sobre-nuevos-criterios-de-acreditacion-con-foco-en-el-postgrado\/#respond"]}]},{"@type":"WebPage","@id":"https:\/\/vrip.ubiobio.cl\/inicio\/noticias\/cruch-reunio-a-expertas-y-expertos-en-conversatorio-sobre-nuevos-criterios-de-acreditacion-con-foco-en-el-postgrado\/","url":"https:\/\/vrip.ubiobio.cl\/inicio\/noticias\/cruch-reunio-a-expertas-y-expertos-en-conversatorio-sobre-nuevos-criterios-de-acreditacion-con-foco-en-el-postgrado\/","name":"CRUCH reuni\u00f3 a expertas y expertos en conversatorio sobre nuevos criterios de acreditaci\u00f3n con foco en el Postgrado - VRIP","isPartOf":{"@id":"https:\/\/vrip.ubiobio.cl\/inicio\/#website"},"primaryImageOfPage":{"@id":"https:\/\/vrip.ubiobio.cl\/inicio\/noticias\/cruch-reunio-a-expertas-y-expertos-en-conversatorio-sobre-nuevos-criterios-de-acreditacion-con-foco-en-el-postgrado\/#primaryimage"},"image":{"@id":"https:\/\/vrip.ubiobio.cl\/inicio\/noticias\/cruch-reunio-a-expertas-y-expertos-en-conversatorio-sobre-nuevos-criterios-de-acreditacion-con-foco-en-el-postgrado\/#primaryimage"},"thumbnailUrl":"https:\/\/vrip.ubiobio.cl\/wp-content\/uploads\/2025\/07\/Noticias-Web-CRUCH-46-1920x804-1.jpg","datePublished":"2025-07-17T16:43:17+00:00","breadcrumb":{"@id":"https:\/\/vrip.ubiobio.cl\/inicio\/noticias\/cruch-reunio-a-expertas-y-expertos-en-conversatorio-sobre-nuevos-criterios-de-acreditacion-con-foco-en-el-postgrado\/#breadcrumb"},"inLanguage":"es","potentialAction":[{"@type":"ReadAction","target":["https:\/\/vrip.ubiobio.cl\/inicio\/noticias\/cruch-reunio-a-expertas-y-expertos-en-conversatorio-sobre-nuevos-criterios-de-acreditacion-con-foco-en-el-postgrado\/"]}]},{"@type":"ImageObject","inLanguage":"es","@id":"https:\/\/vrip.ubiobio.cl\/inicio\/noticias\/cruch-reunio-a-expertas-y-expertos-en-conversatorio-sobre-nuevos-criterios-de-acreditacion-con-foco-en-el-postgrado\/#primaryimage","url":"https:\/\/vrip.ubiobio.cl\/wp-content\/uploads\/2025\/07\/Noticias-Web-CRUCH-46-1920x804-1.jpg","contentUrl":"https:\/\/vrip.ubiobio.cl\/wp-content\/uploads\/2025\/07\/Noticias-Web-CRUCH-46-1920x804-1.jpg","width":1143,"height":713},{"@type":"BreadcrumbList","@id":"https:\/\/vrip.ubiobio.cl\/inicio\/noticias\/cruch-reunio-a-expertas-y-expertos-en-conversatorio-sobre-nuevos-criterios-de-acreditacion-con-foco-en-el-postgrado\/#breadcrumb","itemListElement":[{"@type":"ListItem","position":1,"name":"Portada","item":"https:\/\/vrip.ubiobio.cl\/inicio\/"},{"@type":"ListItem","position":2,"name":"CRUCH reuni\u00f3 a expertas y expertos en conversatorio sobre nuevos criterios de acreditaci\u00f3n con foco en el Postgrado"}]},{"@type":"WebSite","@id":"https:\/\/vrip.ubiobio.cl\/inicio\/#website","url":"https:\/\/vrip.ubiobio.cl\/inicio\/","name":"VRIP","description":"Vicerrector\u00eda de Investigaci\u00f3n y Postgrado","publisher":{"@id":"https:\/\/vrip.ubiobio.cl\/inicio\/#organization"},"potentialAction":[{"@type":"SearchAction","target":{"@type":"EntryPoint","urlTemplate":"https:\/\/vrip.ubiobio.cl\/inicio\/?s={search_term_string}"},"query-input":{"@type":"PropertyValueSpecification","valueRequired":true,"valueName":"search_term_string"}}],"inLanguage":"es"},{"@type":"Organization","@id":"https:\/\/vrip.ubiobio.cl\/inicio\/#organization","name":"VRIP","url":"https:\/\/vrip.ubiobio.cl\/inicio\/","logo":{"@type":"ImageObject","inLanguage":"es","@id":"https:\/\/vrip.ubiobio.cl\/inicio\/#\/schema\/logo\/image\/","url":"https:\/\/vrip.ubiobio.cl\/wp-content\/uploads\/2022\/10\/logo-vrip_Mesa-de-trabajo-1.png","contentUrl":"https:\/\/vrip.ubiobio.cl\/wp-content\/uploads\/2022\/10\/logo-vrip_Mesa-de-trabajo-1.png","width":642,"height":178,"caption":"VRIP"},"image":{"@id":"https:\/\/vrip.ubiobio.cl\/inicio\/#\/schema\/logo\/image\/"},"sameAs":["https:\/\/x.com\/vripubb","https:\/\/www.instagram.com\/vrip_ubb\/","https:\/\/www.youtube.com\/channel\/UCf7o8yHRJ7Y_QQLxwu1KQgA","https:\/\/www.linkedin.com\/company\/96035097\/admin\/dashboard\/"]},{"@type":"Person","@id":"https:\/\/vrip.ubiobio.cl\/inicio\/#\/schema\/person\/39f3cf67f158f0420b4eb8baa645a9c0","name":"Dagoberto Perez","image":{"@type":"ImageObject","inLanguage":"es","@id":"https:\/\/secure.gravatar.com\/avatar\/d16ec183e637d727e6c6574e3768aa439442611065e2b4f983793af8bb630edc?s=96&d=mm&r=g","url":"https:\/\/secure.gravatar.com\/avatar\/d16ec183e637d727e6c6574e3768aa439442611065e2b4f983793af8bb630edc?s=96&d=mm&r=g","contentUrl":"https:\/\/secure.gravatar.com\/avatar\/d16ec183e637d727e6c6574e3768aa439442611065e2b4f983793af8bb630edc?s=96&d=mm&r=g","caption":"Dagoberto Perez"},"url":"https:\/\/vrip.ubiobio.cl\/inicio\/author\/dagoberto\/"}]}},"_links":{"self":[{"href":"https:\/\/vrip.ubiobio.cl\/inicio\/wp-json\/wp\/v2\/posts\/50914","targetHints":{"allow":["GET"]}}],"collection":[{"href":"https:\/\/vrip.ubiobio.cl\/inicio\/wp-json\/wp\/v2\/posts"}],"about":[{"href":"https:\/\/vrip.ubiobio.cl\/inicio\/wp-json\/wp\/v2\/types\/post"}],"author":[{"embeddable":true,"href":"https:\/\/vrip.ubiobio.cl\/inicio\/wp-json\/wp\/v2\/users\/3"}],"replies":[{"embeddable":true,"href":"https:\/\/vrip.ubiobio.cl\/inicio\/wp-json\/wp\/v2\/comments?post=50914"}],"version-history":[{"count":1,"href":"https:\/\/vrip.ubiobio.cl\/inicio\/wp-json\/wp\/v2\/posts\/50914\/revisions"}],"predecessor-version":[{"id":50916,"href":"https:\/\/vrip.ubiobio.cl\/inicio\/wp-json\/wp\/v2\/posts\/50914\/revisions\/50916"}],"wp:featuredmedia":[{"embeddable":true,"href":"https:\/\/vrip.ubiobio.cl\/inicio\/wp-json\/wp\/v2\/media\/50915"}],"wp:attachment":[{"href":"https:\/\/vrip.ubiobio.cl\/inicio\/wp-json\/wp\/v2\/media?parent=50914"}],"wp:term":[{"taxonomy":"category","embeddable":true,"href":"https:\/\/vrip.ubiobio.cl\/inicio\/wp-json\/wp\/v2\/categories?post=50914"},{"taxonomy":"post_tag","embeddable":true,"href":"https:\/\/vrip.ubiobio.cl\/inicio\/wp-json\/wp\/v2\/tags?post=50914"}],"curies":[{"name":"wp","href":"https:\/\/api.w.org\/{rel}","templated":true}]}}