{"id":48075,"date":"2025-01-02T08:00:32","date_gmt":"2025-01-02T08:00:32","guid":{"rendered":"https:\/\/vrip.ubiobio.cl\/inicio\/?p=48075"},"modified":"2025-01-13T17:59:14","modified_gmt":"2025-01-13T17:59:14","slug":"ceremonia","status":"publish","type":"post","link":"https:\/\/vrip.ubiobio.cl\/inicio\/noticias\/ceremonia\/","title":{"rendered":"Graduaci\u00f3n del Doctorado en Educaci\u00f3n en Consorcio cont\u00f3 con la presencia de sus rectores"},"content":{"rendered":"<div id='gallery-1' class='gallery galleryid-48075 gallery-columns-3 gallery-size-medium'><figure class='gallery-item'>\n\t\t\t<div class='gallery-icon landscape'>\n\t\t\t\t<a href='https:\/\/vrip.ubiobio.cl\/inicio\/noticias\/ceremonia\/attachment\/postgrado_1\/'><img fetchpriority=\"high\" decoding=\"async\" width=\"380\" height=\"253\" src=\"https:\/\/vrip.ubiobio.cl\/wp-content\/uploads\/2024\/12\/Postgrado_1-380x253.jpg\" class=\"attachment-medium size-medium\" alt=\"\" srcset=\"https:\/\/vrip.ubiobio.cl\/wp-content\/uploads\/2024\/12\/Postgrado_1-380x253.jpg 380w, https:\/\/vrip.ubiobio.cl\/wp-content\/uploads\/2024\/12\/Postgrado_1-1024x683.jpg 1024w, https:\/\/vrip.ubiobio.cl\/wp-content\/uploads\/2024\/12\/Postgrado_1-768x512.jpg 768w, https:\/\/vrip.ubiobio.cl\/wp-content\/uploads\/2024\/12\/Postgrado_1-391x260.jpg 391w, https:\/\/vrip.ubiobio.cl\/wp-content\/uploads\/2024\/12\/Postgrado_1-1536x1024.jpg 1536w, https:\/\/vrip.ubiobio.cl\/wp-content\/uploads\/2024\/12\/Postgrado_1-2048x1365.jpg 2048w\" sizes=\"(max-width: 380px) 100vw, 380px\" \/><\/a>\n\t\t\t<\/div><\/figure><figure class='gallery-item'>\n\t\t\t<div class='gallery-icon landscape'>\n\t\t\t\t<a href='https:\/\/vrip.ubiobio.cl\/inicio\/noticias\/ceremonia\/attachment\/postgrado_2\/'><img decoding=\"async\" width=\"380\" height=\"253\" src=\"https:\/\/vrip.ubiobio.cl\/wp-content\/uploads\/2024\/12\/Postgrado_2-380x253.jpg\" class=\"attachment-medium size-medium\" alt=\"\" srcset=\"https:\/\/vrip.ubiobio.cl\/wp-content\/uploads\/2024\/12\/Postgrado_2-380x253.jpg 380w, https:\/\/vrip.ubiobio.cl\/wp-content\/uploads\/2024\/12\/Postgrado_2-1024x683.jpg 1024w, https:\/\/vrip.ubiobio.cl\/wp-content\/uploads\/2024\/12\/Postgrado_2-768x512.jpg 768w, https:\/\/vrip.ubiobio.cl\/wp-content\/uploads\/2024\/12\/Postgrado_2-391x260.jpg 391w, https:\/\/vrip.ubiobio.cl\/wp-content\/uploads\/2024\/12\/Postgrado_2-1536x1024.jpg 1536w, https:\/\/vrip.ubiobio.cl\/wp-content\/uploads\/2024\/12\/Postgrado_2-2048x1365.jpg 2048w\" sizes=\"(max-width: 380px) 100vw, 380px\" \/><\/a>\n\t\t\t<\/div><\/figure><figure class='gallery-item'>\n\t\t\t<div class='gallery-icon landscape'>\n\t\t\t\t<a href='https:\/\/vrip.ubiobio.cl\/inicio\/noticias\/ceremonia\/attachment\/postgrado_3\/'><img decoding=\"async\" width=\"380\" height=\"253\" src=\"https:\/\/vrip.ubiobio.cl\/wp-content\/uploads\/2024\/12\/Postgrado_3-380x253.jpg\" class=\"attachment-medium size-medium\" alt=\"\" srcset=\"https:\/\/vrip.ubiobio.cl\/wp-content\/uploads\/2024\/12\/Postgrado_3-380x253.jpg 380w, https:\/\/vrip.ubiobio.cl\/wp-content\/uploads\/2024\/12\/Postgrado_3-1024x683.jpg 1024w, https:\/\/vrip.ubiobio.cl\/wp-content\/uploads\/2024\/12\/Postgrado_3-768x512.jpg 768w, https:\/\/vrip.ubiobio.cl\/wp-content\/uploads\/2024\/12\/Postgrado_3-391x260.jpg 391w, https:\/\/vrip.ubiobio.cl\/wp-content\/uploads\/2024\/12\/Postgrado_3-1536x1024.jpg 1536w, https:\/\/vrip.ubiobio.cl\/wp-content\/uploads\/2024\/12\/Postgrado_3-2048x1365.jpg 2048w\" sizes=\"(max-width: 380px) 100vw, 380px\" \/><\/a>\n\t\t\t<\/div><\/figure><figure class='gallery-item'>\n\t\t\t<div class='gallery-icon landscape'>\n\t\t\t\t<a href='https:\/\/vrip.ubiobio.cl\/inicio\/noticias\/ceremonia\/attachment\/postgrado_4\/'><img loading=\"lazy\" decoding=\"async\" width=\"380\" height=\"253\" src=\"https:\/\/vrip.ubiobio.cl\/wp-content\/uploads\/2024\/12\/Postgrado_4-380x253.jpg\" class=\"attachment-medium size-medium\" alt=\"\" srcset=\"https:\/\/vrip.ubiobio.cl\/wp-content\/uploads\/2024\/12\/Postgrado_4-380x253.jpg 380w, https:\/\/vrip.ubiobio.cl\/wp-content\/uploads\/2024\/12\/Postgrado_4-1024x683.jpg 1024w, https:\/\/vrip.ubiobio.cl\/wp-content\/uploads\/2024\/12\/Postgrado_4-768x512.jpg 768w, https:\/\/vrip.ubiobio.cl\/wp-content\/uploads\/2024\/12\/Postgrado_4-391x260.jpg 391w, https:\/\/vrip.ubiobio.cl\/wp-content\/uploads\/2024\/12\/Postgrado_4-1536x1024.jpg 1536w, https:\/\/vrip.ubiobio.cl\/wp-content\/uploads\/2024\/12\/Postgrado_4-2048x1365.jpg 2048w\" sizes=\"(max-width: 380px) 100vw, 380px\" \/><\/a>\n\t\t\t<\/div><\/figure><figure class='gallery-item'>\n\t\t\t<div class='gallery-icon landscape'>\n\t\t\t\t<a href='https:\/\/vrip.ubiobio.cl\/inicio\/noticias\/ceremonia\/attachment\/postgrado_5\/'><img loading=\"lazy\" decoding=\"async\" width=\"380\" height=\"253\" src=\"https:\/\/vrip.ubiobio.cl\/wp-content\/uploads\/2024\/12\/Postgrado_5-380x253.jpg\" class=\"attachment-medium size-medium\" alt=\"\" srcset=\"https:\/\/vrip.ubiobio.cl\/wp-content\/uploads\/2024\/12\/Postgrado_5-380x253.jpg 380w, https:\/\/vrip.ubiobio.cl\/wp-content\/uploads\/2024\/12\/Postgrado_5-1024x683.jpg 1024w, https:\/\/vrip.ubiobio.cl\/wp-content\/uploads\/2024\/12\/Postgrado_5-768x512.jpg 768w, https:\/\/vrip.ubiobio.cl\/wp-content\/uploads\/2024\/12\/Postgrado_5-391x260.jpg 391w, https:\/\/vrip.ubiobio.cl\/wp-content\/uploads\/2024\/12\/Postgrado_5-1536x1024.jpg 1536w, https:\/\/vrip.ubiobio.cl\/wp-content\/uploads\/2024\/12\/Postgrado_5-2048x1365.jpg 2048w\" sizes=\"(max-width: 380px) 100vw, 380px\" \/><\/a>\n\t\t\t<\/div><\/figure><figure class='gallery-item'>\n\t\t\t<div class='gallery-icon landscape'>\n\t\t\t\t<a href='https:\/\/vrip.ubiobio.cl\/inicio\/noticias\/ceremonia\/attachment\/postgrado_8\/'><img loading=\"lazy\" decoding=\"async\" width=\"380\" height=\"253\" src=\"https:\/\/vrip.ubiobio.cl\/wp-content\/uploads\/2024\/12\/Postgrado_8-380x253.jpg\" class=\"attachment-medium size-medium\" alt=\"\" srcset=\"https:\/\/vrip.ubiobio.cl\/wp-content\/uploads\/2024\/12\/Postgrado_8-380x253.jpg 380w, https:\/\/vrip.ubiobio.cl\/wp-content\/uploads\/2024\/12\/Postgrado_8-1024x683.jpg 1024w, https:\/\/vrip.ubiobio.cl\/wp-content\/uploads\/2024\/12\/Postgrado_8-768x512.jpg 768w, https:\/\/vrip.ubiobio.cl\/wp-content\/uploads\/2024\/12\/Postgrado_8-391x260.jpg 391w, https:\/\/vrip.ubiobio.cl\/wp-content\/uploads\/2024\/12\/Postgrado_8-1536x1024.jpg 1536w, https:\/\/vrip.ubiobio.cl\/wp-content\/uploads\/2024\/12\/Postgrado_8-2048x1365.jpg 2048w\" sizes=\"(max-width: 380px) 100vw, 380px\" \/><\/a>\n\t\t\t<\/div><\/figure><figure class='gallery-item'>\n\t\t\t<div class='gallery-icon landscape'>\n\t\t\t\t<a href='https:\/\/vrip.ubiobio.cl\/inicio\/noticias\/ceremonia\/attachment\/postgrado_6\/'><img loading=\"lazy\" decoding=\"async\" width=\"380\" height=\"253\" src=\"https:\/\/vrip.ubiobio.cl\/wp-content\/uploads\/2024\/12\/Postgrado_6-380x253.jpg\" class=\"attachment-medium size-medium\" alt=\"\" srcset=\"https:\/\/vrip.ubiobio.cl\/wp-content\/uploads\/2024\/12\/Postgrado_6-380x253.jpg 380w, https:\/\/vrip.ubiobio.cl\/wp-content\/uploads\/2024\/12\/Postgrado_6-1024x683.jpg 1024w, https:\/\/vrip.ubiobio.cl\/wp-content\/uploads\/2024\/12\/Postgrado_6-768x512.jpg 768w, https:\/\/vrip.ubiobio.cl\/wp-content\/uploads\/2024\/12\/Postgrado_6-391x260.jpg 391w, https:\/\/vrip.ubiobio.cl\/wp-content\/uploads\/2024\/12\/Postgrado_6-1536x1024.jpg 1536w, https:\/\/vrip.ubiobio.cl\/wp-content\/uploads\/2024\/12\/Postgrado_6-2048x1365.jpg 2048w\" sizes=\"(max-width: 380px) 100vw, 380px\" \/><\/a>\n\t\t\t<\/div><\/figure><figure class='gallery-item'>\n\t\t\t<div class='gallery-icon landscape'>\n\t\t\t\t<a href='https:\/\/vrip.ubiobio.cl\/inicio\/noticias\/ceremonia\/attachment\/postgrado_7\/'><img loading=\"lazy\" decoding=\"async\" width=\"380\" height=\"253\" src=\"https:\/\/vrip.ubiobio.cl\/wp-content\/uploads\/2024\/12\/Postgrado_7-380x253.jpg\" class=\"attachment-medium size-medium\" alt=\"\" srcset=\"https:\/\/vrip.ubiobio.cl\/wp-content\/uploads\/2024\/12\/Postgrado_7-380x253.jpg 380w, https:\/\/vrip.ubiobio.cl\/wp-content\/uploads\/2024\/12\/Postgrado_7-1024x683.jpg 1024w, https:\/\/vrip.ubiobio.cl\/wp-content\/uploads\/2024\/12\/Postgrado_7-768x512.jpg 768w, https:\/\/vrip.ubiobio.cl\/wp-content\/uploads\/2024\/12\/Postgrado_7-391x260.jpg 391w, https:\/\/vrip.ubiobio.cl\/wp-content\/uploads\/2024\/12\/Postgrado_7-1536x1024.jpg 1536w, https:\/\/vrip.ubiobio.cl\/wp-content\/uploads\/2024\/12\/Postgrado_7-2048x1365.jpg 2048w\" sizes=\"(max-width: 380px) 100vw, 380px\" \/><\/a>\n\t\t\t<\/div><\/figure><figure class='gallery-item'>\n\t\t\t<div class='gallery-icon landscape'>\n\t\t\t\t<a href='https:\/\/vrip.ubiobio.cl\/inicio\/noticias\/ceremonia\/attachment\/postgrado_9\/'><img loading=\"lazy\" decoding=\"async\" width=\"380\" height=\"253\" src=\"https:\/\/vrip.ubiobio.cl\/wp-content\/uploads\/2024\/12\/Postgrado_9-380x253.jpg\" class=\"attachment-medium size-medium\" alt=\"\" srcset=\"https:\/\/vrip.ubiobio.cl\/wp-content\/uploads\/2024\/12\/Postgrado_9-380x253.jpg 380w, https:\/\/vrip.ubiobio.cl\/wp-content\/uploads\/2024\/12\/Postgrado_9-1024x683.jpg 1024w, https:\/\/vrip.ubiobio.cl\/wp-content\/uploads\/2024\/12\/Postgrado_9-768x512.jpg 768w, https:\/\/vrip.ubiobio.cl\/wp-content\/uploads\/2024\/12\/Postgrado_9-391x260.jpg 391w, https:\/\/vrip.ubiobio.cl\/wp-content\/uploads\/2024\/12\/Postgrado_9-1536x1024.jpg 1536w, https:\/\/vrip.ubiobio.cl\/wp-content\/uploads\/2024\/12\/Postgrado_9-2048x1365.jpg 2048w\" sizes=\"(max-width: 380px) 100vw, 380px\" \/><\/a>\n\t\t\t<\/div><\/figure><figure class='gallery-item'>\n\t\t\t<div class='gallery-icon landscape'>\n\t\t\t\t<a href='https:\/\/vrip.ubiobio.cl\/inicio\/noticias\/ceremonia\/attachment\/postgrado_10\/'><img loading=\"lazy\" decoding=\"async\" width=\"380\" height=\"253\" src=\"https:\/\/vrip.ubiobio.cl\/wp-content\/uploads\/2024\/12\/Postgrado_10-380x253.jpg\" class=\"attachment-medium size-medium\" alt=\"\" srcset=\"https:\/\/vrip.ubiobio.cl\/wp-content\/uploads\/2024\/12\/Postgrado_10-380x253.jpg 380w, https:\/\/vrip.ubiobio.cl\/wp-content\/uploads\/2024\/12\/Postgrado_10-1024x683.jpg 1024w, https:\/\/vrip.ubiobio.cl\/wp-content\/uploads\/2024\/12\/Postgrado_10-768x512.jpg 768w, https:\/\/vrip.ubiobio.cl\/wp-content\/uploads\/2024\/12\/Postgrado_10-391x260.jpg 391w, https:\/\/vrip.ubiobio.cl\/wp-content\/uploads\/2024\/12\/Postgrado_10-1536x1024.jpg 1536w, https:\/\/vrip.ubiobio.cl\/wp-content\/uploads\/2024\/12\/Postgrado_10-2048x1365.jpg 2048w\" sizes=\"(max-width: 380px) 100vw, 380px\" \/><\/a>\n\t\t\t<\/div><\/figure><figure class='gallery-item'>\n\t\t\t<div class='gallery-icon landscape'>\n\t\t\t\t<a href='https:\/\/vrip.ubiobio.cl\/inicio\/noticias\/ceremonia\/attachment\/postgrado_11\/'><img loading=\"lazy\" decoding=\"async\" width=\"380\" height=\"253\" src=\"https:\/\/vrip.ubiobio.cl\/wp-content\/uploads\/2024\/12\/Postgrado_11-380x253.jpg\" class=\"attachment-medium size-medium\" alt=\"\" srcset=\"https:\/\/vrip.ubiobio.cl\/wp-content\/uploads\/2024\/12\/Postgrado_11-380x253.jpg 380w, https:\/\/vrip.ubiobio.cl\/wp-content\/uploads\/2024\/12\/Postgrado_11-1024x683.jpg 1024w, https:\/\/vrip.ubiobio.cl\/wp-content\/uploads\/2024\/12\/Postgrado_11-768x512.jpg 768w, https:\/\/vrip.ubiobio.cl\/wp-content\/uploads\/2024\/12\/Postgrado_11-391x260.jpg 391w, https:\/\/vrip.ubiobio.cl\/wp-content\/uploads\/2024\/12\/Postgrado_11-1536x1024.jpg 1536w, https:\/\/vrip.ubiobio.cl\/wp-content\/uploads\/2024\/12\/Postgrado_11-2048x1365.jpg 2048w\" sizes=\"(max-width: 380px) 100vw, 380px\" \/><\/a>\n\t\t\t<\/div><\/figure>\n\t\t<\/div>\n\n<p><em>El programa de Doctorado en Educaci\u00f3n en Consorcio impartido por la Universidad Cat\u00f3lica de la Sant\u00edsima Concepci\u00f3n, Universidad Cat\u00f3lica del Maule, Universidad Cat\u00f3lica de Temuco y la Universidad del B\u00edo\u2013B\u00edo gradu\u00f3 a una nueva generaci\u00f3n de doctores. En la oportunidad estuvieron presente los rectores de estas 4 instituciones, acompa\u00f1ados de vicerrectores\/as, directores\/as de postgrado y directores\/as de programas, junto a familiares y amigos de los graduados.<\/em><\/p>\n<div class=\"perfect-pullquote algo pullquote-align-left\"><blockquote><p>El programa es una de las primeras experiencias de su tipo en Chile y a lo largo de una d\u00e9cada de trayectoria, ha logrado positivos resultados, constituy\u00e9ndose en un ejemplo de trabajo en red, que se genera en regiones y que busca responder a uno de las principales urgencias del pa\u00eds, el mejoramiento de nuestro sistema educativo a trav\u00e9s de la investigaci\u00f3n en educaci\u00f3n, orientada a la innovaci\u00f3n y al cambio que los tiempos exigen\u201d, rector Benito Uma\u00f1a.<\/p><\/blockquote><\/div>\n<p>Por su condici\u00f3n de programa de doctorado consorciado, cuyo objetivo principal es ser un programa que favorezca el intercambio estudiantil y acad\u00e9mico entre las universidades participantes permiti\u00f3 poner a disposici\u00f3n de los estudiantes infraestructura adecuada para facilitar el desarrollo en actividades de divulgaci\u00f3n cient\u00edfica, as\u00ed como tambi\u00e9n promover el perfeccionamiento de las\/os acad\u00e9micas\/os que participan en el programa.<\/p>\n<p>En esta oportunidad se graduaron 25 estudiantes, de los cuales 18 estuvieron presentes quienes cursaron el Programa de Doctorado en Educaci\u00f3n en cada una de las cuatro casas de estudios consorciadas.<\/p>\n<p>El rector de la Universidad del B\u00edo-B\u00edo Dr. Benito Uma\u00f1a Hermosilla, resalt\u00f3 este evento. \u201cCreado el a\u00f1o 2014, el Doctorado en Educaci\u00f3n en Consorcio re\u00fane las capacidades acad\u00e9micas, cient\u00edficas y materiales de cuatro universidades. Esta complementaci\u00f3n de saberes y recursos y el esfuerzo mancomunado permiten entregar una formaci\u00f3n de excelencia y multidisciplinar, que va en directo beneficio de los y las estudiantes. El programa es una de las primeras experiencias de su tipo en Chile y a lo largo de una d\u00e9cada de trayectoria, ha logrado positivos resultados, constituy\u00e9ndose en un ejemplo de trabajo en red, que se genera en regiones y que busca responder a uno de las principales urgencias del pa\u00eds, el mejoramiento de nuestro sistema educativo a trav\u00e9s de la investigaci\u00f3n en educaci\u00f3n, orientada a la innovaci\u00f3n y al cambio que los tiempos exigen\u201d.<\/p>\n<p>En t\u00e9rminos similares se refiri\u00f3 el rector de la Universidad Cat\u00f3lica de la Sant\u00edsima Concepci\u00f3n, Dr. Cristhian Mellado Cid. \u201cDestacar el trabajo colaborativo que estamos haciendo las cuatro universidades participantes de este doctorado, estamos muy contentos por los graduados quienes entregar\u00e1n esa formaci\u00f3n recibida a la comunidad. Y esta forma de trabajar en conjunto es una buena estrategia, que tambi\u00e9n la podemos ver con otras instituciones asociadas a trav\u00e9s del doctorado en Inteligencia Artificial, con la UdeC, UBB y UFSM, aportando mayor excelencia y calidad a la educaci\u00f3n superior\u201d.<\/p>\n<p>Por su parte el rector de la Universidad Cat\u00f3lica del Maule, Dr. Claudio Rojas Mi\u00f1o, resalt\u00f3 este evento. \u201cEn estos diez a\u00f1os de funcionamiento de este doctorado demuestra su relevancia y aporte. Si bien no es f\u00e1cil armarlo, es muy buen ejemplo de que es posible lograrlo\u201d.<\/p>\n<p>Y el rector de la Universidad Cat\u00f3lica de Temuco, Dr. Aliro B\u00f3rquez Ram\u00edrez, valor\u00f3 el trabajo colaborativo. \u201cEste es el primer doctorado que logramos formar en esta asociaci\u00f3n con las otras tres universidades participantes y creo que ha sido un trabajo muy fruct\u00edfero cosa que nos tiene muy satisfecho. Hoy nuestra Universidad tiene siete doctorados y este ejercicio de trabajo colaborativo ha sido una labor importante y de mucho aprendizaje. Y este doctorado tiene que ver con los inicios de nuestra Universidad relacionada a la formaci\u00f3n de profesores. Es una muy buena estrategia tener doctorados consorciados\u201d.<\/p>\n<p><strong>Testimonios\u00a0<\/strong><\/p>\n<p>\u201cMuy feliz, acompa\u00f1ada de mi familia, quienes han vivido todo este proceso, pero siempre apoyando. Este doctorado me permitir\u00e1 proyectarme en mi trabajo relacionado a la educaci\u00f3n y poder entregar m\u00e1s herramientas en lo que hago. Tambi\u00e9n es una forma de devolver lo que uno recibi\u00f3 en esta formaci\u00f3n\u201d, Dra. <strong>Ang\u00e9lica <\/strong><strong>Torrealba Campos<\/strong>, de la Universidad Cat\u00f3lica del Maule.<\/p>\n<p>\u201cMuy satisfecha, libre de estr\u00e9s, todo lo que signific\u00f3 toda esta formaci\u00f3n doctoral y muy contenta con haber logrado pasar todas las etapas que uno quisiera a nivel profesional. Igualmente me gustar\u00eda hacer un posdoctorado, pero ya m\u00e1s tranquila con lo alcanzado\u201d, Dra. <strong>Debbie \u00c1lvarez Cruces <\/strong>de la Universidad Cat\u00f3lica de la Sant\u00edsima Concepci\u00f3n.<\/p>\n<p>\u201cHab\u00eda estudiado ingenier\u00eda antes, algo m\u00e1s bien t\u00e9cnico, y luego comenc\u00e9 hacer clases y me interes\u00f3 perfeccionarme y ah\u00ed apareci\u00f3 la posibilidad de realizar este doctorado, que me entrega mayores herramientas para poder trabajar en formaci\u00f3n acad\u00e9mica. Sin duda muy feliz por lo alcanzado y contento de haber concluido este doctorado\u201d, Dr. <strong>Luis D\u00edaz Perquez<\/strong>, de la Universidad Cat\u00f3lica del Maule.<strong>\u00a0<\/strong><\/p>\n<p>\u201cMuy contenta de haber vivido y pasado este proceso de formaci\u00f3n, agradecida de las herramientas que me entrega el programa de doctorado. Fueron cuatro a\u00f1os maravillosos, una de mis mejores experiencias acad\u00e9micas, quiz\u00e1s por estar uno en una etapa m\u00e1s madura donde puede valorar y aprovechar todo lo ense\u00f1ado\u201d, Dra. <strong>Ver\u00f3nica L\u00f3pez L\u00f3pez, <\/strong>de la Universidad del B\u00edo-B\u00edo.<\/p>\n<p>\u201cEstoy muy agradecida de este programa, de las competencias entregadas. Esto me ha permitido abrir mi campo laboral. Se aprecia que el programa fue preparado con alto est\u00e1ndar, de excelencia. Esto me permitir\u00e1 aplicar mis conocimientos aprendidos en el lugar donde me desempe\u00f1o\u201d, Dra.<strong> Viviana Zapata Zapata<\/strong> de la Universidad Cat\u00f3lica de Temuco.<\/p>\n<p><strong>Graduadas y graduados <\/strong><\/p>\n<p>De la Universidad Cat\u00f3lica de la Sant\u00edsima Concepci\u00f3n se graduaron: Dra. Debbie Jeinnisse \u00c1lvarez Cruces, Enfermera de profesi\u00f3n; Dra. Gissela Macarena Lozano Pe\u00f1a, Profesora de Pedagog\u00eda en Idioma Extranjero; Dra. Consuelo Fernanda Manosalba Torres, Profesora de Educaci\u00f3n Diferencial con menci\u00f3n en trastornos espec\u00edficos del lenguaje; por compromisos fuera del pa\u00eds, recibe en su reemplazo la medalla y diploma, su t\u00eda, la Sra. Valentina Ceballos Godoy; Dra. Paola Andrea Pinilla Morales, Educadora de P\u00e1rvulos y Profesora de Educaci\u00f3n B\u00e1sica; Dra. Sindy Marisel Sagredo Ortiz, Profesora de Educaci\u00f3n Media en Lenguaje y Comunicaci\u00f3n; Dra. Claudia Cecilia Vaca Flores, Licenciada en Pedagog\u00eda en Humanidades: Lenguaje, Literatura, Historia y Filosof\u00eda; por encontrarse fuera del pa\u00eds, recibe en su reemplazo la medalla y diploma, el Dr. Marcelo Careaga Butter.<\/p>\n<p>De la Universidad Cat\u00f3lica del Maule se graduaron: Dra. Karina Andrea Carrasco Jeldres, Licenciada en Historia; Dr. Mamerto Luis D\u00edaz Perquez, Ingeniero de Ejecuci\u00f3n en Computaci\u00f3n e Inform\u00e1tica; Dra. Ang\u00e9lica P\u00eda Torrealba Campos, Profesora de Educaci\u00f3n F\u00edsica.<\/p>\n<p>De la Universidad Cat\u00f3lica de Temuco se graduaron: Dr. El\u00edas Alejandro Andrade Mansilla, Bi\u00f3logo en Gesti\u00f3n de Recursos Naturales; Dr. Rodrigo Fernando Lagos G\u00f3mez, Profesor de Educaci\u00f3n Media en Biolog\u00eda; Dra. Viviana Marcela Villarroel C\u00e1rdenas, Profesora de Educaci\u00f3n Media en Ciencias Naturales y Biolog\u00eda; Dra. Viviana Alejandra Zapata Zapata, Profesora de Educaci\u00f3n B\u00e1sica.<\/p>\n<p>De la Universidad del B\u00edo-B\u00edo se graduaron: Dr. Ren\u00e1n Adolfo Concha Zelada, Profesor de Educaci\u00f3n Media en Matem\u00e1tica; Dra. Carmen Ver\u00f3nica L\u00f3pez L\u00f3pez, Profesora en Pedagog\u00eda en Educaci\u00f3n Tecnol\u00f3gica; Dra. Nelly Michelle San Mart\u00edn Sepulveda, Profesora de Educaci\u00f3n General B\u00e1sica; Dra. Karina Raquel V\u00e1squez Burgos, Profesora de Educaci\u00f3n General B\u00e1sica menci\u00f3n Gesti\u00f3n Inclusiva; Dra. Evelyn Gladys Zagal Valenzuela, Profesora de Educaci\u00f3n B\u00e1sica.<\/p>\n<p>Fuente: VRIP Comunicaciones<\/p>\n<p>Nota relacionada: https:\/\/doctoradoeduconsorcio.cl\/category\/doctorado-en-educacion\/<\/p>\n<blockquote class=\"instagram-media\" style=\"background: #FFF; border: 0; border-radius: 3px; box-shadow: 0 0 1px 0 rgba(0,0,0,0.5),0 1px 10px 0 rgba(0,0,0,0.15); margin: 1px; max-width: 540px; min-width: 326px; padding: 0; width: calc(100% - 2px);\" data-instgrm-permalink=\"https:\/\/www.instagram.com\/reel\/DD0N6ICSnTT\/?utm_source=ig_embed&amp;utm_campaign=loading\" data-instgrm-version=\"14\">\n<div style=\"padding: 16px;\">\n<p>&nbsp;<\/p>\n<div style=\"display: flex; flex-direction: row; align-items: center;\">\n<div style=\"background-color: #f4f4f4; border-radius: 50%; flex-grow: 0; height: 40px; margin-right: 14px; width: 40px;\"><\/div>\n<div style=\"display: flex; flex-direction: column; flex-grow: 1; justify-content: center;\">\n<div style=\"background-color: #f4f4f4; border-radius: 4px; flex-grow: 0; height: 14px; margin-bottom: 6px; width: 100px;\"><\/div>\n<div style=\"background-color: #f4f4f4; border-radius: 4px; flex-grow: 0; height: 14px; width: 60px;\"><\/div>\n<\/div>\n<\/div>\n<div style=\"padding: 19% 0;\"><\/div>\n<div style=\"display: block; height: 50px; margin: 0 auto 12px; width: 50px;\"><\/div>\n<div style=\"padding-top: 8px;\">\n<div style=\"color: #3897f0; font-family: Arial,sans-serif; font-size: 14px; font-style: normal; font-weight: 550; line-height: 18px;\">Ver esta publicaci\u00f3n en Instagram<\/div>\n<\/div>\n<div style=\"padding: 12.5% 0;\"><\/div>\n<div style=\"display: flex; flex-direction: row; margin-bottom: 14px; align-items: center;\">\n<div>\n<div style=\"background-color: #f4f4f4; border-radius: 50%; height: 12.5px; width: 12.5px; transform: translateX(0px) translateY(7px);\"><\/div>\n<div style=\"background-color: #f4f4f4; height: 12.5px; transform: rotate(-45deg) translateX(3px) translateY(1px); width: 12.5px; flex-grow: 0; margin-right: 14px; margin-left: 2px;\"><\/div>\n<div style=\"background-color: #f4f4f4; border-radius: 50%; height: 12.5px; width: 12.5px; transform: translateX(9px) translateY(-18px);\"><\/div>\n<\/div>\n<div style=\"margin-left: 8px;\">\n<div style=\"background-color: #f4f4f4; border-radius: 50%; flex-grow: 0; height: 20px; width: 20px;\"><\/div>\n<div style=\"width: 0; height: 0; border-top: 2px solid transparent; border-left: 6px solid #f4f4f4; border-bottom: 2px solid transparent; transform: translateX(16px) translateY(-4px) rotate(30deg);\"><\/div>\n<\/div>\n<div style=\"margin-left: auto;\">\n<div style=\"width: 0px; border-top: 8px solid #F4F4F4; border-right: 8px solid transparent; transform: translateY(16px);\"><\/div>\n<div style=\"background-color: #f4f4f4; flex-grow: 0; height: 12px; width: 16px; transform: translateY(-4px);\"><\/div>\n<div style=\"width: 0; height: 0; border-top: 8px solid #F4F4F4; border-left: 8px solid transparent; transform: translateY(-4px) translateX(8px);\"><\/div>\n<\/div>\n<\/div>\n<div style=\"display: flex; flex-direction: column; flex-grow: 1; justify-content: center; margin-bottom: 24px;\">\n<div style=\"background-color: #f4f4f4; border-radius: 4px; flex-grow: 0; height: 14px; margin-bottom: 6px; width: 224px;\"><\/div>\n<div style=\"background-color: #f4f4f4; border-radius: 4px; flex-grow: 0; height: 14px; width: 144px;\"><\/div>\n<\/div>\n<p>&nbsp;<\/p>\n<p style=\"color: #c9c8cd; font-family: Arial,sans-serif; font-size: 14px; line-height: 17px; margin-bottom: 0; margin-top: 8px; overflow: hidden; padding: 8px 0 7px; text-align: center; text-overflow: ellipsis; white-space: nowrap;\"><a style=\"color: #c9c8cd; font-family: Arial,sans-serif; font-size: 14px; font-style: normal; font-weight: normal; line-height: 17px; text-decoration: none;\" href=\"https:\/\/www.instagram.com\/reel\/DD0N6ICSnTT\/?utm_source=ig_embed&amp;utm_campaign=loading\" target=\"_blank\" rel=\"noopener\">Una publicaci\u00f3n compartida por Investigaci\u00f3n &#8211; Innovaci\u00f3n &#8211; Postgrado UBB (@vrip_ubb)<\/a><\/p>\n<\/div>\n<\/blockquote>\n<p><script async src=\"\/\/www.instagram.com\/embed.js\"><\/script><\/p>\n","protected":false},"excerpt":{"rendered":"<p>El programa de Doctorado en Educaci\u00f3n en Consorcio impartido por la Universidad Cat\u00f3lica de la Sant\u00edsima Concepci\u00f3n, Universidad Cat\u00f3lica del Maule, Universidad Cat\u00f3lica de Temuco y la Universidad del B\u00edo\u2013B\u00edo gradu\u00f3 a una nueva generaci\u00f3n de doctores. En la oportunidad estuvieron presente los rectores de estas 4 instituciones, acompa\u00f1ados de vicerrectores\/as, directores\/as de postgrado y&#8230;<\/p>\n","protected":false},"author":1,"featured_media":48077,"comment_status":"open","ping_status":"open","sticky":false,"template":"","format":"standard","meta":{"_kadence_starter_templates_imported_post":false,"_kad_post_transparent":"default","_kad_post_title":"default","_kad_post_layout":"default","_kad_post_sidebar_id":"","_kad_post_content_style":"default","_kad_post_vertical_padding":"default","_kad_post_feature":"","_kad_post_feature_position":"","_kad_post_header":false,"_kad_post_footer":false,"footnotes":""},"categories":[3],"tags":[],"_links":{"self":[{"href":"https:\/\/vrip.ubiobio.cl\/inicio\/wp-json\/wp\/v2\/posts\/48075"}],"collection":[{"href":"https:\/\/vrip.ubiobio.cl\/inicio\/wp-json\/wp\/v2\/posts"}],"about":[{"href":"https:\/\/vrip.ubiobio.cl\/inicio\/wp-json\/wp\/v2\/types\/post"}],"author":[{"embeddable":true,"href":"https:\/\/vrip.ubiobio.cl\/inicio\/wp-json\/wp\/v2\/users\/1"}],"replies":[{"embeddable":true,"href":"https:\/\/vrip.ubiobio.cl\/inicio\/wp-json\/wp\/v2\/comments?post=48075"}],"version-history":[{"count":10,"href":"https:\/\/vrip.ubiobio.cl\/inicio\/wp-json\/wp\/v2\/posts\/48075\/revisions"}],"predecessor-version":[{"id":48186,"href":"https:\/\/vrip.ubiobio.cl\/inicio\/wp-json\/wp\/v2\/posts\/48075\/revisions\/48186"}],"wp:featuredmedia":[{"embeddable":true,"href":"https:\/\/vrip.ubiobio.cl\/inicio\/wp-json\/wp\/v2\/media\/48077"}],"wp:attachment":[{"href":"https:\/\/vrip.ubiobio.cl\/inicio\/wp-json\/wp\/v2\/media?parent=48075"}],"wp:term":[{"taxonomy":"category","embeddable":true,"href":"https:\/\/vrip.ubiobio.cl\/inicio\/wp-json\/wp\/v2\/categories?post=48075"},{"taxonomy":"post_tag","embeddable":true,"href":"https:\/\/vrip.ubiobio.cl\/inicio\/wp-json\/wp\/v2\/tags?post=48075"}],"curies":[{"name":"wp","href":"https:\/\/api.w.org\/{rel}","templated":true}]}}