{"id":46797,"date":"2024-10-07T13:45:18","date_gmt":"2024-10-07T13:45:18","guid":{"rendered":"https:\/\/vrip.ubiobio.cl\/inicio\/?p=46797"},"modified":"2024-10-16T16:54:08","modified_gmt":"2024-10-16T16:54:08","slug":"universidad-del-bio-bio-e-inmobiliaria-aconcagua-inauguran-la-primera-casa-impresa-3d-de-latinoamerica","status":"publish","type":"post","link":"https:\/\/vrip.ubiobio.cl\/inicio\/noticias\/universidad-del-bio-bio-e-inmobiliaria-aconcagua-inauguran-la-primera-casa-impresa-3d-de-latinoamerica\/","title":{"rendered":"Universidad del Bio-B\u00edo e Inmobiliaria Aconcagua inauguran la primera casa impresa 3D de Latinoam\u00e9rica"},"content":{"rendered":"<p><img fetchpriority=\"high\" decoding=\"async\" class=\"alignnone size-medium wp-image-46798\" src=\"https:\/\/vrip.ubiobio.cl\/wp-content\/uploads\/2024\/10\/DSC_6179-380x254.jpg\" alt=\"\" width=\"380\" height=\"254\" srcset=\"https:\/\/vrip.ubiobio.cl\/wp-content\/uploads\/2024\/10\/DSC_6179-380x254.jpg 380w, https:\/\/vrip.ubiobio.cl\/wp-content\/uploads\/2024\/10\/DSC_6179-1024x683.jpg 1024w, https:\/\/vrip.ubiobio.cl\/wp-content\/uploads\/2024\/10\/DSC_6179-768x513.jpg 768w, https:\/\/vrip.ubiobio.cl\/wp-content\/uploads\/2024\/10\/DSC_6179-391x260.jpg 391w, https:\/\/vrip.ubiobio.cl\/wp-content\/uploads\/2024\/10\/DSC_6179.jpg 1350w\" sizes=\"(max-width: 380px) 100vw, 380px\" \/> <img decoding=\"async\" class=\"alignnone size-medium wp-image-46799\" src=\"https:\/\/vrip.ubiobio.cl\/wp-content\/uploads\/2024\/10\/DSC_6240-380x254.jpg\" alt=\"\" width=\"380\" height=\"254\" srcset=\"https:\/\/vrip.ubiobio.cl\/wp-content\/uploads\/2024\/10\/DSC_6240-380x254.jpg 380w, https:\/\/vrip.ubiobio.cl\/wp-content\/uploads\/2024\/10\/DSC_6240-1024x683.jpg 1024w, https:\/\/vrip.ubiobio.cl\/wp-content\/uploads\/2024\/10\/DSC_6240-768x513.jpg 768w, https:\/\/vrip.ubiobio.cl\/wp-content\/uploads\/2024\/10\/DSC_6240-391x260.jpg 391w, https:\/\/vrip.ubiobio.cl\/wp-content\/uploads\/2024\/10\/DSC_6240.jpg 1341w\" sizes=\"(max-width: 380px) 100vw, 380px\" \/> <img decoding=\"async\" class=\"alignnone size-medium wp-image-46800\" src=\"https:\/\/vrip.ubiobio.cl\/wp-content\/uploads\/2024\/10\/DSC_6263-380x253.jpg\" alt=\"\" width=\"380\" height=\"253\" srcset=\"https:\/\/vrip.ubiobio.cl\/wp-content\/uploads\/2024\/10\/DSC_6263-380x253.jpg 380w, https:\/\/vrip.ubiobio.cl\/wp-content\/uploads\/2024\/10\/DSC_6263-1024x683.jpg 1024w, https:\/\/vrip.ubiobio.cl\/wp-content\/uploads\/2024\/10\/DSC_6263-768x512.jpg 768w, https:\/\/vrip.ubiobio.cl\/wp-content\/uploads\/2024\/10\/DSC_6263-391x260.jpg 391w, https:\/\/vrip.ubiobio.cl\/wp-content\/uploads\/2024\/10\/DSC_6263.jpg 1318w\" sizes=\"(max-width: 380px) 100vw, 380px\" \/> <img loading=\"lazy\" decoding=\"async\" class=\"alignnone size-medium wp-image-46801\" src=\"https:\/\/vrip.ubiobio.cl\/wp-content\/uploads\/2024\/10\/DSC_6331-380x253.jpg\" alt=\"\" width=\"380\" height=\"253\" srcset=\"https:\/\/vrip.ubiobio.cl\/wp-content\/uploads\/2024\/10\/DSC_6331-380x253.jpg 380w, https:\/\/vrip.ubiobio.cl\/wp-content\/uploads\/2024\/10\/DSC_6331-1024x683.jpg 1024w, https:\/\/vrip.ubiobio.cl\/wp-content\/uploads\/2024\/10\/DSC_6331-768x512.jpg 768w, https:\/\/vrip.ubiobio.cl\/wp-content\/uploads\/2024\/10\/DSC_6331-391x260.jpg 391w, https:\/\/vrip.ubiobio.cl\/wp-content\/uploads\/2024\/10\/DSC_6331.jpg 1236w\" sizes=\"(max-width: 380px) 100vw, 380px\" \/> <img loading=\"lazy\" decoding=\"async\" class=\"alignnone size-medium wp-image-46802\" src=\"https:\/\/vrip.ubiobio.cl\/wp-content\/uploads\/2024\/10\/DSC_6372-380x254.jpg\" alt=\"\" width=\"380\" height=\"254\" srcset=\"https:\/\/vrip.ubiobio.cl\/wp-content\/uploads\/2024\/10\/DSC_6372-380x254.jpg 380w, https:\/\/vrip.ubiobio.cl\/wp-content\/uploads\/2024\/10\/DSC_6372-1024x683.jpg 1024w, https:\/\/vrip.ubiobio.cl\/wp-content\/uploads\/2024\/10\/DSC_6372-768x513.jpg 768w, https:\/\/vrip.ubiobio.cl\/wp-content\/uploads\/2024\/10\/DSC_6372-391x260.jpg 391w, https:\/\/vrip.ubiobio.cl\/wp-content\/uploads\/2024\/10\/DSC_6372.jpg 1368w\" sizes=\"(max-width: 380px) 100vw, 380px\" \/> <img loading=\"lazy\" decoding=\"async\" class=\"alignnone size-medium wp-image-46804\" src=\"https:\/\/vrip.ubiobio.cl\/wp-content\/uploads\/2024\/10\/DSC_6455-380x254.jpg\" alt=\"\" width=\"380\" height=\"254\" srcset=\"https:\/\/vrip.ubiobio.cl\/wp-content\/uploads\/2024\/10\/DSC_6455-380x254.jpg 380w, https:\/\/vrip.ubiobio.cl\/wp-content\/uploads\/2024\/10\/DSC_6455-1024x683.jpg 1024w, https:\/\/vrip.ubiobio.cl\/wp-content\/uploads\/2024\/10\/DSC_6455-768x513.jpg 768w, https:\/\/vrip.ubiobio.cl\/wp-content\/uploads\/2024\/10\/DSC_6455-391x260.jpg 391w, https:\/\/vrip.ubiobio.cl\/wp-content\/uploads\/2024\/10\/DSC_6455.jpg 1287w\" sizes=\"(max-width: 380px) 100vw, 380px\" \/> <img loading=\"lazy\" decoding=\"async\" class=\"alignnone size-medium wp-image-46805\" src=\"https:\/\/vrip.ubiobio.cl\/wp-content\/uploads\/2024\/10\/DSC_6474-380x254.jpg\" alt=\"\" width=\"380\" height=\"254\" srcset=\"https:\/\/vrip.ubiobio.cl\/wp-content\/uploads\/2024\/10\/DSC_6474-380x254.jpg 380w, https:\/\/vrip.ubiobio.cl\/wp-content\/uploads\/2024\/10\/DSC_6474-1024x683.jpg 1024w, https:\/\/vrip.ubiobio.cl\/wp-content\/uploads\/2024\/10\/DSC_6474-768x512.jpg 768w, https:\/\/vrip.ubiobio.cl\/wp-content\/uploads\/2024\/10\/DSC_6474-391x260.jpg 391w, https:\/\/vrip.ubiobio.cl\/wp-content\/uploads\/2024\/10\/DSC_6474.jpg 1439w\" sizes=\"(max-width: 380px) 100vw, 380px\" \/> <img loading=\"lazy\" decoding=\"async\" class=\"alignnone size-medium wp-image-46806\" src=\"https:\/\/vrip.ubiobio.cl\/wp-content\/uploads\/2024\/10\/DSC_6483-380x254.jpg\" alt=\"\" width=\"380\" height=\"254\" srcset=\"https:\/\/vrip.ubiobio.cl\/wp-content\/uploads\/2024\/10\/DSC_6483-380x254.jpg 380w, https:\/\/vrip.ubiobio.cl\/wp-content\/uploads\/2024\/10\/DSC_6483-1024x683.jpg 1024w, https:\/\/vrip.ubiobio.cl\/wp-content\/uploads\/2024\/10\/DSC_6483-768x513.jpg 768w, https:\/\/vrip.ubiobio.cl\/wp-content\/uploads\/2024\/10\/DSC_6483-391x260.jpg 391w, https:\/\/vrip.ubiobio.cl\/wp-content\/uploads\/2024\/10\/DSC_6483.jpg 1407w\" sizes=\"(max-width: 380px) 100vw, 380px\" \/> <img loading=\"lazy\" decoding=\"async\" class=\"alignnone size-medium wp-image-46807\" src=\"https:\/\/vrip.ubiobio.cl\/wp-content\/uploads\/2024\/10\/DSC_6493-380x254.jpg\" alt=\"\" width=\"380\" height=\"254\" srcset=\"https:\/\/vrip.ubiobio.cl\/wp-content\/uploads\/2024\/10\/DSC_6493-380x254.jpg 380w, https:\/\/vrip.ubiobio.cl\/wp-content\/uploads\/2024\/10\/DSC_6493-1024x683.jpg 1024w, https:\/\/vrip.ubiobio.cl\/wp-content\/uploads\/2024\/10\/DSC_6493-768x513.jpg 768w, https:\/\/vrip.ubiobio.cl\/wp-content\/uploads\/2024\/10\/DSC_6493-391x260.jpg 391w, https:\/\/vrip.ubiobio.cl\/wp-content\/uploads\/2024\/10\/DSC_6493.jpg 1305w\" sizes=\"(max-width: 380px) 100vw, 380px\" \/> <img loading=\"lazy\" decoding=\"async\" class=\"alignnone size-medium wp-image-46808\" src=\"https:\/\/vrip.ubiobio.cl\/wp-content\/uploads\/2024\/10\/DSC_6505-380x254.jpg\" alt=\"\" width=\"380\" height=\"254\" srcset=\"https:\/\/vrip.ubiobio.cl\/wp-content\/uploads\/2024\/10\/DSC_6505-380x254.jpg 380w, https:\/\/vrip.ubiobio.cl\/wp-content\/uploads\/2024\/10\/DSC_6505-1024x684.jpg 1024w, https:\/\/vrip.ubiobio.cl\/wp-content\/uploads\/2024\/10\/DSC_6505-768x513.jpg 768w, https:\/\/vrip.ubiobio.cl\/wp-content\/uploads\/2024\/10\/DSC_6505-391x260.jpg 391w, https:\/\/vrip.ubiobio.cl\/wp-content\/uploads\/2024\/10\/DSC_6505.jpg 1382w\" sizes=\"(max-width: 380px) 100vw, 380px\" \/><\/p>\n<p><img loading=\"lazy\" decoding=\"async\" class=\"alignnone size-medium wp-image-47031\" src=\"https:\/\/vrip.ubiobio.cl\/wp-content\/uploads\/2024\/10\/Ultimas-Noticias-p_2024-10-16_pag19-297x380.jpg\" alt=\"\" width=\"297\" height=\"380\" srcset=\"https:\/\/vrip.ubiobio.cl\/wp-content\/uploads\/2024\/10\/Ultimas-Noticias-p_2024-10-16_pag19-297x380.jpg 297w, https:\/\/vrip.ubiobio.cl\/wp-content\/uploads\/2024\/10\/Ultimas-Noticias-p_2024-10-16_pag19-800x1024.jpg 800w, https:\/\/vrip.ubiobio.cl\/wp-content\/uploads\/2024\/10\/Ultimas-Noticias-p_2024-10-16_pag19-768x983.jpg 768w, https:\/\/vrip.ubiobio.cl\/wp-content\/uploads\/2024\/10\/Ultimas-Noticias-p_2024-10-16_pag19-1200x1536.jpg 1200w, https:\/\/vrip.ubiobio.cl\/wp-content\/uploads\/2024\/10\/Ultimas-Noticias-p_2024-10-16_pag19-1599x2048.jpg 1599w, https:\/\/vrip.ubiobio.cl\/wp-content\/uploads\/2024\/10\/Ultimas-Noticias-p_2024-10-16_pag19-scaled.jpg 1999w\" sizes=\"(max-width: 297px) 100vw, 297px\" \/><\/p>\n<p><em>Se trata del primer prototipo de este tipo de vivienda en Chile y en la regi\u00f3n, denominado \u201cCasa-Semilla\u201d que nace gracias a la colaboraci\u00f3n p\u00fablico-privada, <\/em><em>en Concepci\u00f3n, Regi\u00f3n del Biob\u00edo.<\/em><\/p>\n<div class=\"perfect-pullquote algo pullquote-align-left\"><blockquote><p>\u201ceste proyecto consolida el liderazgo de la UBB en investigaci\u00f3n y transferencia tecnol\u00f3gica en el \u00e1rea de la edificaci\u00f3n sustentable, nos prestigia como universidad estatal birregional y ratifica la excelencia de nuestro quehacer y servicio a la sociedad. El trabajo colaborativo con el sector privado nos demuestra, adem\u00e1s, que tenemos metas en com\u00fan y que juntos podemos cumplirlas. La confianza y la experiencia adquiridas deben ser la base para seguir promoviendo la introducci\u00f3n de nuevas tecnolog\u00edas y mejoras en un sector clave de la econom\u00eda nacional y regional\u201d, rector de la Universidad del B\u00edo-B\u00edo, Dr. Benito Uma\u00f1a Hermosilla.\u00a0<\/p><\/blockquote><\/div>\n<p>Este 4 de octubre de 2024 se inaugur\u00f3 en la ciudad de Concepci\u00f3n una innovadora propuesta con tecnolog\u00eda 3D. Se trata de Casa Semilla, la primera vivienda impresa en 3D del pa\u00eds y de Latinoam\u00e9rica, creada por el grupo de manufactura aditiva de la Universidad del B\u00edo-B\u00edo en un terreno de Inmobiliaria Aconcagua ubicado en Barrio Torreones, en Concepci\u00f3n.<\/p>\n<p>Se trata de un proyecto que prueba as\u00ed las capacidades constructivas y arquitect\u00f3nicas de esta innovadora tecnolog\u00eda, recientemente tra\u00edda a Chile y que marca un precedente en la era de la construcci\u00f3n a nivel regional y nacional.<\/p>\n<p>La directora nacional de la Agencia Nacional de Investigaci\u00f3n y Desarrollo, ANID, Alejandra Pizarro Guerrero, resalt\u00f3 esta iniciativa. \u201cSin duda, este es un d\u00eda muy especial, como parte de una instituci\u00f3n estatal que fortalece, promueve la investigaci\u00f3n a trav\u00e9s de instrumentos, y que orgullo ver como esta Universidad ha ido plasmando el compromiso, por su trabajo met\u00f3dico que hoy nos tiene hablando de este proyecto, la Casa Semilla. Donde nuestros investigadores e investigadoras que nos entregan soluciones que son fundamentales para nuestro pa\u00eds, como la necesidad de contar con nuevas viviendas, con materiales sustentables, y este proyecto avanza hacia ese objetivo, felicitaciones a todas las personas e instituciones involucradas\u201d.<\/p>\n<p>Igualmente, el seremi de Ciencia, Tecnolog\u00eda, Conocimiento e Innovaci\u00f3n, Dr. Gustavo N\u00fa\u00f1ez Acu\u00f1a. \u201cEste prototipo, Casa Semilla, permite validar que nuestra regi\u00f3n es una regi\u00f3n donde se hace ciencia e innovaci\u00f3n. Investigaci\u00f3n que apunta a responder a necesidades reales de nuestra regi\u00f3n y del pa\u00eds, y nos posiciona a la vanguardia a nivel latinoamericano, lo que me hace estar muy agradecido y orgulloso de estar ac\u00e1\u201d.<\/p>\n<p><strong>Construcci\u00f3n en 29 horas<\/strong><\/p>\n<p>La construcci\u00f3n de los muros de la casa \u2013indica el Dr. Rodrigo Garc\u00eda, codirector de esta iniciativa- se complet\u00f3 en un total de 29 horas y su instalaci\u00f3n demor\u00f3 dos ma\u00f1anas de trabajo, con una reducci\u00f3n sustancial del tiempo de construcci\u00f3n tradicional y un hito significativo en la introducci\u00f3n de la\u00a0construcci\u00f3n aditiva\u00a0del pa\u00eds, siendo una soluci\u00f3n innovadora y eficiente para abordar la demanda de viviendas y fortalecer la producci\u00f3n nacional a trav\u00e9s de nuevos dise\u00f1os y\u00a0tecnolog\u00edas constructivas\u00a0que permitir\u00e1n desarrollar edificaciones de manera r\u00e1pida, sustentable y vers\u00e1til, afirma el investigador UBB.<\/p>\n<p><strong>Una alianza entre la academia y la empresa privada<\/strong><strong>\u00a0 \u00a0<\/strong><\/p>\n<p>Para el rector de la Universidad del B\u00edo-B\u00edo, Dr. Benito Uma\u00f1a Hermosilla, \u201ceste proyecto consolida el liderazgo de la UBB en investigaci\u00f3n y transferencia tecnol\u00f3gica en el \u00e1rea de la edificaci\u00f3n sustentable, nos prestigia como universidad estatal birregional y ratifica la excelencia de nuestro quehacer y servicio a la sociedad. El trabajo colaborativo con el sector privado nos demuestra, adem\u00e1s, que tenemos metas en com\u00fan y que juntos podemos cumplirlas.\u00a0La confianza y la experiencia adquiridas deben ser la base para seguir promoviendo la introducci\u00f3n de nuevas tecnolog\u00edas y mejoras en un sector clave de la econom\u00eda nacional y regional\u201d.<\/p>\n<p>Asimismo, Mat\u00edas Stamm Moreno, gerente general de Inmobiliaria Aconcagua, empresa propietaria del terreno donde se emplaza \u201cCasa Semilla\u201d, destac\u00f3 el buen trabajo que se puede hacer en alianza acad\u00e9mica-empresa privada y la innovaci\u00f3n que implica esta iniciativa: \u00abComo inmobiliaria estamos muy orgullosos de ser parte de este innovador proyecto que hoy conocemos como Casa Semilla. No solo es una iniciativa pionera en Latinoam\u00e9rica y en Chile, sino que adem\u00e1s viene a redefinir la manera en que pensamos la vivienda. Nuestro aporte con el terreno en que hoy se emplaza esta primera vivienda 3D es parte del compromiso que tenemos con el pa\u00eds y con las personas para que accedan a soluciones habitacionales sostenibles. Felicitamos a la UBB por liderar este innovador proyecto que marca un paso importante hacia el futuro de la construcci\u00f3n eficiente y responsable en Chile\u00bb, puntualiz\u00f3 Stamm.<\/p>\n<p>El Subgerente T\u00e9cnico de Cementos Bio Bio, Sergio Vidal, subray\u00f3 la alianza p\u00fablico privada en esta iniciativa. \u201cDesde hace muchos a\u00f1os hemos construido una larga y estrecha relaci\u00f3n con la Universidad del B\u00edo-B\u00edo, nos hemos apoyado con profesionales de esta casa de estudios, hemos participado en diversos proyectos de I+D, logrando desarrollos notables para el pa\u00eds. Y hemos estado desde sus inicios en este proyecto de impresi\u00f3n aditiva 3D. Por lo tanto, esta inauguraci\u00f3n para nosotros es una transformaci\u00f3n y un sue\u00f1o que naci\u00f3 y se desarroll\u00f3 en esta casa de estudios y que hoy da su primer paso con esta Casa Semilla, que ayudar\u00e1 a la forma de construir en nuestro pa\u00eds\u201d.<\/p>\n<p>En tanto, la Vicerrectora de Investigaci\u00f3n y Postgrado, Dra. Ang\u00e9lica Caro Guti\u00e9rrez, enfatiz\u00f3 el aporte de los actores involucrados en esta tecnolog\u00eda: \u201cEste es un proyecto de\u00a0gran relevancia, que incluye la colaboraci\u00f3n de la Universidad del B\u00edo-B\u00edo y el sector privado en pro de fortalecer el desarrollo de la industria de la construcci\u00f3n en Chile. Es un aporte significativo para abordar el d\u00e9ficit habitacional, a trav\u00e9s de una apuesta innovadora como lo es la construcci\u00f3n usando impresi\u00f3n 3D.<\/p>\n<p>\u00abEl proyecto Casa Semilla es el resultado de m\u00e1s de seis a\u00f1os de experiencia institucional en construcci\u00f3n aditiva. Este proyecto pionero no solo combina capacidades multidisciplinarias, sino que tambi\u00e9n transforma los m\u00e9todos tradicionales de edificaci\u00f3n, abordando de manera efectiva los desaf\u00edos de calidad, productividad y sustentabilidad en Chile y Latinoam\u00e9rica\u201d, explic\u00f3 la directora de Investigaci\u00f3n y Creaci\u00f3n Art\u00edstica de la Universidad del B\u00edo-B\u00edo, Dra. Claudia Mu\u00f1oz Sanguinetti.<\/p>\n<p>\u201cCasa Semilla\u201d, es un prototipo de vivienda impresa fruto de los proyectos ANID Fondequip EQM 210225, Exploratorio 13220156 y Fondecyt 1221730, ejecutado por el Grupo de Manufactura Aditiva en la Construcci\u00f3n de la UBB, con la contribuci\u00f3n de estudiantes de pre y postgrado, quienes con sus trabajos de tesis favorecieron el \u00e9xito de esta presentaci\u00f3n. Adem\u00e1s de la colaboraci\u00f3n de las empresas participantes: Cementos Bio Bio, SIKA-Chile, Tienda MK, Ventanas Tehmco y Revestimientos Isolcork.<\/p>\n<p>La iniciativa estar\u00e1 abierta al p\u00fablico durante un a\u00f1o, ofreciendo una oportunidad \u00fanica para conocer de cerca las propiedades de esta revolucionaria tecnolog\u00eda que permitir\u00e1 explorar las nuevas tendencias en construcci\u00f3n. Para mayor informaci\u00f3n, ingresar al siguiente link: <a href=\"https:\/\/www.instagram.com\/grupo3dmacoubb\/\">https:\/\/www.instagram.com\/grupo3dmacoubb\/<\/a>.<\/p>\n<p>Fuente: VRIP Comunicaciones<\/p>\n<p><a href=\"https:\/\/www.biobiochile.cl\/noticias\/ciencia-y-tecnologia\/ciencia\/2024\/10\/07\/inauguran-en-chile-la-primera-casa-3d-de-latinoamerica-construir-sus-muros-tomo-solo-29-horas.shtml\">https:\/\/www.biobiochile.cl\/noticias\/ciencia-y-tecnologia\/ciencia\/2024\/10\/07\/inauguran-en-chile-la-primera-casa-3d-de-latinoamerica-construir-sus-muros-tomo-solo-29-horas.shtml<\/a><\/p>\n<p><a href=\"https:\/\/www.msn.com\/es-cl\/noticias\/other\/m%C3%A1s-de-un-d%C3%ADa-en-construcci%C3%B3n-y-un-mes-en-secado-as%C3%AD-es-la-primera-casa-impresa-100-en-3d-de-latinoam%C3%A9rica-creada-en-chile\/ar-AA1rIwfK?ocid=winp2fptaskbarhover&amp;cvid=53b4d10077a2432bb16d16018cf53be8&amp;ei=22\" target=\"_blank\" rel=\"noopener\" data-saferedirecturl=\"https:\/\/www.google.com\/url?q=https:\/\/www.msn.com\/es-cl\/noticias\/other\/m%25C3%25A1s-de-un-d%25C3%25ADa-en-construcci%25C3%25B3n-y-un-mes-en-secado-as%25C3%25AD-es-la-primera-casa-impresa-100-en-3d-de-latinoam%25C3%25A9rica-creada-en-chile\/ar-AA1rIwfK?ocid%3Dwinp2fptaskbarhover%26cvid%3D53b4d10077a2432bb16d16018cf53be8%26ei%3D22&amp;source=gmail&amp;ust=1728395836344000&amp;usg=AOvVaw38a8O6ZowFdeg_L3QPqfZD\">M\u00e1s de un d\u00eda en construcci\u00f3n y un mes en secado: as\u00ed es la primera casa impresa 100% en 3D de Latinoam\u00e9rica creada en Chile (msn.com)<\/a><\/p>\n<p><a href=\"https:\/\/www.24horas.cl\/tendencias\/tecnologia-y-ciencias\/casa-semilla-fotos-asi-es-la-primera-casa-impresa-3d-de-latinoamerica\">https:\/\/www.24horas.cl\/tendencias\/tecnologia-y-ciencias\/casa-semilla-fotos-asi-es-la-primera-casa-impresa-3d-de-latinoamerica<\/a><\/p>\n<p><a href=\"https:\/\/larepublica.pe\/mundo\/2024\/10\/04\/asi-luce-la-casa-semilla-la-primera-vivienda-impresa-en-3d-de-america-latina-se-necesito-29-horas-para-construir-sus-muros-75532\">https:\/\/larepublica.pe\/mundo\/2024\/10\/04\/asi-luce-la-casa-semilla-la-primera-vivienda-impresa-en-3d-de-america-latina-se-necesito-29-horas-para-construir-sus-muros-75532<\/a><\/p>\n<p><a href=\"https:\/\/sabes.cl\/2024\/10\/04\/hito-en-el-biobio-inauguran-la-primera-casa-impresa-en-3d-de-latinoamerica-en-concepcion\/\">https:\/\/sabes.cl\/2024\/10\/04\/hito-en-el-biobio-inauguran-la-primera-casa-impresa-en-3d-de-latinoamerica-en-concepcion\/<\/a><\/p>\n<p>&nbsp;<\/p>\n","protected":false},"excerpt":{"rendered":"<p>Se trata del primer prototipo de este tipo de vivienda en Chile y en la regi\u00f3n, denominado \u201cCasa-Semilla\u201d que nace gracias a la colaboraci\u00f3n p\u00fablico-privada, en Concepci\u00f3n, Regi\u00f3n del Biob\u00edo. Este 4 de octubre de 2024 se inaugur\u00f3 en la ciudad de Concepci\u00f3n una innovadora propuesta con tecnolog\u00eda 3D. Se trata de Casa Semilla, la&#8230;<\/p>\n","protected":false},"author":3,"featured_media":46803,"comment_status":"open","ping_status":"open","sticky":false,"template":"","format":"standard","meta":{"_kadence_starter_templates_imported_post":false,"_kad_post_transparent":"default","_kad_post_title":"default","_kad_post_layout":"default","_kad_post_sidebar_id":"","_kad_post_content_style":"default","_kad_post_vertical_padding":"default","_kad_post_feature":"","_kad_post_feature_position":"","_kad_post_header":false,"_kad_post_footer":false,"footnotes":""},"categories":[3],"tags":[],"class_list":["post-46797","post","type-post","status-publish","format-standard","has-post-thumbnail","hentry","category-noticias"],"yoast_head":"<!-- This site is optimized with the Yoast SEO plugin v27.5 - https:\/\/yoast.com\/product\/yoast-seo-wordpress\/ -->\n<title>Universidad del Bio-B\u00edo e Inmobiliaria Aconcagua inauguran la primera casa impresa 3D de Latinoam\u00e9rica - VRIP<\/title>\n<meta name=\"robots\" content=\"index, follow, max-snippet:-1, max-image-preview:large, max-video-preview:-1\" \/>\n<link rel=\"canonical\" href=\"https:\/\/vrip.ubiobio.cl\/inicio\/noticias\/universidad-del-bio-bio-e-inmobiliaria-aconcagua-inauguran-la-primera-casa-impresa-3d-de-latinoamerica\/\" \/>\n<meta property=\"og:locale\" content=\"es_ES\" \/>\n<meta property=\"og:type\" content=\"article\" \/>\n<meta property=\"og:title\" content=\"Universidad del Bio-B\u00edo e Inmobiliaria Aconcagua inauguran la primera casa impresa 3D de Latinoam\u00e9rica - VRIP\" \/>\n<meta property=\"og:description\" content=\"Se trata del primer prototipo de este tipo de vivienda en Chile y en la regi\u00f3n, denominado \u201cCasa-Semilla\u201d que nace gracias a la colaboraci\u00f3n p\u00fablico-privada, en Concepci\u00f3n, Regi\u00f3n del Biob\u00edo. Este 4 de octubre de 2024 se inaugur\u00f3 en la ciudad de Concepci\u00f3n una innovadora propuesta con tecnolog\u00eda 3D. Se trata de Casa Semilla, la...\" \/>\n<meta property=\"og:url\" content=\"https:\/\/vrip.ubiobio.cl\/inicio\/noticias\/universidad-del-bio-bio-e-inmobiliaria-aconcagua-inauguran-la-primera-casa-impresa-3d-de-latinoamerica\/\" \/>\n<meta property=\"og:site_name\" content=\"VRIP\" \/>\n<meta property=\"article:published_time\" content=\"2024-10-07T13:45:18+00:00\" \/>\n<meta property=\"article:modified_time\" content=\"2024-10-16T16:54:08+00:00\" \/>\n<meta property=\"og:image\" content=\"https:\/\/vrip.ubiobio.cl\/wp-content\/uploads\/2024\/10\/DSC_6414.jpg\" \/>\n\t<meta property=\"og:image:width\" content=\"1439\" \/>\n\t<meta property=\"og:image:height\" content=\"960\" \/>\n\t<meta property=\"og:image:type\" content=\"image\/jpeg\" \/>\n<meta name=\"author\" content=\"Dagoberto Perez\" \/>\n<meta name=\"twitter:card\" content=\"summary_large_image\" \/>\n<meta name=\"twitter:creator\" content=\"@vripubb\" \/>\n<meta name=\"twitter:site\" content=\"@vripubb\" \/>\n<meta name=\"twitter:label1\" content=\"Escrito por\" \/>\n\t<meta name=\"twitter:data1\" content=\"Dagoberto Perez\" \/>\n\t<meta name=\"twitter:label2\" content=\"Tiempo de lectura\" \/>\n\t<meta name=\"twitter:data2\" content=\"7 minutos\" \/>\n<script type=\"application\/ld+json\" class=\"yoast-schema-graph\">{\"@context\":\"https:\\\/\\\/schema.org\",\"@graph\":[{\"@type\":\"Article\",\"@id\":\"https:\\\/\\\/vrip.ubiobio.cl\\\/inicio\\\/noticias\\\/universidad-del-bio-bio-e-inmobiliaria-aconcagua-inauguran-la-primera-casa-impresa-3d-de-latinoamerica\\\/#article\",\"isPartOf\":{\"@id\":\"https:\\\/\\\/vrip.ubiobio.cl\\\/inicio\\\/noticias\\\/universidad-del-bio-bio-e-inmobiliaria-aconcagua-inauguran-la-primera-casa-impresa-3d-de-latinoamerica\\\/\"},\"author\":{\"name\":\"Dagoberto Perez\",\"@id\":\"https:\\\/\\\/vrip.ubiobio.cl\\\/inicio\\\/#\\\/schema\\\/person\\\/39f3cf67f158f0420b4eb8baa645a9c0\"},\"headline\":\"Universidad del Bio-B\u00edo e Inmobiliaria Aconcagua inauguran la primera casa impresa 3D de Latinoam\u00e9rica\",\"datePublished\":\"2024-10-07T13:45:18+00:00\",\"dateModified\":\"2024-10-16T16:54:08+00:00\",\"mainEntityOfPage\":{\"@id\":\"https:\\\/\\\/vrip.ubiobio.cl\\\/inicio\\\/noticias\\\/universidad-del-bio-bio-e-inmobiliaria-aconcagua-inauguran-la-primera-casa-impresa-3d-de-latinoamerica\\\/\"},\"wordCount\":1336,\"commentCount\":0,\"publisher\":{\"@id\":\"https:\\\/\\\/vrip.ubiobio.cl\\\/inicio\\\/#organization\"},\"image\":{\"@id\":\"https:\\\/\\\/vrip.ubiobio.cl\\\/inicio\\\/noticias\\\/universidad-del-bio-bio-e-inmobiliaria-aconcagua-inauguran-la-primera-casa-impresa-3d-de-latinoamerica\\\/#primaryimage\"},\"thumbnailUrl\":\"https:\\\/\\\/vrip.ubiobio.cl\\\/wp-content\\\/uploads\\\/2024\\\/10\\\/DSC_6414.jpg\",\"articleSection\":[\"Noticias\"],\"inLanguage\":\"es\",\"potentialAction\":[{\"@type\":\"CommentAction\",\"name\":\"Comment\",\"target\":[\"https:\\\/\\\/vrip.ubiobio.cl\\\/inicio\\\/noticias\\\/universidad-del-bio-bio-e-inmobiliaria-aconcagua-inauguran-la-primera-casa-impresa-3d-de-latinoamerica\\\/#respond\"]}]},{\"@type\":\"WebPage\",\"@id\":\"https:\\\/\\\/vrip.ubiobio.cl\\\/inicio\\\/noticias\\\/universidad-del-bio-bio-e-inmobiliaria-aconcagua-inauguran-la-primera-casa-impresa-3d-de-latinoamerica\\\/\",\"url\":\"https:\\\/\\\/vrip.ubiobio.cl\\\/inicio\\\/noticias\\\/universidad-del-bio-bio-e-inmobiliaria-aconcagua-inauguran-la-primera-casa-impresa-3d-de-latinoamerica\\\/\",\"name\":\"Universidad del Bio-B\u00edo e Inmobiliaria Aconcagua inauguran la primera casa impresa 3D de Latinoam\u00e9rica - VRIP\",\"isPartOf\":{\"@id\":\"https:\\\/\\\/vrip.ubiobio.cl\\\/inicio\\\/#website\"},\"primaryImageOfPage\":{\"@id\":\"https:\\\/\\\/vrip.ubiobio.cl\\\/inicio\\\/noticias\\\/universidad-del-bio-bio-e-inmobiliaria-aconcagua-inauguran-la-primera-casa-impresa-3d-de-latinoamerica\\\/#primaryimage\"},\"image\":{\"@id\":\"https:\\\/\\\/vrip.ubiobio.cl\\\/inicio\\\/noticias\\\/universidad-del-bio-bio-e-inmobiliaria-aconcagua-inauguran-la-primera-casa-impresa-3d-de-latinoamerica\\\/#primaryimage\"},\"thumbnailUrl\":\"https:\\\/\\\/vrip.ubiobio.cl\\\/wp-content\\\/uploads\\\/2024\\\/10\\\/DSC_6414.jpg\",\"datePublished\":\"2024-10-07T13:45:18+00:00\",\"dateModified\":\"2024-10-16T16:54:08+00:00\",\"breadcrumb\":{\"@id\":\"https:\\\/\\\/vrip.ubiobio.cl\\\/inicio\\\/noticias\\\/universidad-del-bio-bio-e-inmobiliaria-aconcagua-inauguran-la-primera-casa-impresa-3d-de-latinoamerica\\\/#breadcrumb\"},\"inLanguage\":\"es\",\"potentialAction\":[{\"@type\":\"ReadAction\",\"target\":[\"https:\\\/\\\/vrip.ubiobio.cl\\\/inicio\\\/noticias\\\/universidad-del-bio-bio-e-inmobiliaria-aconcagua-inauguran-la-primera-casa-impresa-3d-de-latinoamerica\\\/\"]}]},{\"@type\":\"ImageObject\",\"inLanguage\":\"es\",\"@id\":\"https:\\\/\\\/vrip.ubiobio.cl\\\/inicio\\\/noticias\\\/universidad-del-bio-bio-e-inmobiliaria-aconcagua-inauguran-la-primera-casa-impresa-3d-de-latinoamerica\\\/#primaryimage\",\"url\":\"https:\\\/\\\/vrip.ubiobio.cl\\\/wp-content\\\/uploads\\\/2024\\\/10\\\/DSC_6414.jpg\",\"contentUrl\":\"https:\\\/\\\/vrip.ubiobio.cl\\\/wp-content\\\/uploads\\\/2024\\\/10\\\/DSC_6414.jpg\",\"width\":1439,\"height\":960},{\"@type\":\"BreadcrumbList\",\"@id\":\"https:\\\/\\\/vrip.ubiobio.cl\\\/inicio\\\/noticias\\\/universidad-del-bio-bio-e-inmobiliaria-aconcagua-inauguran-la-primera-casa-impresa-3d-de-latinoamerica\\\/#breadcrumb\",\"itemListElement\":[{\"@type\":\"ListItem\",\"position\":1,\"name\":\"Portada\",\"item\":\"https:\\\/\\\/vrip.ubiobio.cl\\\/inicio\\\/\"},{\"@type\":\"ListItem\",\"position\":2,\"name\":\"Universidad del Bio-B\u00edo e Inmobiliaria Aconcagua inauguran la primera casa impresa 3D de Latinoam\u00e9rica\"}]},{\"@type\":\"WebSite\",\"@id\":\"https:\\\/\\\/vrip.ubiobio.cl\\\/inicio\\\/#website\",\"url\":\"https:\\\/\\\/vrip.ubiobio.cl\\\/inicio\\\/\",\"name\":\"VRIP\",\"description\":\"Vicerrector\u00eda de Investigaci\u00f3n y Postgrado\",\"publisher\":{\"@id\":\"https:\\\/\\\/vrip.ubiobio.cl\\\/inicio\\\/#organization\"},\"potentialAction\":[{\"@type\":\"SearchAction\",\"target\":{\"@type\":\"EntryPoint\",\"urlTemplate\":\"https:\\\/\\\/vrip.ubiobio.cl\\\/inicio\\\/?s={search_term_string}\"},\"query-input\":{\"@type\":\"PropertyValueSpecification\",\"valueRequired\":true,\"valueName\":\"search_term_string\"}}],\"inLanguage\":\"es\"},{\"@type\":\"Organization\",\"@id\":\"https:\\\/\\\/vrip.ubiobio.cl\\\/inicio\\\/#organization\",\"name\":\"VRIP\",\"url\":\"https:\\\/\\\/vrip.ubiobio.cl\\\/inicio\\\/\",\"logo\":{\"@type\":\"ImageObject\",\"inLanguage\":\"es\",\"@id\":\"https:\\\/\\\/vrip.ubiobio.cl\\\/inicio\\\/#\\\/schema\\\/logo\\\/image\\\/\",\"url\":\"https:\\\/\\\/vrip.ubiobio.cl\\\/wp-content\\\/uploads\\\/2022\\\/10\\\/logo-vrip_Mesa-de-trabajo-1.png\",\"contentUrl\":\"https:\\\/\\\/vrip.ubiobio.cl\\\/wp-content\\\/uploads\\\/2022\\\/10\\\/logo-vrip_Mesa-de-trabajo-1.png\",\"width\":642,\"height\":178,\"caption\":\"VRIP\"},\"image\":{\"@id\":\"https:\\\/\\\/vrip.ubiobio.cl\\\/inicio\\\/#\\\/schema\\\/logo\\\/image\\\/\"},\"sameAs\":[\"https:\\\/\\\/x.com\\\/vripubb\",\"https:\\\/\\\/www.instagram.com\\\/vrip_ubb\\\/\",\"https:\\\/\\\/www.youtube.com\\\/channel\\\/UCf7o8yHRJ7Y_QQLxwu1KQgA\",\"https:\\\/\\\/www.linkedin.com\\\/company\\\/96035097\\\/admin\\\/dashboard\\\/\"]},{\"@type\":\"Person\",\"@id\":\"https:\\\/\\\/vrip.ubiobio.cl\\\/inicio\\\/#\\\/schema\\\/person\\\/39f3cf67f158f0420b4eb8baa645a9c0\",\"name\":\"Dagoberto Perez\",\"image\":{\"@type\":\"ImageObject\",\"inLanguage\":\"es\",\"@id\":\"https:\\\/\\\/secure.gravatar.com\\\/avatar\\\/d16ec183e637d727e6c6574e3768aa439442611065e2b4f983793af8bb630edc?s=96&d=mm&r=g\",\"url\":\"https:\\\/\\\/secure.gravatar.com\\\/avatar\\\/d16ec183e637d727e6c6574e3768aa439442611065e2b4f983793af8bb630edc?s=96&d=mm&r=g\",\"contentUrl\":\"https:\\\/\\\/secure.gravatar.com\\\/avatar\\\/d16ec183e637d727e6c6574e3768aa439442611065e2b4f983793af8bb630edc?s=96&d=mm&r=g\",\"caption\":\"Dagoberto Perez\"},\"url\":\"https:\\\/\\\/vrip.ubiobio.cl\\\/inicio\\\/author\\\/dagoberto\\\/\"}]}<\/script>\n<!-- \/ Yoast SEO plugin. -->","yoast_head_json":{"title":"Universidad del Bio-B\u00edo e Inmobiliaria Aconcagua inauguran la primera casa impresa 3D de Latinoam\u00e9rica - VRIP","robots":{"index":"index","follow":"follow","max-snippet":"max-snippet:-1","max-image-preview":"max-image-preview:large","max-video-preview":"max-video-preview:-1"},"canonical":"https:\/\/vrip.ubiobio.cl\/inicio\/noticias\/universidad-del-bio-bio-e-inmobiliaria-aconcagua-inauguran-la-primera-casa-impresa-3d-de-latinoamerica\/","og_locale":"es_ES","og_type":"article","og_title":"Universidad del Bio-B\u00edo e Inmobiliaria Aconcagua inauguran la primera casa impresa 3D de Latinoam\u00e9rica - VRIP","og_description":"Se trata del primer prototipo de este tipo de vivienda en Chile y en la regi\u00f3n, denominado \u201cCasa-Semilla\u201d que nace gracias a la colaboraci\u00f3n p\u00fablico-privada, en Concepci\u00f3n, Regi\u00f3n del Biob\u00edo. Este 4 de octubre de 2024 se inaugur\u00f3 en la ciudad de Concepci\u00f3n una innovadora propuesta con tecnolog\u00eda 3D. Se trata de Casa Semilla, la...","og_url":"https:\/\/vrip.ubiobio.cl\/inicio\/noticias\/universidad-del-bio-bio-e-inmobiliaria-aconcagua-inauguran-la-primera-casa-impresa-3d-de-latinoamerica\/","og_site_name":"VRIP","article_published_time":"2024-10-07T13:45:18+00:00","article_modified_time":"2024-10-16T16:54:08+00:00","og_image":[{"width":1439,"height":960,"url":"https:\/\/vrip.ubiobio.cl\/wp-content\/uploads\/2024\/10\/DSC_6414.jpg","type":"image\/jpeg"}],"author":"Dagoberto Perez","twitter_card":"summary_large_image","twitter_creator":"@vripubb","twitter_site":"@vripubb","twitter_misc":{"Escrito por":"Dagoberto Perez","Tiempo de lectura":"7 minutos"},"schema":{"@context":"https:\/\/schema.org","@graph":[{"@type":"Article","@id":"https:\/\/vrip.ubiobio.cl\/inicio\/noticias\/universidad-del-bio-bio-e-inmobiliaria-aconcagua-inauguran-la-primera-casa-impresa-3d-de-latinoamerica\/#article","isPartOf":{"@id":"https:\/\/vrip.ubiobio.cl\/inicio\/noticias\/universidad-del-bio-bio-e-inmobiliaria-aconcagua-inauguran-la-primera-casa-impresa-3d-de-latinoamerica\/"},"author":{"name":"Dagoberto Perez","@id":"https:\/\/vrip.ubiobio.cl\/inicio\/#\/schema\/person\/39f3cf67f158f0420b4eb8baa645a9c0"},"headline":"Universidad del Bio-B\u00edo e Inmobiliaria Aconcagua inauguran la primera casa impresa 3D de Latinoam\u00e9rica","datePublished":"2024-10-07T13:45:18+00:00","dateModified":"2024-10-16T16:54:08+00:00","mainEntityOfPage":{"@id":"https:\/\/vrip.ubiobio.cl\/inicio\/noticias\/universidad-del-bio-bio-e-inmobiliaria-aconcagua-inauguran-la-primera-casa-impresa-3d-de-latinoamerica\/"},"wordCount":1336,"commentCount":0,"publisher":{"@id":"https:\/\/vrip.ubiobio.cl\/inicio\/#organization"},"image":{"@id":"https:\/\/vrip.ubiobio.cl\/inicio\/noticias\/universidad-del-bio-bio-e-inmobiliaria-aconcagua-inauguran-la-primera-casa-impresa-3d-de-latinoamerica\/#primaryimage"},"thumbnailUrl":"https:\/\/vrip.ubiobio.cl\/wp-content\/uploads\/2024\/10\/DSC_6414.jpg","articleSection":["Noticias"],"inLanguage":"es","potentialAction":[{"@type":"CommentAction","name":"Comment","target":["https:\/\/vrip.ubiobio.cl\/inicio\/noticias\/universidad-del-bio-bio-e-inmobiliaria-aconcagua-inauguran-la-primera-casa-impresa-3d-de-latinoamerica\/#respond"]}]},{"@type":"WebPage","@id":"https:\/\/vrip.ubiobio.cl\/inicio\/noticias\/universidad-del-bio-bio-e-inmobiliaria-aconcagua-inauguran-la-primera-casa-impresa-3d-de-latinoamerica\/","url":"https:\/\/vrip.ubiobio.cl\/inicio\/noticias\/universidad-del-bio-bio-e-inmobiliaria-aconcagua-inauguran-la-primera-casa-impresa-3d-de-latinoamerica\/","name":"Universidad del Bio-B\u00edo e Inmobiliaria Aconcagua inauguran la primera casa impresa 3D de Latinoam\u00e9rica - VRIP","isPartOf":{"@id":"https:\/\/vrip.ubiobio.cl\/inicio\/#website"},"primaryImageOfPage":{"@id":"https:\/\/vrip.ubiobio.cl\/inicio\/noticias\/universidad-del-bio-bio-e-inmobiliaria-aconcagua-inauguran-la-primera-casa-impresa-3d-de-latinoamerica\/#primaryimage"},"image":{"@id":"https:\/\/vrip.ubiobio.cl\/inicio\/noticias\/universidad-del-bio-bio-e-inmobiliaria-aconcagua-inauguran-la-primera-casa-impresa-3d-de-latinoamerica\/#primaryimage"},"thumbnailUrl":"https:\/\/vrip.ubiobio.cl\/wp-content\/uploads\/2024\/10\/DSC_6414.jpg","datePublished":"2024-10-07T13:45:18+00:00","dateModified":"2024-10-16T16:54:08+00:00","breadcrumb":{"@id":"https:\/\/vrip.ubiobio.cl\/inicio\/noticias\/universidad-del-bio-bio-e-inmobiliaria-aconcagua-inauguran-la-primera-casa-impresa-3d-de-latinoamerica\/#breadcrumb"},"inLanguage":"es","potentialAction":[{"@type":"ReadAction","target":["https:\/\/vrip.ubiobio.cl\/inicio\/noticias\/universidad-del-bio-bio-e-inmobiliaria-aconcagua-inauguran-la-primera-casa-impresa-3d-de-latinoamerica\/"]}]},{"@type":"ImageObject","inLanguage":"es","@id":"https:\/\/vrip.ubiobio.cl\/inicio\/noticias\/universidad-del-bio-bio-e-inmobiliaria-aconcagua-inauguran-la-primera-casa-impresa-3d-de-latinoamerica\/#primaryimage","url":"https:\/\/vrip.ubiobio.cl\/wp-content\/uploads\/2024\/10\/DSC_6414.jpg","contentUrl":"https:\/\/vrip.ubiobio.cl\/wp-content\/uploads\/2024\/10\/DSC_6414.jpg","width":1439,"height":960},{"@type":"BreadcrumbList","@id":"https:\/\/vrip.ubiobio.cl\/inicio\/noticias\/universidad-del-bio-bio-e-inmobiliaria-aconcagua-inauguran-la-primera-casa-impresa-3d-de-latinoamerica\/#breadcrumb","itemListElement":[{"@type":"ListItem","position":1,"name":"Portada","item":"https:\/\/vrip.ubiobio.cl\/inicio\/"},{"@type":"ListItem","position":2,"name":"Universidad del Bio-B\u00edo e Inmobiliaria Aconcagua inauguran la primera casa impresa 3D de Latinoam\u00e9rica"}]},{"@type":"WebSite","@id":"https:\/\/vrip.ubiobio.cl\/inicio\/#website","url":"https:\/\/vrip.ubiobio.cl\/inicio\/","name":"VRIP","description":"Vicerrector\u00eda de Investigaci\u00f3n y Postgrado","publisher":{"@id":"https:\/\/vrip.ubiobio.cl\/inicio\/#organization"},"potentialAction":[{"@type":"SearchAction","target":{"@type":"EntryPoint","urlTemplate":"https:\/\/vrip.ubiobio.cl\/inicio\/?s={search_term_string}"},"query-input":{"@type":"PropertyValueSpecification","valueRequired":true,"valueName":"search_term_string"}}],"inLanguage":"es"},{"@type":"Organization","@id":"https:\/\/vrip.ubiobio.cl\/inicio\/#organization","name":"VRIP","url":"https:\/\/vrip.ubiobio.cl\/inicio\/","logo":{"@type":"ImageObject","inLanguage":"es","@id":"https:\/\/vrip.ubiobio.cl\/inicio\/#\/schema\/logo\/image\/","url":"https:\/\/vrip.ubiobio.cl\/wp-content\/uploads\/2022\/10\/logo-vrip_Mesa-de-trabajo-1.png","contentUrl":"https:\/\/vrip.ubiobio.cl\/wp-content\/uploads\/2022\/10\/logo-vrip_Mesa-de-trabajo-1.png","width":642,"height":178,"caption":"VRIP"},"image":{"@id":"https:\/\/vrip.ubiobio.cl\/inicio\/#\/schema\/logo\/image\/"},"sameAs":["https:\/\/x.com\/vripubb","https:\/\/www.instagram.com\/vrip_ubb\/","https:\/\/www.youtube.com\/channel\/UCf7o8yHRJ7Y_QQLxwu1KQgA","https:\/\/www.linkedin.com\/company\/96035097\/admin\/dashboard\/"]},{"@type":"Person","@id":"https:\/\/vrip.ubiobio.cl\/inicio\/#\/schema\/person\/39f3cf67f158f0420b4eb8baa645a9c0","name":"Dagoberto Perez","image":{"@type":"ImageObject","inLanguage":"es","@id":"https:\/\/secure.gravatar.com\/avatar\/d16ec183e637d727e6c6574e3768aa439442611065e2b4f983793af8bb630edc?s=96&d=mm&r=g","url":"https:\/\/secure.gravatar.com\/avatar\/d16ec183e637d727e6c6574e3768aa439442611065e2b4f983793af8bb630edc?s=96&d=mm&r=g","contentUrl":"https:\/\/secure.gravatar.com\/avatar\/d16ec183e637d727e6c6574e3768aa439442611065e2b4f983793af8bb630edc?s=96&d=mm&r=g","caption":"Dagoberto Perez"},"url":"https:\/\/vrip.ubiobio.cl\/inicio\/author\/dagoberto\/"}]}},"_links":{"self":[{"href":"https:\/\/vrip.ubiobio.cl\/inicio\/wp-json\/wp\/v2\/posts\/46797","targetHints":{"allow":["GET"]}}],"collection":[{"href":"https:\/\/vrip.ubiobio.cl\/inicio\/wp-json\/wp\/v2\/posts"}],"about":[{"href":"https:\/\/vrip.ubiobio.cl\/inicio\/wp-json\/wp\/v2\/types\/post"}],"author":[{"embeddable":true,"href":"https:\/\/vrip.ubiobio.cl\/inicio\/wp-json\/wp\/v2\/users\/3"}],"replies":[{"embeddable":true,"href":"https:\/\/vrip.ubiobio.cl\/inicio\/wp-json\/wp\/v2\/comments?post=46797"}],"version-history":[{"count":7,"href":"https:\/\/vrip.ubiobio.cl\/inicio\/wp-json\/wp\/v2\/posts\/46797\/revisions"}],"predecessor-version":[{"id":47032,"href":"https:\/\/vrip.ubiobio.cl\/inicio\/wp-json\/wp\/v2\/posts\/46797\/revisions\/47032"}],"wp:featuredmedia":[{"embeddable":true,"href":"https:\/\/vrip.ubiobio.cl\/inicio\/wp-json\/wp\/v2\/media\/46803"}],"wp:attachment":[{"href":"https:\/\/vrip.ubiobio.cl\/inicio\/wp-json\/wp\/v2\/media?parent=46797"}],"wp:term":[{"taxonomy":"category","embeddable":true,"href":"https:\/\/vrip.ubiobio.cl\/inicio\/wp-json\/wp\/v2\/categories?post=46797"},{"taxonomy":"post_tag","embeddable":true,"href":"https:\/\/vrip.ubiobio.cl\/inicio\/wp-json\/wp\/v2\/tags?post=46797"}],"curies":[{"name":"wp","href":"https:\/\/api.w.org\/{rel}","templated":true}]}}