{"id":45536,"date":"2024-07-12T20:31:41","date_gmt":"2024-07-12T20:31:41","guid":{"rendered":"https:\/\/vrip.ubiobio.cl\/inicio\/?p=45536"},"modified":"2024-07-12T20:31:41","modified_gmt":"2024-07-12T20:31:41","slug":"estudiante-del-dimpros-ubb-obtuvo-beca-internacional-auip-de-movilidad-academica","status":"publish","type":"post","link":"https:\/\/vrip.ubiobio.cl\/inicio\/noticias\/estudiante-del-dimpros-ubb-obtuvo-beca-internacional-auip-de-movilidad-academica\/","title":{"rendered":"Estudiante del DIMPROS UBB obtuvo Beca Internacional AUIP de Movilidad Acad\u00e9mica"},"content":{"rendered":"<p><em>Se trata de Kevin Fern\u00e1ndez Andrade, ecuatoriano, estudiante del Doctorado en Ingenier\u00eda de Materiales y Procesos Sustentables, DIMPROS, que imparte la Universidad del B\u00edo-B\u00edo, quien se adjudic\u00f3 la Beca Internacional de la <\/em><em>Asociaci\u00f3n Universitaria Iberoamericana de Postgrado (AUIP), para realizar una pasant\u00eda en la Universidad de C\u00f3rdoba-Espa\u00f1a durante los meses de septiembre a octubre del presente a\u00f1o. <\/em><\/p>\n<div class=\"perfect-pullquote algo pullquote-align-left\"><blockquote><p>\u00abSin duda, esto aflora un sentimiento de gran alegr\u00eda, pero tambi\u00e9n de mucha responsabilidad por lo que conlleva hacer una instancia internacional tanto para m\u00ed como individuo, como para el grupo de investigaci\u00f3n y la Universidad del B\u00edo-B\u00edo\u201d, resalta el estudiante del Doctorado en Ingenier\u00eda de Materiales y Procesos Sustentables, DIMPROS.<\/p><\/blockquote><\/div>\n<p>Dentro del grupo de investigaci\u00f3n del Laboratorio de Cromatograf\u00eda Gaseosa y Pir\u00f3lisis Anal\u00edtica (LCGPA) liderado por el profesor Serguei Alejandro, -destaca Kevin Fern\u00e1ndez- siempre estamos al tanto de las posibilidades de financiamiento, ya sea para estancias, asistencia a congresos o para el desarrollo de investigaci\u00f3n. En este caso particular, el profesor comparti\u00f3 la convocatoria de la Asociaci\u00f3n Universitaria Iberoamericana de Postgrado (AUIP).<\/p>\n<p>Una vez que hizo la postulaci\u00f3n, Kevin, esper\u00f3 silenciosamente los resultados, y al saber que estaba entre los seleccionados, su primera reacci\u00f3n fue de una gran emoci\u00f3n al saber que estaba entre los ganadores de la beca. \u201cSin duda, esto aflora un sentimiento de gran alegr\u00eda, pero tambi\u00e9n de mucha responsabilidad por lo que conlleva hacer una instancia internacional tanto para m\u00ed como individuo, como para el grupo de investigaci\u00f3n y la Universidad del B\u00edo-B\u00edo\u201d, resalta el estudiante del Doctorado en Ingenier\u00eda de Materiales y Procesos Sustentables, DIMPROS.<\/p>\n<p>Esta gran noticia deb\u00eda ser compartida con su c\u00edrculo m\u00e1s cercano afectivamente, por eso se lo comunic\u00f3 a su hermano Alex, que es con qui\u00e9n est\u00e1 ac\u00e1 en Chile, luego con sus padres, su hermana y con su novia que est\u00e1n en Ecuador, as\u00ed como a sus profesores de ac\u00e1 en Chile.<\/p>\n<p>La relevancia de esta beca internacional no solo est\u00e1 en lo acad\u00e9mico, que, si bien es el objetivo central, tambi\u00e9n esta rodeada de una serie de circunstancias que aportan experiencia. Por eso, para Kevin esto se present\u00f3 como un nuevo desaf\u00edo en su carrera acad\u00e9mica y de perfeccionamiento. \u201cSiempre es un reto hacer estancias internacionales porque uno se enfrenta a culturas y formas diferentes de trabajar, pero eso es justamente lo que me permitir\u00e1 potenciar mi crecimiento acad\u00e9mico y profesional al tiempo que pueda lograr nuevas conexiones para futuras colaboraciones y aprender de los expertos en mi \u00e1rea\u201d.<\/p>\n<p><strong>Espa\u00f1a<\/strong><\/p>\n<p>La posibilidad de viajar a Espa\u00f1a para la realizaci\u00f3n de su beca, tiene a Kevin muy motivado, porque este pa\u00eds tiene una serie de ventajas que har\u00e1n de su estad\u00eda un espacio de constate aprendizaje y desaf\u00edos.<\/p>\n<p>La idea de hacer la estancia en Espa\u00f1a, -comenta Kevin- nace porque el grupo de investigaci\u00f3n Nanoqu\u00edmica y Valorizaci\u00f3n de Biomasa y Residuos (NANOVAL) de la Universidad de C\u00f3rdoba, Espa\u00f1a, es muy reconocido en el \u00e1rea de biorrefiner\u00edas y cuenta con tecnolog\u00edas complementarias a las que encuentra ac\u00e1.<\/p>\n<p>Adem\u00e1s, porque entre las bases del concurso expresa que, tanto la universidad de origen (UBB) como la universidad de destino, (Universidad de C\u00f3rdoba-Espa\u00f1a) deben estar asociadas a AUIP. De este modo, se vio como una gran oportunidad para interactuar con estos grupos reconocidos que est\u00e1n inmersos en la misma \u00e1rea de investigaci\u00f3n del Laboratorio de Cromatograf\u00eda Gaseosa y Pir\u00f3lisis Anal\u00edtica, LCGPA, de la Universidad del B\u00edo-B\u00edo.<\/p>\n<p>Tambi\u00e9n destaca Kevin Fern\u00e1ndez, lo mucho que puede aportar y complementar esta estad\u00eda en Espa\u00f1a con su formaci\u00f3n en el Doctorado de Ingenier\u00eda de Materiales y Procesos Sustentables, que actualmente cursa en la Universidad del B\u00edo-B\u00edo.\u00a0 \u201cParticularmente, la estancia de investigaci\u00f3n est\u00e1 encaminada al desarrollo de una serie de experimentos que permitir\u00e1n complementar los resultados de investigaci\u00f3n de mi tesis doctoral. Adem\u00e1s, me permitir\u00e1 divulgar el trabajo de nuestro grupo de investigaci\u00f3n, as\u00ed como adquirir nuevos conocimientos y consolidar los adquiridos durante el Doctorado en Ingenier\u00eda de Materiales y Procesos Sustentables\u201d.<\/p>\n<p><strong>Proyecci\u00f3n<\/strong><\/p>\n<p>La investigaci\u00f3n cient\u00edfica es lo que lo apasiona a Kevin, quien se visualiza profundizando a\u00fan m\u00e1s sus conocimientos aprendidos y tambi\u00e9n con la motivaci\u00f3n de poder entregar esos conocimientos a trav\u00e9s de la docencia.\u00a0 \u201cMe gustar\u00eda continuar investigando sobre biorrefiner\u00edas y cat\u00e1lisis aplicada, que son mis \u00e1reas de inter\u00e9s, as\u00ed como seguir participando en publicaciones cient\u00edficas y colaborando con otros profesores y grupos de investigaci\u00f3n. Tambi\u00e9n me gustar\u00eda continuar compartiendo mis conocimientos, a trav\u00e9s de la docencia, con futuros profesionales del \u00e1rea de la qu\u00edmica aplicada\u201d.<\/p>\n<p>Kevin Fern\u00e1ndez, recalca que lo aprendido en su doctorado que realiza en la Universidad del B\u00edo-B\u00edo, es una gran oportunidad para aprender y contribuir sobre tecnolog\u00edas sostenibles y sobre nuevos materiales. \u201cDado que el DIMPROS tiene un enfoque multidisciplinario que abarca diversas ramas de la ingenier\u00eda, considero que es una gran oportunidad para que los ingenieros aportemos con ese granito de arena en la consolidaci\u00f3n de la transferencia tecnol\u00f3gica entre la academia y la industria, adem\u00e1s de potenciar nuestras carreras profesionales y fortalecer nuestros conocimientos\u201d, finaliza.<\/p>\n<p><strong>DIMPROS UBB<\/strong><\/p>\n<p>El director del Doctorado en Ingenier\u00eda de Materiales y Procesos Sustentables, DIMPROS, que imparte la Universidad del B\u00edo-B\u00edo, Dr. Serguei Alejandro, comparte la alegr\u00eda del alumno Kevin Fern\u00e1ndez, por la adjudicaci\u00f3n de la beca de movilidad acad\u00e9mica internacional que ofrece AUIP. \u201cRealmente es muy gratificante e importante que el candidato a doctor Kevin Fern\u00e1ndez, haya logrado adjudicar esta beca, siendo uno de los tres estudiantes asociados a universidades chilenas que ganaron el beneficio. Por otro lado, esta ayuda en espec\u00edfico va asociada a la participaci\u00f3n en un congreso internacional y la realizaci\u00f3n de una pasant\u00eda en la Universidad de C\u00f3rdoba en Espa\u00f1a, ambas actividades asociadas a la realizaci\u00f3n de su tesis doctoral, la cual tengo la suerte de dirigir\u201d.<\/p>\n<p>El Dr. Serguei Alejandro, resalta la relevancia de hacer una pasant\u00eda en el extranjero. \u201cDurante la realizaci\u00f3n de pasant\u00edas acad\u00e9micas en el extranjero se acceden a una serie de beneficios asociados, como es el acceso a tecnolog\u00eda de punta que muchas veces no est\u00e1 disponible en Chile. Por otro lado, y no menos importante, se afianzan las bases para eventuales generaciones de redes de contacto con acad\u00e9micos y estudiantes de universidades extranjeras. Estas redes son un incentivo y oportunidad tangible para en el futuro poder postular a convenios de colaboraci\u00f3n y eventualmente a formaciones postdoctorales\u201d.<\/p>\n<p>El director de DIMPROS UBB asevera la importancia de que los alumnos puedan acceder a nuevas herramientas acad\u00e9micas en el extranjero. \u201cCon experiencias como la de Kevin, el DIMPROS consolida su presencia en el extranjero, eventualmente atrayendo estudiantes de instituciones visitadas, as\u00ed como intercambios con acad\u00e9micos de las mismas. De igual forma, es un incentivo para que otros estudiantes del mismo programa y de otros programas de la Universidad del B\u00edo-B\u00edo, puedan pensar en prepararse para tratar de aprovechar esta excelente oportunidad\u201d.<\/p>\n<p>La Asociaci\u00f3n Universitaria Iberoamericana de Postgrado (AUIP), a la que pertenece la Universidad del B\u00edo-B\u00edo, tiene como objetivo contribuir con criterio de alta calidad acad\u00e9mica a la formaci\u00f3n de profesores universitarios, cient\u00edficos y profesionales en el nivel de postgrado y doctorado, en funci\u00f3n de las necesidades de desarrollo de cada pa\u00eds y de la Comunidad Iberoamericana de Naciones.<\/p>\n<p>Foto: Izq\/Der: profesor Dr. Serguei Alejandro,\u00a0 Kevin Fern\u00e1ndez Andrade<\/p>\n<p>Fuente: VRIP Comunicaciones<\/p>\n","protected":false},"excerpt":{"rendered":"<p>Se trata de Kevin Fern\u00e1ndez Andrade, ecuatoriano, estudiante del Doctorado en Ingenier\u00eda de Materiales y Procesos Sustentables, DIMPROS, que imparte la Universidad del B\u00edo-B\u00edo, quien se adjudic\u00f3 la Beca Internacional de la Asociaci\u00f3n Universitaria Iberoamericana de Postgrado (AUIP), para realizar una pasant\u00eda en la Universidad de C\u00f3rdoba-Espa\u00f1a durante los meses de septiembre a octubre del&#8230;<\/p>\n","protected":false},"author":3,"featured_media":45539,"comment_status":"open","ping_status":"open","sticky":false,"template":"","format":"standard","meta":{"_kadence_starter_templates_imported_post":false,"_kad_post_transparent":"default","_kad_post_title":"default","_kad_post_layout":"default","_kad_post_sidebar_id":"","_kad_post_content_style":"default","_kad_post_vertical_padding":"default","_kad_post_feature":"","_kad_post_feature_position":"","_kad_post_header":false,"_kad_post_footer":false,"footnotes":""},"categories":[3],"tags":[],"class_list":["post-45536","post","type-post","status-publish","format-standard","has-post-thumbnail","hentry","category-noticias"],"yoast_head":"<!-- This site is optimized with the Yoast SEO plugin v27.5 - https:\/\/yoast.com\/product\/yoast-seo-wordpress\/ -->\n<title>Estudiante del DIMPROS UBB obtuvo Beca Internacional AUIP de Movilidad Acad\u00e9mica - VRIP<\/title>\n<meta name=\"robots\" content=\"index, follow, max-snippet:-1, max-image-preview:large, max-video-preview:-1\" \/>\n<link rel=\"canonical\" href=\"https:\/\/vrip.ubiobio.cl\/inicio\/noticias\/estudiante-del-dimpros-ubb-obtuvo-beca-internacional-auip-de-movilidad-academica\/\" \/>\n<meta property=\"og:locale\" content=\"es_ES\" \/>\n<meta property=\"og:type\" content=\"article\" \/>\n<meta property=\"og:title\" content=\"Estudiante del DIMPROS UBB obtuvo Beca Internacional AUIP de Movilidad Acad\u00e9mica - VRIP\" \/>\n<meta property=\"og:description\" content=\"Se trata de Kevin Fern\u00e1ndez Andrade, ecuatoriano, estudiante del Doctorado en Ingenier\u00eda de Materiales y Procesos Sustentables, DIMPROS, que imparte la Universidad del B\u00edo-B\u00edo, quien se adjudic\u00f3 la Beca Internacional de la Asociaci\u00f3n Universitaria Iberoamericana de Postgrado (AUIP), para realizar una pasant\u00eda en la Universidad de C\u00f3rdoba-Espa\u00f1a durante los meses de septiembre a octubre del...\" \/>\n<meta property=\"og:url\" content=\"https:\/\/vrip.ubiobio.cl\/inicio\/noticias\/estudiante-del-dimpros-ubb-obtuvo-beca-internacional-auip-de-movilidad-academica\/\" \/>\n<meta property=\"og:site_name\" content=\"VRIP\" \/>\n<meta property=\"article:published_time\" content=\"2024-07-12T20:31:41+00:00\" \/>\n<meta property=\"og:image\" content=\"https:\/\/vrip.ubiobio.cl\/wp-content\/uploads\/2024\/07\/portada1.jpg\" \/>\n\t<meta property=\"og:image:width\" content=\"1232\" \/>\n\t<meta property=\"og:image:height\" content=\"822\" \/>\n\t<meta property=\"og:image:type\" content=\"image\/jpeg\" \/>\n<meta name=\"author\" content=\"Dagoberto Perez\" \/>\n<meta name=\"twitter:card\" content=\"summary_large_image\" \/>\n<meta name=\"twitter:creator\" content=\"@vripubb\" \/>\n<meta name=\"twitter:site\" content=\"@vripubb\" \/>\n<meta name=\"twitter:label1\" content=\"Escrito por\" \/>\n\t<meta name=\"twitter:data1\" content=\"Dagoberto Perez\" \/>\n\t<meta name=\"twitter:label2\" content=\"Tiempo de lectura\" \/>\n\t<meta name=\"twitter:data2\" content=\"7 minutos\" \/>\n<script type=\"application\/ld+json\" class=\"yoast-schema-graph\">{\"@context\":\"https:\\\/\\\/schema.org\",\"@graph\":[{\"@type\":\"Article\",\"@id\":\"https:\\\/\\\/vrip.ubiobio.cl\\\/inicio\\\/noticias\\\/estudiante-del-dimpros-ubb-obtuvo-beca-internacional-auip-de-movilidad-academica\\\/#article\",\"isPartOf\":{\"@id\":\"https:\\\/\\\/vrip.ubiobio.cl\\\/inicio\\\/noticias\\\/estudiante-del-dimpros-ubb-obtuvo-beca-internacional-auip-de-movilidad-academica\\\/\"},\"author\":{\"name\":\"Dagoberto Perez\",\"@id\":\"https:\\\/\\\/vrip.ubiobio.cl\\\/inicio\\\/#\\\/schema\\\/person\\\/39f3cf67f158f0420b4eb8baa645a9c0\"},\"headline\":\"Estudiante del DIMPROS UBB obtuvo Beca Internacional AUIP de Movilidad Acad\u00e9mica\",\"datePublished\":\"2024-07-12T20:31:41+00:00\",\"mainEntityOfPage\":{\"@id\":\"https:\\\/\\\/vrip.ubiobio.cl\\\/inicio\\\/noticias\\\/estudiante-del-dimpros-ubb-obtuvo-beca-internacional-auip-de-movilidad-academica\\\/\"},\"wordCount\":1355,\"commentCount\":0,\"publisher\":{\"@id\":\"https:\\\/\\\/vrip.ubiobio.cl\\\/inicio\\\/#organization\"},\"image\":{\"@id\":\"https:\\\/\\\/vrip.ubiobio.cl\\\/inicio\\\/noticias\\\/estudiante-del-dimpros-ubb-obtuvo-beca-internacional-auip-de-movilidad-academica\\\/#primaryimage\"},\"thumbnailUrl\":\"https:\\\/\\\/vrip.ubiobio.cl\\\/wp-content\\\/uploads\\\/2024\\\/07\\\/portada1.jpg\",\"articleSection\":[\"Noticias\"],\"inLanguage\":\"es\",\"potentialAction\":[{\"@type\":\"CommentAction\",\"name\":\"Comment\",\"target\":[\"https:\\\/\\\/vrip.ubiobio.cl\\\/inicio\\\/noticias\\\/estudiante-del-dimpros-ubb-obtuvo-beca-internacional-auip-de-movilidad-academica\\\/#respond\"]}]},{\"@type\":\"WebPage\",\"@id\":\"https:\\\/\\\/vrip.ubiobio.cl\\\/inicio\\\/noticias\\\/estudiante-del-dimpros-ubb-obtuvo-beca-internacional-auip-de-movilidad-academica\\\/\",\"url\":\"https:\\\/\\\/vrip.ubiobio.cl\\\/inicio\\\/noticias\\\/estudiante-del-dimpros-ubb-obtuvo-beca-internacional-auip-de-movilidad-academica\\\/\",\"name\":\"Estudiante del DIMPROS UBB obtuvo Beca Internacional AUIP de Movilidad Acad\u00e9mica - VRIP\",\"isPartOf\":{\"@id\":\"https:\\\/\\\/vrip.ubiobio.cl\\\/inicio\\\/#website\"},\"primaryImageOfPage\":{\"@id\":\"https:\\\/\\\/vrip.ubiobio.cl\\\/inicio\\\/noticias\\\/estudiante-del-dimpros-ubb-obtuvo-beca-internacional-auip-de-movilidad-academica\\\/#primaryimage\"},\"image\":{\"@id\":\"https:\\\/\\\/vrip.ubiobio.cl\\\/inicio\\\/noticias\\\/estudiante-del-dimpros-ubb-obtuvo-beca-internacional-auip-de-movilidad-academica\\\/#primaryimage\"},\"thumbnailUrl\":\"https:\\\/\\\/vrip.ubiobio.cl\\\/wp-content\\\/uploads\\\/2024\\\/07\\\/portada1.jpg\",\"datePublished\":\"2024-07-12T20:31:41+00:00\",\"breadcrumb\":{\"@id\":\"https:\\\/\\\/vrip.ubiobio.cl\\\/inicio\\\/noticias\\\/estudiante-del-dimpros-ubb-obtuvo-beca-internacional-auip-de-movilidad-academica\\\/#breadcrumb\"},\"inLanguage\":\"es\",\"potentialAction\":[{\"@type\":\"ReadAction\",\"target\":[\"https:\\\/\\\/vrip.ubiobio.cl\\\/inicio\\\/noticias\\\/estudiante-del-dimpros-ubb-obtuvo-beca-internacional-auip-de-movilidad-academica\\\/\"]}]},{\"@type\":\"ImageObject\",\"inLanguage\":\"es\",\"@id\":\"https:\\\/\\\/vrip.ubiobio.cl\\\/inicio\\\/noticias\\\/estudiante-del-dimpros-ubb-obtuvo-beca-internacional-auip-de-movilidad-academica\\\/#primaryimage\",\"url\":\"https:\\\/\\\/vrip.ubiobio.cl\\\/wp-content\\\/uploads\\\/2024\\\/07\\\/portada1.jpg\",\"contentUrl\":\"https:\\\/\\\/vrip.ubiobio.cl\\\/wp-content\\\/uploads\\\/2024\\\/07\\\/portada1.jpg\",\"width\":1232,\"height\":822},{\"@type\":\"BreadcrumbList\",\"@id\":\"https:\\\/\\\/vrip.ubiobio.cl\\\/inicio\\\/noticias\\\/estudiante-del-dimpros-ubb-obtuvo-beca-internacional-auip-de-movilidad-academica\\\/#breadcrumb\",\"itemListElement\":[{\"@type\":\"ListItem\",\"position\":1,\"name\":\"Portada\",\"item\":\"https:\\\/\\\/vrip.ubiobio.cl\\\/inicio\\\/\"},{\"@type\":\"ListItem\",\"position\":2,\"name\":\"Estudiante del DIMPROS UBB obtuvo Beca Internacional AUIP de Movilidad Acad\u00e9mica\"}]},{\"@type\":\"WebSite\",\"@id\":\"https:\\\/\\\/vrip.ubiobio.cl\\\/inicio\\\/#website\",\"url\":\"https:\\\/\\\/vrip.ubiobio.cl\\\/inicio\\\/\",\"name\":\"VRIP\",\"description\":\"Vicerrector\u00eda de Investigaci\u00f3n y Postgrado\",\"publisher\":{\"@id\":\"https:\\\/\\\/vrip.ubiobio.cl\\\/inicio\\\/#organization\"},\"potentialAction\":[{\"@type\":\"SearchAction\",\"target\":{\"@type\":\"EntryPoint\",\"urlTemplate\":\"https:\\\/\\\/vrip.ubiobio.cl\\\/inicio\\\/?s={search_term_string}\"},\"query-input\":{\"@type\":\"PropertyValueSpecification\",\"valueRequired\":true,\"valueName\":\"search_term_string\"}}],\"inLanguage\":\"es\"},{\"@type\":\"Organization\",\"@id\":\"https:\\\/\\\/vrip.ubiobio.cl\\\/inicio\\\/#organization\",\"name\":\"VRIP\",\"url\":\"https:\\\/\\\/vrip.ubiobio.cl\\\/inicio\\\/\",\"logo\":{\"@type\":\"ImageObject\",\"inLanguage\":\"es\",\"@id\":\"https:\\\/\\\/vrip.ubiobio.cl\\\/inicio\\\/#\\\/schema\\\/logo\\\/image\\\/\",\"url\":\"https:\\\/\\\/vrip.ubiobio.cl\\\/wp-content\\\/uploads\\\/2022\\\/10\\\/logo-vrip_Mesa-de-trabajo-1.png\",\"contentUrl\":\"https:\\\/\\\/vrip.ubiobio.cl\\\/wp-content\\\/uploads\\\/2022\\\/10\\\/logo-vrip_Mesa-de-trabajo-1.png\",\"width\":642,\"height\":178,\"caption\":\"VRIP\"},\"image\":{\"@id\":\"https:\\\/\\\/vrip.ubiobio.cl\\\/inicio\\\/#\\\/schema\\\/logo\\\/image\\\/\"},\"sameAs\":[\"https:\\\/\\\/x.com\\\/vripubb\",\"https:\\\/\\\/www.instagram.com\\\/vrip_ubb\\\/\",\"https:\\\/\\\/www.youtube.com\\\/channel\\\/UCf7o8yHRJ7Y_QQLxwu1KQgA\",\"https:\\\/\\\/www.linkedin.com\\\/company\\\/96035097\\\/admin\\\/dashboard\\\/\"]},{\"@type\":\"Person\",\"@id\":\"https:\\\/\\\/vrip.ubiobio.cl\\\/inicio\\\/#\\\/schema\\\/person\\\/39f3cf67f158f0420b4eb8baa645a9c0\",\"name\":\"Dagoberto Perez\",\"image\":{\"@type\":\"ImageObject\",\"inLanguage\":\"es\",\"@id\":\"https:\\\/\\\/secure.gravatar.com\\\/avatar\\\/d16ec183e637d727e6c6574e3768aa439442611065e2b4f983793af8bb630edc?s=96&d=mm&r=g\",\"url\":\"https:\\\/\\\/secure.gravatar.com\\\/avatar\\\/d16ec183e637d727e6c6574e3768aa439442611065e2b4f983793af8bb630edc?s=96&d=mm&r=g\",\"contentUrl\":\"https:\\\/\\\/secure.gravatar.com\\\/avatar\\\/d16ec183e637d727e6c6574e3768aa439442611065e2b4f983793af8bb630edc?s=96&d=mm&r=g\",\"caption\":\"Dagoberto Perez\"},\"url\":\"https:\\\/\\\/vrip.ubiobio.cl\\\/inicio\\\/author\\\/dagoberto\\\/\"}]}<\/script>\n<!-- \/ Yoast SEO plugin. -->","yoast_head_json":{"title":"Estudiante del DIMPROS UBB obtuvo Beca Internacional AUIP de Movilidad Acad\u00e9mica - VRIP","robots":{"index":"index","follow":"follow","max-snippet":"max-snippet:-1","max-image-preview":"max-image-preview:large","max-video-preview":"max-video-preview:-1"},"canonical":"https:\/\/vrip.ubiobio.cl\/inicio\/noticias\/estudiante-del-dimpros-ubb-obtuvo-beca-internacional-auip-de-movilidad-academica\/","og_locale":"es_ES","og_type":"article","og_title":"Estudiante del DIMPROS UBB obtuvo Beca Internacional AUIP de Movilidad Acad\u00e9mica - VRIP","og_description":"Se trata de Kevin Fern\u00e1ndez Andrade, ecuatoriano, estudiante del Doctorado en Ingenier\u00eda de Materiales y Procesos Sustentables, DIMPROS, que imparte la Universidad del B\u00edo-B\u00edo, quien se adjudic\u00f3 la Beca Internacional de la Asociaci\u00f3n Universitaria Iberoamericana de Postgrado (AUIP), para realizar una pasant\u00eda en la Universidad de C\u00f3rdoba-Espa\u00f1a durante los meses de septiembre a octubre del...","og_url":"https:\/\/vrip.ubiobio.cl\/inicio\/noticias\/estudiante-del-dimpros-ubb-obtuvo-beca-internacional-auip-de-movilidad-academica\/","og_site_name":"VRIP","article_published_time":"2024-07-12T20:31:41+00:00","og_image":[{"width":1232,"height":822,"url":"https:\/\/vrip.ubiobio.cl\/wp-content\/uploads\/2024\/07\/portada1.jpg","type":"image\/jpeg"}],"author":"Dagoberto Perez","twitter_card":"summary_large_image","twitter_creator":"@vripubb","twitter_site":"@vripubb","twitter_misc":{"Escrito por":"Dagoberto Perez","Tiempo de lectura":"7 minutos"},"schema":{"@context":"https:\/\/schema.org","@graph":[{"@type":"Article","@id":"https:\/\/vrip.ubiobio.cl\/inicio\/noticias\/estudiante-del-dimpros-ubb-obtuvo-beca-internacional-auip-de-movilidad-academica\/#article","isPartOf":{"@id":"https:\/\/vrip.ubiobio.cl\/inicio\/noticias\/estudiante-del-dimpros-ubb-obtuvo-beca-internacional-auip-de-movilidad-academica\/"},"author":{"name":"Dagoberto Perez","@id":"https:\/\/vrip.ubiobio.cl\/inicio\/#\/schema\/person\/39f3cf67f158f0420b4eb8baa645a9c0"},"headline":"Estudiante del DIMPROS UBB obtuvo Beca Internacional AUIP de Movilidad Acad\u00e9mica","datePublished":"2024-07-12T20:31:41+00:00","mainEntityOfPage":{"@id":"https:\/\/vrip.ubiobio.cl\/inicio\/noticias\/estudiante-del-dimpros-ubb-obtuvo-beca-internacional-auip-de-movilidad-academica\/"},"wordCount":1355,"commentCount":0,"publisher":{"@id":"https:\/\/vrip.ubiobio.cl\/inicio\/#organization"},"image":{"@id":"https:\/\/vrip.ubiobio.cl\/inicio\/noticias\/estudiante-del-dimpros-ubb-obtuvo-beca-internacional-auip-de-movilidad-academica\/#primaryimage"},"thumbnailUrl":"https:\/\/vrip.ubiobio.cl\/wp-content\/uploads\/2024\/07\/portada1.jpg","articleSection":["Noticias"],"inLanguage":"es","potentialAction":[{"@type":"CommentAction","name":"Comment","target":["https:\/\/vrip.ubiobio.cl\/inicio\/noticias\/estudiante-del-dimpros-ubb-obtuvo-beca-internacional-auip-de-movilidad-academica\/#respond"]}]},{"@type":"WebPage","@id":"https:\/\/vrip.ubiobio.cl\/inicio\/noticias\/estudiante-del-dimpros-ubb-obtuvo-beca-internacional-auip-de-movilidad-academica\/","url":"https:\/\/vrip.ubiobio.cl\/inicio\/noticias\/estudiante-del-dimpros-ubb-obtuvo-beca-internacional-auip-de-movilidad-academica\/","name":"Estudiante del DIMPROS UBB obtuvo Beca Internacional AUIP de Movilidad Acad\u00e9mica - VRIP","isPartOf":{"@id":"https:\/\/vrip.ubiobio.cl\/inicio\/#website"},"primaryImageOfPage":{"@id":"https:\/\/vrip.ubiobio.cl\/inicio\/noticias\/estudiante-del-dimpros-ubb-obtuvo-beca-internacional-auip-de-movilidad-academica\/#primaryimage"},"image":{"@id":"https:\/\/vrip.ubiobio.cl\/inicio\/noticias\/estudiante-del-dimpros-ubb-obtuvo-beca-internacional-auip-de-movilidad-academica\/#primaryimage"},"thumbnailUrl":"https:\/\/vrip.ubiobio.cl\/wp-content\/uploads\/2024\/07\/portada1.jpg","datePublished":"2024-07-12T20:31:41+00:00","breadcrumb":{"@id":"https:\/\/vrip.ubiobio.cl\/inicio\/noticias\/estudiante-del-dimpros-ubb-obtuvo-beca-internacional-auip-de-movilidad-academica\/#breadcrumb"},"inLanguage":"es","potentialAction":[{"@type":"ReadAction","target":["https:\/\/vrip.ubiobio.cl\/inicio\/noticias\/estudiante-del-dimpros-ubb-obtuvo-beca-internacional-auip-de-movilidad-academica\/"]}]},{"@type":"ImageObject","inLanguage":"es","@id":"https:\/\/vrip.ubiobio.cl\/inicio\/noticias\/estudiante-del-dimpros-ubb-obtuvo-beca-internacional-auip-de-movilidad-academica\/#primaryimage","url":"https:\/\/vrip.ubiobio.cl\/wp-content\/uploads\/2024\/07\/portada1.jpg","contentUrl":"https:\/\/vrip.ubiobio.cl\/wp-content\/uploads\/2024\/07\/portada1.jpg","width":1232,"height":822},{"@type":"BreadcrumbList","@id":"https:\/\/vrip.ubiobio.cl\/inicio\/noticias\/estudiante-del-dimpros-ubb-obtuvo-beca-internacional-auip-de-movilidad-academica\/#breadcrumb","itemListElement":[{"@type":"ListItem","position":1,"name":"Portada","item":"https:\/\/vrip.ubiobio.cl\/inicio\/"},{"@type":"ListItem","position":2,"name":"Estudiante del DIMPROS UBB obtuvo Beca Internacional AUIP de Movilidad Acad\u00e9mica"}]},{"@type":"WebSite","@id":"https:\/\/vrip.ubiobio.cl\/inicio\/#website","url":"https:\/\/vrip.ubiobio.cl\/inicio\/","name":"VRIP","description":"Vicerrector\u00eda de Investigaci\u00f3n y Postgrado","publisher":{"@id":"https:\/\/vrip.ubiobio.cl\/inicio\/#organization"},"potentialAction":[{"@type":"SearchAction","target":{"@type":"EntryPoint","urlTemplate":"https:\/\/vrip.ubiobio.cl\/inicio\/?s={search_term_string}"},"query-input":{"@type":"PropertyValueSpecification","valueRequired":true,"valueName":"search_term_string"}}],"inLanguage":"es"},{"@type":"Organization","@id":"https:\/\/vrip.ubiobio.cl\/inicio\/#organization","name":"VRIP","url":"https:\/\/vrip.ubiobio.cl\/inicio\/","logo":{"@type":"ImageObject","inLanguage":"es","@id":"https:\/\/vrip.ubiobio.cl\/inicio\/#\/schema\/logo\/image\/","url":"https:\/\/vrip.ubiobio.cl\/wp-content\/uploads\/2022\/10\/logo-vrip_Mesa-de-trabajo-1.png","contentUrl":"https:\/\/vrip.ubiobio.cl\/wp-content\/uploads\/2022\/10\/logo-vrip_Mesa-de-trabajo-1.png","width":642,"height":178,"caption":"VRIP"},"image":{"@id":"https:\/\/vrip.ubiobio.cl\/inicio\/#\/schema\/logo\/image\/"},"sameAs":["https:\/\/x.com\/vripubb","https:\/\/www.instagram.com\/vrip_ubb\/","https:\/\/www.youtube.com\/channel\/UCf7o8yHRJ7Y_QQLxwu1KQgA","https:\/\/www.linkedin.com\/company\/96035097\/admin\/dashboard\/"]},{"@type":"Person","@id":"https:\/\/vrip.ubiobio.cl\/inicio\/#\/schema\/person\/39f3cf67f158f0420b4eb8baa645a9c0","name":"Dagoberto Perez","image":{"@type":"ImageObject","inLanguage":"es","@id":"https:\/\/secure.gravatar.com\/avatar\/d16ec183e637d727e6c6574e3768aa439442611065e2b4f983793af8bb630edc?s=96&d=mm&r=g","url":"https:\/\/secure.gravatar.com\/avatar\/d16ec183e637d727e6c6574e3768aa439442611065e2b4f983793af8bb630edc?s=96&d=mm&r=g","contentUrl":"https:\/\/secure.gravatar.com\/avatar\/d16ec183e637d727e6c6574e3768aa439442611065e2b4f983793af8bb630edc?s=96&d=mm&r=g","caption":"Dagoberto Perez"},"url":"https:\/\/vrip.ubiobio.cl\/inicio\/author\/dagoberto\/"}]}},"_links":{"self":[{"href":"https:\/\/vrip.ubiobio.cl\/inicio\/wp-json\/wp\/v2\/posts\/45536","targetHints":{"allow":["GET"]}}],"collection":[{"href":"https:\/\/vrip.ubiobio.cl\/inicio\/wp-json\/wp\/v2\/posts"}],"about":[{"href":"https:\/\/vrip.ubiobio.cl\/inicio\/wp-json\/wp\/v2\/types\/post"}],"author":[{"embeddable":true,"href":"https:\/\/vrip.ubiobio.cl\/inicio\/wp-json\/wp\/v2\/users\/3"}],"replies":[{"embeddable":true,"href":"https:\/\/vrip.ubiobio.cl\/inicio\/wp-json\/wp\/v2\/comments?post=45536"}],"version-history":[{"count":2,"href":"https:\/\/vrip.ubiobio.cl\/inicio\/wp-json\/wp\/v2\/posts\/45536\/revisions"}],"predecessor-version":[{"id":45540,"href":"https:\/\/vrip.ubiobio.cl\/inicio\/wp-json\/wp\/v2\/posts\/45536\/revisions\/45540"}],"wp:featuredmedia":[{"embeddable":true,"href":"https:\/\/vrip.ubiobio.cl\/inicio\/wp-json\/wp\/v2\/media\/45539"}],"wp:attachment":[{"href":"https:\/\/vrip.ubiobio.cl\/inicio\/wp-json\/wp\/v2\/media?parent=45536"}],"wp:term":[{"taxonomy":"category","embeddable":true,"href":"https:\/\/vrip.ubiobio.cl\/inicio\/wp-json\/wp\/v2\/categories?post=45536"},{"taxonomy":"post_tag","embeddable":true,"href":"https:\/\/vrip.ubiobio.cl\/inicio\/wp-json\/wp\/v2\/tags?post=45536"}],"curies":[{"name":"wp","href":"https:\/\/api.w.org\/{rel}","templated":true}]}}