{"id":45019,"date":"2024-05-30T21:18:35","date_gmt":"2024-05-30T21:18:35","guid":{"rendered":"https:\/\/vrip.ubiobio.cl\/inicio\/?p=45019"},"modified":"2024-06-03T13:10:47","modified_gmt":"2024-06-03T13:10:47","slug":"delegacion-asociada-al-programa-pdt-construye-nuble-conocen-equipamiento-tecnologico-ubb","status":"publish","type":"post","link":"https:\/\/vrip.ubiobio.cl\/inicio\/destacados\/delegacion-asociada-al-programa-pdt-construye-nuble-conocen-equipamiento-tecnologico-ubb\/","title":{"rendered":"Delegaci\u00f3n asociada al Programa PDT Construye \u00d1uble conocen equipamiento tecnol\u00f3gico UBB"},"content":{"rendered":"<p>&nbsp;<\/p>\n<div id='gallery-1' class='gallery galleryid-45019 gallery-columns-1 gallery-size-medium'><figure class='gallery-item'>\n\t\t\t<div class='gallery-icon landscape'>\n\t\t\t\t<a href='https:\/\/vrip.ubiobio.cl\/inicio\/destacados\/delegacion-asociada-al-programa-pdt-construye-nuble-conocen-equipamiento-tecnologico-ubb\/attachment\/img_9124\/'><img fetchpriority=\"high\" decoding=\"async\" width=\"380\" height=\"253\" src=\"https:\/\/vrip.ubiobio.cl\/wp-content\/uploads\/2024\/05\/IMG_9124-380x253.jpg\" class=\"attachment-medium size-medium\" alt=\"\" srcset=\"https:\/\/vrip.ubiobio.cl\/wp-content\/uploads\/2024\/05\/IMG_9124-380x253.jpg 380w, https:\/\/vrip.ubiobio.cl\/wp-content\/uploads\/2024\/05\/IMG_9124-1024x683.jpg 1024w, https:\/\/vrip.ubiobio.cl\/wp-content\/uploads\/2024\/05\/IMG_9124-768x512.jpg 768w, https:\/\/vrip.ubiobio.cl\/wp-content\/uploads\/2024\/05\/IMG_9124-391x260.jpg 391w, https:\/\/vrip.ubiobio.cl\/wp-content\/uploads\/2024\/05\/IMG_9124.jpg 1036w\" sizes=\"(max-width: 380px) 100vw, 380px\" \/><\/a>\n\t\t\t<\/div><\/figure><figure class='gallery-item'>\n\t\t\t<div class='gallery-icon landscape'>\n\t\t\t\t<a href='https:\/\/vrip.ubiobio.cl\/inicio\/destacados\/delegacion-asociada-al-programa-pdt-construye-nuble-conocen-equipamiento-tecnologico-ubb\/attachment\/img_9126\/'><img decoding=\"async\" width=\"380\" height=\"253\" src=\"https:\/\/vrip.ubiobio.cl\/wp-content\/uploads\/2024\/05\/IMG_9126-380x253.jpg\" class=\"attachment-medium size-medium\" alt=\"\" srcset=\"https:\/\/vrip.ubiobio.cl\/wp-content\/uploads\/2024\/05\/IMG_9126-380x253.jpg 380w, https:\/\/vrip.ubiobio.cl\/wp-content\/uploads\/2024\/05\/IMG_9126-1024x683.jpg 1024w, https:\/\/vrip.ubiobio.cl\/wp-content\/uploads\/2024\/05\/IMG_9126-768x512.jpg 768w, https:\/\/vrip.ubiobio.cl\/wp-content\/uploads\/2024\/05\/IMG_9126-391x260.jpg 391w, https:\/\/vrip.ubiobio.cl\/wp-content\/uploads\/2024\/05\/IMG_9126.jpg 1036w\" sizes=\"(max-width: 380px) 100vw, 380px\" \/><\/a>\n\t\t\t<\/div><\/figure><figure class='gallery-item'>\n\t\t\t<div class='gallery-icon landscape'>\n\t\t\t\t<a href='https:\/\/vrip.ubiobio.cl\/inicio\/destacados\/delegacion-asociada-al-programa-pdt-construye-nuble-conocen-equipamiento-tecnologico-ubb\/attachment\/img_9136\/'><img decoding=\"async\" width=\"380\" height=\"249\" src=\"https:\/\/vrip.ubiobio.cl\/wp-content\/uploads\/2024\/05\/IMG_9136-380x249.jpg\" class=\"attachment-medium size-medium\" alt=\"\" srcset=\"https:\/\/vrip.ubiobio.cl\/wp-content\/uploads\/2024\/05\/IMG_9136-380x249.jpg 380w, https:\/\/vrip.ubiobio.cl\/wp-content\/uploads\/2024\/05\/IMG_9136-768x504.jpg 768w, https:\/\/vrip.ubiobio.cl\/wp-content\/uploads\/2024\/05\/IMG_9136.jpg 850w\" sizes=\"(max-width: 380px) 100vw, 380px\" \/><\/a>\n\t\t\t<\/div><\/figure><figure class='gallery-item'>\n\t\t\t<div class='gallery-icon landscape'>\n\t\t\t\t<a href='https:\/\/vrip.ubiobio.cl\/inicio\/destacados\/delegacion-asociada-al-programa-pdt-construye-nuble-conocen-equipamiento-tecnologico-ubb\/attachment\/unnamed-1\/'><img loading=\"lazy\" decoding=\"async\" width=\"380\" height=\"285\" src=\"https:\/\/vrip.ubiobio.cl\/wp-content\/uploads\/2024\/05\/unnamed-1-380x285.jpg\" class=\"attachment-medium size-medium\" alt=\"\" srcset=\"https:\/\/vrip.ubiobio.cl\/wp-content\/uploads\/2024\/05\/unnamed-1-380x285.jpg 380w, https:\/\/vrip.ubiobio.cl\/wp-content\/uploads\/2024\/05\/unnamed-1-1024x768.jpg 1024w, https:\/\/vrip.ubiobio.cl\/wp-content\/uploads\/2024\/05\/unnamed-1-768x576.jpg 768w, https:\/\/vrip.ubiobio.cl\/wp-content\/uploads\/2024\/05\/unnamed-1.jpg 1209w\" sizes=\"(max-width: 380px) 100vw, 380px\" \/><\/a>\n\t\t\t<\/div><\/figure>\n\t\t<\/div>\n\n<p><em>La delegaci\u00f3n <\/em><em>visit\u00f3, este martes 28 de mayo, el Campus Concepci\u00f3n de la Universidad del B\u00edo-B\u00edo, para conocer diversos Centros y Laboratorios tecnol\u00f3gicos, <\/em><em>en el marco del <\/em><em>Programa de Difusi\u00f3n Tecnol\u00f3gica (PDT)\u00a0<strong>Construye \u00d1uble 4.0,<\/strong><strong>\u00a0<\/strong>impulsado por CTEC,\u00a0la CChC de \u00d1uble y la UBB. <\/em><\/p>\n<div class=\"perfect-pullquote algo pullquote-align-left\"><blockquote><p>\u201cAc\u00e1 en este modelo que hemos denominado el Ecosistema de Producci\u00f3n e Innovaci\u00f3n (Eco PI UBB) est\u00e1n todas las capacidades para producir innovaci\u00f3n cumpliendo todos sus procesos de maduraci\u00f3n y experimentaci\u00f3n desde TLR1 al TLR9, eso significa llegar con productos probados y certificados\u201d, asevera el investigador UBB, Dr. Bobadilla.<\/p><\/blockquote><\/div>\n<p>En la ocasi\u00f3n se realiz\u00f3 una inducci\u00f3n, para los visitantes, por parte del Dr. Ariel Bobadilla, director del Centro de Investigaci\u00f3n en Tecnolog\u00eda de la Construcci\u00f3n, CITEC, quien se\u00f1al\u00f3 en su presentaci\u00f3n que espera responder a dos preguntas, para qu\u00e9 sirve lo que voy a ver y c\u00f3mo se puede aprovechar esto. Para eso present\u00f3 lo que defini\u00f3 como Ecosistema de Producci\u00f3n e Innovaci\u00f3n (Eco PI UBB), que precis\u00f3 como un espacio para practicar, ejercitar la innovaci\u00f3n asociativa. Esto da cuenta de una visi\u00f3n sist\u00e9mica del conjunto de laboratorios, centros y unidades con los que cuenta la instituci\u00f3n y que sirven de soporte a la industria.<\/p>\n<p>\u201cAc\u00e1 en este modelo que hemos denominado el Ecosistema de Producci\u00f3n e Innovaci\u00f3n (Eco PI UBB) est\u00e1n todas las capacidades para producir innovaci\u00f3n cumpliendo todos sus procesos de maduraci\u00f3n y experimentaci\u00f3n desde TLR1 al TLR9, eso significa llegar con productos probados y certificados\u201d, asevera el investigador UBB, Dr. Bobadilla.<\/p>\n<p><strong>Visita<\/strong><\/p>\n<p>El recorrido consider\u00f3 las instalaciones del Laboratorio de Prototipado (PEPLab) y Laboratorios de Conformidad T\u00e9cnica, donde se pudo visualizar rutinas de operaci\u00f3n del equipamiento principal de las l\u00edneas de producci\u00f3n de madera y hormig\u00f3n: Robot Kuka, impresora 3D de hormig\u00f3n, Centro de Armado de Componentes y CNC Router. Por otro lado, se recorrieron los principales laboratorios de control t\u00e9cnico estructural, t\u00e9rmico, h\u00eddrico y ac\u00fastico, que permiten validar prototipos de productos y procesos.<\/p>\n<p>Tambi\u00e9n, la visita consider\u00f3 dos edificaciones emplazadas dentro del campus universitario. La primera, Vivienda ECOSIP, unidad habitacional social dise\u00f1ada para cumplir con los requerimientos normativos del DS49 y cuya estructura principal considera un nuevo sistema constructivo no tradicional, desarrollado a trav\u00e9s de un proyecto de I+D y que ya se encuentra inscrito en la DITEC-MINVU, y la segunda edificaci\u00f3n consisti\u00f3 en la TORRE PYMELAB, edificaci\u00f3n de 5 pisos, estructurada en base a paneles de CLT, con una piel exterior intercambiable que permite analizar impactos en la habitabilidad de los espacios producto del cambio de materialidad de dicha piel. Por otro lado, la torre se encuentra instrumentalizada, para efectos de hacer seguimiento al comportamiento estructural de la misma.<\/p>\n<p>El Programa de Difusi\u00f3n Tecnol\u00f3gica (PDT)\u00a0Construye \u00d1uble 4.0 busca transferir capacidades asociadas a la\u00a0Construcci\u00f3n\u00a0Industrializada (CI), Building Information Modelling (BIM) y Econom\u00eda Circular (EC), entre otros servicios.<\/p>\n<p><strong>Fuente: VRIP Comunicaciones <\/strong><\/p>\n","protected":false},"excerpt":{"rendered":"<p>&nbsp; La delegaci\u00f3n visit\u00f3, este martes 28 de mayo, el Campus Concepci\u00f3n de la Universidad del B\u00edo-B\u00edo, para conocer diversos Centros y Laboratorios tecnol\u00f3gicos, en el marco del Programa de Difusi\u00f3n Tecnol\u00f3gica (PDT)\u00a0Construye \u00d1uble 4.0,\u00a0impulsado por CTEC,\u00a0la CChC de \u00d1uble y la UBB. En la ocasi\u00f3n se realiz\u00f3 una inducci\u00f3n, para los visitantes, por parte&#8230;<\/p>\n","protected":false},"author":3,"featured_media":45055,"comment_status":"open","ping_status":"open","sticky":false,"template":"","format":"standard","meta":{"_kadence_starter_templates_imported_post":false,"_kad_post_transparent":"default","_kad_post_title":"default","_kad_post_layout":"default","_kad_post_sidebar_id":"","_kad_post_content_style":"default","_kad_post_vertical_padding":"default","_kad_post_feature":"","_kad_post_feature_position":"","_kad_post_header":false,"_kad_post_footer":false,"footnotes":""},"categories":[101],"tags":[],"class_list":["post-45019","post","type-post","status-publish","format-standard","has-post-thumbnail","hentry","category-destacados"],"yoast_head":"<!-- This site is optimized with the Yoast SEO plugin v27.5 - https:\/\/yoast.com\/product\/yoast-seo-wordpress\/ -->\n<title>Delegaci\u00f3n asociada al Programa PDT Construye \u00d1uble conocen equipamiento tecnol\u00f3gico UBB - VRIP<\/title>\n<meta name=\"robots\" content=\"index, follow, max-snippet:-1, max-image-preview:large, max-video-preview:-1\" \/>\n<link rel=\"canonical\" href=\"https:\/\/vrip.ubiobio.cl\/inicio\/destacados\/delegacion-asociada-al-programa-pdt-construye-nuble-conocen-equipamiento-tecnologico-ubb\/\" \/>\n<meta property=\"og:locale\" content=\"es_ES\" \/>\n<meta property=\"og:type\" content=\"article\" \/>\n<meta property=\"og:title\" content=\"Delegaci\u00f3n asociada al Programa PDT Construye \u00d1uble conocen equipamiento tecnol\u00f3gico UBB - VRIP\" \/>\n<meta property=\"og:description\" content=\"&nbsp; La delegaci\u00f3n visit\u00f3, este martes 28 de mayo, el Campus Concepci\u00f3n de la Universidad del B\u00edo-B\u00edo, para conocer diversos Centros y Laboratorios tecnol\u00f3gicos, en el marco del Programa de Difusi\u00f3n Tecnol\u00f3gica (PDT)\u00a0Construye \u00d1uble 4.0,\u00a0impulsado por CTEC,\u00a0la CChC de \u00d1uble y la UBB. En la ocasi\u00f3n se realiz\u00f3 una inducci\u00f3n, para los visitantes, por parte...\" \/>\n<meta property=\"og:url\" content=\"https:\/\/vrip.ubiobio.cl\/inicio\/destacados\/delegacion-asociada-al-programa-pdt-construye-nuble-conocen-equipamiento-tecnologico-ubb\/\" \/>\n<meta property=\"og:site_name\" content=\"VRIP\" \/>\n<meta property=\"article:published_time\" content=\"2024-05-30T21:18:35+00:00\" \/>\n<meta property=\"article:modified_time\" content=\"2024-06-03T13:10:47+00:00\" \/>\n<meta property=\"og:image\" content=\"https:\/\/vrip.ubiobio.cl\/wp-content\/uploads\/2024\/05\/IMG_9145_-scaled.jpg\" \/>\n\t<meta property=\"og:image:width\" content=\"2560\" \/>\n\t<meta property=\"og:image:height\" content=\"1991\" \/>\n\t<meta property=\"og:image:type\" content=\"image\/jpeg\" \/>\n<meta name=\"author\" content=\"Dagoberto Perez\" \/>\n<meta name=\"twitter:card\" content=\"summary_large_image\" \/>\n<meta name=\"twitter:creator\" content=\"@vripubb\" \/>\n<meta name=\"twitter:site\" content=\"@vripubb\" \/>\n<meta name=\"twitter:label1\" content=\"Escrito por\" \/>\n\t<meta name=\"twitter:data1\" content=\"Dagoberto Perez\" \/>\n\t<meta name=\"twitter:label2\" content=\"Tiempo de lectura\" \/>\n\t<meta name=\"twitter:data2\" content=\"3 minutos\" \/>\n<script type=\"application\/ld+json\" class=\"yoast-schema-graph\">{\"@context\":\"https:\\\/\\\/schema.org\",\"@graph\":[{\"@type\":\"Article\",\"@id\":\"https:\\\/\\\/vrip.ubiobio.cl\\\/inicio\\\/destacados\\\/delegacion-asociada-al-programa-pdt-construye-nuble-conocen-equipamiento-tecnologico-ubb\\\/#article\",\"isPartOf\":{\"@id\":\"https:\\\/\\\/vrip.ubiobio.cl\\\/inicio\\\/destacados\\\/delegacion-asociada-al-programa-pdt-construye-nuble-conocen-equipamiento-tecnologico-ubb\\\/\"},\"author\":{\"name\":\"Dagoberto Perez\",\"@id\":\"https:\\\/\\\/vrip.ubiobio.cl\\\/inicio\\\/#\\\/schema\\\/person\\\/39f3cf67f158f0420b4eb8baa645a9c0\"},\"headline\":\"Delegaci\u00f3n asociada al Programa PDT Construye \u00d1uble conocen equipamiento tecnol\u00f3gico UBB\",\"datePublished\":\"2024-05-30T21:18:35+00:00\",\"dateModified\":\"2024-06-03T13:10:47+00:00\",\"mainEntityOfPage\":{\"@id\":\"https:\\\/\\\/vrip.ubiobio.cl\\\/inicio\\\/destacados\\\/delegacion-asociada-al-programa-pdt-construye-nuble-conocen-equipamiento-tecnologico-ubb\\\/\"},\"wordCount\":548,\"commentCount\":0,\"publisher\":{\"@id\":\"https:\\\/\\\/vrip.ubiobio.cl\\\/inicio\\\/#organization\"},\"image\":{\"@id\":\"https:\\\/\\\/vrip.ubiobio.cl\\\/inicio\\\/destacados\\\/delegacion-asociada-al-programa-pdt-construye-nuble-conocen-equipamiento-tecnologico-ubb\\\/#primaryimage\"},\"thumbnailUrl\":\"https:\\\/\\\/vrip.ubiobio.cl\\\/wp-content\\\/uploads\\\/2024\\\/05\\\/IMG_9145_-scaled.jpg\",\"articleSection\":[\"Destacados\"],\"inLanguage\":\"es\",\"potentialAction\":[{\"@type\":\"CommentAction\",\"name\":\"Comment\",\"target\":[\"https:\\\/\\\/vrip.ubiobio.cl\\\/inicio\\\/destacados\\\/delegacion-asociada-al-programa-pdt-construye-nuble-conocen-equipamiento-tecnologico-ubb\\\/#respond\"]}]},{\"@type\":\"WebPage\",\"@id\":\"https:\\\/\\\/vrip.ubiobio.cl\\\/inicio\\\/destacados\\\/delegacion-asociada-al-programa-pdt-construye-nuble-conocen-equipamiento-tecnologico-ubb\\\/\",\"url\":\"https:\\\/\\\/vrip.ubiobio.cl\\\/inicio\\\/destacados\\\/delegacion-asociada-al-programa-pdt-construye-nuble-conocen-equipamiento-tecnologico-ubb\\\/\",\"name\":\"Delegaci\u00f3n asociada al Programa PDT Construye \u00d1uble conocen equipamiento tecnol\u00f3gico UBB - VRIP\",\"isPartOf\":{\"@id\":\"https:\\\/\\\/vrip.ubiobio.cl\\\/inicio\\\/#website\"},\"primaryImageOfPage\":{\"@id\":\"https:\\\/\\\/vrip.ubiobio.cl\\\/inicio\\\/destacados\\\/delegacion-asociada-al-programa-pdt-construye-nuble-conocen-equipamiento-tecnologico-ubb\\\/#primaryimage\"},\"image\":{\"@id\":\"https:\\\/\\\/vrip.ubiobio.cl\\\/inicio\\\/destacados\\\/delegacion-asociada-al-programa-pdt-construye-nuble-conocen-equipamiento-tecnologico-ubb\\\/#primaryimage\"},\"thumbnailUrl\":\"https:\\\/\\\/vrip.ubiobio.cl\\\/wp-content\\\/uploads\\\/2024\\\/05\\\/IMG_9145_-scaled.jpg\",\"datePublished\":\"2024-05-30T21:18:35+00:00\",\"dateModified\":\"2024-06-03T13:10:47+00:00\",\"breadcrumb\":{\"@id\":\"https:\\\/\\\/vrip.ubiobio.cl\\\/inicio\\\/destacados\\\/delegacion-asociada-al-programa-pdt-construye-nuble-conocen-equipamiento-tecnologico-ubb\\\/#breadcrumb\"},\"inLanguage\":\"es\",\"potentialAction\":[{\"@type\":\"ReadAction\",\"target\":[\"https:\\\/\\\/vrip.ubiobio.cl\\\/inicio\\\/destacados\\\/delegacion-asociada-al-programa-pdt-construye-nuble-conocen-equipamiento-tecnologico-ubb\\\/\"]}]},{\"@type\":\"ImageObject\",\"inLanguage\":\"es\",\"@id\":\"https:\\\/\\\/vrip.ubiobio.cl\\\/inicio\\\/destacados\\\/delegacion-asociada-al-programa-pdt-construye-nuble-conocen-equipamiento-tecnologico-ubb\\\/#primaryimage\",\"url\":\"https:\\\/\\\/vrip.ubiobio.cl\\\/wp-content\\\/uploads\\\/2024\\\/05\\\/IMG_9145_-scaled.jpg\",\"contentUrl\":\"https:\\\/\\\/vrip.ubiobio.cl\\\/wp-content\\\/uploads\\\/2024\\\/05\\\/IMG_9145_-scaled.jpg\",\"width\":2560,\"height\":1991},{\"@type\":\"BreadcrumbList\",\"@id\":\"https:\\\/\\\/vrip.ubiobio.cl\\\/inicio\\\/destacados\\\/delegacion-asociada-al-programa-pdt-construye-nuble-conocen-equipamiento-tecnologico-ubb\\\/#breadcrumb\",\"itemListElement\":[{\"@type\":\"ListItem\",\"position\":1,\"name\":\"Portada\",\"item\":\"https:\\\/\\\/vrip.ubiobio.cl\\\/inicio\\\/\"},{\"@type\":\"ListItem\",\"position\":2,\"name\":\"Delegaci\u00f3n asociada al Programa PDT Construye \u00d1uble conocen equipamiento tecnol\u00f3gico UBB\"}]},{\"@type\":\"WebSite\",\"@id\":\"https:\\\/\\\/vrip.ubiobio.cl\\\/inicio\\\/#website\",\"url\":\"https:\\\/\\\/vrip.ubiobio.cl\\\/inicio\\\/\",\"name\":\"VRIP\",\"description\":\"Vicerrector\u00eda de Investigaci\u00f3n y Postgrado\",\"publisher\":{\"@id\":\"https:\\\/\\\/vrip.ubiobio.cl\\\/inicio\\\/#organization\"},\"potentialAction\":[{\"@type\":\"SearchAction\",\"target\":{\"@type\":\"EntryPoint\",\"urlTemplate\":\"https:\\\/\\\/vrip.ubiobio.cl\\\/inicio\\\/?s={search_term_string}\"},\"query-input\":{\"@type\":\"PropertyValueSpecification\",\"valueRequired\":true,\"valueName\":\"search_term_string\"}}],\"inLanguage\":\"es\"},{\"@type\":\"Organization\",\"@id\":\"https:\\\/\\\/vrip.ubiobio.cl\\\/inicio\\\/#organization\",\"name\":\"VRIP\",\"url\":\"https:\\\/\\\/vrip.ubiobio.cl\\\/inicio\\\/\",\"logo\":{\"@type\":\"ImageObject\",\"inLanguage\":\"es\",\"@id\":\"https:\\\/\\\/vrip.ubiobio.cl\\\/inicio\\\/#\\\/schema\\\/logo\\\/image\\\/\",\"url\":\"https:\\\/\\\/vrip.ubiobio.cl\\\/wp-content\\\/uploads\\\/2022\\\/10\\\/logo-vrip_Mesa-de-trabajo-1.png\",\"contentUrl\":\"https:\\\/\\\/vrip.ubiobio.cl\\\/wp-content\\\/uploads\\\/2022\\\/10\\\/logo-vrip_Mesa-de-trabajo-1.png\",\"width\":642,\"height\":178,\"caption\":\"VRIP\"},\"image\":{\"@id\":\"https:\\\/\\\/vrip.ubiobio.cl\\\/inicio\\\/#\\\/schema\\\/logo\\\/image\\\/\"},\"sameAs\":[\"https:\\\/\\\/x.com\\\/vripubb\",\"https:\\\/\\\/www.instagram.com\\\/vrip_ubb\\\/\",\"https:\\\/\\\/www.youtube.com\\\/channel\\\/UCf7o8yHRJ7Y_QQLxwu1KQgA\",\"https:\\\/\\\/www.linkedin.com\\\/company\\\/96035097\\\/admin\\\/dashboard\\\/\"]},{\"@type\":\"Person\",\"@id\":\"https:\\\/\\\/vrip.ubiobio.cl\\\/inicio\\\/#\\\/schema\\\/person\\\/39f3cf67f158f0420b4eb8baa645a9c0\",\"name\":\"Dagoberto Perez\",\"image\":{\"@type\":\"ImageObject\",\"inLanguage\":\"es\",\"@id\":\"https:\\\/\\\/secure.gravatar.com\\\/avatar\\\/d16ec183e637d727e6c6574e3768aa439442611065e2b4f983793af8bb630edc?s=96&d=mm&r=g\",\"url\":\"https:\\\/\\\/secure.gravatar.com\\\/avatar\\\/d16ec183e637d727e6c6574e3768aa439442611065e2b4f983793af8bb630edc?s=96&d=mm&r=g\",\"contentUrl\":\"https:\\\/\\\/secure.gravatar.com\\\/avatar\\\/d16ec183e637d727e6c6574e3768aa439442611065e2b4f983793af8bb630edc?s=96&d=mm&r=g\",\"caption\":\"Dagoberto Perez\"},\"url\":\"https:\\\/\\\/vrip.ubiobio.cl\\\/inicio\\\/author\\\/dagoberto\\\/\"}]}<\/script>\n<!-- \/ Yoast SEO plugin. -->","yoast_head_json":{"title":"Delegaci\u00f3n asociada al Programa PDT Construye \u00d1uble conocen equipamiento tecnol\u00f3gico UBB - VRIP","robots":{"index":"index","follow":"follow","max-snippet":"max-snippet:-1","max-image-preview":"max-image-preview:large","max-video-preview":"max-video-preview:-1"},"canonical":"https:\/\/vrip.ubiobio.cl\/inicio\/destacados\/delegacion-asociada-al-programa-pdt-construye-nuble-conocen-equipamiento-tecnologico-ubb\/","og_locale":"es_ES","og_type":"article","og_title":"Delegaci\u00f3n asociada al Programa PDT Construye \u00d1uble conocen equipamiento tecnol\u00f3gico UBB - VRIP","og_description":"&nbsp; La delegaci\u00f3n visit\u00f3, este martes 28 de mayo, el Campus Concepci\u00f3n de la Universidad del B\u00edo-B\u00edo, para conocer diversos Centros y Laboratorios tecnol\u00f3gicos, en el marco del Programa de Difusi\u00f3n Tecnol\u00f3gica (PDT)\u00a0Construye \u00d1uble 4.0,\u00a0impulsado por CTEC,\u00a0la CChC de \u00d1uble y la UBB. En la ocasi\u00f3n se realiz\u00f3 una inducci\u00f3n, para los visitantes, por parte...","og_url":"https:\/\/vrip.ubiobio.cl\/inicio\/destacados\/delegacion-asociada-al-programa-pdt-construye-nuble-conocen-equipamiento-tecnologico-ubb\/","og_site_name":"VRIP","article_published_time":"2024-05-30T21:18:35+00:00","article_modified_time":"2024-06-03T13:10:47+00:00","og_image":[{"width":2560,"height":1991,"url":"https:\/\/vrip.ubiobio.cl\/wp-content\/uploads\/2024\/05\/IMG_9145_-scaled.jpg","type":"image\/jpeg"}],"author":"Dagoberto Perez","twitter_card":"summary_large_image","twitter_creator":"@vripubb","twitter_site":"@vripubb","twitter_misc":{"Escrito por":"Dagoberto Perez","Tiempo de lectura":"3 minutos"},"schema":{"@context":"https:\/\/schema.org","@graph":[{"@type":"Article","@id":"https:\/\/vrip.ubiobio.cl\/inicio\/destacados\/delegacion-asociada-al-programa-pdt-construye-nuble-conocen-equipamiento-tecnologico-ubb\/#article","isPartOf":{"@id":"https:\/\/vrip.ubiobio.cl\/inicio\/destacados\/delegacion-asociada-al-programa-pdt-construye-nuble-conocen-equipamiento-tecnologico-ubb\/"},"author":{"name":"Dagoberto Perez","@id":"https:\/\/vrip.ubiobio.cl\/inicio\/#\/schema\/person\/39f3cf67f158f0420b4eb8baa645a9c0"},"headline":"Delegaci\u00f3n asociada al Programa PDT Construye \u00d1uble conocen equipamiento tecnol\u00f3gico UBB","datePublished":"2024-05-30T21:18:35+00:00","dateModified":"2024-06-03T13:10:47+00:00","mainEntityOfPage":{"@id":"https:\/\/vrip.ubiobio.cl\/inicio\/destacados\/delegacion-asociada-al-programa-pdt-construye-nuble-conocen-equipamiento-tecnologico-ubb\/"},"wordCount":548,"commentCount":0,"publisher":{"@id":"https:\/\/vrip.ubiobio.cl\/inicio\/#organization"},"image":{"@id":"https:\/\/vrip.ubiobio.cl\/inicio\/destacados\/delegacion-asociada-al-programa-pdt-construye-nuble-conocen-equipamiento-tecnologico-ubb\/#primaryimage"},"thumbnailUrl":"https:\/\/vrip.ubiobio.cl\/wp-content\/uploads\/2024\/05\/IMG_9145_-scaled.jpg","articleSection":["Destacados"],"inLanguage":"es","potentialAction":[{"@type":"CommentAction","name":"Comment","target":["https:\/\/vrip.ubiobio.cl\/inicio\/destacados\/delegacion-asociada-al-programa-pdt-construye-nuble-conocen-equipamiento-tecnologico-ubb\/#respond"]}]},{"@type":"WebPage","@id":"https:\/\/vrip.ubiobio.cl\/inicio\/destacados\/delegacion-asociada-al-programa-pdt-construye-nuble-conocen-equipamiento-tecnologico-ubb\/","url":"https:\/\/vrip.ubiobio.cl\/inicio\/destacados\/delegacion-asociada-al-programa-pdt-construye-nuble-conocen-equipamiento-tecnologico-ubb\/","name":"Delegaci\u00f3n asociada al Programa PDT Construye \u00d1uble conocen equipamiento tecnol\u00f3gico UBB - VRIP","isPartOf":{"@id":"https:\/\/vrip.ubiobio.cl\/inicio\/#website"},"primaryImageOfPage":{"@id":"https:\/\/vrip.ubiobio.cl\/inicio\/destacados\/delegacion-asociada-al-programa-pdt-construye-nuble-conocen-equipamiento-tecnologico-ubb\/#primaryimage"},"image":{"@id":"https:\/\/vrip.ubiobio.cl\/inicio\/destacados\/delegacion-asociada-al-programa-pdt-construye-nuble-conocen-equipamiento-tecnologico-ubb\/#primaryimage"},"thumbnailUrl":"https:\/\/vrip.ubiobio.cl\/wp-content\/uploads\/2024\/05\/IMG_9145_-scaled.jpg","datePublished":"2024-05-30T21:18:35+00:00","dateModified":"2024-06-03T13:10:47+00:00","breadcrumb":{"@id":"https:\/\/vrip.ubiobio.cl\/inicio\/destacados\/delegacion-asociada-al-programa-pdt-construye-nuble-conocen-equipamiento-tecnologico-ubb\/#breadcrumb"},"inLanguage":"es","potentialAction":[{"@type":"ReadAction","target":["https:\/\/vrip.ubiobio.cl\/inicio\/destacados\/delegacion-asociada-al-programa-pdt-construye-nuble-conocen-equipamiento-tecnologico-ubb\/"]}]},{"@type":"ImageObject","inLanguage":"es","@id":"https:\/\/vrip.ubiobio.cl\/inicio\/destacados\/delegacion-asociada-al-programa-pdt-construye-nuble-conocen-equipamiento-tecnologico-ubb\/#primaryimage","url":"https:\/\/vrip.ubiobio.cl\/wp-content\/uploads\/2024\/05\/IMG_9145_-scaled.jpg","contentUrl":"https:\/\/vrip.ubiobio.cl\/wp-content\/uploads\/2024\/05\/IMG_9145_-scaled.jpg","width":2560,"height":1991},{"@type":"BreadcrumbList","@id":"https:\/\/vrip.ubiobio.cl\/inicio\/destacados\/delegacion-asociada-al-programa-pdt-construye-nuble-conocen-equipamiento-tecnologico-ubb\/#breadcrumb","itemListElement":[{"@type":"ListItem","position":1,"name":"Portada","item":"https:\/\/vrip.ubiobio.cl\/inicio\/"},{"@type":"ListItem","position":2,"name":"Delegaci\u00f3n asociada al Programa PDT Construye \u00d1uble conocen equipamiento tecnol\u00f3gico UBB"}]},{"@type":"WebSite","@id":"https:\/\/vrip.ubiobio.cl\/inicio\/#website","url":"https:\/\/vrip.ubiobio.cl\/inicio\/","name":"VRIP","description":"Vicerrector\u00eda de Investigaci\u00f3n y Postgrado","publisher":{"@id":"https:\/\/vrip.ubiobio.cl\/inicio\/#organization"},"potentialAction":[{"@type":"SearchAction","target":{"@type":"EntryPoint","urlTemplate":"https:\/\/vrip.ubiobio.cl\/inicio\/?s={search_term_string}"},"query-input":{"@type":"PropertyValueSpecification","valueRequired":true,"valueName":"search_term_string"}}],"inLanguage":"es"},{"@type":"Organization","@id":"https:\/\/vrip.ubiobio.cl\/inicio\/#organization","name":"VRIP","url":"https:\/\/vrip.ubiobio.cl\/inicio\/","logo":{"@type":"ImageObject","inLanguage":"es","@id":"https:\/\/vrip.ubiobio.cl\/inicio\/#\/schema\/logo\/image\/","url":"https:\/\/vrip.ubiobio.cl\/wp-content\/uploads\/2022\/10\/logo-vrip_Mesa-de-trabajo-1.png","contentUrl":"https:\/\/vrip.ubiobio.cl\/wp-content\/uploads\/2022\/10\/logo-vrip_Mesa-de-trabajo-1.png","width":642,"height":178,"caption":"VRIP"},"image":{"@id":"https:\/\/vrip.ubiobio.cl\/inicio\/#\/schema\/logo\/image\/"},"sameAs":["https:\/\/x.com\/vripubb","https:\/\/www.instagram.com\/vrip_ubb\/","https:\/\/www.youtube.com\/channel\/UCf7o8yHRJ7Y_QQLxwu1KQgA","https:\/\/www.linkedin.com\/company\/96035097\/admin\/dashboard\/"]},{"@type":"Person","@id":"https:\/\/vrip.ubiobio.cl\/inicio\/#\/schema\/person\/39f3cf67f158f0420b4eb8baa645a9c0","name":"Dagoberto Perez","image":{"@type":"ImageObject","inLanguage":"es","@id":"https:\/\/secure.gravatar.com\/avatar\/d16ec183e637d727e6c6574e3768aa439442611065e2b4f983793af8bb630edc?s=96&d=mm&r=g","url":"https:\/\/secure.gravatar.com\/avatar\/d16ec183e637d727e6c6574e3768aa439442611065e2b4f983793af8bb630edc?s=96&d=mm&r=g","contentUrl":"https:\/\/secure.gravatar.com\/avatar\/d16ec183e637d727e6c6574e3768aa439442611065e2b4f983793af8bb630edc?s=96&d=mm&r=g","caption":"Dagoberto Perez"},"url":"https:\/\/vrip.ubiobio.cl\/inicio\/author\/dagoberto\/"}]}},"_links":{"self":[{"href":"https:\/\/vrip.ubiobio.cl\/inicio\/wp-json\/wp\/v2\/posts\/45019","targetHints":{"allow":["GET"]}}],"collection":[{"href":"https:\/\/vrip.ubiobio.cl\/inicio\/wp-json\/wp\/v2\/posts"}],"about":[{"href":"https:\/\/vrip.ubiobio.cl\/inicio\/wp-json\/wp\/v2\/types\/post"}],"author":[{"embeddable":true,"href":"https:\/\/vrip.ubiobio.cl\/inicio\/wp-json\/wp\/v2\/users\/3"}],"replies":[{"embeddable":true,"href":"https:\/\/vrip.ubiobio.cl\/inicio\/wp-json\/wp\/v2\/comments?post=45019"}],"version-history":[{"count":4,"href":"https:\/\/vrip.ubiobio.cl\/inicio\/wp-json\/wp\/v2\/posts\/45019\/revisions"}],"predecessor-version":[{"id":45111,"href":"https:\/\/vrip.ubiobio.cl\/inicio\/wp-json\/wp\/v2\/posts\/45019\/revisions\/45111"}],"wp:featuredmedia":[{"embeddable":true,"href":"https:\/\/vrip.ubiobio.cl\/inicio\/wp-json\/wp\/v2\/media\/45055"}],"wp:attachment":[{"href":"https:\/\/vrip.ubiobio.cl\/inicio\/wp-json\/wp\/v2\/media?parent=45019"}],"wp:term":[{"taxonomy":"category","embeddable":true,"href":"https:\/\/vrip.ubiobio.cl\/inicio\/wp-json\/wp\/v2\/categories?post=45019"},{"taxonomy":"post_tag","embeddable":true,"href":"https:\/\/vrip.ubiobio.cl\/inicio\/wp-json\/wp\/v2\/tags?post=45019"}],"curies":[{"name":"wp","href":"https:\/\/api.w.org\/{rel}","templated":true}]}}