{"id":44940,"date":"2024-05-27T11:00:26","date_gmt":"2024-05-27T11:00:26","guid":{"rendered":"https:\/\/vrip.ubiobio.cl\/inicio\/?p=44940"},"modified":"2024-06-12T18:05:59","modified_gmt":"2024-06-12T18:05:59","slug":"otl-y-ci2030-potencian-aspecto-clave-para-crear-y-formular-iniciativas-de-base-cientifico-tecnologica","status":"publish","type":"post","link":"https:\/\/vrip.ubiobio.cl\/inicio\/noticias\/otl-y-ci2030-potencian-aspecto-clave-para-crear-y-formular-iniciativas-de-base-cientifico-tecnologica\/","title":{"rendered":"OTL y Ci2030 potencian aspecto clave para crear y formular iniciativas de base cient\u00edfico tecnol\u00f3gica"},"content":{"rendered":"<p><em>Como parte de las jornadas de capacitaci\u00f3n y formaci\u00f3n para los acad\u00e9micos involucrados en investigaci\u00f3n cient\u00edfica y tecnol\u00f3gica se desarrollaron dos encuentros, uno en Chill\u00e1n y otro, en Concepci\u00f3n, respectivamente, para conocer m\u00e1s de cerca todo lo relacionado a Propiedad Intelectual, Vigilancia Tecnol\u00f3gica y Transferencia.<\/em><\/p>\n<p><img fetchpriority=\"high\" decoding=\"async\" class=\"alignnone  wp-image-44948\" src=\"https:\/\/vrip.ubiobio.cl\/wp-content\/uploads\/2024\/05\/Captura-de-pantalla-2024-05-27-a-las-12.06.28.png\" alt=\"\" width=\"619\" height=\"406\" srcset=\"https:\/\/vrip.ubiobio.cl\/wp-content\/uploads\/2024\/05\/Captura-de-pantalla-2024-05-27-a-las-12.06.28.png 978w, https:\/\/vrip.ubiobio.cl\/wp-content\/uploads\/2024\/05\/Captura-de-pantalla-2024-05-27-a-las-12.06.28-380x249.png 380w, https:\/\/vrip.ubiobio.cl\/wp-content\/uploads\/2024\/05\/Captura-de-pantalla-2024-05-27-a-las-12.06.28-768x503.png 768w\" sizes=\"(max-width: 619px) 100vw, 619px\" \/> <img decoding=\"async\" class=\"alignnone  wp-image-44949\" src=\"https:\/\/vrip.ubiobio.cl\/wp-content\/uploads\/2024\/05\/Captura-de-pantalla-2024-05-27-a-las-12.06.55.png\" alt=\"\" width=\"618\" height=\"406\" srcset=\"https:\/\/vrip.ubiobio.cl\/wp-content\/uploads\/2024\/05\/Captura-de-pantalla-2024-05-27-a-las-12.06.55.png 982w, https:\/\/vrip.ubiobio.cl\/wp-content\/uploads\/2024\/05\/Captura-de-pantalla-2024-05-27-a-las-12.06.55-380x250.png 380w, https:\/\/vrip.ubiobio.cl\/wp-content\/uploads\/2024\/05\/Captura-de-pantalla-2024-05-27-a-las-12.06.55-768x505.png 768w\" sizes=\"(max-width: 618px) 100vw, 618px\" \/> <img decoding=\"async\" class=\"alignnone  wp-image-44950\" src=\"https:\/\/vrip.ubiobio.cl\/wp-content\/uploads\/2024\/05\/Captura-de-pantalla-2024-05-27-a-las-12.07.16.png\" alt=\"\" width=\"620\" height=\"390\" srcset=\"https:\/\/vrip.ubiobio.cl\/wp-content\/uploads\/2024\/05\/Captura-de-pantalla-2024-05-27-a-las-12.07.16.png 1384w, https:\/\/vrip.ubiobio.cl\/wp-content\/uploads\/2024\/05\/Captura-de-pantalla-2024-05-27-a-las-12.07.16-380x239.png 380w, https:\/\/vrip.ubiobio.cl\/wp-content\/uploads\/2024\/05\/Captura-de-pantalla-2024-05-27-a-las-12.07.16-1024x644.png 1024w, https:\/\/vrip.ubiobio.cl\/wp-content\/uploads\/2024\/05\/Captura-de-pantalla-2024-05-27-a-las-12.07.16-768x483.png 768w\" sizes=\"(max-width: 620px) 100vw, 620px\" \/> <img loading=\"lazy\" decoding=\"async\" class=\"alignnone  wp-image-44951\" src=\"https:\/\/vrip.ubiobio.cl\/wp-content\/uploads\/2024\/05\/Captura-de-pantalla-2024-05-27-a-las-12.08.12.png\" alt=\"\" width=\"619\" height=\"401\" srcset=\"https:\/\/vrip.ubiobio.cl\/wp-content\/uploads\/2024\/05\/Captura-de-pantalla-2024-05-27-a-las-12.08.12.png 1070w, https:\/\/vrip.ubiobio.cl\/wp-content\/uploads\/2024\/05\/Captura-de-pantalla-2024-05-27-a-las-12.08.12-380x246.png 380w, https:\/\/vrip.ubiobio.cl\/wp-content\/uploads\/2024\/05\/Captura-de-pantalla-2024-05-27-a-las-12.08.12-1024x664.png 1024w, https:\/\/vrip.ubiobio.cl\/wp-content\/uploads\/2024\/05\/Captura-de-pantalla-2024-05-27-a-las-12.08.12-768x498.png 768w\" sizes=\"(max-width: 619px) 100vw, 619px\" \/><\/p>\n<div class=\"perfect-pullquote algo pullquote-align-left\"><blockquote><p>\u201cEste encuentro forma parte del proyecto Ci2030, que viene desarrollando la Facultad de Ciencia, y estamos a la espera del informe final para poder iniciar una nueva etapa, 2024-2026. En este periodo de transici\u00f3n hemos realizar estas actividades para apoyar a nuestros acad\u00e9micos e investigadores en temas de investigaci\u00f3n, innovaci\u00f3n y desarrollo, y emprendimiento de base cient\u00edfico tecnol\u00f3gico que es lo que busca potenciar el proyecto Ci20230\u201d, Nelly G\u00f3mez.\u00a0<\/p><\/blockquote><\/div>\n<p>Las jornadas denominadas: \u201cTransitando hacia la i+D+i+ebct y TT\u201d, impulsado por Ci2030 y la direcci\u00f3n de Innovaci\u00f3n, cont\u00f3 con la participaci\u00f3n como expositores de la coordinadora de la OTL, Andrea Bustos; el asesor legal de VRIP, abogado, Alberto Moraga, la gestora tecnol\u00f3gica, Tatiana Rioseco, la ingeniera de la Unidad de Proyecto de VRIP, Alejandra Rojas; y el coordinador de la Unidad de Emprendimiento, Sebasti\u00e1n Opazo.<\/p>\n<p>En representaci\u00f3n de la Universidad del B\u00edo-B\u00edo en el proyecto Ciencia para la Innovaci\u00f3n 2030 Consorcio Sur-Subant\u00e1rtico (Ci2030)<strong>,<\/strong> acad\u00e9mica Nelly G\u00f3mez, destac\u00f3 esta iniciativa. \u201cEste encuentro forma parte del proyecto Ci2030, que viene desarrollando la Facultad de Ciencia, y estamos a la espera del informe final para poder iniciar una nueva etapa, 2024-2026. En este periodo de transici\u00f3n hemos realizar estas actividades para apoyar a nuestros acad\u00e9micos e investigadores en temas de investigaci\u00f3n, innovaci\u00f3n y desarrollo, y emprendimiento de base cient\u00edfico tecnol\u00f3gico que es lo que busca potenciar el proyecto Ci20230\u201d.<\/p>\n<p>En similares t\u00e9rminos se refiri\u00f3, el subdirector de Innovaci\u00f3n, Dr. Guillermo Petzold, quien entreg\u00f3 su saludo. \u201cAgradecer a los organizadores de este encuentro por la posibilidad de acceder y compartir estos conocimientos en torno a la propiedad intelectual, vigilancia tecnol\u00f3gica, patentamiento, etc, que son temas que nos importa conocer como investigadores de la academia. Espero que sea muy provecho para todos los participantes\u201d.<\/p>\n<p>El acad\u00e9mico del Departamento de Estad\u00edsticas, Luis G\u00f3mez, quien particip\u00f3 en Chill\u00e1n como en Concepci\u00f3n de esta jornada de charlas, manifest\u00f3 su conformidad y gratitud por lo aprendido. \u201cA inicio de a\u00f1o nos adjudicamos un proyecto CORFO, y lo aprendido en estos talleres nos va a permitir hacer algunos ajustes para el \u00e9xito de nuestra iniciativa. Nos habr\u00eda gustado mucho haber tenido estos conocimientos antes, pero, igualmente se valora lo entregado en esta capacitaci\u00f3n\u201d.<\/p>\n<p>Por su parte, la coordinadora de la OTL-UBB, resalt\u00f3 en su charla el trabajo que hace esta unidad, centrada en apoyar, gestionar e impulsar todas las actividades relacionadas a transferencia y licenciamiento de las innovaciones desarrolladas en la Universidad del B\u00edo-B\u00edo y lograr vincularlas hacia el medio externo. Destacan entre sus funciones buscar colaboraci\u00f3n entre la Universidad y las empresas, adem\u00e1s, de impulsar la Vigilancia Tecnol\u00f3gica y la gesti\u00f3n de la Propiedad Intelectual.<\/p>\n<p>En temas de investigaci\u00f3n aplicada, asevera la coordinadora de la OTL -los investigadores- deben acercarse a esta unidad para que la Universidad sepa sobre su trabajo y c\u00f3mo apoyarlo para que esta creaci\u00f3n, desarrollo e investigaci\u00f3n tenga un mayor impacto en la sociedad, donde es clave proteger y transferir.<\/p>\n<p>En el \u00e1mbito de los aspectos legales ligado a la transferencia, el abogado de VRIP, Alberto Moraga, subray\u00f3 que es muy importante que los investigadores est\u00e9n conscientes que al generar conocimiento dentro de la academia se activan una serie de mecanismos institucionales que permite resguardar ese conocimiento para bien de la instituci\u00f3n y del investigador. \u201cEn cuanto a la transferencia tecnol\u00f3gica es muy relevante que el investigador conozca sus derechos en cuanto a la titularidad de los resultados de su investigaci\u00f3n, as\u00ed como los incentivos y beneficios asociados a este trabajo. Y la categor\u00eda de funcionario p\u00fablico que tienen la mayor\u00eda de nuestros acad\u00e9micos, como los que prestan servicios a la Universidad en determinadas actividades investigativas. Charlas como estas relevan la importancia que constituye la protecci\u00f3n de los resultados de una investigaci\u00f3n al alero de la Universidad\u201d.<\/p>\n<p>En este contexto, la gestora tecnol\u00f3gica, Tatiana Rioseco, se refiri\u00f3 a los Desaf\u00edos Industriales, donde asever\u00f3 las distintas etapas por las que pasan las inquietudes de los empresarios por buscar dentro de la academia una soluci\u00f3n a sus problem\u00e1ticas y la forma como la academia aborda una respuesta. \u201cCuando uno trabaja con la industria la idea es poder buscar soluciones reales a sus problem\u00e1ticas y eso es lo que vamos a comentar, c\u00f3mo se trabaja para poder acercar las inquietudes de los empresarios y c\u00f3mo la academia responde a ese desaf\u00edo, a trav\u00e9s de cierta din\u00e1mica metodol\u00f3gicas que lo puedan hacer posible\u201d.<\/p>\n<p>Igualmente, participaron de esta jornada de charlas \u201cTransitando hacia la I+D+i+ebct y TT\u201d, Alejandra Rojas, ingeniera de la Unidad de Proyecto de VRIP, quien se refiri\u00f3 a los elementos que se deben tener en cuenta a la hora de realizar una formulaci\u00f3n de proyecto, como as\u00ed tambi\u00e9n, el coordinador de la Unidad de Emprendimiento, Sebasti\u00e1n Opazo, quien desarroll\u00f3 la tem\u00e1tica de Innovaci\u00f3n y Emprendimiento, elementos claves a la hora de crear una empresa de base cient\u00edfico tecnol\u00f3gica, ebct.<\/p>\n<p>La iniciativa Ci2030 est\u00e1 integrada por \u00a0seis casas de estudio quienes conforman el Consorcio Sur-Subant\u00e1rtico, que agrupa a las universidades de Talca, del B\u00edo-B\u00edo, Cat\u00f3lica de la Sant\u00edsima Concepci\u00f3n, de La Frontera, Austral de Chile y de Magallanes, quienes han decidido potenciar a sus facultades de ciencia para tener una mayor participaci\u00f3n en el desarrollo del pa\u00eds, mediante acciones orientadas a la investigaci\u00f3n, desarrollo, innovaci\u00f3n, emprendimiento de base cient\u00edfico tecnol\u00f3gico y transferencia tecnol\u00f3gica.<\/p>\n<p>La propuesta de valor de este proyecto se forja desde una plataforma asociativa de investigaci\u00f3n aplicada, formaci\u00f3n en ciencias con foco en la transferencia, innovaci\u00f3n y emprendimiento de base tecnol\u00f3gica. Espacio de vinculaci\u00f3n f\u00edsica y digital para la ciencia, tecnolog\u00eda, conocimiento y sociedad con impacto en los territorios y en el pa\u00eds.<\/p>\n<p>Fuente: VRIP Comunicaciones<\/p>\n","protected":false},"excerpt":{"rendered":"<p>Como parte de las jornadas de capacitaci\u00f3n y formaci\u00f3n para los acad\u00e9micos involucrados en investigaci\u00f3n cient\u00edfica y tecnol\u00f3gica se desarrollaron dos encuentros, uno en Chill\u00e1n y otro, en Concepci\u00f3n, respectivamente, para conocer m\u00e1s de cerca todo lo relacionado a Propiedad Intelectual, Vigilancia Tecnol\u00f3gica y Transferencia. Las jornadas denominadas: \u201cTransitando hacia la i+D+i+ebct y TT\u201d, impulsado&#8230;<\/p>\n","protected":false},"author":3,"featured_media":44952,"comment_status":"open","ping_status":"open","sticky":false,"template":"","format":"standard","meta":{"_kadence_starter_templates_imported_post":false,"_kad_post_transparent":"default","_kad_post_title":"default","_kad_post_layout":"default","_kad_post_sidebar_id":"","_kad_post_content_style":"default","_kad_post_vertical_padding":"default","_kad_post_feature":"","_kad_post_feature_position":"","_kad_post_header":false,"_kad_post_footer":false,"footnotes":""},"categories":[3,159,164],"tags":[],"_links":{"self":[{"href":"https:\/\/vrip.ubiobio.cl\/inicio\/wp-json\/wp\/v2\/posts\/44940"}],"collection":[{"href":"https:\/\/vrip.ubiobio.cl\/inicio\/wp-json\/wp\/v2\/posts"}],"about":[{"href":"https:\/\/vrip.ubiobio.cl\/inicio\/wp-json\/wp\/v2\/types\/post"}],"author":[{"embeddable":true,"href":"https:\/\/vrip.ubiobio.cl\/inicio\/wp-json\/wp\/v2\/users\/3"}],"replies":[{"embeddable":true,"href":"https:\/\/vrip.ubiobio.cl\/inicio\/wp-json\/wp\/v2\/comments?post=44940"}],"version-history":[{"count":3,"href":"https:\/\/vrip.ubiobio.cl\/inicio\/wp-json\/wp\/v2\/posts\/44940\/revisions"}],"predecessor-version":[{"id":44953,"href":"https:\/\/vrip.ubiobio.cl\/inicio\/wp-json\/wp\/v2\/posts\/44940\/revisions\/44953"}],"wp:featuredmedia":[{"embeddable":true,"href":"https:\/\/vrip.ubiobio.cl\/inicio\/wp-json\/wp\/v2\/media\/44952"}],"wp:attachment":[{"href":"https:\/\/vrip.ubiobio.cl\/inicio\/wp-json\/wp\/v2\/media?parent=44940"}],"wp:term":[{"taxonomy":"category","embeddable":true,"href":"https:\/\/vrip.ubiobio.cl\/inicio\/wp-json\/wp\/v2\/categories?post=44940"},{"taxonomy":"post_tag","embeddable":true,"href":"https:\/\/vrip.ubiobio.cl\/inicio\/wp-json\/wp\/v2\/tags?post=44940"}],"curies":[{"name":"wp","href":"https:\/\/api.w.org\/{rel}","templated":true}]}}