{"id":43987,"date":"2024-03-25T09:30:12","date_gmt":"2024-03-25T09:30:12","guid":{"rendered":"https:\/\/vrip.ubiobio.cl\/inicio\/?p=43987"},"modified":"2024-03-25T20:23:41","modified_gmt":"2024-03-25T20:23:41","slug":"unidad-de-emprendimiento-realizo-taller-de-capacitacion-a-emprendedores-as-de-la-comuna-de-santa-juana","status":"publish","type":"post","link":"https:\/\/vrip.ubiobio.cl\/inicio\/noticias\/unidad-de-emprendimiento-realizo-taller-de-capacitacion-a-emprendedores-as-de-la-comuna-de-santa-juana\/","title":{"rendered":"Unidad de Emprendimiento realiz\u00f3 taller de capacitaci\u00f3n a emprendedores\/as de la comuna de Santa Juana"},"content":{"rendered":"<p><em>El taller: \u201cModelo de Negocios, CANVAS\u201d, fue realizado por profesionales de la Unidad de Emprendimiento UBB, de la direcci\u00f3n de Innovaci\u00f3n, Solange Sep\u00falveda, Camila S\u00e1ez y Sebasti\u00e1n Opazo.<\/em><\/p>\n<p><img fetchpriority=\"high\" decoding=\"async\" class=\"alignnone wp-image-44019\" src=\"https:\/\/vrip.ubiobio.cl\/wp-content\/uploads\/2024\/03\/Captura-de-pantalla-2024-03-21-a-las-16.33.58.png\" alt=\"\" width=\"459\" height=\"250\" srcset=\"https:\/\/vrip.ubiobio.cl\/wp-content\/uploads\/2024\/03\/Captura-de-pantalla-2024-03-21-a-las-16.33.58.png 770w, https:\/\/vrip.ubiobio.cl\/wp-content\/uploads\/2024\/03\/Captura-de-pantalla-2024-03-21-a-las-16.33.58-380x207.png 380w, https:\/\/vrip.ubiobio.cl\/wp-content\/uploads\/2024\/03\/Captura-de-pantalla-2024-03-21-a-las-16.33.58-768x418.png 768w\" sizes=\"(max-width: 459px) 100vw, 459px\" \/> <img decoding=\"async\" class=\"alignnone wp-image-44021\" src=\"https:\/\/vrip.ubiobio.cl\/wp-content\/uploads\/2024\/03\/Captura-de-pantalla-2024-03-21-a-las-16.35.04.png\" alt=\"\" width=\"456\" height=\"275\" srcset=\"https:\/\/vrip.ubiobio.cl\/wp-content\/uploads\/2024\/03\/Captura-de-pantalla-2024-03-21-a-las-16.35.04.png 685w, https:\/\/vrip.ubiobio.cl\/wp-content\/uploads\/2024\/03\/Captura-de-pantalla-2024-03-21-a-las-16.35.04-380x229.png 380w\" sizes=\"(max-width: 456px) 100vw, 456px\" \/><\/p>\n<p>Esta capacitaci\u00f3n permitir\u00e1 a los emprendedores y emprendedoras de la comuna de Santa Juana postular a nuevas iniciativas y convocatorias especialmente de Sercotec, concursos p\u00fablicos de Capital Semilla Emprende y Capital Abeja, entre otros.<\/p>\n<p>\u201cLa idea de esta capacitaci\u00f3n es poder facilitar nuevos financiamientos para los emprendedores y emprendedoras vinculadas al municipio de Santa Juana, quienes necesitan reforzar sus iniciativas de negocios. Y nuestra Unidad, al estar al alero de una Universidad p\u00fablica tiene ese compromiso de poder aportar estos conocimientos a la comunidad. Fue una jornada din\u00e1mica, donde respondimos todas las dudas e inquietudes de las personas asistentes al taller, quienes se mostraron muy agradecidas por lo aprendido, y esperamos que tengan \u00e9xito en sus postulaciones y les vaya bien en sus negocios\u201d, destaca el coordinador de la Unidad de Emprendimiento, Sebasti\u00e1n Opazo.<\/p>\n<p>La comuna de Santa Juana emplazada en el valle de Catirai, fue fundada en 8 de marzo de 1626 con el nombre de Santa Juana de Guadalc\u00e1zar. Una comuna pujante que se ha visto afectada por los incendios, se organiza para salir adelante y destacar sus oferta tur\u00edstica y natural.<\/p>\n<p>Fuente: VRIP Comunicaciones<\/p>\n","protected":false},"excerpt":{"rendered":"<p>El taller: \u201cModelo de Negocios, CANVAS\u201d, fue realizado por profesionales de la Unidad de Emprendimiento UBB, de la direcci\u00f3n de Innovaci\u00f3n, Solange Sep\u00falveda, Camila S\u00e1ez y Sebasti\u00e1n Opazo. Esta capacitaci\u00f3n permitir\u00e1 a los emprendedores y emprendedoras de la comuna de Santa Juana postular a nuevas iniciativas y convocatorias especialmente de Sercotec, concursos p\u00fablicos de Capital&#8230;<\/p>\n","protected":false},"author":3,"featured_media":44020,"comment_status":"open","ping_status":"open","sticky":false,"template":"","format":"standard","meta":{"_kadence_starter_templates_imported_post":false,"_kad_post_transparent":"default","_kad_post_title":"default","_kad_post_layout":"default","_kad_post_sidebar_id":"","_kad_post_content_style":"default","_kad_post_vertical_padding":"default","_kad_post_feature":"","_kad_post_feature_position":"","_kad_post_header":false,"_kad_post_footer":false,"footnotes":""},"categories":[158,3],"tags":[],"class_list":["post-43987","post","type-post","status-publish","format-standard","has-post-thumbnail","hentry","category-emprendimiento","category-noticias"],"yoast_head":"<!-- This site is optimized with the Yoast SEO plugin v27.5 - https:\/\/yoast.com\/product\/yoast-seo-wordpress\/ -->\n<title>Unidad de Emprendimiento realiz\u00f3 taller de capacitaci\u00f3n a emprendedores\/as de la comuna de Santa Juana - VRIP<\/title>\n<meta name=\"robots\" content=\"index, follow, max-snippet:-1, max-image-preview:large, max-video-preview:-1\" \/>\n<link rel=\"canonical\" href=\"https:\/\/vrip.ubiobio.cl\/inicio\/noticias\/unidad-de-emprendimiento-realizo-taller-de-capacitacion-a-emprendedores-as-de-la-comuna-de-santa-juana\/\" \/>\n<meta property=\"og:locale\" content=\"es_ES\" \/>\n<meta property=\"og:type\" content=\"article\" \/>\n<meta property=\"og:title\" content=\"Unidad de Emprendimiento realiz\u00f3 taller de capacitaci\u00f3n a emprendedores\/as de la comuna de Santa Juana - VRIP\" \/>\n<meta property=\"og:description\" content=\"El taller: \u201cModelo de Negocios, CANVAS\u201d, fue realizado por profesionales de la Unidad de Emprendimiento UBB, de la direcci\u00f3n de Innovaci\u00f3n, Solange Sep\u00falveda, Camila S\u00e1ez y Sebasti\u00e1n Opazo. Esta capacitaci\u00f3n permitir\u00e1 a los emprendedores y emprendedoras de la comuna de Santa Juana postular a nuevas iniciativas y convocatorias especialmente de Sercotec, concursos p\u00fablicos de Capital...\" \/>\n<meta property=\"og:url\" content=\"https:\/\/vrip.ubiobio.cl\/inicio\/noticias\/unidad-de-emprendimiento-realizo-taller-de-capacitacion-a-emprendedores-as-de-la-comuna-de-santa-juana\/\" \/>\n<meta property=\"og:site_name\" content=\"VRIP\" \/>\n<meta property=\"article:published_time\" content=\"2024-03-25T09:30:12+00:00\" \/>\n<meta property=\"article:modified_time\" content=\"2024-03-25T20:23:41+00:00\" \/>\n<meta property=\"og:image\" content=\"https:\/\/vrip.ubiobio.cl\/wp-content\/uploads\/2024\/03\/Captura-de-pantalla-2024-03-21-a-las-16.34.19.png\" \/>\n\t<meta property=\"og:image:width\" content=\"745\" \/>\n\t<meta property=\"og:image:height\" content=\"386\" \/>\n\t<meta property=\"og:image:type\" content=\"image\/png\" \/>\n<meta name=\"author\" content=\"Dagoberto Perez\" \/>\n<meta name=\"twitter:card\" content=\"summary_large_image\" \/>\n<meta name=\"twitter:creator\" content=\"@vripubb\" \/>\n<meta name=\"twitter:site\" content=\"@vripubb\" \/>\n<meta name=\"twitter:label1\" content=\"Escrito por\" \/>\n\t<meta name=\"twitter:data1\" content=\"Dagoberto Perez\" \/>\n\t<meta name=\"twitter:label2\" content=\"Tiempo de lectura\" \/>\n\t<meta name=\"twitter:data2\" content=\"1 minuto\" \/>\n<script type=\"application\/ld+json\" class=\"yoast-schema-graph\">{\"@context\":\"https:\\\/\\\/schema.org\",\"@graph\":[{\"@type\":\"Article\",\"@id\":\"https:\\\/\\\/vrip.ubiobio.cl\\\/inicio\\\/noticias\\\/unidad-de-emprendimiento-realizo-taller-de-capacitacion-a-emprendedores-as-de-la-comuna-de-santa-juana\\\/#article\",\"isPartOf\":{\"@id\":\"https:\\\/\\\/vrip.ubiobio.cl\\\/inicio\\\/noticias\\\/unidad-de-emprendimiento-realizo-taller-de-capacitacion-a-emprendedores-as-de-la-comuna-de-santa-juana\\\/\"},\"author\":{\"name\":\"Dagoberto Perez\",\"@id\":\"https:\\\/\\\/vrip.ubiobio.cl\\\/inicio\\\/#\\\/schema\\\/person\\\/39f3cf67f158f0420b4eb8baa645a9c0\"},\"headline\":\"Unidad de Emprendimiento realiz\u00f3 taller de capacitaci\u00f3n a emprendedores\\\/as de la comuna de Santa Juana\",\"datePublished\":\"2024-03-25T09:30:12+00:00\",\"dateModified\":\"2024-03-25T20:23:41+00:00\",\"mainEntityOfPage\":{\"@id\":\"https:\\\/\\\/vrip.ubiobio.cl\\\/inicio\\\/noticias\\\/unidad-de-emprendimiento-realizo-taller-de-capacitacion-a-emprendedores-as-de-la-comuna-de-santa-juana\\\/\"},\"wordCount\":243,\"commentCount\":0,\"publisher\":{\"@id\":\"https:\\\/\\\/vrip.ubiobio.cl\\\/inicio\\\/#organization\"},\"image\":{\"@id\":\"https:\\\/\\\/vrip.ubiobio.cl\\\/inicio\\\/noticias\\\/unidad-de-emprendimiento-realizo-taller-de-capacitacion-a-emprendedores-as-de-la-comuna-de-santa-juana\\\/#primaryimage\"},\"thumbnailUrl\":\"https:\\\/\\\/vrip.ubiobio.cl\\\/wp-content\\\/uploads\\\/2024\\\/03\\\/Captura-de-pantalla-2024-03-21-a-las-16.34.19.png\",\"articleSection\":[\"Emprendimiento\",\"Noticias\"],\"inLanguage\":\"es\",\"potentialAction\":[{\"@type\":\"CommentAction\",\"name\":\"Comment\",\"target\":[\"https:\\\/\\\/vrip.ubiobio.cl\\\/inicio\\\/noticias\\\/unidad-de-emprendimiento-realizo-taller-de-capacitacion-a-emprendedores-as-de-la-comuna-de-santa-juana\\\/#respond\"]}]},{\"@type\":\"WebPage\",\"@id\":\"https:\\\/\\\/vrip.ubiobio.cl\\\/inicio\\\/noticias\\\/unidad-de-emprendimiento-realizo-taller-de-capacitacion-a-emprendedores-as-de-la-comuna-de-santa-juana\\\/\",\"url\":\"https:\\\/\\\/vrip.ubiobio.cl\\\/inicio\\\/noticias\\\/unidad-de-emprendimiento-realizo-taller-de-capacitacion-a-emprendedores-as-de-la-comuna-de-santa-juana\\\/\",\"name\":\"Unidad de Emprendimiento realiz\u00f3 taller de capacitaci\u00f3n a emprendedores\\\/as de la comuna de Santa Juana - VRIP\",\"isPartOf\":{\"@id\":\"https:\\\/\\\/vrip.ubiobio.cl\\\/inicio\\\/#website\"},\"primaryImageOfPage\":{\"@id\":\"https:\\\/\\\/vrip.ubiobio.cl\\\/inicio\\\/noticias\\\/unidad-de-emprendimiento-realizo-taller-de-capacitacion-a-emprendedores-as-de-la-comuna-de-santa-juana\\\/#primaryimage\"},\"image\":{\"@id\":\"https:\\\/\\\/vrip.ubiobio.cl\\\/inicio\\\/noticias\\\/unidad-de-emprendimiento-realizo-taller-de-capacitacion-a-emprendedores-as-de-la-comuna-de-santa-juana\\\/#primaryimage\"},\"thumbnailUrl\":\"https:\\\/\\\/vrip.ubiobio.cl\\\/wp-content\\\/uploads\\\/2024\\\/03\\\/Captura-de-pantalla-2024-03-21-a-las-16.34.19.png\",\"datePublished\":\"2024-03-25T09:30:12+00:00\",\"dateModified\":\"2024-03-25T20:23:41+00:00\",\"breadcrumb\":{\"@id\":\"https:\\\/\\\/vrip.ubiobio.cl\\\/inicio\\\/noticias\\\/unidad-de-emprendimiento-realizo-taller-de-capacitacion-a-emprendedores-as-de-la-comuna-de-santa-juana\\\/#breadcrumb\"},\"inLanguage\":\"es\",\"potentialAction\":[{\"@type\":\"ReadAction\",\"target\":[\"https:\\\/\\\/vrip.ubiobio.cl\\\/inicio\\\/noticias\\\/unidad-de-emprendimiento-realizo-taller-de-capacitacion-a-emprendedores-as-de-la-comuna-de-santa-juana\\\/\"]}]},{\"@type\":\"ImageObject\",\"inLanguage\":\"es\",\"@id\":\"https:\\\/\\\/vrip.ubiobio.cl\\\/inicio\\\/noticias\\\/unidad-de-emprendimiento-realizo-taller-de-capacitacion-a-emprendedores-as-de-la-comuna-de-santa-juana\\\/#primaryimage\",\"url\":\"https:\\\/\\\/vrip.ubiobio.cl\\\/wp-content\\\/uploads\\\/2024\\\/03\\\/Captura-de-pantalla-2024-03-21-a-las-16.34.19.png\",\"contentUrl\":\"https:\\\/\\\/vrip.ubiobio.cl\\\/wp-content\\\/uploads\\\/2024\\\/03\\\/Captura-de-pantalla-2024-03-21-a-las-16.34.19.png\",\"width\":745,\"height\":386},{\"@type\":\"BreadcrumbList\",\"@id\":\"https:\\\/\\\/vrip.ubiobio.cl\\\/inicio\\\/noticias\\\/unidad-de-emprendimiento-realizo-taller-de-capacitacion-a-emprendedores-as-de-la-comuna-de-santa-juana\\\/#breadcrumb\",\"itemListElement\":[{\"@type\":\"ListItem\",\"position\":1,\"name\":\"Portada\",\"item\":\"https:\\\/\\\/vrip.ubiobio.cl\\\/inicio\\\/\"},{\"@type\":\"ListItem\",\"position\":2,\"name\":\"Unidad de Emprendimiento realiz\u00f3 taller de capacitaci\u00f3n a emprendedores\\\/as de la comuna de Santa Juana\"}]},{\"@type\":\"WebSite\",\"@id\":\"https:\\\/\\\/vrip.ubiobio.cl\\\/inicio\\\/#website\",\"url\":\"https:\\\/\\\/vrip.ubiobio.cl\\\/inicio\\\/\",\"name\":\"VRIP\",\"description\":\"Vicerrector\u00eda de Investigaci\u00f3n y Postgrado\",\"publisher\":{\"@id\":\"https:\\\/\\\/vrip.ubiobio.cl\\\/inicio\\\/#organization\"},\"potentialAction\":[{\"@type\":\"SearchAction\",\"target\":{\"@type\":\"EntryPoint\",\"urlTemplate\":\"https:\\\/\\\/vrip.ubiobio.cl\\\/inicio\\\/?s={search_term_string}\"},\"query-input\":{\"@type\":\"PropertyValueSpecification\",\"valueRequired\":true,\"valueName\":\"search_term_string\"}}],\"inLanguage\":\"es\"},{\"@type\":\"Organization\",\"@id\":\"https:\\\/\\\/vrip.ubiobio.cl\\\/inicio\\\/#organization\",\"name\":\"VRIP\",\"url\":\"https:\\\/\\\/vrip.ubiobio.cl\\\/inicio\\\/\",\"logo\":{\"@type\":\"ImageObject\",\"inLanguage\":\"es\",\"@id\":\"https:\\\/\\\/vrip.ubiobio.cl\\\/inicio\\\/#\\\/schema\\\/logo\\\/image\\\/\",\"url\":\"https:\\\/\\\/vrip.ubiobio.cl\\\/wp-content\\\/uploads\\\/2022\\\/10\\\/logo-vrip_Mesa-de-trabajo-1.png\",\"contentUrl\":\"https:\\\/\\\/vrip.ubiobio.cl\\\/wp-content\\\/uploads\\\/2022\\\/10\\\/logo-vrip_Mesa-de-trabajo-1.png\",\"width\":642,\"height\":178,\"caption\":\"VRIP\"},\"image\":{\"@id\":\"https:\\\/\\\/vrip.ubiobio.cl\\\/inicio\\\/#\\\/schema\\\/logo\\\/image\\\/\"},\"sameAs\":[\"https:\\\/\\\/x.com\\\/vripubb\",\"https:\\\/\\\/www.instagram.com\\\/vrip_ubb\\\/\",\"https:\\\/\\\/www.youtube.com\\\/channel\\\/UCf7o8yHRJ7Y_QQLxwu1KQgA\",\"https:\\\/\\\/www.linkedin.com\\\/company\\\/96035097\\\/admin\\\/dashboard\\\/\"]},{\"@type\":\"Person\",\"@id\":\"https:\\\/\\\/vrip.ubiobio.cl\\\/inicio\\\/#\\\/schema\\\/person\\\/39f3cf67f158f0420b4eb8baa645a9c0\",\"name\":\"Dagoberto Perez\",\"image\":{\"@type\":\"ImageObject\",\"inLanguage\":\"es\",\"@id\":\"https:\\\/\\\/secure.gravatar.com\\\/avatar\\\/d16ec183e637d727e6c6574e3768aa439442611065e2b4f983793af8bb630edc?s=96&d=mm&r=g\",\"url\":\"https:\\\/\\\/secure.gravatar.com\\\/avatar\\\/d16ec183e637d727e6c6574e3768aa439442611065e2b4f983793af8bb630edc?s=96&d=mm&r=g\",\"contentUrl\":\"https:\\\/\\\/secure.gravatar.com\\\/avatar\\\/d16ec183e637d727e6c6574e3768aa439442611065e2b4f983793af8bb630edc?s=96&d=mm&r=g\",\"caption\":\"Dagoberto Perez\"},\"url\":\"https:\\\/\\\/vrip.ubiobio.cl\\\/inicio\\\/author\\\/dagoberto\\\/\"}]}<\/script>\n<!-- \/ Yoast SEO plugin. -->","yoast_head_json":{"title":"Unidad de Emprendimiento realiz\u00f3 taller de capacitaci\u00f3n a emprendedores\/as de la comuna de Santa Juana - VRIP","robots":{"index":"index","follow":"follow","max-snippet":"max-snippet:-1","max-image-preview":"max-image-preview:large","max-video-preview":"max-video-preview:-1"},"canonical":"https:\/\/vrip.ubiobio.cl\/inicio\/noticias\/unidad-de-emprendimiento-realizo-taller-de-capacitacion-a-emprendedores-as-de-la-comuna-de-santa-juana\/","og_locale":"es_ES","og_type":"article","og_title":"Unidad de Emprendimiento realiz\u00f3 taller de capacitaci\u00f3n a emprendedores\/as de la comuna de Santa Juana - VRIP","og_description":"El taller: \u201cModelo de Negocios, CANVAS\u201d, fue realizado por profesionales de la Unidad de Emprendimiento UBB, de la direcci\u00f3n de Innovaci\u00f3n, Solange Sep\u00falveda, Camila S\u00e1ez y Sebasti\u00e1n Opazo. Esta capacitaci\u00f3n permitir\u00e1 a los emprendedores y emprendedoras de la comuna de Santa Juana postular a nuevas iniciativas y convocatorias especialmente de Sercotec, concursos p\u00fablicos de Capital...","og_url":"https:\/\/vrip.ubiobio.cl\/inicio\/noticias\/unidad-de-emprendimiento-realizo-taller-de-capacitacion-a-emprendedores-as-de-la-comuna-de-santa-juana\/","og_site_name":"VRIP","article_published_time":"2024-03-25T09:30:12+00:00","article_modified_time":"2024-03-25T20:23:41+00:00","og_image":[{"width":745,"height":386,"url":"https:\/\/vrip.ubiobio.cl\/wp-content\/uploads\/2024\/03\/Captura-de-pantalla-2024-03-21-a-las-16.34.19.png","type":"image\/png"}],"author":"Dagoberto Perez","twitter_card":"summary_large_image","twitter_creator":"@vripubb","twitter_site":"@vripubb","twitter_misc":{"Escrito por":"Dagoberto Perez","Tiempo de lectura":"1 minuto"},"schema":{"@context":"https:\/\/schema.org","@graph":[{"@type":"Article","@id":"https:\/\/vrip.ubiobio.cl\/inicio\/noticias\/unidad-de-emprendimiento-realizo-taller-de-capacitacion-a-emprendedores-as-de-la-comuna-de-santa-juana\/#article","isPartOf":{"@id":"https:\/\/vrip.ubiobio.cl\/inicio\/noticias\/unidad-de-emprendimiento-realizo-taller-de-capacitacion-a-emprendedores-as-de-la-comuna-de-santa-juana\/"},"author":{"name":"Dagoberto Perez","@id":"https:\/\/vrip.ubiobio.cl\/inicio\/#\/schema\/person\/39f3cf67f158f0420b4eb8baa645a9c0"},"headline":"Unidad de Emprendimiento realiz\u00f3 taller de capacitaci\u00f3n a emprendedores\/as de la comuna de Santa Juana","datePublished":"2024-03-25T09:30:12+00:00","dateModified":"2024-03-25T20:23:41+00:00","mainEntityOfPage":{"@id":"https:\/\/vrip.ubiobio.cl\/inicio\/noticias\/unidad-de-emprendimiento-realizo-taller-de-capacitacion-a-emprendedores-as-de-la-comuna-de-santa-juana\/"},"wordCount":243,"commentCount":0,"publisher":{"@id":"https:\/\/vrip.ubiobio.cl\/inicio\/#organization"},"image":{"@id":"https:\/\/vrip.ubiobio.cl\/inicio\/noticias\/unidad-de-emprendimiento-realizo-taller-de-capacitacion-a-emprendedores-as-de-la-comuna-de-santa-juana\/#primaryimage"},"thumbnailUrl":"https:\/\/vrip.ubiobio.cl\/wp-content\/uploads\/2024\/03\/Captura-de-pantalla-2024-03-21-a-las-16.34.19.png","articleSection":["Emprendimiento","Noticias"],"inLanguage":"es","potentialAction":[{"@type":"CommentAction","name":"Comment","target":["https:\/\/vrip.ubiobio.cl\/inicio\/noticias\/unidad-de-emprendimiento-realizo-taller-de-capacitacion-a-emprendedores-as-de-la-comuna-de-santa-juana\/#respond"]}]},{"@type":"WebPage","@id":"https:\/\/vrip.ubiobio.cl\/inicio\/noticias\/unidad-de-emprendimiento-realizo-taller-de-capacitacion-a-emprendedores-as-de-la-comuna-de-santa-juana\/","url":"https:\/\/vrip.ubiobio.cl\/inicio\/noticias\/unidad-de-emprendimiento-realizo-taller-de-capacitacion-a-emprendedores-as-de-la-comuna-de-santa-juana\/","name":"Unidad de Emprendimiento realiz\u00f3 taller de capacitaci\u00f3n a emprendedores\/as de la comuna de Santa Juana - VRIP","isPartOf":{"@id":"https:\/\/vrip.ubiobio.cl\/inicio\/#website"},"primaryImageOfPage":{"@id":"https:\/\/vrip.ubiobio.cl\/inicio\/noticias\/unidad-de-emprendimiento-realizo-taller-de-capacitacion-a-emprendedores-as-de-la-comuna-de-santa-juana\/#primaryimage"},"image":{"@id":"https:\/\/vrip.ubiobio.cl\/inicio\/noticias\/unidad-de-emprendimiento-realizo-taller-de-capacitacion-a-emprendedores-as-de-la-comuna-de-santa-juana\/#primaryimage"},"thumbnailUrl":"https:\/\/vrip.ubiobio.cl\/wp-content\/uploads\/2024\/03\/Captura-de-pantalla-2024-03-21-a-las-16.34.19.png","datePublished":"2024-03-25T09:30:12+00:00","dateModified":"2024-03-25T20:23:41+00:00","breadcrumb":{"@id":"https:\/\/vrip.ubiobio.cl\/inicio\/noticias\/unidad-de-emprendimiento-realizo-taller-de-capacitacion-a-emprendedores-as-de-la-comuna-de-santa-juana\/#breadcrumb"},"inLanguage":"es","potentialAction":[{"@type":"ReadAction","target":["https:\/\/vrip.ubiobio.cl\/inicio\/noticias\/unidad-de-emprendimiento-realizo-taller-de-capacitacion-a-emprendedores-as-de-la-comuna-de-santa-juana\/"]}]},{"@type":"ImageObject","inLanguage":"es","@id":"https:\/\/vrip.ubiobio.cl\/inicio\/noticias\/unidad-de-emprendimiento-realizo-taller-de-capacitacion-a-emprendedores-as-de-la-comuna-de-santa-juana\/#primaryimage","url":"https:\/\/vrip.ubiobio.cl\/wp-content\/uploads\/2024\/03\/Captura-de-pantalla-2024-03-21-a-las-16.34.19.png","contentUrl":"https:\/\/vrip.ubiobio.cl\/wp-content\/uploads\/2024\/03\/Captura-de-pantalla-2024-03-21-a-las-16.34.19.png","width":745,"height":386},{"@type":"BreadcrumbList","@id":"https:\/\/vrip.ubiobio.cl\/inicio\/noticias\/unidad-de-emprendimiento-realizo-taller-de-capacitacion-a-emprendedores-as-de-la-comuna-de-santa-juana\/#breadcrumb","itemListElement":[{"@type":"ListItem","position":1,"name":"Portada","item":"https:\/\/vrip.ubiobio.cl\/inicio\/"},{"@type":"ListItem","position":2,"name":"Unidad de Emprendimiento realiz\u00f3 taller de capacitaci\u00f3n a emprendedores\/as de la comuna de Santa Juana"}]},{"@type":"WebSite","@id":"https:\/\/vrip.ubiobio.cl\/inicio\/#website","url":"https:\/\/vrip.ubiobio.cl\/inicio\/","name":"VRIP","description":"Vicerrector\u00eda de Investigaci\u00f3n y Postgrado","publisher":{"@id":"https:\/\/vrip.ubiobio.cl\/inicio\/#organization"},"potentialAction":[{"@type":"SearchAction","target":{"@type":"EntryPoint","urlTemplate":"https:\/\/vrip.ubiobio.cl\/inicio\/?s={search_term_string}"},"query-input":{"@type":"PropertyValueSpecification","valueRequired":true,"valueName":"search_term_string"}}],"inLanguage":"es"},{"@type":"Organization","@id":"https:\/\/vrip.ubiobio.cl\/inicio\/#organization","name":"VRIP","url":"https:\/\/vrip.ubiobio.cl\/inicio\/","logo":{"@type":"ImageObject","inLanguage":"es","@id":"https:\/\/vrip.ubiobio.cl\/inicio\/#\/schema\/logo\/image\/","url":"https:\/\/vrip.ubiobio.cl\/wp-content\/uploads\/2022\/10\/logo-vrip_Mesa-de-trabajo-1.png","contentUrl":"https:\/\/vrip.ubiobio.cl\/wp-content\/uploads\/2022\/10\/logo-vrip_Mesa-de-trabajo-1.png","width":642,"height":178,"caption":"VRIP"},"image":{"@id":"https:\/\/vrip.ubiobio.cl\/inicio\/#\/schema\/logo\/image\/"},"sameAs":["https:\/\/x.com\/vripubb","https:\/\/www.instagram.com\/vrip_ubb\/","https:\/\/www.youtube.com\/channel\/UCf7o8yHRJ7Y_QQLxwu1KQgA","https:\/\/www.linkedin.com\/company\/96035097\/admin\/dashboard\/"]},{"@type":"Person","@id":"https:\/\/vrip.ubiobio.cl\/inicio\/#\/schema\/person\/39f3cf67f158f0420b4eb8baa645a9c0","name":"Dagoberto Perez","image":{"@type":"ImageObject","inLanguage":"es","@id":"https:\/\/secure.gravatar.com\/avatar\/d16ec183e637d727e6c6574e3768aa439442611065e2b4f983793af8bb630edc?s=96&d=mm&r=g","url":"https:\/\/secure.gravatar.com\/avatar\/d16ec183e637d727e6c6574e3768aa439442611065e2b4f983793af8bb630edc?s=96&d=mm&r=g","contentUrl":"https:\/\/secure.gravatar.com\/avatar\/d16ec183e637d727e6c6574e3768aa439442611065e2b4f983793af8bb630edc?s=96&d=mm&r=g","caption":"Dagoberto Perez"},"url":"https:\/\/vrip.ubiobio.cl\/inicio\/author\/dagoberto\/"}]}},"_links":{"self":[{"href":"https:\/\/vrip.ubiobio.cl\/inicio\/wp-json\/wp\/v2\/posts\/43987","targetHints":{"allow":["GET"]}}],"collection":[{"href":"https:\/\/vrip.ubiobio.cl\/inicio\/wp-json\/wp\/v2\/posts"}],"about":[{"href":"https:\/\/vrip.ubiobio.cl\/inicio\/wp-json\/wp\/v2\/types\/post"}],"author":[{"embeddable":true,"href":"https:\/\/vrip.ubiobio.cl\/inicio\/wp-json\/wp\/v2\/users\/3"}],"replies":[{"embeddable":true,"href":"https:\/\/vrip.ubiobio.cl\/inicio\/wp-json\/wp\/v2\/comments?post=43987"}],"version-history":[{"count":2,"href":"https:\/\/vrip.ubiobio.cl\/inicio\/wp-json\/wp\/v2\/posts\/43987\/revisions"}],"predecessor-version":[{"id":44022,"href":"https:\/\/vrip.ubiobio.cl\/inicio\/wp-json\/wp\/v2\/posts\/43987\/revisions\/44022"}],"wp:featuredmedia":[{"embeddable":true,"href":"https:\/\/vrip.ubiobio.cl\/inicio\/wp-json\/wp\/v2\/media\/44020"}],"wp:attachment":[{"href":"https:\/\/vrip.ubiobio.cl\/inicio\/wp-json\/wp\/v2\/media?parent=43987"}],"wp:term":[{"taxonomy":"category","embeddable":true,"href":"https:\/\/vrip.ubiobio.cl\/inicio\/wp-json\/wp\/v2\/categories?post=43987"},{"taxonomy":"post_tag","embeddable":true,"href":"https:\/\/vrip.ubiobio.cl\/inicio\/wp-json\/wp\/v2\/tags?post=43987"}],"curies":[{"name":"wp","href":"https:\/\/api.w.org\/{rel}","templated":true}]}}