{"id":43197,"date":"2024-01-03T18:50:37","date_gmt":"2024-01-03T18:50:37","guid":{"rendered":"https:\/\/vrip.ubiobio.cl\/inicio\/?p=43197"},"modified":"2024-06-12T18:19:22","modified_gmt":"2024-06-12T18:19:22","slug":"concurso-anillos-dr-alexander-panez-asumira-como-investigador-principal-en-proyecto-sobre-cambio-climatico","status":"publish","type":"post","link":"https:\/\/vrip.ubiobio.cl\/inicio\/noticias\/concurso-anillos-dr-alexander-panez-asumira-como-investigador-principal-en-proyecto-sobre-cambio-climatico\/","title":{"rendered":"Concurso Anillos: Dr. Alexander Panez asumir\u00e1 como investigador principal en proyecto sobre cambio clim\u00e1tico"},"content":{"rendered":"<p><em>El acad\u00e9mico del Departamento de Ciencias Sociales de la FEDUH UBB, Dr. Alexander Panez Pinto, form\u00f3 parte de la propuesta adjudicada por Pontificia Universidad Cat\u00f3lica de Valpara\u00edso, PUCV y la Universidad del B\u00edo-B\u00edo, dirigida por el Dr. Pablo Mansilla Qui\u00f1ones (PUCV). Este logro se inscribe en el marco del Concurso Anillos en Ciencias Sociales 2023 de ANID, espec\u00edficamente en el \u00e1rea tem\u00e1tica sobre Cambio Clim\u00e1tico.<\/em><\/p>\n<p>\u00abPara el acad\u00e9mico esta adjudicaci\u00f3n significa una gran posibilidad para ampliar las discusiones sobre cambio clim\u00e1tico en Chile ya que \u201csuelen preponderar sobre el debate de la crisis clim\u00e1tica que excluyen los conocimientos acumulados por comunidades y organizaciones en los diferentes territorios del pa\u00eds\u00bb, destaca el Dr. Alexander Panez.<\/p>\n<p>En el proyecto denominado:\u00a0\u201cPluriversos clim\u00e1ticos: Una perspectiva decolonial de las geohumanidades para el dise\u00f1o de territorios alternativos en contextos de cambio clim\u00e1tico\u201d<strong>\u00a0<\/strong>el Dr. Panez ser\u00e1 parte del equipo de investigadores principales, en el cual la PUCV actuar\u00e1 como instituci\u00f3n principal, y la UBB participar\u00e1 como instituci\u00f3n asociada.<\/p>\n<p>Cabe destacar que esta iniciativa se encuentra entre las cuatro propuestas aprobadas (de un total de nueve) a nivel nacional y tendr\u00e1 un periodo de ejecuci\u00f3n de tres a\u00f1os.<\/p>\n<p>Para el acad\u00e9mico esta adjudicaci\u00f3n significa una gran posibilidad para ampliar las discusiones sobre cambio clim\u00e1tico en Chile ya que \u201csuelen preponderar sobre el debate de la crisis clim\u00e1tica que excluyen los conocimientos acumulados por comunidades y organizaciones en los diferentes territorios del pa\u00eds. Este proyecto busca contribuir al reconocimiento de esos saberes y a pensar colectivamente propuestas para enfrentar la crisis en curso\u201d.<\/p>\n<p>La Decana de la Facultad de Educaci\u00f3n y Humanidades de la UBB, Dra. Fancy Castro Rubilar, extendi\u00f3 sus felicitaciones por este logro y se\u00f1al\u00f3 que \u201cconfiamos en que su trabajo ser\u00e1 un valioso aporte al desarrollo del quehacer acad\u00e9mico de nuestra Facultad y una contribuci\u00f3n significativa al conocimiento en el \u00e1mbito del cambio clim\u00e1tico\u201d.<\/p>\n<p>Fuente: UBB<\/p>\n","protected":false},"excerpt":{"rendered":"<p>El acad\u00e9mico del Departamento de Ciencias Sociales de la FEDUH UBB, Dr. Alexander Panez Pinto, form\u00f3 parte de la propuesta adjudicada por Pontificia Universidad Cat\u00f3lica de Valpara\u00edso, PUCV y la Universidad del B\u00edo-B\u00edo, dirigida por el Dr. Pablo Mansilla Qui\u00f1ones (PUCV). Este logro se inscribe en el marco del Concurso Anillos en Ciencias Sociales 2023&#8230;<\/p>\n","protected":false},"author":3,"featured_media":43198,"comment_status":"open","ping_status":"open","sticky":false,"template":"","format":"standard","meta":{"_kadence_starter_templates_imported_post":false,"_kad_post_transparent":"default","_kad_post_title":"default","_kad_post_layout":"default","_kad_post_sidebar_id":"","_kad_post_content_style":"default","_kad_post_vertical_padding":"default","_kad_post_feature":"","_kad_post_feature_position":"","_kad_post_header":false,"_kad_post_footer":false,"footnotes":""},"categories":[165,3],"tags":[],"class_list":["post-43197","post","type-post","status-publish","format-standard","has-post-thumbnail","hentry","category-dicrea","category-noticias"],"yoast_head":"<!-- This site is optimized with the Yoast SEO plugin v27.5 - https:\/\/yoast.com\/product\/yoast-seo-wordpress\/ -->\n<title>Concurso Anillos: Dr. Alexander Panez asumir\u00e1 como investigador principal en proyecto sobre cambio clim\u00e1tico - VRIP<\/title>\n<meta name=\"robots\" content=\"index, follow, max-snippet:-1, max-image-preview:large, max-video-preview:-1\" \/>\n<link rel=\"canonical\" href=\"https:\/\/vrip.ubiobio.cl\/inicio\/noticias\/concurso-anillos-dr-alexander-panez-asumira-como-investigador-principal-en-proyecto-sobre-cambio-climatico\/\" \/>\n<meta property=\"og:locale\" content=\"es_ES\" \/>\n<meta property=\"og:type\" content=\"article\" \/>\n<meta property=\"og:title\" content=\"Concurso Anillos: Dr. Alexander Panez asumir\u00e1 como investigador principal en proyecto sobre cambio clim\u00e1tico - VRIP\" \/>\n<meta property=\"og:description\" content=\"El acad\u00e9mico del Departamento de Ciencias Sociales de la FEDUH UBB, Dr. Alexander Panez Pinto, form\u00f3 parte de la propuesta adjudicada por Pontificia Universidad Cat\u00f3lica de Valpara\u00edso, PUCV y la Universidad del B\u00edo-B\u00edo, dirigida por el Dr. Pablo Mansilla Qui\u00f1ones (PUCV). Este logro se inscribe en el marco del Concurso Anillos en Ciencias Sociales 2023...\" \/>\n<meta property=\"og:url\" content=\"https:\/\/vrip.ubiobio.cl\/inicio\/noticias\/concurso-anillos-dr-alexander-panez-asumira-como-investigador-principal-en-proyecto-sobre-cambio-climatico\/\" \/>\n<meta property=\"og:site_name\" content=\"VRIP\" \/>\n<meta property=\"article:published_time\" content=\"2024-01-03T18:50:37+00:00\" \/>\n<meta property=\"article:modified_time\" content=\"2024-06-12T18:19:22+00:00\" \/>\n<meta property=\"og:image\" content=\"https:\/\/vrip.ubiobio.cl\/wp-content\/uploads\/2024\/01\/Alexander-Panez.jpg\" \/>\n\t<meta property=\"og:image:width\" content=\"512\" \/>\n\t<meta property=\"og:image:height\" content=\"371\" \/>\n\t<meta property=\"og:image:type\" content=\"image\/jpeg\" \/>\n<meta name=\"author\" content=\"Dagoberto Perez\" \/>\n<meta name=\"twitter:card\" content=\"summary_large_image\" \/>\n<meta name=\"twitter:creator\" content=\"@vripubb\" \/>\n<meta name=\"twitter:site\" content=\"@vripubb\" \/>\n<meta name=\"twitter:label1\" content=\"Escrito por\" \/>\n\t<meta name=\"twitter:data1\" content=\"Dagoberto Perez\" \/>\n\t<meta name=\"twitter:label2\" content=\"Tiempo de lectura\" \/>\n\t<meta name=\"twitter:data2\" content=\"2 minutos\" \/>\n<script type=\"application\/ld+json\" class=\"yoast-schema-graph\">{\"@context\":\"https:\\\/\\\/schema.org\",\"@graph\":[{\"@type\":\"Article\",\"@id\":\"https:\\\/\\\/vrip.ubiobio.cl\\\/inicio\\\/noticias\\\/concurso-anillos-dr-alexander-panez-asumira-como-investigador-principal-en-proyecto-sobre-cambio-climatico\\\/#article\",\"isPartOf\":{\"@id\":\"https:\\\/\\\/vrip.ubiobio.cl\\\/inicio\\\/noticias\\\/concurso-anillos-dr-alexander-panez-asumira-como-investigador-principal-en-proyecto-sobre-cambio-climatico\\\/\"},\"author\":{\"name\":\"Dagoberto Perez\",\"@id\":\"https:\\\/\\\/vrip.ubiobio.cl\\\/inicio\\\/#\\\/schema\\\/person\\\/39f3cf67f158f0420b4eb8baa645a9c0\"},\"headline\":\"Concurso Anillos: Dr. Alexander Panez asumir\u00e1 como investigador principal en proyecto sobre cambio clim\u00e1tico\",\"datePublished\":\"2024-01-03T18:50:37+00:00\",\"dateModified\":\"2024-06-12T18:19:22+00:00\",\"mainEntityOfPage\":{\"@id\":\"https:\\\/\\\/vrip.ubiobio.cl\\\/inicio\\\/noticias\\\/concurso-anillos-dr-alexander-panez-asumira-como-investigador-principal-en-proyecto-sobre-cambio-climatico\\\/\"},\"wordCount\":357,\"commentCount\":0,\"publisher\":{\"@id\":\"https:\\\/\\\/vrip.ubiobio.cl\\\/inicio\\\/#organization\"},\"image\":{\"@id\":\"https:\\\/\\\/vrip.ubiobio.cl\\\/inicio\\\/noticias\\\/concurso-anillos-dr-alexander-panez-asumira-como-investigador-principal-en-proyecto-sobre-cambio-climatico\\\/#primaryimage\"},\"thumbnailUrl\":\"https:\\\/\\\/vrip.ubiobio.cl\\\/wp-content\\\/uploads\\\/2024\\\/01\\\/Alexander-Panez.jpg\",\"articleSection\":[\"DICREA\",\"Noticias\"],\"inLanguage\":\"es\",\"potentialAction\":[{\"@type\":\"CommentAction\",\"name\":\"Comment\",\"target\":[\"https:\\\/\\\/vrip.ubiobio.cl\\\/inicio\\\/noticias\\\/concurso-anillos-dr-alexander-panez-asumira-como-investigador-principal-en-proyecto-sobre-cambio-climatico\\\/#respond\"]}]},{\"@type\":\"WebPage\",\"@id\":\"https:\\\/\\\/vrip.ubiobio.cl\\\/inicio\\\/noticias\\\/concurso-anillos-dr-alexander-panez-asumira-como-investigador-principal-en-proyecto-sobre-cambio-climatico\\\/\",\"url\":\"https:\\\/\\\/vrip.ubiobio.cl\\\/inicio\\\/noticias\\\/concurso-anillos-dr-alexander-panez-asumira-como-investigador-principal-en-proyecto-sobre-cambio-climatico\\\/\",\"name\":\"Concurso Anillos: Dr. Alexander Panez asumir\u00e1 como investigador principal en proyecto sobre cambio clim\u00e1tico - VRIP\",\"isPartOf\":{\"@id\":\"https:\\\/\\\/vrip.ubiobio.cl\\\/inicio\\\/#website\"},\"primaryImageOfPage\":{\"@id\":\"https:\\\/\\\/vrip.ubiobio.cl\\\/inicio\\\/noticias\\\/concurso-anillos-dr-alexander-panez-asumira-como-investigador-principal-en-proyecto-sobre-cambio-climatico\\\/#primaryimage\"},\"image\":{\"@id\":\"https:\\\/\\\/vrip.ubiobio.cl\\\/inicio\\\/noticias\\\/concurso-anillos-dr-alexander-panez-asumira-como-investigador-principal-en-proyecto-sobre-cambio-climatico\\\/#primaryimage\"},\"thumbnailUrl\":\"https:\\\/\\\/vrip.ubiobio.cl\\\/wp-content\\\/uploads\\\/2024\\\/01\\\/Alexander-Panez.jpg\",\"datePublished\":\"2024-01-03T18:50:37+00:00\",\"dateModified\":\"2024-06-12T18:19:22+00:00\",\"breadcrumb\":{\"@id\":\"https:\\\/\\\/vrip.ubiobio.cl\\\/inicio\\\/noticias\\\/concurso-anillos-dr-alexander-panez-asumira-como-investigador-principal-en-proyecto-sobre-cambio-climatico\\\/#breadcrumb\"},\"inLanguage\":\"es\",\"potentialAction\":[{\"@type\":\"ReadAction\",\"target\":[\"https:\\\/\\\/vrip.ubiobio.cl\\\/inicio\\\/noticias\\\/concurso-anillos-dr-alexander-panez-asumira-como-investigador-principal-en-proyecto-sobre-cambio-climatico\\\/\"]}]},{\"@type\":\"ImageObject\",\"inLanguage\":\"es\",\"@id\":\"https:\\\/\\\/vrip.ubiobio.cl\\\/inicio\\\/noticias\\\/concurso-anillos-dr-alexander-panez-asumira-como-investigador-principal-en-proyecto-sobre-cambio-climatico\\\/#primaryimage\",\"url\":\"https:\\\/\\\/vrip.ubiobio.cl\\\/wp-content\\\/uploads\\\/2024\\\/01\\\/Alexander-Panez.jpg\",\"contentUrl\":\"https:\\\/\\\/vrip.ubiobio.cl\\\/wp-content\\\/uploads\\\/2024\\\/01\\\/Alexander-Panez.jpg\",\"width\":512,\"height\":371},{\"@type\":\"BreadcrumbList\",\"@id\":\"https:\\\/\\\/vrip.ubiobio.cl\\\/inicio\\\/noticias\\\/concurso-anillos-dr-alexander-panez-asumira-como-investigador-principal-en-proyecto-sobre-cambio-climatico\\\/#breadcrumb\",\"itemListElement\":[{\"@type\":\"ListItem\",\"position\":1,\"name\":\"Portada\",\"item\":\"https:\\\/\\\/vrip.ubiobio.cl\\\/inicio\\\/\"},{\"@type\":\"ListItem\",\"position\":2,\"name\":\"Concurso Anillos: Dr. Alexander Panez asumir\u00e1 como investigador principal en proyecto sobre cambio clim\u00e1tico\"}]},{\"@type\":\"WebSite\",\"@id\":\"https:\\\/\\\/vrip.ubiobio.cl\\\/inicio\\\/#website\",\"url\":\"https:\\\/\\\/vrip.ubiobio.cl\\\/inicio\\\/\",\"name\":\"VRIP\",\"description\":\"Vicerrector\u00eda de Investigaci\u00f3n y Postgrado\",\"publisher\":{\"@id\":\"https:\\\/\\\/vrip.ubiobio.cl\\\/inicio\\\/#organization\"},\"potentialAction\":[{\"@type\":\"SearchAction\",\"target\":{\"@type\":\"EntryPoint\",\"urlTemplate\":\"https:\\\/\\\/vrip.ubiobio.cl\\\/inicio\\\/?s={search_term_string}\"},\"query-input\":{\"@type\":\"PropertyValueSpecification\",\"valueRequired\":true,\"valueName\":\"search_term_string\"}}],\"inLanguage\":\"es\"},{\"@type\":\"Organization\",\"@id\":\"https:\\\/\\\/vrip.ubiobio.cl\\\/inicio\\\/#organization\",\"name\":\"VRIP\",\"url\":\"https:\\\/\\\/vrip.ubiobio.cl\\\/inicio\\\/\",\"logo\":{\"@type\":\"ImageObject\",\"inLanguage\":\"es\",\"@id\":\"https:\\\/\\\/vrip.ubiobio.cl\\\/inicio\\\/#\\\/schema\\\/logo\\\/image\\\/\",\"url\":\"https:\\\/\\\/vrip.ubiobio.cl\\\/wp-content\\\/uploads\\\/2022\\\/10\\\/logo-vrip_Mesa-de-trabajo-1.png\",\"contentUrl\":\"https:\\\/\\\/vrip.ubiobio.cl\\\/wp-content\\\/uploads\\\/2022\\\/10\\\/logo-vrip_Mesa-de-trabajo-1.png\",\"width\":642,\"height\":178,\"caption\":\"VRIP\"},\"image\":{\"@id\":\"https:\\\/\\\/vrip.ubiobio.cl\\\/inicio\\\/#\\\/schema\\\/logo\\\/image\\\/\"},\"sameAs\":[\"https:\\\/\\\/x.com\\\/vripubb\",\"https:\\\/\\\/www.instagram.com\\\/vrip_ubb\\\/\",\"https:\\\/\\\/www.youtube.com\\\/channel\\\/UCf7o8yHRJ7Y_QQLxwu1KQgA\",\"https:\\\/\\\/www.linkedin.com\\\/company\\\/96035097\\\/admin\\\/dashboard\\\/\"]},{\"@type\":\"Person\",\"@id\":\"https:\\\/\\\/vrip.ubiobio.cl\\\/inicio\\\/#\\\/schema\\\/person\\\/39f3cf67f158f0420b4eb8baa645a9c0\",\"name\":\"Dagoberto Perez\",\"image\":{\"@type\":\"ImageObject\",\"inLanguage\":\"es\",\"@id\":\"https:\\\/\\\/secure.gravatar.com\\\/avatar\\\/d16ec183e637d727e6c6574e3768aa439442611065e2b4f983793af8bb630edc?s=96&d=mm&r=g\",\"url\":\"https:\\\/\\\/secure.gravatar.com\\\/avatar\\\/d16ec183e637d727e6c6574e3768aa439442611065e2b4f983793af8bb630edc?s=96&d=mm&r=g\",\"contentUrl\":\"https:\\\/\\\/secure.gravatar.com\\\/avatar\\\/d16ec183e637d727e6c6574e3768aa439442611065e2b4f983793af8bb630edc?s=96&d=mm&r=g\",\"caption\":\"Dagoberto Perez\"},\"url\":\"https:\\\/\\\/vrip.ubiobio.cl\\\/inicio\\\/author\\\/dagoberto\\\/\"}]}<\/script>\n<!-- \/ Yoast SEO plugin. -->","yoast_head_json":{"title":"Concurso Anillos: Dr. Alexander Panez asumir\u00e1 como investigador principal en proyecto sobre cambio clim\u00e1tico - VRIP","robots":{"index":"index","follow":"follow","max-snippet":"max-snippet:-1","max-image-preview":"max-image-preview:large","max-video-preview":"max-video-preview:-1"},"canonical":"https:\/\/vrip.ubiobio.cl\/inicio\/noticias\/concurso-anillos-dr-alexander-panez-asumira-como-investigador-principal-en-proyecto-sobre-cambio-climatico\/","og_locale":"es_ES","og_type":"article","og_title":"Concurso Anillos: Dr. Alexander Panez asumir\u00e1 como investigador principal en proyecto sobre cambio clim\u00e1tico - VRIP","og_description":"El acad\u00e9mico del Departamento de Ciencias Sociales de la FEDUH UBB, Dr. Alexander Panez Pinto, form\u00f3 parte de la propuesta adjudicada por Pontificia Universidad Cat\u00f3lica de Valpara\u00edso, PUCV y la Universidad del B\u00edo-B\u00edo, dirigida por el Dr. Pablo Mansilla Qui\u00f1ones (PUCV). Este logro se inscribe en el marco del Concurso Anillos en Ciencias Sociales 2023...","og_url":"https:\/\/vrip.ubiobio.cl\/inicio\/noticias\/concurso-anillos-dr-alexander-panez-asumira-como-investigador-principal-en-proyecto-sobre-cambio-climatico\/","og_site_name":"VRIP","article_published_time":"2024-01-03T18:50:37+00:00","article_modified_time":"2024-06-12T18:19:22+00:00","og_image":[{"width":512,"height":371,"url":"https:\/\/vrip.ubiobio.cl\/wp-content\/uploads\/2024\/01\/Alexander-Panez.jpg","type":"image\/jpeg"}],"author":"Dagoberto Perez","twitter_card":"summary_large_image","twitter_creator":"@vripubb","twitter_site":"@vripubb","twitter_misc":{"Escrito por":"Dagoberto Perez","Tiempo de lectura":"2 minutos"},"schema":{"@context":"https:\/\/schema.org","@graph":[{"@type":"Article","@id":"https:\/\/vrip.ubiobio.cl\/inicio\/noticias\/concurso-anillos-dr-alexander-panez-asumira-como-investigador-principal-en-proyecto-sobre-cambio-climatico\/#article","isPartOf":{"@id":"https:\/\/vrip.ubiobio.cl\/inicio\/noticias\/concurso-anillos-dr-alexander-panez-asumira-como-investigador-principal-en-proyecto-sobre-cambio-climatico\/"},"author":{"name":"Dagoberto Perez","@id":"https:\/\/vrip.ubiobio.cl\/inicio\/#\/schema\/person\/39f3cf67f158f0420b4eb8baa645a9c0"},"headline":"Concurso Anillos: Dr. Alexander Panez asumir\u00e1 como investigador principal en proyecto sobre cambio clim\u00e1tico","datePublished":"2024-01-03T18:50:37+00:00","dateModified":"2024-06-12T18:19:22+00:00","mainEntityOfPage":{"@id":"https:\/\/vrip.ubiobio.cl\/inicio\/noticias\/concurso-anillos-dr-alexander-panez-asumira-como-investigador-principal-en-proyecto-sobre-cambio-climatico\/"},"wordCount":357,"commentCount":0,"publisher":{"@id":"https:\/\/vrip.ubiobio.cl\/inicio\/#organization"},"image":{"@id":"https:\/\/vrip.ubiobio.cl\/inicio\/noticias\/concurso-anillos-dr-alexander-panez-asumira-como-investigador-principal-en-proyecto-sobre-cambio-climatico\/#primaryimage"},"thumbnailUrl":"https:\/\/vrip.ubiobio.cl\/wp-content\/uploads\/2024\/01\/Alexander-Panez.jpg","articleSection":["DICREA","Noticias"],"inLanguage":"es","potentialAction":[{"@type":"CommentAction","name":"Comment","target":["https:\/\/vrip.ubiobio.cl\/inicio\/noticias\/concurso-anillos-dr-alexander-panez-asumira-como-investigador-principal-en-proyecto-sobre-cambio-climatico\/#respond"]}]},{"@type":"WebPage","@id":"https:\/\/vrip.ubiobio.cl\/inicio\/noticias\/concurso-anillos-dr-alexander-panez-asumira-como-investigador-principal-en-proyecto-sobre-cambio-climatico\/","url":"https:\/\/vrip.ubiobio.cl\/inicio\/noticias\/concurso-anillos-dr-alexander-panez-asumira-como-investigador-principal-en-proyecto-sobre-cambio-climatico\/","name":"Concurso Anillos: Dr. Alexander Panez asumir\u00e1 como investigador principal en proyecto sobre cambio clim\u00e1tico - VRIP","isPartOf":{"@id":"https:\/\/vrip.ubiobio.cl\/inicio\/#website"},"primaryImageOfPage":{"@id":"https:\/\/vrip.ubiobio.cl\/inicio\/noticias\/concurso-anillos-dr-alexander-panez-asumira-como-investigador-principal-en-proyecto-sobre-cambio-climatico\/#primaryimage"},"image":{"@id":"https:\/\/vrip.ubiobio.cl\/inicio\/noticias\/concurso-anillos-dr-alexander-panez-asumira-como-investigador-principal-en-proyecto-sobre-cambio-climatico\/#primaryimage"},"thumbnailUrl":"https:\/\/vrip.ubiobio.cl\/wp-content\/uploads\/2024\/01\/Alexander-Panez.jpg","datePublished":"2024-01-03T18:50:37+00:00","dateModified":"2024-06-12T18:19:22+00:00","breadcrumb":{"@id":"https:\/\/vrip.ubiobio.cl\/inicio\/noticias\/concurso-anillos-dr-alexander-panez-asumira-como-investigador-principal-en-proyecto-sobre-cambio-climatico\/#breadcrumb"},"inLanguage":"es","potentialAction":[{"@type":"ReadAction","target":["https:\/\/vrip.ubiobio.cl\/inicio\/noticias\/concurso-anillos-dr-alexander-panez-asumira-como-investigador-principal-en-proyecto-sobre-cambio-climatico\/"]}]},{"@type":"ImageObject","inLanguage":"es","@id":"https:\/\/vrip.ubiobio.cl\/inicio\/noticias\/concurso-anillos-dr-alexander-panez-asumira-como-investigador-principal-en-proyecto-sobre-cambio-climatico\/#primaryimage","url":"https:\/\/vrip.ubiobio.cl\/wp-content\/uploads\/2024\/01\/Alexander-Panez.jpg","contentUrl":"https:\/\/vrip.ubiobio.cl\/wp-content\/uploads\/2024\/01\/Alexander-Panez.jpg","width":512,"height":371},{"@type":"BreadcrumbList","@id":"https:\/\/vrip.ubiobio.cl\/inicio\/noticias\/concurso-anillos-dr-alexander-panez-asumira-como-investigador-principal-en-proyecto-sobre-cambio-climatico\/#breadcrumb","itemListElement":[{"@type":"ListItem","position":1,"name":"Portada","item":"https:\/\/vrip.ubiobio.cl\/inicio\/"},{"@type":"ListItem","position":2,"name":"Concurso Anillos: Dr. Alexander Panez asumir\u00e1 como investigador principal en proyecto sobre cambio clim\u00e1tico"}]},{"@type":"WebSite","@id":"https:\/\/vrip.ubiobio.cl\/inicio\/#website","url":"https:\/\/vrip.ubiobio.cl\/inicio\/","name":"VRIP","description":"Vicerrector\u00eda de Investigaci\u00f3n y Postgrado","publisher":{"@id":"https:\/\/vrip.ubiobio.cl\/inicio\/#organization"},"potentialAction":[{"@type":"SearchAction","target":{"@type":"EntryPoint","urlTemplate":"https:\/\/vrip.ubiobio.cl\/inicio\/?s={search_term_string}"},"query-input":{"@type":"PropertyValueSpecification","valueRequired":true,"valueName":"search_term_string"}}],"inLanguage":"es"},{"@type":"Organization","@id":"https:\/\/vrip.ubiobio.cl\/inicio\/#organization","name":"VRIP","url":"https:\/\/vrip.ubiobio.cl\/inicio\/","logo":{"@type":"ImageObject","inLanguage":"es","@id":"https:\/\/vrip.ubiobio.cl\/inicio\/#\/schema\/logo\/image\/","url":"https:\/\/vrip.ubiobio.cl\/wp-content\/uploads\/2022\/10\/logo-vrip_Mesa-de-trabajo-1.png","contentUrl":"https:\/\/vrip.ubiobio.cl\/wp-content\/uploads\/2022\/10\/logo-vrip_Mesa-de-trabajo-1.png","width":642,"height":178,"caption":"VRIP"},"image":{"@id":"https:\/\/vrip.ubiobio.cl\/inicio\/#\/schema\/logo\/image\/"},"sameAs":["https:\/\/x.com\/vripubb","https:\/\/www.instagram.com\/vrip_ubb\/","https:\/\/www.youtube.com\/channel\/UCf7o8yHRJ7Y_QQLxwu1KQgA","https:\/\/www.linkedin.com\/company\/96035097\/admin\/dashboard\/"]},{"@type":"Person","@id":"https:\/\/vrip.ubiobio.cl\/inicio\/#\/schema\/person\/39f3cf67f158f0420b4eb8baa645a9c0","name":"Dagoberto Perez","image":{"@type":"ImageObject","inLanguage":"es","@id":"https:\/\/secure.gravatar.com\/avatar\/d16ec183e637d727e6c6574e3768aa439442611065e2b4f983793af8bb630edc?s=96&d=mm&r=g","url":"https:\/\/secure.gravatar.com\/avatar\/d16ec183e637d727e6c6574e3768aa439442611065e2b4f983793af8bb630edc?s=96&d=mm&r=g","contentUrl":"https:\/\/secure.gravatar.com\/avatar\/d16ec183e637d727e6c6574e3768aa439442611065e2b4f983793af8bb630edc?s=96&d=mm&r=g","caption":"Dagoberto Perez"},"url":"https:\/\/vrip.ubiobio.cl\/inicio\/author\/dagoberto\/"}]}},"_links":{"self":[{"href":"https:\/\/vrip.ubiobio.cl\/inicio\/wp-json\/wp\/v2\/posts\/43197","targetHints":{"allow":["GET"]}}],"collection":[{"href":"https:\/\/vrip.ubiobio.cl\/inicio\/wp-json\/wp\/v2\/posts"}],"about":[{"href":"https:\/\/vrip.ubiobio.cl\/inicio\/wp-json\/wp\/v2\/types\/post"}],"author":[{"embeddable":true,"href":"https:\/\/vrip.ubiobio.cl\/inicio\/wp-json\/wp\/v2\/users\/3"}],"replies":[{"embeddable":true,"href":"https:\/\/vrip.ubiobio.cl\/inicio\/wp-json\/wp\/v2\/comments?post=43197"}],"version-history":[{"count":1,"href":"https:\/\/vrip.ubiobio.cl\/inicio\/wp-json\/wp\/v2\/posts\/43197\/revisions"}],"predecessor-version":[{"id":43199,"href":"https:\/\/vrip.ubiobio.cl\/inicio\/wp-json\/wp\/v2\/posts\/43197\/revisions\/43199"}],"wp:featuredmedia":[{"embeddable":true,"href":"https:\/\/vrip.ubiobio.cl\/inicio\/wp-json\/wp\/v2\/media\/43198"}],"wp:attachment":[{"href":"https:\/\/vrip.ubiobio.cl\/inicio\/wp-json\/wp\/v2\/media?parent=43197"}],"wp:term":[{"taxonomy":"category","embeddable":true,"href":"https:\/\/vrip.ubiobio.cl\/inicio\/wp-json\/wp\/v2\/categories?post=43197"},{"taxonomy":"post_tag","embeddable":true,"href":"https:\/\/vrip.ubiobio.cl\/inicio\/wp-json\/wp\/v2\/tags?post=43197"}],"curies":[{"name":"wp","href":"https:\/\/api.w.org\/{rel}","templated":true}]}}