{"id":41869,"date":"2023-11-08T17:32:20","date_gmt":"2023-11-08T17:32:20","guid":{"rendered":"https:\/\/vrip.ubiobio.cl\/inicio\/?p=41869"},"modified":"2023-11-08T17:32:20","modified_gmt":"2023-11-08T17:32:20","slug":"documental-pionero-en-historia-economica-regional-se-presento-a-la-comunidad-en-aula-magna-ubb","status":"publish","type":"post","link":"https:\/\/vrip.ubiobio.cl\/inicio\/noticias\/documental-pionero-en-historia-economica-regional-se-presento-a-la-comunidad-en-aula-magna-ubb\/","title":{"rendered":"Documental pionero en historia econ\u00f3mica regional se present\u00f3 a la comunidad en Aula Magna UBB"},"content":{"rendered":"<p><em>Este martes 7 de noviembre, se exhibi\u00f3 por primera vez el documental LA ECONOM\u00cdA INCONCLUSA a todo p\u00fablico en el Aula Magna de la Universidad del B\u00edo-B\u00edo, instancia en la que adem\u00e1s se gener\u00f3 una conversaci\u00f3n con los asistentes.\u00a0<\/em><\/p>\n<p>E<div class=\"perfect-pullquote  pullquote-align-right\"><blockquote><p>l documental releva los a\u00f1os transcurridos entre 1800 y 1930 en la regi\u00f3n -tanto en sus luces como en sus sombras-; resaltando la labor de personajes hist\u00f3ricos pioneros, cuyos emprendimientos fueron la base de la econom\u00eda para el siglo XX, y que marcan a la zona hasta el d\u00eda de hoy.<\/p><\/blockquote><\/div><\/p>\n<p>El documental releva los a\u00f1os transcurridos entre 1800 y 1930 en la regi\u00f3n -tanto en sus luces como en sus sombras-; resaltando la labor de personajes hist\u00f3ricos pioneros, cuyos emprendimientos fueron la base de la econom\u00eda para el siglo XX, y que marcan a la zona hasta el d\u00eda de hoy.\u00a0 Es una odisea que recorre hechos como la moliner\u00eda que se desarroll\u00f3 en Penco, Lirqu\u00e9n, Colcura y Concepci\u00f3n; la exportaci\u00f3n de harina; la miner\u00eda de carb\u00f3n en Lota, Coronel y Colcura, pues se abrieron m\u00e1s de 100 yacimientos carbon\u00edferos; entre otros.<\/p>\n<p>Cabe destacar, que la cinta es fruto de la labor de investigaci\u00f3n sobre historia econ\u00f3mica regional del acad\u00e9mico de la UBB, Luis M\u00e9ndez Briones; y fue financiada por el Fondo de Proyectos de Creaci\u00f3n Art\u00edstica de la Vicerrector\u00eda de Investigaci\u00f3n y Postgrado (VRIP) UBB. Por tanto, fue en conjunto con los audiovisuales del Centro Cultural y Cinematogr\u00e1fico de Penco, y otros profesionales, que se llev\u00f3 a cabo el proyecto.<\/p>\n<p>La actividad comenz\u00f3 con un cuadro de danzas costumbristas de la zona del carb\u00f3n del Conjunto de Cantos y Danzas Tradicionales de la Universidad del B\u00edo-B\u00edo. Luego se exhibi\u00f3 la cinta, para continuar con una mesa de conversaci\u00f3n entre el p\u00fablico, el equipo de LA ECONOM\u00cdA INCONLUSA, y Natalia Baeza Contreras, doctora en Historia de la UdeC, acad\u00e9mica de la UCSC, y una las entrevistadas en el documental, quien destac\u00f3 el tema de las mujeres, ya que su labor no suele encontrarse en la historia oficial de ese periodo.<\/p>\n<p>\u201cEl nombre de la cinta nace porque la econom\u00eda es c\u00edclica, y porque siempre se pudo haber hecho m\u00e1s\u201d, se mencion\u00f3 durante la instancia. Adem\u00e1s, porque el periodo entre 1800 y 1930 se caracteriz\u00f3 por tener gran desarrollo econ\u00f3mico que se vio truncado llegado determinado momento.<\/p>\n<p>Marcelo Gotelli, uno de los directores del documental, encargado de c\u00e1mara y de montaje, comenta: \u201cLa Econom\u00eda Inconclusa es un documental de divulgaci\u00f3n hist\u00f3rica. Este g\u00e9nero es un puente fundamental para que el conocimiento acad\u00e9mico traspase las paredes de las aulas de manera entretenida e interesante. Por ello, como Centro Cultural y Cinematogr\u00e1fico de Penco, aplaudimos la primera apuesta que hace la Universidad del B\u00edo-B\u00edo al apoyar creaciones de esta naturaleza, en especial en temas que carecen de im\u00e1genes n\u00edtidas en nuestra memoria y que son necesarias para estimular la reflexi\u00f3n sobre el impacto de las decisiones econ\u00f3micas regionales en nuestras vidas\u201d.<\/p>\n<p>El estreno finaliz\u00f3 con un coffee break y con una presentaci\u00f3n de integrantes de la Tuna de la Universidad del B\u00edo-B\u00edo.<\/p>\n<p>Vale agregar, que esta actividad se repetir\u00e1 durante las siguientes semanas en diferentes comunas de la regi\u00f3n, por lo que se sugiere seguir las redes sociales del documental para informarse sobre las pr\u00f3ximas exhibiciones gratuitas.<\/p>\n<p>Teaser:\u00a0<a href=\"https:\/\/www.facebook.com\/watch\/?v=666630325499251\">https:\/\/www.facebook.com\/watch\/?v=666630325499251<\/a><\/p>\n<p><strong style=\"font-style: inherit;\">Redes sociales:<\/strong><\/p>\n<p>Facebook:\u00a0<a href=\"https:\/\/www.facebook.com\/economiainconclusadocumental\">Econom\u00eda Inconclusa \u2013 Documental<\/a><\/p>\n<p>Instagram:\u00a0<a href=\"https:\/\/www.instagram.com\/laeconomiainconclusa\/\">@laeconomiainconclusa<\/a><\/p>\n<p>Fuente: UBB<\/p>\n","protected":false},"excerpt":{"rendered":"<p>Este martes 7 de noviembre, se exhibi\u00f3 por primera vez el documental LA ECONOM\u00cdA INCONCLUSA a todo p\u00fablico en el Aula Magna de la Universidad del B\u00edo-B\u00edo, instancia en la que adem\u00e1s se gener\u00f3 una conversaci\u00f3n con los asistentes.\u00a0 E El documental releva los a\u00f1os transcurridos entre 1800 y 1930 en la regi\u00f3n -tanto en&#8230;<\/p>\n","protected":false},"author":3,"featured_media":41870,"comment_status":"open","ping_status":"open","sticky":false,"template":"","format":"standard","meta":{"_kadence_starter_templates_imported_post":false,"_kad_post_transparent":"default","_kad_post_title":"default","_kad_post_layout":"default","_kad_post_sidebar_id":"","_kad_post_content_style":"default","_kad_post_vertical_padding":"default","_kad_post_feature":"","_kad_post_feature_position":"","_kad_post_header":false,"_kad_post_footer":false,"footnotes":""},"categories":[3],"tags":[],"class_list":["post-41869","post","type-post","status-publish","format-standard","has-post-thumbnail","hentry","category-noticias"],"yoast_head":"<!-- This site is optimized with the Yoast SEO plugin v27.5 - https:\/\/yoast.com\/product\/yoast-seo-wordpress\/ -->\n<title>Documental pionero en historia econ\u00f3mica regional se present\u00f3 a la comunidad en Aula Magna UBB - VRIP<\/title>\n<meta name=\"robots\" content=\"index, follow, max-snippet:-1, max-image-preview:large, max-video-preview:-1\" \/>\n<link rel=\"canonical\" href=\"https:\/\/vrip.ubiobio.cl\/inicio\/noticias\/documental-pionero-en-historia-economica-regional-se-presento-a-la-comunidad-en-aula-magna-ubb\/\" \/>\n<meta property=\"og:locale\" content=\"es_ES\" \/>\n<meta property=\"og:type\" content=\"article\" \/>\n<meta property=\"og:title\" content=\"Documental pionero en historia econ\u00f3mica regional se present\u00f3 a la comunidad en Aula Magna UBB - VRIP\" \/>\n<meta property=\"og:description\" content=\"Este martes 7 de noviembre, se exhibi\u00f3 por primera vez el documental LA ECONOM\u00cdA INCONCLUSA a todo p\u00fablico en el Aula Magna de la Universidad del B\u00edo-B\u00edo, instancia en la que adem\u00e1s se gener\u00f3 una conversaci\u00f3n con los asistentes.\u00a0 E El documental releva los a\u00f1os transcurridos entre 1800 y 1930 en la regi\u00f3n -tanto en...\" \/>\n<meta property=\"og:url\" content=\"https:\/\/vrip.ubiobio.cl\/inicio\/noticias\/documental-pionero-en-historia-economica-regional-se-presento-a-la-comunidad-en-aula-magna-ubb\/\" \/>\n<meta property=\"og:site_name\" content=\"VRIP\" \/>\n<meta property=\"article:published_time\" content=\"2023-11-08T17:32:20+00:00\" \/>\n<meta property=\"og:image\" content=\"https:\/\/vrip.ubiobio.cl\/wp-content\/uploads\/2023\/11\/docu.jpg\" \/>\n\t<meta property=\"og:image:width\" content=\"800\" \/>\n\t<meta property=\"og:image:height\" content=\"552\" \/>\n\t<meta property=\"og:image:type\" content=\"image\/jpeg\" \/>\n<meta name=\"author\" content=\"Dagoberto Perez\" \/>\n<meta name=\"twitter:card\" content=\"summary_large_image\" \/>\n<meta name=\"twitter:creator\" content=\"@vripubb\" \/>\n<meta name=\"twitter:site\" content=\"@vripubb\" \/>\n<meta name=\"twitter:label1\" content=\"Escrito por\" \/>\n\t<meta name=\"twitter:data1\" content=\"Dagoberto Perez\" \/>\n\t<meta name=\"twitter:label2\" content=\"Tiempo de lectura\" \/>\n\t<meta name=\"twitter:data2\" content=\"3 minutos\" \/>\n<script type=\"application\/ld+json\" class=\"yoast-schema-graph\">{\"@context\":\"https:\\\/\\\/schema.org\",\"@graph\":[{\"@type\":\"Article\",\"@id\":\"https:\\\/\\\/vrip.ubiobio.cl\\\/inicio\\\/noticias\\\/documental-pionero-en-historia-economica-regional-se-presento-a-la-comunidad-en-aula-magna-ubb\\\/#article\",\"isPartOf\":{\"@id\":\"https:\\\/\\\/vrip.ubiobio.cl\\\/inicio\\\/noticias\\\/documental-pionero-en-historia-economica-regional-se-presento-a-la-comunidad-en-aula-magna-ubb\\\/\"},\"author\":{\"name\":\"Dagoberto Perez\",\"@id\":\"https:\\\/\\\/vrip.ubiobio.cl\\\/inicio\\\/#\\\/schema\\\/person\\\/39f3cf67f158f0420b4eb8baa645a9c0\"},\"headline\":\"Documental pionero en historia econ\u00f3mica regional se present\u00f3 a la comunidad en Aula Magna UBB\",\"datePublished\":\"2023-11-08T17:32:20+00:00\",\"mainEntityOfPage\":{\"@id\":\"https:\\\/\\\/vrip.ubiobio.cl\\\/inicio\\\/noticias\\\/documental-pionero-en-historia-economica-regional-se-presento-a-la-comunidad-en-aula-magna-ubb\\\/\"},\"wordCount\":643,\"commentCount\":0,\"publisher\":{\"@id\":\"https:\\\/\\\/vrip.ubiobio.cl\\\/inicio\\\/#organization\"},\"image\":{\"@id\":\"https:\\\/\\\/vrip.ubiobio.cl\\\/inicio\\\/noticias\\\/documental-pionero-en-historia-economica-regional-se-presento-a-la-comunidad-en-aula-magna-ubb\\\/#primaryimage\"},\"thumbnailUrl\":\"https:\\\/\\\/vrip.ubiobio.cl\\\/wp-content\\\/uploads\\\/2023\\\/11\\\/docu.jpg\",\"articleSection\":[\"Noticias\"],\"inLanguage\":\"es\",\"potentialAction\":[{\"@type\":\"CommentAction\",\"name\":\"Comment\",\"target\":[\"https:\\\/\\\/vrip.ubiobio.cl\\\/inicio\\\/noticias\\\/documental-pionero-en-historia-economica-regional-se-presento-a-la-comunidad-en-aula-magna-ubb\\\/#respond\"]}]},{\"@type\":\"WebPage\",\"@id\":\"https:\\\/\\\/vrip.ubiobio.cl\\\/inicio\\\/noticias\\\/documental-pionero-en-historia-economica-regional-se-presento-a-la-comunidad-en-aula-magna-ubb\\\/\",\"url\":\"https:\\\/\\\/vrip.ubiobio.cl\\\/inicio\\\/noticias\\\/documental-pionero-en-historia-economica-regional-se-presento-a-la-comunidad-en-aula-magna-ubb\\\/\",\"name\":\"Documental pionero en historia econ\u00f3mica regional se present\u00f3 a la comunidad en Aula Magna UBB - VRIP\",\"isPartOf\":{\"@id\":\"https:\\\/\\\/vrip.ubiobio.cl\\\/inicio\\\/#website\"},\"primaryImageOfPage\":{\"@id\":\"https:\\\/\\\/vrip.ubiobio.cl\\\/inicio\\\/noticias\\\/documental-pionero-en-historia-economica-regional-se-presento-a-la-comunidad-en-aula-magna-ubb\\\/#primaryimage\"},\"image\":{\"@id\":\"https:\\\/\\\/vrip.ubiobio.cl\\\/inicio\\\/noticias\\\/documental-pionero-en-historia-economica-regional-se-presento-a-la-comunidad-en-aula-magna-ubb\\\/#primaryimage\"},\"thumbnailUrl\":\"https:\\\/\\\/vrip.ubiobio.cl\\\/wp-content\\\/uploads\\\/2023\\\/11\\\/docu.jpg\",\"datePublished\":\"2023-11-08T17:32:20+00:00\",\"breadcrumb\":{\"@id\":\"https:\\\/\\\/vrip.ubiobio.cl\\\/inicio\\\/noticias\\\/documental-pionero-en-historia-economica-regional-se-presento-a-la-comunidad-en-aula-magna-ubb\\\/#breadcrumb\"},\"inLanguage\":\"es\",\"potentialAction\":[{\"@type\":\"ReadAction\",\"target\":[\"https:\\\/\\\/vrip.ubiobio.cl\\\/inicio\\\/noticias\\\/documental-pionero-en-historia-economica-regional-se-presento-a-la-comunidad-en-aula-magna-ubb\\\/\"]}]},{\"@type\":\"ImageObject\",\"inLanguage\":\"es\",\"@id\":\"https:\\\/\\\/vrip.ubiobio.cl\\\/inicio\\\/noticias\\\/documental-pionero-en-historia-economica-regional-se-presento-a-la-comunidad-en-aula-magna-ubb\\\/#primaryimage\",\"url\":\"https:\\\/\\\/vrip.ubiobio.cl\\\/wp-content\\\/uploads\\\/2023\\\/11\\\/docu.jpg\",\"contentUrl\":\"https:\\\/\\\/vrip.ubiobio.cl\\\/wp-content\\\/uploads\\\/2023\\\/11\\\/docu.jpg\",\"width\":800,\"height\":552},{\"@type\":\"BreadcrumbList\",\"@id\":\"https:\\\/\\\/vrip.ubiobio.cl\\\/inicio\\\/noticias\\\/documental-pionero-en-historia-economica-regional-se-presento-a-la-comunidad-en-aula-magna-ubb\\\/#breadcrumb\",\"itemListElement\":[{\"@type\":\"ListItem\",\"position\":1,\"name\":\"Portada\",\"item\":\"https:\\\/\\\/vrip.ubiobio.cl\\\/inicio\\\/\"},{\"@type\":\"ListItem\",\"position\":2,\"name\":\"Documental pionero en historia econ\u00f3mica regional se present\u00f3 a la comunidad en Aula Magna UBB\"}]},{\"@type\":\"WebSite\",\"@id\":\"https:\\\/\\\/vrip.ubiobio.cl\\\/inicio\\\/#website\",\"url\":\"https:\\\/\\\/vrip.ubiobio.cl\\\/inicio\\\/\",\"name\":\"VRIP\",\"description\":\"Vicerrector\u00eda de Investigaci\u00f3n y Postgrado\",\"publisher\":{\"@id\":\"https:\\\/\\\/vrip.ubiobio.cl\\\/inicio\\\/#organization\"},\"potentialAction\":[{\"@type\":\"SearchAction\",\"target\":{\"@type\":\"EntryPoint\",\"urlTemplate\":\"https:\\\/\\\/vrip.ubiobio.cl\\\/inicio\\\/?s={search_term_string}\"},\"query-input\":{\"@type\":\"PropertyValueSpecification\",\"valueRequired\":true,\"valueName\":\"search_term_string\"}}],\"inLanguage\":\"es\"},{\"@type\":\"Organization\",\"@id\":\"https:\\\/\\\/vrip.ubiobio.cl\\\/inicio\\\/#organization\",\"name\":\"VRIP\",\"url\":\"https:\\\/\\\/vrip.ubiobio.cl\\\/inicio\\\/\",\"logo\":{\"@type\":\"ImageObject\",\"inLanguage\":\"es\",\"@id\":\"https:\\\/\\\/vrip.ubiobio.cl\\\/inicio\\\/#\\\/schema\\\/logo\\\/image\\\/\",\"url\":\"https:\\\/\\\/vrip.ubiobio.cl\\\/wp-content\\\/uploads\\\/2022\\\/10\\\/logo-vrip_Mesa-de-trabajo-1.png\",\"contentUrl\":\"https:\\\/\\\/vrip.ubiobio.cl\\\/wp-content\\\/uploads\\\/2022\\\/10\\\/logo-vrip_Mesa-de-trabajo-1.png\",\"width\":642,\"height\":178,\"caption\":\"VRIP\"},\"image\":{\"@id\":\"https:\\\/\\\/vrip.ubiobio.cl\\\/inicio\\\/#\\\/schema\\\/logo\\\/image\\\/\"},\"sameAs\":[\"https:\\\/\\\/x.com\\\/vripubb\",\"https:\\\/\\\/www.instagram.com\\\/vrip_ubb\\\/\",\"https:\\\/\\\/www.youtube.com\\\/channel\\\/UCf7o8yHRJ7Y_QQLxwu1KQgA\",\"https:\\\/\\\/www.linkedin.com\\\/company\\\/96035097\\\/admin\\\/dashboard\\\/\"]},{\"@type\":\"Person\",\"@id\":\"https:\\\/\\\/vrip.ubiobio.cl\\\/inicio\\\/#\\\/schema\\\/person\\\/39f3cf67f158f0420b4eb8baa645a9c0\",\"name\":\"Dagoberto Perez\",\"image\":{\"@type\":\"ImageObject\",\"inLanguage\":\"es\",\"@id\":\"https:\\\/\\\/secure.gravatar.com\\\/avatar\\\/d16ec183e637d727e6c6574e3768aa439442611065e2b4f983793af8bb630edc?s=96&d=mm&r=g\",\"url\":\"https:\\\/\\\/secure.gravatar.com\\\/avatar\\\/d16ec183e637d727e6c6574e3768aa439442611065e2b4f983793af8bb630edc?s=96&d=mm&r=g\",\"contentUrl\":\"https:\\\/\\\/secure.gravatar.com\\\/avatar\\\/d16ec183e637d727e6c6574e3768aa439442611065e2b4f983793af8bb630edc?s=96&d=mm&r=g\",\"caption\":\"Dagoberto Perez\"},\"url\":\"https:\\\/\\\/vrip.ubiobio.cl\\\/inicio\\\/author\\\/dagoberto\\\/\"}]}<\/script>\n<!-- \/ Yoast SEO plugin. -->","yoast_head_json":{"title":"Documental pionero en historia econ\u00f3mica regional se present\u00f3 a la comunidad en Aula Magna UBB - VRIP","robots":{"index":"index","follow":"follow","max-snippet":"max-snippet:-1","max-image-preview":"max-image-preview:large","max-video-preview":"max-video-preview:-1"},"canonical":"https:\/\/vrip.ubiobio.cl\/inicio\/noticias\/documental-pionero-en-historia-economica-regional-se-presento-a-la-comunidad-en-aula-magna-ubb\/","og_locale":"es_ES","og_type":"article","og_title":"Documental pionero en historia econ\u00f3mica regional se present\u00f3 a la comunidad en Aula Magna UBB - VRIP","og_description":"Este martes 7 de noviembre, se exhibi\u00f3 por primera vez el documental LA ECONOM\u00cdA INCONCLUSA a todo p\u00fablico en el Aula Magna de la Universidad del B\u00edo-B\u00edo, instancia en la que adem\u00e1s se gener\u00f3 una conversaci\u00f3n con los asistentes.\u00a0 E El documental releva los a\u00f1os transcurridos entre 1800 y 1930 en la regi\u00f3n -tanto en...","og_url":"https:\/\/vrip.ubiobio.cl\/inicio\/noticias\/documental-pionero-en-historia-economica-regional-se-presento-a-la-comunidad-en-aula-magna-ubb\/","og_site_name":"VRIP","article_published_time":"2023-11-08T17:32:20+00:00","og_image":[{"width":800,"height":552,"url":"https:\/\/vrip.ubiobio.cl\/wp-content\/uploads\/2023\/11\/docu.jpg","type":"image\/jpeg"}],"author":"Dagoberto Perez","twitter_card":"summary_large_image","twitter_creator":"@vripubb","twitter_site":"@vripubb","twitter_misc":{"Escrito por":"Dagoberto Perez","Tiempo de lectura":"3 minutos"},"schema":{"@context":"https:\/\/schema.org","@graph":[{"@type":"Article","@id":"https:\/\/vrip.ubiobio.cl\/inicio\/noticias\/documental-pionero-en-historia-economica-regional-se-presento-a-la-comunidad-en-aula-magna-ubb\/#article","isPartOf":{"@id":"https:\/\/vrip.ubiobio.cl\/inicio\/noticias\/documental-pionero-en-historia-economica-regional-se-presento-a-la-comunidad-en-aula-magna-ubb\/"},"author":{"name":"Dagoberto Perez","@id":"https:\/\/vrip.ubiobio.cl\/inicio\/#\/schema\/person\/39f3cf67f158f0420b4eb8baa645a9c0"},"headline":"Documental pionero en historia econ\u00f3mica regional se present\u00f3 a la comunidad en Aula Magna UBB","datePublished":"2023-11-08T17:32:20+00:00","mainEntityOfPage":{"@id":"https:\/\/vrip.ubiobio.cl\/inicio\/noticias\/documental-pionero-en-historia-economica-regional-se-presento-a-la-comunidad-en-aula-magna-ubb\/"},"wordCount":643,"commentCount":0,"publisher":{"@id":"https:\/\/vrip.ubiobio.cl\/inicio\/#organization"},"image":{"@id":"https:\/\/vrip.ubiobio.cl\/inicio\/noticias\/documental-pionero-en-historia-economica-regional-se-presento-a-la-comunidad-en-aula-magna-ubb\/#primaryimage"},"thumbnailUrl":"https:\/\/vrip.ubiobio.cl\/wp-content\/uploads\/2023\/11\/docu.jpg","articleSection":["Noticias"],"inLanguage":"es","potentialAction":[{"@type":"CommentAction","name":"Comment","target":["https:\/\/vrip.ubiobio.cl\/inicio\/noticias\/documental-pionero-en-historia-economica-regional-se-presento-a-la-comunidad-en-aula-magna-ubb\/#respond"]}]},{"@type":"WebPage","@id":"https:\/\/vrip.ubiobio.cl\/inicio\/noticias\/documental-pionero-en-historia-economica-regional-se-presento-a-la-comunidad-en-aula-magna-ubb\/","url":"https:\/\/vrip.ubiobio.cl\/inicio\/noticias\/documental-pionero-en-historia-economica-regional-se-presento-a-la-comunidad-en-aula-magna-ubb\/","name":"Documental pionero en historia econ\u00f3mica regional se present\u00f3 a la comunidad en Aula Magna UBB - VRIP","isPartOf":{"@id":"https:\/\/vrip.ubiobio.cl\/inicio\/#website"},"primaryImageOfPage":{"@id":"https:\/\/vrip.ubiobio.cl\/inicio\/noticias\/documental-pionero-en-historia-economica-regional-se-presento-a-la-comunidad-en-aula-magna-ubb\/#primaryimage"},"image":{"@id":"https:\/\/vrip.ubiobio.cl\/inicio\/noticias\/documental-pionero-en-historia-economica-regional-se-presento-a-la-comunidad-en-aula-magna-ubb\/#primaryimage"},"thumbnailUrl":"https:\/\/vrip.ubiobio.cl\/wp-content\/uploads\/2023\/11\/docu.jpg","datePublished":"2023-11-08T17:32:20+00:00","breadcrumb":{"@id":"https:\/\/vrip.ubiobio.cl\/inicio\/noticias\/documental-pionero-en-historia-economica-regional-se-presento-a-la-comunidad-en-aula-magna-ubb\/#breadcrumb"},"inLanguage":"es","potentialAction":[{"@type":"ReadAction","target":["https:\/\/vrip.ubiobio.cl\/inicio\/noticias\/documental-pionero-en-historia-economica-regional-se-presento-a-la-comunidad-en-aula-magna-ubb\/"]}]},{"@type":"ImageObject","inLanguage":"es","@id":"https:\/\/vrip.ubiobio.cl\/inicio\/noticias\/documental-pionero-en-historia-economica-regional-se-presento-a-la-comunidad-en-aula-magna-ubb\/#primaryimage","url":"https:\/\/vrip.ubiobio.cl\/wp-content\/uploads\/2023\/11\/docu.jpg","contentUrl":"https:\/\/vrip.ubiobio.cl\/wp-content\/uploads\/2023\/11\/docu.jpg","width":800,"height":552},{"@type":"BreadcrumbList","@id":"https:\/\/vrip.ubiobio.cl\/inicio\/noticias\/documental-pionero-en-historia-economica-regional-se-presento-a-la-comunidad-en-aula-magna-ubb\/#breadcrumb","itemListElement":[{"@type":"ListItem","position":1,"name":"Portada","item":"https:\/\/vrip.ubiobio.cl\/inicio\/"},{"@type":"ListItem","position":2,"name":"Documental pionero en historia econ\u00f3mica regional se present\u00f3 a la comunidad en Aula Magna UBB"}]},{"@type":"WebSite","@id":"https:\/\/vrip.ubiobio.cl\/inicio\/#website","url":"https:\/\/vrip.ubiobio.cl\/inicio\/","name":"VRIP","description":"Vicerrector\u00eda de Investigaci\u00f3n y Postgrado","publisher":{"@id":"https:\/\/vrip.ubiobio.cl\/inicio\/#organization"},"potentialAction":[{"@type":"SearchAction","target":{"@type":"EntryPoint","urlTemplate":"https:\/\/vrip.ubiobio.cl\/inicio\/?s={search_term_string}"},"query-input":{"@type":"PropertyValueSpecification","valueRequired":true,"valueName":"search_term_string"}}],"inLanguage":"es"},{"@type":"Organization","@id":"https:\/\/vrip.ubiobio.cl\/inicio\/#organization","name":"VRIP","url":"https:\/\/vrip.ubiobio.cl\/inicio\/","logo":{"@type":"ImageObject","inLanguage":"es","@id":"https:\/\/vrip.ubiobio.cl\/inicio\/#\/schema\/logo\/image\/","url":"https:\/\/vrip.ubiobio.cl\/wp-content\/uploads\/2022\/10\/logo-vrip_Mesa-de-trabajo-1.png","contentUrl":"https:\/\/vrip.ubiobio.cl\/wp-content\/uploads\/2022\/10\/logo-vrip_Mesa-de-trabajo-1.png","width":642,"height":178,"caption":"VRIP"},"image":{"@id":"https:\/\/vrip.ubiobio.cl\/inicio\/#\/schema\/logo\/image\/"},"sameAs":["https:\/\/x.com\/vripubb","https:\/\/www.instagram.com\/vrip_ubb\/","https:\/\/www.youtube.com\/channel\/UCf7o8yHRJ7Y_QQLxwu1KQgA","https:\/\/www.linkedin.com\/company\/96035097\/admin\/dashboard\/"]},{"@type":"Person","@id":"https:\/\/vrip.ubiobio.cl\/inicio\/#\/schema\/person\/39f3cf67f158f0420b4eb8baa645a9c0","name":"Dagoberto Perez","image":{"@type":"ImageObject","inLanguage":"es","@id":"https:\/\/secure.gravatar.com\/avatar\/d16ec183e637d727e6c6574e3768aa439442611065e2b4f983793af8bb630edc?s=96&d=mm&r=g","url":"https:\/\/secure.gravatar.com\/avatar\/d16ec183e637d727e6c6574e3768aa439442611065e2b4f983793af8bb630edc?s=96&d=mm&r=g","contentUrl":"https:\/\/secure.gravatar.com\/avatar\/d16ec183e637d727e6c6574e3768aa439442611065e2b4f983793af8bb630edc?s=96&d=mm&r=g","caption":"Dagoberto Perez"},"url":"https:\/\/vrip.ubiobio.cl\/inicio\/author\/dagoberto\/"}]}},"_links":{"self":[{"href":"https:\/\/vrip.ubiobio.cl\/inicio\/wp-json\/wp\/v2\/posts\/41869","targetHints":{"allow":["GET"]}}],"collection":[{"href":"https:\/\/vrip.ubiobio.cl\/inicio\/wp-json\/wp\/v2\/posts"}],"about":[{"href":"https:\/\/vrip.ubiobio.cl\/inicio\/wp-json\/wp\/v2\/types\/post"}],"author":[{"embeddable":true,"href":"https:\/\/vrip.ubiobio.cl\/inicio\/wp-json\/wp\/v2\/users\/3"}],"replies":[{"embeddable":true,"href":"https:\/\/vrip.ubiobio.cl\/inicio\/wp-json\/wp\/v2\/comments?post=41869"}],"version-history":[{"count":1,"href":"https:\/\/vrip.ubiobio.cl\/inicio\/wp-json\/wp\/v2\/posts\/41869\/revisions"}],"predecessor-version":[{"id":41871,"href":"https:\/\/vrip.ubiobio.cl\/inicio\/wp-json\/wp\/v2\/posts\/41869\/revisions\/41871"}],"wp:featuredmedia":[{"embeddable":true,"href":"https:\/\/vrip.ubiobio.cl\/inicio\/wp-json\/wp\/v2\/media\/41870"}],"wp:attachment":[{"href":"https:\/\/vrip.ubiobio.cl\/inicio\/wp-json\/wp\/v2\/media?parent=41869"}],"wp:term":[{"taxonomy":"category","embeddable":true,"href":"https:\/\/vrip.ubiobio.cl\/inicio\/wp-json\/wp\/v2\/categories?post=41869"},{"taxonomy":"post_tag","embeddable":true,"href":"https:\/\/vrip.ubiobio.cl\/inicio\/wp-json\/wp\/v2\/tags?post=41869"}],"curies":[{"name":"wp","href":"https:\/\/api.w.org\/{rel}","templated":true}]}}