{"id":41669,"date":"2023-11-03T18:42:09","date_gmt":"2023-11-03T18:42:09","guid":{"rendered":"https:\/\/vrip.ubiobio.cl\/inicio\/?p=41669"},"modified":"2023-11-06T14:49:52","modified_gmt":"2023-11-06T14:49:52","slug":"nodo-ctci-y-anid-realizaron-encuentro-en-centro-de-innovacion-ubb","status":"publish","type":"post","link":"https:\/\/vrip.ubiobio.cl\/inicio\/noticias\/nodo-ctci-y-anid-realizaron-encuentro-en-centro-de-innovacion-ubb\/","title":{"rendered":"Nodo CTCI y ANID realizaron encuentro en Centro de Innovaci\u00f3n UBB"},"content":{"rendered":"<div id='gallery-1' class='gallery galleryid-41669 gallery-columns-2 gallery-size-medium'><figure class='gallery-item'>\n\t\t\t<div class='gallery-icon landscape'>\n\t\t\t\t<a href='https:\/\/vrip.ubiobio.cl\/inicio\/noticias\/nodo-ctci-y-anid-realizaron-encuentro-en-centro-de-innovacion-ubb\/attachment\/img_2904\/'><img fetchpriority=\"high\" decoding=\"async\" width=\"380\" height=\"285\" src=\"https:\/\/vrip.ubiobio.cl\/wp-content\/uploads\/2023\/11\/IMG_2904-380x285.jpg\" class=\"attachment-medium size-medium\" alt=\"\" srcset=\"https:\/\/vrip.ubiobio.cl\/wp-content\/uploads\/2023\/11\/IMG_2904-380x285.jpg 380w, https:\/\/vrip.ubiobio.cl\/wp-content\/uploads\/2023\/11\/IMG_2904-1024x768.jpg 1024w, https:\/\/vrip.ubiobio.cl\/wp-content\/uploads\/2023\/11\/IMG_2904-768x576.jpg 768w, https:\/\/vrip.ubiobio.cl\/wp-content\/uploads\/2023\/11\/IMG_2904-1536x1152.jpg 1536w, https:\/\/vrip.ubiobio.cl\/wp-content\/uploads\/2023\/11\/IMG_2904.jpg 2016w\" sizes=\"(max-width: 380px) 100vw, 380px\" \/><\/a>\n\t\t\t<\/div><\/figure><figure class='gallery-item'>\n\t\t\t<div class='gallery-icon landscape'>\n\t\t\t\t<a href='https:\/\/vrip.ubiobio.cl\/inicio\/noticias\/nodo-ctci-y-anid-realizaron-encuentro-en-centro-de-innovacion-ubb\/attachment\/img_7929\/'><img decoding=\"async\" width=\"380\" height=\"230\" src=\"https:\/\/vrip.ubiobio.cl\/wp-content\/uploads\/2023\/11\/IMG_7929-380x230.jpg\" class=\"attachment-medium size-medium\" alt=\"\" srcset=\"https:\/\/vrip.ubiobio.cl\/wp-content\/uploads\/2023\/11\/IMG_7929-380x230.jpg 380w, https:\/\/vrip.ubiobio.cl\/wp-content\/uploads\/2023\/11\/IMG_7929-1024x621.jpg 1024w, https:\/\/vrip.ubiobio.cl\/wp-content\/uploads\/2023\/11\/IMG_7929-768x466.jpg 768w, https:\/\/vrip.ubiobio.cl\/wp-content\/uploads\/2023\/11\/IMG_7929.jpg 1514w\" sizes=\"(max-width: 380px) 100vw, 380px\" \/><\/a>\n\t\t\t<\/div><\/figure><figure class='gallery-item'>\n\t\t\t<div class='gallery-icon landscape'>\n\t\t\t\t<a href='https:\/\/vrip.ubiobio.cl\/inicio\/noticias\/nodo-ctci-y-anid-realizaron-encuentro-en-centro-de-innovacion-ubb\/attachment\/img_7930\/'><img decoding=\"async\" width=\"380\" height=\"314\" src=\"https:\/\/vrip.ubiobio.cl\/wp-content\/uploads\/2023\/11\/IMG_7930-380x314.jpg\" class=\"attachment-medium size-medium\" alt=\"\" srcset=\"https:\/\/vrip.ubiobio.cl\/wp-content\/uploads\/2023\/11\/IMG_7930-380x314.jpg 380w, https:\/\/vrip.ubiobio.cl\/wp-content\/uploads\/2023\/11\/IMG_7930-1024x847.jpg 1024w, https:\/\/vrip.ubiobio.cl\/wp-content\/uploads\/2023\/11\/IMG_7930-768x635.jpg 768w, https:\/\/vrip.ubiobio.cl\/wp-content\/uploads\/2023\/11\/IMG_7930.jpg 1393w\" sizes=\"(max-width: 380px) 100vw, 380px\" \/><\/a>\n\t\t\t<\/div><\/figure><figure class='gallery-item'>\n\t\t\t<div class='gallery-icon landscape'>\n\t\t\t\t<a href='https:\/\/vrip.ubiobio.cl\/inicio\/noticias\/nodo-ctci-y-anid-realizaron-encuentro-en-centro-de-innovacion-ubb\/attachment\/img_7931\/'><img loading=\"lazy\" decoding=\"async\" width=\"380\" height=\"290\" src=\"https:\/\/vrip.ubiobio.cl\/wp-content\/uploads\/2023\/11\/IMG_7931-380x290.jpg\" class=\"attachment-medium size-medium\" alt=\"\" srcset=\"https:\/\/vrip.ubiobio.cl\/wp-content\/uploads\/2023\/11\/IMG_7931-380x290.jpg 380w, https:\/\/vrip.ubiobio.cl\/wp-content\/uploads\/2023\/11\/IMG_7931-1024x781.jpg 1024w, https:\/\/vrip.ubiobio.cl\/wp-content\/uploads\/2023\/11\/IMG_7931-768x586.jpg 768w, https:\/\/vrip.ubiobio.cl\/wp-content\/uploads\/2023\/11\/IMG_7931.jpg 1510w\" sizes=\"(max-width: 380px) 100vw, 380px\" \/><\/a>\n\t\t\t<\/div><\/figure><figure class='gallery-item'>\n\t\t\t<div class='gallery-icon landscape'>\n\t\t\t\t<a href='https:\/\/vrip.ubiobio.cl\/inicio\/noticias\/nodo-ctci-y-anid-realizaron-encuentro-en-centro-de-innovacion-ubb\/attachment\/img_7932\/'><img loading=\"lazy\" decoding=\"async\" width=\"380\" height=\"253\" src=\"https:\/\/vrip.ubiobio.cl\/wp-content\/uploads\/2023\/11\/IMG_7932-380x253.jpg\" class=\"attachment-medium size-medium\" alt=\"\" srcset=\"https:\/\/vrip.ubiobio.cl\/wp-content\/uploads\/2023\/11\/IMG_7932-380x253.jpg 380w, https:\/\/vrip.ubiobio.cl\/wp-content\/uploads\/2023\/11\/IMG_7932-1024x683.jpg 1024w, https:\/\/vrip.ubiobio.cl\/wp-content\/uploads\/2023\/11\/IMG_7932-768x512.jpg 768w, https:\/\/vrip.ubiobio.cl\/wp-content\/uploads\/2023\/11\/IMG_7932-391x260.jpg 391w, https:\/\/vrip.ubiobio.cl\/wp-content\/uploads\/2023\/11\/IMG_7932-1536x1024.jpg 1536w, https:\/\/vrip.ubiobio.cl\/wp-content\/uploads\/2023\/11\/IMG_7932.jpg 1728w\" sizes=\"(max-width: 380px) 100vw, 380px\" \/><\/a>\n\t\t\t<\/div><\/figure><figure class='gallery-item'>\n\t\t\t<div class='gallery-icon landscape'>\n\t\t\t\t<a href='https:\/\/vrip.ubiobio.cl\/inicio\/noticias\/nodo-ctci-y-anid-realizaron-encuentro-en-centro-de-innovacion-ubb\/attachment\/img_7934\/'><img loading=\"lazy\" decoding=\"async\" width=\"380\" height=\"253\" src=\"https:\/\/vrip.ubiobio.cl\/wp-content\/uploads\/2023\/11\/IMG_7934-380x253.jpg\" class=\"attachment-medium size-medium\" alt=\"\" srcset=\"https:\/\/vrip.ubiobio.cl\/wp-content\/uploads\/2023\/11\/IMG_7934-380x253.jpg 380w, https:\/\/vrip.ubiobio.cl\/wp-content\/uploads\/2023\/11\/IMG_7934-1024x683.jpg 1024w, https:\/\/vrip.ubiobio.cl\/wp-content\/uploads\/2023\/11\/IMG_7934-768x512.jpg 768w, https:\/\/vrip.ubiobio.cl\/wp-content\/uploads\/2023\/11\/IMG_7934-391x260.jpg 391w, https:\/\/vrip.ubiobio.cl\/wp-content\/uploads\/2023\/11\/IMG_7934.jpg 1036w\" sizes=\"(max-width: 380px) 100vw, 380px\" \/><\/a>\n\t\t\t<\/div><\/figure>\n\t\t<\/div>\n\n<p><em>El Nodo CTCI Macrozona Centro Sur junto a la Agencia Nacional de Investigaci\u00f3n y Desarrollo, ANID, realizaron este viernes 3 de noviembre, el encuentro \u201cFortaleciendo redes, estrategias y conocimiento colaborativo desde y para los territorios\u201d.<\/em><\/p>\n<p>El objetivo de este encuentro fue conocer la aplicaci\u00f3n de instrumentos ANID al interior de las universidades asociadas y su contribuci\u00f3n a la CTCI regional. Iniciativas estrat\u00e9gicas como INES, Proyectos FOVI, Pol\u00edtica Acceso Abierto, etc.<\/p>\n<p>Este espacio forma parte de un ciclo de instancias participativas en los territorios, para promover la difusi\u00f3n del conocimiento generado por iniciativas e instrumentos ANID, con \u00e9nfasis en la pertenencia territorial.<\/p>\n<p>La vicerrectora de Investigaci\u00f3n y Postgrado de la UBB, Dra. Ang\u00e9lica Caro, dio la bienvenida y destac\u00f3 los aportes que hace ANID al desarrollo de la investigaci\u00f3n cient\u00edfica. \u201cEstos encuentros son muy provechos por la posibilidad de intercambiar experiencias que permiten nuevos aprendizajes y hacer ajustes en el proceso de desarrollo de la ciencia en los diversos territorios. Estamos muy contentos de tenerlos aqu\u00ed y de seguir trabajando de manera colaborativa\u201d.<\/p>\n<p>El analista de territorios de Redes, Estrategia y Conocimiento de ANID, Cristi\u00e1n V\u00e1squez destac\u00f3 la posibilidad de retomar estos encuentros presenciales afectados por la pandemia, donde el contacto directo con los territorios es claves para un buen funcionamiento de la actividad cient\u00edfica.\u00a0 \u201cLo que se da en los territorios no se puede obtener de otra manera. Las actividades de ayer como las paralelas, que contribuyen a la elaboraci\u00f3n de un plan o un acuerdo m\u00e1s amplio para la actividad cient\u00edfica, sin duda, estando en los territorios tienen un impacto mayor\u201d.<\/p>\n<p>Por su parte Alexis Salas, director del Nodo CTCI Macrozona Centro Sur, puso en contexto el desarrollo que ha tenido esta iniciativa con apoyo de las siete universidades que lo acompa\u00f1an, centrados en desarrollar canales de comunicaci\u00f3n de la ciencia, articulaci\u00f3n y planificaci\u00f3n de territorio, integrando capital social de las regiones desde los sectores acad\u00e9micos, p\u00fablico, privado y la sociedad civil en torno a la ciencia y el territorio para establecer diagn\u00f3sticos, crear instancias de articulaci\u00f3n, realizar planificaci\u00f3n territorial y la construcci\u00f3n de hojas de ruta.<\/p>\n<p>Y agrega, \u201cLa relevancia que tiene la investigaci\u00f3n cient\u00edfica que impulsa ANID sea abierta, p\u00fablica, disponible, con acceso a la informaci\u00f3n, conectando las capacidades con las necesidades de los territorios, bidireccional, conociendo lo que los propios territorios quieren que se investigue, es parte de nuestra misi\u00f3n como NODO, donde involucramos a la academia con los sectores p\u00fablico y privado\u201d.<\/p>\n<p>En la ocasi\u00f3n se profundiz\u00f3 en las mejoras de los impactos en la I+D+i de las Ues en el territorio (problemas\/oportunidades\/acciones). C\u00f3mo colaborar con otras IES y entre facultades de la misma instituci\u00f3n para mejorar el impacto de la CTCI en el Territorio, y c\u00f3mo mejorar el impacto de las iniciativas ANID + Academia en materias de Divulgaci\u00f3n, Gesti\u00f3n de Datos y Transferencia.<\/p>\n<p>Fuente: VRIP Comunicaciones<\/p>\n","protected":false},"excerpt":{"rendered":"<p>El Nodo CTCI Macrozona Centro Sur junto a la Agencia Nacional de Investigaci\u00f3n y Desarrollo, ANID, realizaron este viernes 3 de noviembre, el encuentro \u201cFortaleciendo redes, estrategias y conocimiento colaborativo desde y para los territorios\u201d. El objetivo de este encuentro fue conocer la aplicaci\u00f3n de instrumentos ANID al interior de las universidades asociadas y su&#8230;<\/p>\n","protected":false},"author":3,"featured_media":41676,"comment_status":"open","ping_status":"open","sticky":false,"template":"","format":"standard","meta":{"_kadence_starter_templates_imported_post":false,"_kad_post_transparent":"default","_kad_post_title":"default","_kad_post_layout":"default","_kad_post_sidebar_id":"","_kad_post_content_style":"default","_kad_post_vertical_padding":"default","_kad_post_feature":"","_kad_post_feature_position":"","_kad_post_header":false,"_kad_post_footer":false,"footnotes":""},"categories":[3],"tags":[],"class_list":["post-41669","post","type-post","status-publish","format-standard","has-post-thumbnail","hentry","category-noticias"],"yoast_head":"<!-- This site is optimized with the Yoast SEO plugin v27.5 - https:\/\/yoast.com\/product\/yoast-seo-wordpress\/ -->\n<title>Nodo CTCI y ANID realizaron encuentro en Centro de Innovaci\u00f3n UBB - VRIP<\/title>\n<meta name=\"robots\" content=\"index, follow, max-snippet:-1, max-image-preview:large, max-video-preview:-1\" \/>\n<link rel=\"canonical\" href=\"https:\/\/vrip.ubiobio.cl\/inicio\/noticias\/nodo-ctci-y-anid-realizaron-encuentro-en-centro-de-innovacion-ubb\/\" \/>\n<meta property=\"og:locale\" content=\"es_ES\" \/>\n<meta property=\"og:type\" content=\"article\" \/>\n<meta property=\"og:title\" content=\"Nodo CTCI y ANID realizaron encuentro en Centro de Innovaci\u00f3n UBB - VRIP\" \/>\n<meta property=\"og:description\" content=\"El Nodo CTCI Macrozona Centro Sur junto a la Agencia Nacional de Investigaci\u00f3n y Desarrollo, ANID, realizaron este viernes 3 de noviembre, el encuentro \u201cFortaleciendo redes, estrategias y conocimiento colaborativo desde y para los territorios\u201d. El objetivo de este encuentro fue conocer la aplicaci\u00f3n de instrumentos ANID al interior de las universidades asociadas y su...\" \/>\n<meta property=\"og:url\" content=\"https:\/\/vrip.ubiobio.cl\/inicio\/noticias\/nodo-ctci-y-anid-realizaron-encuentro-en-centro-de-innovacion-ubb\/\" \/>\n<meta property=\"og:site_name\" content=\"VRIP\" \/>\n<meta property=\"article:published_time\" content=\"2023-11-03T18:42:09+00:00\" \/>\n<meta property=\"article:modified_time\" content=\"2023-11-06T14:49:52+00:00\" \/>\n<meta property=\"og:image\" content=\"https:\/\/vrip.ubiobio.cl\/wp-content\/uploads\/2023\/11\/IMG_2899.jpg\" \/>\n\t<meta property=\"og:image:width\" content=\"2016\" \/>\n\t<meta property=\"og:image:height\" content=\"1512\" \/>\n\t<meta property=\"og:image:type\" content=\"image\/jpeg\" \/>\n<meta name=\"author\" content=\"Dagoberto Perez\" \/>\n<meta name=\"twitter:card\" content=\"summary_large_image\" \/>\n<meta name=\"twitter:creator\" content=\"@vripubb\" \/>\n<meta name=\"twitter:site\" content=\"@vripubb\" \/>\n<meta name=\"twitter:label1\" content=\"Escrito por\" \/>\n\t<meta name=\"twitter:data1\" content=\"Dagoberto Perez\" \/>\n\t<meta name=\"twitter:label2\" content=\"Tiempo de lectura\" \/>\n\t<meta name=\"twitter:data2\" content=\"3 minutos\" \/>\n<script type=\"application\/ld+json\" class=\"yoast-schema-graph\">{\"@context\":\"https:\\\/\\\/schema.org\",\"@graph\":[{\"@type\":\"Article\",\"@id\":\"https:\\\/\\\/vrip.ubiobio.cl\\\/inicio\\\/noticias\\\/nodo-ctci-y-anid-realizaron-encuentro-en-centro-de-innovacion-ubb\\\/#article\",\"isPartOf\":{\"@id\":\"https:\\\/\\\/vrip.ubiobio.cl\\\/inicio\\\/noticias\\\/nodo-ctci-y-anid-realizaron-encuentro-en-centro-de-innovacion-ubb\\\/\"},\"author\":{\"name\":\"Dagoberto Perez\",\"@id\":\"https:\\\/\\\/vrip.ubiobio.cl\\\/inicio\\\/#\\\/schema\\\/person\\\/39f3cf67f158f0420b4eb8baa645a9c0\"},\"headline\":\"Nodo CTCI y ANID realizaron encuentro en Centro de Innovaci\u00f3n UBB\",\"datePublished\":\"2023-11-03T18:42:09+00:00\",\"dateModified\":\"2023-11-06T14:49:52+00:00\",\"mainEntityOfPage\":{\"@id\":\"https:\\\/\\\/vrip.ubiobio.cl\\\/inicio\\\/noticias\\\/nodo-ctci-y-anid-realizaron-encuentro-en-centro-de-innovacion-ubb\\\/\"},\"wordCount\":530,\"commentCount\":0,\"publisher\":{\"@id\":\"https:\\\/\\\/vrip.ubiobio.cl\\\/inicio\\\/#organization\"},\"image\":{\"@id\":\"https:\\\/\\\/vrip.ubiobio.cl\\\/inicio\\\/noticias\\\/nodo-ctci-y-anid-realizaron-encuentro-en-centro-de-innovacion-ubb\\\/#primaryimage\"},\"thumbnailUrl\":\"https:\\\/\\\/vrip.ubiobio.cl\\\/wp-content\\\/uploads\\\/2023\\\/11\\\/IMG_2899.jpg\",\"articleSection\":[\"Noticias\"],\"inLanguage\":\"es\",\"potentialAction\":[{\"@type\":\"CommentAction\",\"name\":\"Comment\",\"target\":[\"https:\\\/\\\/vrip.ubiobio.cl\\\/inicio\\\/noticias\\\/nodo-ctci-y-anid-realizaron-encuentro-en-centro-de-innovacion-ubb\\\/#respond\"]}]},{\"@type\":\"WebPage\",\"@id\":\"https:\\\/\\\/vrip.ubiobio.cl\\\/inicio\\\/noticias\\\/nodo-ctci-y-anid-realizaron-encuentro-en-centro-de-innovacion-ubb\\\/\",\"url\":\"https:\\\/\\\/vrip.ubiobio.cl\\\/inicio\\\/noticias\\\/nodo-ctci-y-anid-realizaron-encuentro-en-centro-de-innovacion-ubb\\\/\",\"name\":\"Nodo CTCI y ANID realizaron encuentro en Centro de Innovaci\u00f3n UBB - VRIP\",\"isPartOf\":{\"@id\":\"https:\\\/\\\/vrip.ubiobio.cl\\\/inicio\\\/#website\"},\"primaryImageOfPage\":{\"@id\":\"https:\\\/\\\/vrip.ubiobio.cl\\\/inicio\\\/noticias\\\/nodo-ctci-y-anid-realizaron-encuentro-en-centro-de-innovacion-ubb\\\/#primaryimage\"},\"image\":{\"@id\":\"https:\\\/\\\/vrip.ubiobio.cl\\\/inicio\\\/noticias\\\/nodo-ctci-y-anid-realizaron-encuentro-en-centro-de-innovacion-ubb\\\/#primaryimage\"},\"thumbnailUrl\":\"https:\\\/\\\/vrip.ubiobio.cl\\\/wp-content\\\/uploads\\\/2023\\\/11\\\/IMG_2899.jpg\",\"datePublished\":\"2023-11-03T18:42:09+00:00\",\"dateModified\":\"2023-11-06T14:49:52+00:00\",\"breadcrumb\":{\"@id\":\"https:\\\/\\\/vrip.ubiobio.cl\\\/inicio\\\/noticias\\\/nodo-ctci-y-anid-realizaron-encuentro-en-centro-de-innovacion-ubb\\\/#breadcrumb\"},\"inLanguage\":\"es\",\"potentialAction\":[{\"@type\":\"ReadAction\",\"target\":[\"https:\\\/\\\/vrip.ubiobio.cl\\\/inicio\\\/noticias\\\/nodo-ctci-y-anid-realizaron-encuentro-en-centro-de-innovacion-ubb\\\/\"]}]},{\"@type\":\"ImageObject\",\"inLanguage\":\"es\",\"@id\":\"https:\\\/\\\/vrip.ubiobio.cl\\\/inicio\\\/noticias\\\/nodo-ctci-y-anid-realizaron-encuentro-en-centro-de-innovacion-ubb\\\/#primaryimage\",\"url\":\"https:\\\/\\\/vrip.ubiobio.cl\\\/wp-content\\\/uploads\\\/2023\\\/11\\\/IMG_2899.jpg\",\"contentUrl\":\"https:\\\/\\\/vrip.ubiobio.cl\\\/wp-content\\\/uploads\\\/2023\\\/11\\\/IMG_2899.jpg\",\"width\":2016,\"height\":1512},{\"@type\":\"BreadcrumbList\",\"@id\":\"https:\\\/\\\/vrip.ubiobio.cl\\\/inicio\\\/noticias\\\/nodo-ctci-y-anid-realizaron-encuentro-en-centro-de-innovacion-ubb\\\/#breadcrumb\",\"itemListElement\":[{\"@type\":\"ListItem\",\"position\":1,\"name\":\"Portada\",\"item\":\"https:\\\/\\\/vrip.ubiobio.cl\\\/inicio\\\/\"},{\"@type\":\"ListItem\",\"position\":2,\"name\":\"Nodo CTCI y ANID realizaron encuentro en Centro de Innovaci\u00f3n UBB\"}]},{\"@type\":\"WebSite\",\"@id\":\"https:\\\/\\\/vrip.ubiobio.cl\\\/inicio\\\/#website\",\"url\":\"https:\\\/\\\/vrip.ubiobio.cl\\\/inicio\\\/\",\"name\":\"VRIP\",\"description\":\"Vicerrector\u00eda de Investigaci\u00f3n y Postgrado\",\"publisher\":{\"@id\":\"https:\\\/\\\/vrip.ubiobio.cl\\\/inicio\\\/#organization\"},\"potentialAction\":[{\"@type\":\"SearchAction\",\"target\":{\"@type\":\"EntryPoint\",\"urlTemplate\":\"https:\\\/\\\/vrip.ubiobio.cl\\\/inicio\\\/?s={search_term_string}\"},\"query-input\":{\"@type\":\"PropertyValueSpecification\",\"valueRequired\":true,\"valueName\":\"search_term_string\"}}],\"inLanguage\":\"es\"},{\"@type\":\"Organization\",\"@id\":\"https:\\\/\\\/vrip.ubiobio.cl\\\/inicio\\\/#organization\",\"name\":\"VRIP\",\"url\":\"https:\\\/\\\/vrip.ubiobio.cl\\\/inicio\\\/\",\"logo\":{\"@type\":\"ImageObject\",\"inLanguage\":\"es\",\"@id\":\"https:\\\/\\\/vrip.ubiobio.cl\\\/inicio\\\/#\\\/schema\\\/logo\\\/image\\\/\",\"url\":\"https:\\\/\\\/vrip.ubiobio.cl\\\/wp-content\\\/uploads\\\/2022\\\/10\\\/logo-vrip_Mesa-de-trabajo-1.png\",\"contentUrl\":\"https:\\\/\\\/vrip.ubiobio.cl\\\/wp-content\\\/uploads\\\/2022\\\/10\\\/logo-vrip_Mesa-de-trabajo-1.png\",\"width\":642,\"height\":178,\"caption\":\"VRIP\"},\"image\":{\"@id\":\"https:\\\/\\\/vrip.ubiobio.cl\\\/inicio\\\/#\\\/schema\\\/logo\\\/image\\\/\"},\"sameAs\":[\"https:\\\/\\\/x.com\\\/vripubb\",\"https:\\\/\\\/www.instagram.com\\\/vrip_ubb\\\/\",\"https:\\\/\\\/www.youtube.com\\\/channel\\\/UCf7o8yHRJ7Y_QQLxwu1KQgA\",\"https:\\\/\\\/www.linkedin.com\\\/company\\\/96035097\\\/admin\\\/dashboard\\\/\"]},{\"@type\":\"Person\",\"@id\":\"https:\\\/\\\/vrip.ubiobio.cl\\\/inicio\\\/#\\\/schema\\\/person\\\/39f3cf67f158f0420b4eb8baa645a9c0\",\"name\":\"Dagoberto Perez\",\"image\":{\"@type\":\"ImageObject\",\"inLanguage\":\"es\",\"@id\":\"https:\\\/\\\/secure.gravatar.com\\\/avatar\\\/d16ec183e637d727e6c6574e3768aa439442611065e2b4f983793af8bb630edc?s=96&d=mm&r=g\",\"url\":\"https:\\\/\\\/secure.gravatar.com\\\/avatar\\\/d16ec183e637d727e6c6574e3768aa439442611065e2b4f983793af8bb630edc?s=96&d=mm&r=g\",\"contentUrl\":\"https:\\\/\\\/secure.gravatar.com\\\/avatar\\\/d16ec183e637d727e6c6574e3768aa439442611065e2b4f983793af8bb630edc?s=96&d=mm&r=g\",\"caption\":\"Dagoberto Perez\"},\"url\":\"https:\\\/\\\/vrip.ubiobio.cl\\\/inicio\\\/author\\\/dagoberto\\\/\"}]}<\/script>\n<!-- \/ Yoast SEO plugin. -->","yoast_head_json":{"title":"Nodo CTCI y ANID realizaron encuentro en Centro de Innovaci\u00f3n UBB - VRIP","robots":{"index":"index","follow":"follow","max-snippet":"max-snippet:-1","max-image-preview":"max-image-preview:large","max-video-preview":"max-video-preview:-1"},"canonical":"https:\/\/vrip.ubiobio.cl\/inicio\/noticias\/nodo-ctci-y-anid-realizaron-encuentro-en-centro-de-innovacion-ubb\/","og_locale":"es_ES","og_type":"article","og_title":"Nodo CTCI y ANID realizaron encuentro en Centro de Innovaci\u00f3n UBB - VRIP","og_description":"El Nodo CTCI Macrozona Centro Sur junto a la Agencia Nacional de Investigaci\u00f3n y Desarrollo, ANID, realizaron este viernes 3 de noviembre, el encuentro \u201cFortaleciendo redes, estrategias y conocimiento colaborativo desde y para los territorios\u201d. El objetivo de este encuentro fue conocer la aplicaci\u00f3n de instrumentos ANID al interior de las universidades asociadas y su...","og_url":"https:\/\/vrip.ubiobio.cl\/inicio\/noticias\/nodo-ctci-y-anid-realizaron-encuentro-en-centro-de-innovacion-ubb\/","og_site_name":"VRIP","article_published_time":"2023-11-03T18:42:09+00:00","article_modified_time":"2023-11-06T14:49:52+00:00","og_image":[{"width":2016,"height":1512,"url":"https:\/\/vrip.ubiobio.cl\/wp-content\/uploads\/2023\/11\/IMG_2899.jpg","type":"image\/jpeg"}],"author":"Dagoberto Perez","twitter_card":"summary_large_image","twitter_creator":"@vripubb","twitter_site":"@vripubb","twitter_misc":{"Escrito por":"Dagoberto Perez","Tiempo de lectura":"3 minutos"},"schema":{"@context":"https:\/\/schema.org","@graph":[{"@type":"Article","@id":"https:\/\/vrip.ubiobio.cl\/inicio\/noticias\/nodo-ctci-y-anid-realizaron-encuentro-en-centro-de-innovacion-ubb\/#article","isPartOf":{"@id":"https:\/\/vrip.ubiobio.cl\/inicio\/noticias\/nodo-ctci-y-anid-realizaron-encuentro-en-centro-de-innovacion-ubb\/"},"author":{"name":"Dagoberto Perez","@id":"https:\/\/vrip.ubiobio.cl\/inicio\/#\/schema\/person\/39f3cf67f158f0420b4eb8baa645a9c0"},"headline":"Nodo CTCI y ANID realizaron encuentro en Centro de Innovaci\u00f3n UBB","datePublished":"2023-11-03T18:42:09+00:00","dateModified":"2023-11-06T14:49:52+00:00","mainEntityOfPage":{"@id":"https:\/\/vrip.ubiobio.cl\/inicio\/noticias\/nodo-ctci-y-anid-realizaron-encuentro-en-centro-de-innovacion-ubb\/"},"wordCount":530,"commentCount":0,"publisher":{"@id":"https:\/\/vrip.ubiobio.cl\/inicio\/#organization"},"image":{"@id":"https:\/\/vrip.ubiobio.cl\/inicio\/noticias\/nodo-ctci-y-anid-realizaron-encuentro-en-centro-de-innovacion-ubb\/#primaryimage"},"thumbnailUrl":"https:\/\/vrip.ubiobio.cl\/wp-content\/uploads\/2023\/11\/IMG_2899.jpg","articleSection":["Noticias"],"inLanguage":"es","potentialAction":[{"@type":"CommentAction","name":"Comment","target":["https:\/\/vrip.ubiobio.cl\/inicio\/noticias\/nodo-ctci-y-anid-realizaron-encuentro-en-centro-de-innovacion-ubb\/#respond"]}]},{"@type":"WebPage","@id":"https:\/\/vrip.ubiobio.cl\/inicio\/noticias\/nodo-ctci-y-anid-realizaron-encuentro-en-centro-de-innovacion-ubb\/","url":"https:\/\/vrip.ubiobio.cl\/inicio\/noticias\/nodo-ctci-y-anid-realizaron-encuentro-en-centro-de-innovacion-ubb\/","name":"Nodo CTCI y ANID realizaron encuentro en Centro de Innovaci\u00f3n UBB - VRIP","isPartOf":{"@id":"https:\/\/vrip.ubiobio.cl\/inicio\/#website"},"primaryImageOfPage":{"@id":"https:\/\/vrip.ubiobio.cl\/inicio\/noticias\/nodo-ctci-y-anid-realizaron-encuentro-en-centro-de-innovacion-ubb\/#primaryimage"},"image":{"@id":"https:\/\/vrip.ubiobio.cl\/inicio\/noticias\/nodo-ctci-y-anid-realizaron-encuentro-en-centro-de-innovacion-ubb\/#primaryimage"},"thumbnailUrl":"https:\/\/vrip.ubiobio.cl\/wp-content\/uploads\/2023\/11\/IMG_2899.jpg","datePublished":"2023-11-03T18:42:09+00:00","dateModified":"2023-11-06T14:49:52+00:00","breadcrumb":{"@id":"https:\/\/vrip.ubiobio.cl\/inicio\/noticias\/nodo-ctci-y-anid-realizaron-encuentro-en-centro-de-innovacion-ubb\/#breadcrumb"},"inLanguage":"es","potentialAction":[{"@type":"ReadAction","target":["https:\/\/vrip.ubiobio.cl\/inicio\/noticias\/nodo-ctci-y-anid-realizaron-encuentro-en-centro-de-innovacion-ubb\/"]}]},{"@type":"ImageObject","inLanguage":"es","@id":"https:\/\/vrip.ubiobio.cl\/inicio\/noticias\/nodo-ctci-y-anid-realizaron-encuentro-en-centro-de-innovacion-ubb\/#primaryimage","url":"https:\/\/vrip.ubiobio.cl\/wp-content\/uploads\/2023\/11\/IMG_2899.jpg","contentUrl":"https:\/\/vrip.ubiobio.cl\/wp-content\/uploads\/2023\/11\/IMG_2899.jpg","width":2016,"height":1512},{"@type":"BreadcrumbList","@id":"https:\/\/vrip.ubiobio.cl\/inicio\/noticias\/nodo-ctci-y-anid-realizaron-encuentro-en-centro-de-innovacion-ubb\/#breadcrumb","itemListElement":[{"@type":"ListItem","position":1,"name":"Portada","item":"https:\/\/vrip.ubiobio.cl\/inicio\/"},{"@type":"ListItem","position":2,"name":"Nodo CTCI y ANID realizaron encuentro en Centro de Innovaci\u00f3n UBB"}]},{"@type":"WebSite","@id":"https:\/\/vrip.ubiobio.cl\/inicio\/#website","url":"https:\/\/vrip.ubiobio.cl\/inicio\/","name":"VRIP","description":"Vicerrector\u00eda de Investigaci\u00f3n y Postgrado","publisher":{"@id":"https:\/\/vrip.ubiobio.cl\/inicio\/#organization"},"potentialAction":[{"@type":"SearchAction","target":{"@type":"EntryPoint","urlTemplate":"https:\/\/vrip.ubiobio.cl\/inicio\/?s={search_term_string}"},"query-input":{"@type":"PropertyValueSpecification","valueRequired":true,"valueName":"search_term_string"}}],"inLanguage":"es"},{"@type":"Organization","@id":"https:\/\/vrip.ubiobio.cl\/inicio\/#organization","name":"VRIP","url":"https:\/\/vrip.ubiobio.cl\/inicio\/","logo":{"@type":"ImageObject","inLanguage":"es","@id":"https:\/\/vrip.ubiobio.cl\/inicio\/#\/schema\/logo\/image\/","url":"https:\/\/vrip.ubiobio.cl\/wp-content\/uploads\/2022\/10\/logo-vrip_Mesa-de-trabajo-1.png","contentUrl":"https:\/\/vrip.ubiobio.cl\/wp-content\/uploads\/2022\/10\/logo-vrip_Mesa-de-trabajo-1.png","width":642,"height":178,"caption":"VRIP"},"image":{"@id":"https:\/\/vrip.ubiobio.cl\/inicio\/#\/schema\/logo\/image\/"},"sameAs":["https:\/\/x.com\/vripubb","https:\/\/www.instagram.com\/vrip_ubb\/","https:\/\/www.youtube.com\/channel\/UCf7o8yHRJ7Y_QQLxwu1KQgA","https:\/\/www.linkedin.com\/company\/96035097\/admin\/dashboard\/"]},{"@type":"Person","@id":"https:\/\/vrip.ubiobio.cl\/inicio\/#\/schema\/person\/39f3cf67f158f0420b4eb8baa645a9c0","name":"Dagoberto Perez","image":{"@type":"ImageObject","inLanguage":"es","@id":"https:\/\/secure.gravatar.com\/avatar\/d16ec183e637d727e6c6574e3768aa439442611065e2b4f983793af8bb630edc?s=96&d=mm&r=g","url":"https:\/\/secure.gravatar.com\/avatar\/d16ec183e637d727e6c6574e3768aa439442611065e2b4f983793af8bb630edc?s=96&d=mm&r=g","contentUrl":"https:\/\/secure.gravatar.com\/avatar\/d16ec183e637d727e6c6574e3768aa439442611065e2b4f983793af8bb630edc?s=96&d=mm&r=g","caption":"Dagoberto Perez"},"url":"https:\/\/vrip.ubiobio.cl\/inicio\/author\/dagoberto\/"}]}},"_links":{"self":[{"href":"https:\/\/vrip.ubiobio.cl\/inicio\/wp-json\/wp\/v2\/posts\/41669","targetHints":{"allow":["GET"]}}],"collection":[{"href":"https:\/\/vrip.ubiobio.cl\/inicio\/wp-json\/wp\/v2\/posts"}],"about":[{"href":"https:\/\/vrip.ubiobio.cl\/inicio\/wp-json\/wp\/v2\/types\/post"}],"author":[{"embeddable":true,"href":"https:\/\/vrip.ubiobio.cl\/inicio\/wp-json\/wp\/v2\/users\/3"}],"replies":[{"embeddable":true,"href":"https:\/\/vrip.ubiobio.cl\/inicio\/wp-json\/wp\/v2\/comments?post=41669"}],"version-history":[{"count":1,"href":"https:\/\/vrip.ubiobio.cl\/inicio\/wp-json\/wp\/v2\/posts\/41669\/revisions"}],"predecessor-version":[{"id":41677,"href":"https:\/\/vrip.ubiobio.cl\/inicio\/wp-json\/wp\/v2\/posts\/41669\/revisions\/41677"}],"wp:featuredmedia":[{"embeddable":true,"href":"https:\/\/vrip.ubiobio.cl\/inicio\/wp-json\/wp\/v2\/media\/41676"}],"wp:attachment":[{"href":"https:\/\/vrip.ubiobio.cl\/inicio\/wp-json\/wp\/v2\/media?parent=41669"}],"wp:term":[{"taxonomy":"category","embeddable":true,"href":"https:\/\/vrip.ubiobio.cl\/inicio\/wp-json\/wp\/v2\/categories?post=41669"},{"taxonomy":"post_tag","embeddable":true,"href":"https:\/\/vrip.ubiobio.cl\/inicio\/wp-json\/wp\/v2\/tags?post=41669"}],"curies":[{"name":"wp","href":"https:\/\/api.w.org\/{rel}","templated":true}]}}