{"id":41023,"date":"2023-10-10T07:00:10","date_gmt":"2023-10-10T07:00:10","guid":{"rendered":"https:\/\/vrip.ubiobio.cl\/inicio\/?p=41023"},"modified":"2023-10-10T15:36:21","modified_gmt":"2023-10-10T15:36:21","slug":"academica-ubb-expone-en-viii-seminario-internacional-sobre-estudios-de-juventud-en-america-latina-en-mexico","status":"publish","type":"post","link":"https:\/\/vrip.ubiobio.cl\/inicio\/noticias\/academica-ubb-expone-en-viii-seminario-internacional-sobre-estudios-de-juventud-en-america-latina-en-mexico\/","title":{"rendered":"Acad\u00e9mica UBB expone en VIII seminario Internacional sobre Estudios de Juventud en Am\u00e9rica Latina en M\u00e9xico"},"content":{"rendered":"<p><em>La investigadora Ana<\/em><em> Carolina Maldonado Fuentes es acad\u00e9mica del Departamento Ciencias de la Educaci\u00f3n de la Facultad de Educaci\u00f3n y Humanidades de la Universidad del B\u00edo-B\u00edo, y particip\u00f3 recientemente, de manera online, \u00a0en el VIII seminario Internacional sobre Estudios de Juventud en Am\u00e9rica Latina, convocada por la Facultad de Ciencias Pol\u00edticas y Sociales de la Universidad Aut\u00f3noma de M\u00e9xico,\u00a0 (UAEMex), con la ponencia \u2018Representaciones atribuidas a la evaluaci\u00f3n durante la trayectoria de estudiantes a profesor: antecedentes de una alfabetizaci\u00f3n escolarizada en los j\u00f3venes\u2019. <\/em><\/p>\n<div class=\"perfect-pullquote  pullquote-align-right\"><blockquote><p>La Dra. Carolina Maldonado valora la posibilidad de compartir estos conocimientos en este seminario internacional que convoc\u00f3 la Facultad de Ciencias Pol\u00edticas y Sociales de la Universidad Aut\u00f3noma de M\u00e9xico, (UAEMex), porque permite la colaboraci\u00f3n acad\u00e9mica con especialistas nacionales e internacionales en el estudio de las representaciones sociales.\u00a0<\/p><\/blockquote><\/div>\n<p>La Dra. Carolina Maldonado resalta que su ponencia tuvo que ver con los resultados de un Fondecyt de Iniciaci\u00f3n 11220291, que lider\u00f3, donde fundamentalmente se rescat\u00f3 un estudio emp\u00edrico efectuado el a\u00f1o 2022, en el cual participaron m\u00e1s de 200 estudiantes de todas las carreras de Formaci\u00f3n Inicial Docente.<\/p>\n<p>La ponencia -subraya la Dra. Maldonado- se centr\u00f3 en el an\u00e1lisis de las representaciones afines a tem\u00e1ticas de Alfabetizaci\u00f3n en Evaluaci\u00f3n de los Aprendizajes, como al distinguir entre las funciones sumativa y formativa, y la participaci\u00f3n de otros agentes, en la autoevaluaci\u00f3n y la coevaluaci\u00f3n.\u00a0Donde se pudo observar, por ejemplo, c\u00f3mo se valora positivamente cuando el profesor y los pares brindan retroalimentaci\u00f3n. Es en\u00a0esta etapa formativa donde los futuros docentes acceden a nuevos conocimientos sobre la evaluaci\u00f3n, a partir de los cuales pueden resignificar la connotaci\u00f3n que se atribuye a estos elementos, en una mirada desde el rol de estudiante a ser profesional de la educaci\u00f3n, se\u00f1ala.<\/p>\n<p>La Dra. Carolina Maldonado valora la posibilidad de compartir estos conocimientos en este seminario internacional que convoc\u00f3 Facultad de Ciencias Pol\u00edticas y Sociales de la Universidad Aut\u00f3noma de M\u00e9xico, (UAEMex), porque permite la colaboraci\u00f3n acad\u00e9mica con especialistas nacionales e internacionales en el estudio de las representaciones sociales. Los acad\u00e9micos mexicanos han realizado un aporte sustantivo a este campo de estudio, con impacto en propuestas tanto metodol\u00f3gicas como el estudio de las representaciones en diversas latitudes de Latinoam\u00e9rica,\u00a0por lo que colaborar en este tipo de instancias es una oportunidad valiosa, asegura la investigadora UBB.<\/p>\n<p>Y asevera que participar de estas instancias sirven para dar a conocer la investigaci\u00f3n que ha desarrollado en torno a la Evaluaci\u00f3n de los Aprendizajes como un conocimiento especializado de la profesi\u00f3n docente, as\u00ed como en relaci\u00f3n con la representaci\u00f3n de la docencia en futuros profesores. \u201cEstas actividades son parte de la l\u00ednea de investigaci\u00f3n en Formaci\u00f3n Inicial Docente que estamos desarrollando en universidades del Estado regionales del pa\u00eds\u201d, comenta.<\/p>\n<p>Fuente:\u00a0 VRIP Comunicaciones<\/p>\n","protected":false},"excerpt":{"rendered":"<p>La investigadora Ana Carolina Maldonado Fuentes es acad\u00e9mica del Departamento Ciencias de la Educaci\u00f3n de la Facultad de Educaci\u00f3n y Humanidades de la Universidad del B\u00edo-B\u00edo, y particip\u00f3 recientemente, de manera online, \u00a0en el VIII seminario Internacional sobre Estudios de Juventud en Am\u00e9rica Latina, convocada por la Facultad de Ciencias Pol\u00edticas y Sociales de la&#8230;<\/p>\n","protected":false},"author":3,"featured_media":41024,"comment_status":"open","ping_status":"open","sticky":false,"template":"","format":"standard","meta":{"_kadence_starter_templates_imported_post":false,"_kad_post_transparent":"default","_kad_post_title":"default","_kad_post_layout":"default","_kad_post_sidebar_id":"","_kad_post_content_style":"default","_kad_post_vertical_padding":"default","_kad_post_feature":"","_kad_post_feature_position":"","_kad_post_header":false,"_kad_post_footer":false,"footnotes":""},"categories":[3],"tags":[],"class_list":["post-41023","post","type-post","status-publish","format-standard","has-post-thumbnail","hentry","category-noticias"],"yoast_head":"<!-- This site is optimized with the Yoast SEO plugin v27.5 - https:\/\/yoast.com\/product\/yoast-seo-wordpress\/ -->\n<title>Acad\u00e9mica UBB expone en VIII seminario Internacional sobre Estudios de Juventud en Am\u00e9rica Latina en M\u00e9xico - VRIP<\/title>\n<meta name=\"robots\" content=\"index, follow, max-snippet:-1, max-image-preview:large, max-video-preview:-1\" \/>\n<link rel=\"canonical\" href=\"https:\/\/vrip.ubiobio.cl\/inicio\/noticias\/academica-ubb-expone-en-viii-seminario-internacional-sobre-estudios-de-juventud-en-america-latina-en-mexico\/\" \/>\n<meta property=\"og:locale\" content=\"es_ES\" \/>\n<meta property=\"og:type\" content=\"article\" \/>\n<meta property=\"og:title\" content=\"Acad\u00e9mica UBB expone en VIII seminario Internacional sobre Estudios de Juventud en Am\u00e9rica Latina en M\u00e9xico - VRIP\" \/>\n<meta property=\"og:description\" content=\"La investigadora Ana Carolina Maldonado Fuentes es acad\u00e9mica del Departamento Ciencias de la Educaci\u00f3n de la Facultad de Educaci\u00f3n y Humanidades de la Universidad del B\u00edo-B\u00edo, y particip\u00f3 recientemente, de manera online, \u00a0en el VIII seminario Internacional sobre Estudios de Juventud en Am\u00e9rica Latina, convocada por la Facultad de Ciencias Pol\u00edticas y Sociales de la...\" \/>\n<meta property=\"og:url\" content=\"https:\/\/vrip.ubiobio.cl\/inicio\/noticias\/academica-ubb-expone-en-viii-seminario-internacional-sobre-estudios-de-juventud-en-america-latina-en-mexico\/\" \/>\n<meta property=\"og:site_name\" content=\"VRIP\" \/>\n<meta property=\"article:published_time\" content=\"2023-10-10T07:00:10+00:00\" \/>\n<meta property=\"article:modified_time\" content=\"2023-10-10T15:36:21+00:00\" \/>\n<meta property=\"og:image\" content=\"https:\/\/vrip.ubiobio.cl\/wp-content\/uploads\/2023\/10\/Ana-Carolina-Maldonado.png\" \/>\n\t<meta property=\"og:image:width\" content=\"1157\" \/>\n\t<meta property=\"og:image:height\" content=\"636\" \/>\n\t<meta property=\"og:image:type\" content=\"image\/png\" \/>\n<meta name=\"author\" content=\"Dagoberto Perez\" \/>\n<meta name=\"twitter:card\" content=\"summary_large_image\" \/>\n<meta name=\"twitter:creator\" content=\"@vripubb\" \/>\n<meta name=\"twitter:site\" content=\"@vripubb\" \/>\n<meta name=\"twitter:label1\" content=\"Escrito por\" \/>\n\t<meta name=\"twitter:data1\" content=\"Dagoberto Perez\" \/>\n\t<meta name=\"twitter:label2\" content=\"Tiempo de lectura\" \/>\n\t<meta name=\"twitter:data2\" content=\"3 minutos\" \/>\n<script type=\"application\/ld+json\" class=\"yoast-schema-graph\">{\"@context\":\"https:\\\/\\\/schema.org\",\"@graph\":[{\"@type\":\"Article\",\"@id\":\"https:\\\/\\\/vrip.ubiobio.cl\\\/inicio\\\/noticias\\\/academica-ubb-expone-en-viii-seminario-internacional-sobre-estudios-de-juventud-en-america-latina-en-mexico\\\/#article\",\"isPartOf\":{\"@id\":\"https:\\\/\\\/vrip.ubiobio.cl\\\/inicio\\\/noticias\\\/academica-ubb-expone-en-viii-seminario-internacional-sobre-estudios-de-juventud-en-america-latina-en-mexico\\\/\"},\"author\":{\"name\":\"Dagoberto Perez\",\"@id\":\"https:\\\/\\\/vrip.ubiobio.cl\\\/inicio\\\/#\\\/schema\\\/person\\\/39f3cf67f158f0420b4eb8baa645a9c0\"},\"headline\":\"Acad\u00e9mica UBB expone en VIII seminario Internacional sobre Estudios de Juventud en Am\u00e9rica Latina en M\u00e9xico\",\"datePublished\":\"2023-10-10T07:00:10+00:00\",\"dateModified\":\"2023-10-10T15:36:21+00:00\",\"mainEntityOfPage\":{\"@id\":\"https:\\\/\\\/vrip.ubiobio.cl\\\/inicio\\\/noticias\\\/academica-ubb-expone-en-viii-seminario-internacional-sobre-estudios-de-juventud-en-america-latina-en-mexico\\\/\"},\"wordCount\":533,\"commentCount\":0,\"publisher\":{\"@id\":\"https:\\\/\\\/vrip.ubiobio.cl\\\/inicio\\\/#organization\"},\"image\":{\"@id\":\"https:\\\/\\\/vrip.ubiobio.cl\\\/inicio\\\/noticias\\\/academica-ubb-expone-en-viii-seminario-internacional-sobre-estudios-de-juventud-en-america-latina-en-mexico\\\/#primaryimage\"},\"thumbnailUrl\":\"https:\\\/\\\/vrip.ubiobio.cl\\\/wp-content\\\/uploads\\\/2023\\\/10\\\/Ana-Carolina-Maldonado.png\",\"articleSection\":[\"Noticias\"],\"inLanguage\":\"es\",\"potentialAction\":[{\"@type\":\"CommentAction\",\"name\":\"Comment\",\"target\":[\"https:\\\/\\\/vrip.ubiobio.cl\\\/inicio\\\/noticias\\\/academica-ubb-expone-en-viii-seminario-internacional-sobre-estudios-de-juventud-en-america-latina-en-mexico\\\/#respond\"]}]},{\"@type\":\"WebPage\",\"@id\":\"https:\\\/\\\/vrip.ubiobio.cl\\\/inicio\\\/noticias\\\/academica-ubb-expone-en-viii-seminario-internacional-sobre-estudios-de-juventud-en-america-latina-en-mexico\\\/\",\"url\":\"https:\\\/\\\/vrip.ubiobio.cl\\\/inicio\\\/noticias\\\/academica-ubb-expone-en-viii-seminario-internacional-sobre-estudios-de-juventud-en-america-latina-en-mexico\\\/\",\"name\":\"Acad\u00e9mica UBB expone en VIII seminario Internacional sobre Estudios de Juventud en Am\u00e9rica Latina en M\u00e9xico - VRIP\",\"isPartOf\":{\"@id\":\"https:\\\/\\\/vrip.ubiobio.cl\\\/inicio\\\/#website\"},\"primaryImageOfPage\":{\"@id\":\"https:\\\/\\\/vrip.ubiobio.cl\\\/inicio\\\/noticias\\\/academica-ubb-expone-en-viii-seminario-internacional-sobre-estudios-de-juventud-en-america-latina-en-mexico\\\/#primaryimage\"},\"image\":{\"@id\":\"https:\\\/\\\/vrip.ubiobio.cl\\\/inicio\\\/noticias\\\/academica-ubb-expone-en-viii-seminario-internacional-sobre-estudios-de-juventud-en-america-latina-en-mexico\\\/#primaryimage\"},\"thumbnailUrl\":\"https:\\\/\\\/vrip.ubiobio.cl\\\/wp-content\\\/uploads\\\/2023\\\/10\\\/Ana-Carolina-Maldonado.png\",\"datePublished\":\"2023-10-10T07:00:10+00:00\",\"dateModified\":\"2023-10-10T15:36:21+00:00\",\"breadcrumb\":{\"@id\":\"https:\\\/\\\/vrip.ubiobio.cl\\\/inicio\\\/noticias\\\/academica-ubb-expone-en-viii-seminario-internacional-sobre-estudios-de-juventud-en-america-latina-en-mexico\\\/#breadcrumb\"},\"inLanguage\":\"es\",\"potentialAction\":[{\"@type\":\"ReadAction\",\"target\":[\"https:\\\/\\\/vrip.ubiobio.cl\\\/inicio\\\/noticias\\\/academica-ubb-expone-en-viii-seminario-internacional-sobre-estudios-de-juventud-en-america-latina-en-mexico\\\/\"]}]},{\"@type\":\"ImageObject\",\"inLanguage\":\"es\",\"@id\":\"https:\\\/\\\/vrip.ubiobio.cl\\\/inicio\\\/noticias\\\/academica-ubb-expone-en-viii-seminario-internacional-sobre-estudios-de-juventud-en-america-latina-en-mexico\\\/#primaryimage\",\"url\":\"https:\\\/\\\/vrip.ubiobio.cl\\\/wp-content\\\/uploads\\\/2023\\\/10\\\/Ana-Carolina-Maldonado.png\",\"contentUrl\":\"https:\\\/\\\/vrip.ubiobio.cl\\\/wp-content\\\/uploads\\\/2023\\\/10\\\/Ana-Carolina-Maldonado.png\",\"width\":1157,\"height\":636},{\"@type\":\"BreadcrumbList\",\"@id\":\"https:\\\/\\\/vrip.ubiobio.cl\\\/inicio\\\/noticias\\\/academica-ubb-expone-en-viii-seminario-internacional-sobre-estudios-de-juventud-en-america-latina-en-mexico\\\/#breadcrumb\",\"itemListElement\":[{\"@type\":\"ListItem\",\"position\":1,\"name\":\"Portada\",\"item\":\"https:\\\/\\\/vrip.ubiobio.cl\\\/inicio\\\/\"},{\"@type\":\"ListItem\",\"position\":2,\"name\":\"Acad\u00e9mica UBB expone en VIII seminario Internacional sobre Estudios de Juventud en Am\u00e9rica Latina en M\u00e9xico\"}]},{\"@type\":\"WebSite\",\"@id\":\"https:\\\/\\\/vrip.ubiobio.cl\\\/inicio\\\/#website\",\"url\":\"https:\\\/\\\/vrip.ubiobio.cl\\\/inicio\\\/\",\"name\":\"VRIP\",\"description\":\"Vicerrector\u00eda de Investigaci\u00f3n y Postgrado\",\"publisher\":{\"@id\":\"https:\\\/\\\/vrip.ubiobio.cl\\\/inicio\\\/#organization\"},\"potentialAction\":[{\"@type\":\"SearchAction\",\"target\":{\"@type\":\"EntryPoint\",\"urlTemplate\":\"https:\\\/\\\/vrip.ubiobio.cl\\\/inicio\\\/?s={search_term_string}\"},\"query-input\":{\"@type\":\"PropertyValueSpecification\",\"valueRequired\":true,\"valueName\":\"search_term_string\"}}],\"inLanguage\":\"es\"},{\"@type\":\"Organization\",\"@id\":\"https:\\\/\\\/vrip.ubiobio.cl\\\/inicio\\\/#organization\",\"name\":\"VRIP\",\"url\":\"https:\\\/\\\/vrip.ubiobio.cl\\\/inicio\\\/\",\"logo\":{\"@type\":\"ImageObject\",\"inLanguage\":\"es\",\"@id\":\"https:\\\/\\\/vrip.ubiobio.cl\\\/inicio\\\/#\\\/schema\\\/logo\\\/image\\\/\",\"url\":\"https:\\\/\\\/vrip.ubiobio.cl\\\/wp-content\\\/uploads\\\/2022\\\/10\\\/logo-vrip_Mesa-de-trabajo-1.png\",\"contentUrl\":\"https:\\\/\\\/vrip.ubiobio.cl\\\/wp-content\\\/uploads\\\/2022\\\/10\\\/logo-vrip_Mesa-de-trabajo-1.png\",\"width\":642,\"height\":178,\"caption\":\"VRIP\"},\"image\":{\"@id\":\"https:\\\/\\\/vrip.ubiobio.cl\\\/inicio\\\/#\\\/schema\\\/logo\\\/image\\\/\"},\"sameAs\":[\"https:\\\/\\\/x.com\\\/vripubb\",\"https:\\\/\\\/www.instagram.com\\\/vrip_ubb\\\/\",\"https:\\\/\\\/www.youtube.com\\\/channel\\\/UCf7o8yHRJ7Y_QQLxwu1KQgA\",\"https:\\\/\\\/www.linkedin.com\\\/company\\\/96035097\\\/admin\\\/dashboard\\\/\"]},{\"@type\":\"Person\",\"@id\":\"https:\\\/\\\/vrip.ubiobio.cl\\\/inicio\\\/#\\\/schema\\\/person\\\/39f3cf67f158f0420b4eb8baa645a9c0\",\"name\":\"Dagoberto Perez\",\"image\":{\"@type\":\"ImageObject\",\"inLanguage\":\"es\",\"@id\":\"https:\\\/\\\/secure.gravatar.com\\\/avatar\\\/d16ec183e637d727e6c6574e3768aa439442611065e2b4f983793af8bb630edc?s=96&d=mm&r=g\",\"url\":\"https:\\\/\\\/secure.gravatar.com\\\/avatar\\\/d16ec183e637d727e6c6574e3768aa439442611065e2b4f983793af8bb630edc?s=96&d=mm&r=g\",\"contentUrl\":\"https:\\\/\\\/secure.gravatar.com\\\/avatar\\\/d16ec183e637d727e6c6574e3768aa439442611065e2b4f983793af8bb630edc?s=96&d=mm&r=g\",\"caption\":\"Dagoberto Perez\"},\"url\":\"https:\\\/\\\/vrip.ubiobio.cl\\\/inicio\\\/author\\\/dagoberto\\\/\"}]}<\/script>\n<!-- \/ Yoast SEO plugin. -->","yoast_head_json":{"title":"Acad\u00e9mica UBB expone en VIII seminario Internacional sobre Estudios de Juventud en Am\u00e9rica Latina en M\u00e9xico - VRIP","robots":{"index":"index","follow":"follow","max-snippet":"max-snippet:-1","max-image-preview":"max-image-preview:large","max-video-preview":"max-video-preview:-1"},"canonical":"https:\/\/vrip.ubiobio.cl\/inicio\/noticias\/academica-ubb-expone-en-viii-seminario-internacional-sobre-estudios-de-juventud-en-america-latina-en-mexico\/","og_locale":"es_ES","og_type":"article","og_title":"Acad\u00e9mica UBB expone en VIII seminario Internacional sobre Estudios de Juventud en Am\u00e9rica Latina en M\u00e9xico - VRIP","og_description":"La investigadora Ana Carolina Maldonado Fuentes es acad\u00e9mica del Departamento Ciencias de la Educaci\u00f3n de la Facultad de Educaci\u00f3n y Humanidades de la Universidad del B\u00edo-B\u00edo, y particip\u00f3 recientemente, de manera online, \u00a0en el VIII seminario Internacional sobre Estudios de Juventud en Am\u00e9rica Latina, convocada por la Facultad de Ciencias Pol\u00edticas y Sociales de la...","og_url":"https:\/\/vrip.ubiobio.cl\/inicio\/noticias\/academica-ubb-expone-en-viii-seminario-internacional-sobre-estudios-de-juventud-en-america-latina-en-mexico\/","og_site_name":"VRIP","article_published_time":"2023-10-10T07:00:10+00:00","article_modified_time":"2023-10-10T15:36:21+00:00","og_image":[{"width":1157,"height":636,"url":"https:\/\/vrip.ubiobio.cl\/wp-content\/uploads\/2023\/10\/Ana-Carolina-Maldonado.png","type":"image\/png"}],"author":"Dagoberto Perez","twitter_card":"summary_large_image","twitter_creator":"@vripubb","twitter_site":"@vripubb","twitter_misc":{"Escrito por":"Dagoberto Perez","Tiempo de lectura":"3 minutos"},"schema":{"@context":"https:\/\/schema.org","@graph":[{"@type":"Article","@id":"https:\/\/vrip.ubiobio.cl\/inicio\/noticias\/academica-ubb-expone-en-viii-seminario-internacional-sobre-estudios-de-juventud-en-america-latina-en-mexico\/#article","isPartOf":{"@id":"https:\/\/vrip.ubiobio.cl\/inicio\/noticias\/academica-ubb-expone-en-viii-seminario-internacional-sobre-estudios-de-juventud-en-america-latina-en-mexico\/"},"author":{"name":"Dagoberto Perez","@id":"https:\/\/vrip.ubiobio.cl\/inicio\/#\/schema\/person\/39f3cf67f158f0420b4eb8baa645a9c0"},"headline":"Acad\u00e9mica UBB expone en VIII seminario Internacional sobre Estudios de Juventud en Am\u00e9rica Latina en M\u00e9xico","datePublished":"2023-10-10T07:00:10+00:00","dateModified":"2023-10-10T15:36:21+00:00","mainEntityOfPage":{"@id":"https:\/\/vrip.ubiobio.cl\/inicio\/noticias\/academica-ubb-expone-en-viii-seminario-internacional-sobre-estudios-de-juventud-en-america-latina-en-mexico\/"},"wordCount":533,"commentCount":0,"publisher":{"@id":"https:\/\/vrip.ubiobio.cl\/inicio\/#organization"},"image":{"@id":"https:\/\/vrip.ubiobio.cl\/inicio\/noticias\/academica-ubb-expone-en-viii-seminario-internacional-sobre-estudios-de-juventud-en-america-latina-en-mexico\/#primaryimage"},"thumbnailUrl":"https:\/\/vrip.ubiobio.cl\/wp-content\/uploads\/2023\/10\/Ana-Carolina-Maldonado.png","articleSection":["Noticias"],"inLanguage":"es","potentialAction":[{"@type":"CommentAction","name":"Comment","target":["https:\/\/vrip.ubiobio.cl\/inicio\/noticias\/academica-ubb-expone-en-viii-seminario-internacional-sobre-estudios-de-juventud-en-america-latina-en-mexico\/#respond"]}]},{"@type":"WebPage","@id":"https:\/\/vrip.ubiobio.cl\/inicio\/noticias\/academica-ubb-expone-en-viii-seminario-internacional-sobre-estudios-de-juventud-en-america-latina-en-mexico\/","url":"https:\/\/vrip.ubiobio.cl\/inicio\/noticias\/academica-ubb-expone-en-viii-seminario-internacional-sobre-estudios-de-juventud-en-america-latina-en-mexico\/","name":"Acad\u00e9mica UBB expone en VIII seminario Internacional sobre Estudios de Juventud en Am\u00e9rica Latina en M\u00e9xico - VRIP","isPartOf":{"@id":"https:\/\/vrip.ubiobio.cl\/inicio\/#website"},"primaryImageOfPage":{"@id":"https:\/\/vrip.ubiobio.cl\/inicio\/noticias\/academica-ubb-expone-en-viii-seminario-internacional-sobre-estudios-de-juventud-en-america-latina-en-mexico\/#primaryimage"},"image":{"@id":"https:\/\/vrip.ubiobio.cl\/inicio\/noticias\/academica-ubb-expone-en-viii-seminario-internacional-sobre-estudios-de-juventud-en-america-latina-en-mexico\/#primaryimage"},"thumbnailUrl":"https:\/\/vrip.ubiobio.cl\/wp-content\/uploads\/2023\/10\/Ana-Carolina-Maldonado.png","datePublished":"2023-10-10T07:00:10+00:00","dateModified":"2023-10-10T15:36:21+00:00","breadcrumb":{"@id":"https:\/\/vrip.ubiobio.cl\/inicio\/noticias\/academica-ubb-expone-en-viii-seminario-internacional-sobre-estudios-de-juventud-en-america-latina-en-mexico\/#breadcrumb"},"inLanguage":"es","potentialAction":[{"@type":"ReadAction","target":["https:\/\/vrip.ubiobio.cl\/inicio\/noticias\/academica-ubb-expone-en-viii-seminario-internacional-sobre-estudios-de-juventud-en-america-latina-en-mexico\/"]}]},{"@type":"ImageObject","inLanguage":"es","@id":"https:\/\/vrip.ubiobio.cl\/inicio\/noticias\/academica-ubb-expone-en-viii-seminario-internacional-sobre-estudios-de-juventud-en-america-latina-en-mexico\/#primaryimage","url":"https:\/\/vrip.ubiobio.cl\/wp-content\/uploads\/2023\/10\/Ana-Carolina-Maldonado.png","contentUrl":"https:\/\/vrip.ubiobio.cl\/wp-content\/uploads\/2023\/10\/Ana-Carolina-Maldonado.png","width":1157,"height":636},{"@type":"BreadcrumbList","@id":"https:\/\/vrip.ubiobio.cl\/inicio\/noticias\/academica-ubb-expone-en-viii-seminario-internacional-sobre-estudios-de-juventud-en-america-latina-en-mexico\/#breadcrumb","itemListElement":[{"@type":"ListItem","position":1,"name":"Portada","item":"https:\/\/vrip.ubiobio.cl\/inicio\/"},{"@type":"ListItem","position":2,"name":"Acad\u00e9mica UBB expone en VIII seminario Internacional sobre Estudios de Juventud en Am\u00e9rica Latina en M\u00e9xico"}]},{"@type":"WebSite","@id":"https:\/\/vrip.ubiobio.cl\/inicio\/#website","url":"https:\/\/vrip.ubiobio.cl\/inicio\/","name":"VRIP","description":"Vicerrector\u00eda de Investigaci\u00f3n y Postgrado","publisher":{"@id":"https:\/\/vrip.ubiobio.cl\/inicio\/#organization"},"potentialAction":[{"@type":"SearchAction","target":{"@type":"EntryPoint","urlTemplate":"https:\/\/vrip.ubiobio.cl\/inicio\/?s={search_term_string}"},"query-input":{"@type":"PropertyValueSpecification","valueRequired":true,"valueName":"search_term_string"}}],"inLanguage":"es"},{"@type":"Organization","@id":"https:\/\/vrip.ubiobio.cl\/inicio\/#organization","name":"VRIP","url":"https:\/\/vrip.ubiobio.cl\/inicio\/","logo":{"@type":"ImageObject","inLanguage":"es","@id":"https:\/\/vrip.ubiobio.cl\/inicio\/#\/schema\/logo\/image\/","url":"https:\/\/vrip.ubiobio.cl\/wp-content\/uploads\/2022\/10\/logo-vrip_Mesa-de-trabajo-1.png","contentUrl":"https:\/\/vrip.ubiobio.cl\/wp-content\/uploads\/2022\/10\/logo-vrip_Mesa-de-trabajo-1.png","width":642,"height":178,"caption":"VRIP"},"image":{"@id":"https:\/\/vrip.ubiobio.cl\/inicio\/#\/schema\/logo\/image\/"},"sameAs":["https:\/\/x.com\/vripubb","https:\/\/www.instagram.com\/vrip_ubb\/","https:\/\/www.youtube.com\/channel\/UCf7o8yHRJ7Y_QQLxwu1KQgA","https:\/\/www.linkedin.com\/company\/96035097\/admin\/dashboard\/"]},{"@type":"Person","@id":"https:\/\/vrip.ubiobio.cl\/inicio\/#\/schema\/person\/39f3cf67f158f0420b4eb8baa645a9c0","name":"Dagoberto Perez","image":{"@type":"ImageObject","inLanguage":"es","@id":"https:\/\/secure.gravatar.com\/avatar\/d16ec183e637d727e6c6574e3768aa439442611065e2b4f983793af8bb630edc?s=96&d=mm&r=g","url":"https:\/\/secure.gravatar.com\/avatar\/d16ec183e637d727e6c6574e3768aa439442611065e2b4f983793af8bb630edc?s=96&d=mm&r=g","contentUrl":"https:\/\/secure.gravatar.com\/avatar\/d16ec183e637d727e6c6574e3768aa439442611065e2b4f983793af8bb630edc?s=96&d=mm&r=g","caption":"Dagoberto Perez"},"url":"https:\/\/vrip.ubiobio.cl\/inicio\/author\/dagoberto\/"}]}},"_links":{"self":[{"href":"https:\/\/vrip.ubiobio.cl\/inicio\/wp-json\/wp\/v2\/posts\/41023","targetHints":{"allow":["GET"]}}],"collection":[{"href":"https:\/\/vrip.ubiobio.cl\/inicio\/wp-json\/wp\/v2\/posts"}],"about":[{"href":"https:\/\/vrip.ubiobio.cl\/inicio\/wp-json\/wp\/v2\/types\/post"}],"author":[{"embeddable":true,"href":"https:\/\/vrip.ubiobio.cl\/inicio\/wp-json\/wp\/v2\/users\/3"}],"replies":[{"embeddable":true,"href":"https:\/\/vrip.ubiobio.cl\/inicio\/wp-json\/wp\/v2\/comments?post=41023"}],"version-history":[{"count":1,"href":"https:\/\/vrip.ubiobio.cl\/inicio\/wp-json\/wp\/v2\/posts\/41023\/revisions"}],"predecessor-version":[{"id":41025,"href":"https:\/\/vrip.ubiobio.cl\/inicio\/wp-json\/wp\/v2\/posts\/41023\/revisions\/41025"}],"wp:featuredmedia":[{"embeddable":true,"href":"https:\/\/vrip.ubiobio.cl\/inicio\/wp-json\/wp\/v2\/media\/41024"}],"wp:attachment":[{"href":"https:\/\/vrip.ubiobio.cl\/inicio\/wp-json\/wp\/v2\/media?parent=41023"}],"wp:term":[{"taxonomy":"category","embeddable":true,"href":"https:\/\/vrip.ubiobio.cl\/inicio\/wp-json\/wp\/v2\/categories?post=41023"},{"taxonomy":"post_tag","embeddable":true,"href":"https:\/\/vrip.ubiobio.cl\/inicio\/wp-json\/wp\/v2\/tags?post=41023"}],"curies":[{"name":"wp","href":"https:\/\/api.w.org\/{rel}","templated":true}]}}