{"id":40918,"date":"2023-09-25T15:29:33","date_gmt":"2023-09-25T15:29:33","guid":{"rendered":"https:\/\/vrip.ubiobio.cl\/inicio\/?p=40918"},"modified":"2023-09-25T15:51:42","modified_gmt":"2023-09-25T15:51:42","slug":"importante-entrega-de-insumos-para-empresarios-vinateros-de-ocho-comunas-de-nuble-en-el-marco-de-un-proyecto-de-transferencia-que-lidera-ubb","status":"publish","type":"post","link":"https:\/\/vrip.ubiobio.cl\/inicio\/noticias\/importante-entrega-de-insumos-para-empresarios-vinateros-de-ocho-comunas-de-nuble-en-el-marco-de-un-proyecto-de-transferencia-que-lidera-ubb\/","title":{"rendered":"Importante entrega de insumos para empresarios vi\u00f1ateros de ocho comunas de \u00d1uble, en el marco de un proyecto de transferencia que lidera UBB"},"content":{"rendered":"<div id='gallery-1' class='gallery galleryid-40918 gallery-columns-4 gallery-size-thumbnail'><figure class='gallery-item'>\n\t\t\t<div class='gallery-icon landscape'>\n\t\t\t\t<a href='https:\/\/vrip.ubiobio.cl\/wp-content\/uploads\/2023\/09\/Imagen5.jpg'><img decoding=\"async\" width=\"150\" height=\"150\" src=\"https:\/\/vrip.ubiobio.cl\/wp-content\/uploads\/2023\/09\/Imagen5-150x150.jpg\" class=\"attachment-thumbnail size-thumbnail\" alt=\"\" srcset=\"https:\/\/vrip.ubiobio.cl\/wp-content\/uploads\/2023\/09\/Imagen5-150x150.jpg 150w, https:\/\/vrip.ubiobio.cl\/wp-content\/uploads\/2023\/09\/Imagen5-300x300.jpg 300w, https:\/\/vrip.ubiobio.cl\/wp-content\/uploads\/2023\/09\/Imagen5-120x120.jpg 120w\" sizes=\"(max-width: 150px) 100vw, 150px\" \/><\/a>\n\t\t\t<\/div><\/figure><figure class='gallery-item'>\n\t\t\t<div class='gallery-icon landscape'>\n\t\t\t\t<a href='https:\/\/vrip.ubiobio.cl\/wp-content\/uploads\/2023\/09\/Imagen4.jpg'><img decoding=\"async\" width=\"150\" height=\"150\" src=\"https:\/\/vrip.ubiobio.cl\/wp-content\/uploads\/2023\/09\/Imagen4-150x150.jpg\" class=\"attachment-thumbnail size-thumbnail\" alt=\"\" srcset=\"https:\/\/vrip.ubiobio.cl\/wp-content\/uploads\/2023\/09\/Imagen4-150x150.jpg 150w, https:\/\/vrip.ubiobio.cl\/wp-content\/uploads\/2023\/09\/Imagen4-300x300.jpg 300w, https:\/\/vrip.ubiobio.cl\/wp-content\/uploads\/2023\/09\/Imagen4-120x120.jpg 120w\" sizes=\"(max-width: 150px) 100vw, 150px\" \/><\/a>\n\t\t\t<\/div><\/figure><figure class='gallery-item'>\n\t\t\t<div class='gallery-icon landscape'>\n\t\t\t\t<a href='https:\/\/vrip.ubiobio.cl\/wp-content\/uploads\/2023\/09\/Imagen3.jpg'><img decoding=\"async\" width=\"150\" height=\"150\" src=\"https:\/\/vrip.ubiobio.cl\/wp-content\/uploads\/2023\/09\/Imagen3-150x150.jpg\" class=\"attachment-thumbnail size-thumbnail\" alt=\"\" srcset=\"https:\/\/vrip.ubiobio.cl\/wp-content\/uploads\/2023\/09\/Imagen3-150x150.jpg 150w, https:\/\/vrip.ubiobio.cl\/wp-content\/uploads\/2023\/09\/Imagen3-300x300.jpg 300w, https:\/\/vrip.ubiobio.cl\/wp-content\/uploads\/2023\/09\/Imagen3-120x120.jpg 120w\" sizes=\"(max-width: 150px) 100vw, 150px\" \/><\/a>\n\t\t\t<\/div><\/figure><figure class='gallery-item'>\n\t\t\t<div class='gallery-icon landscape'>\n\t\t\t\t<a href='https:\/\/vrip.ubiobio.cl\/wp-content\/uploads\/2023\/09\/Imagen1.jpg'><img loading=\"lazy\" decoding=\"async\" width=\"150\" height=\"150\" src=\"https:\/\/vrip.ubiobio.cl\/wp-content\/uploads\/2023\/09\/Imagen1-150x150.jpg\" class=\"attachment-thumbnail size-thumbnail\" alt=\"\" srcset=\"https:\/\/vrip.ubiobio.cl\/wp-content\/uploads\/2023\/09\/Imagen1-150x150.jpg 150w, https:\/\/vrip.ubiobio.cl\/wp-content\/uploads\/2023\/09\/Imagen1-300x300.jpg 300w, https:\/\/vrip.ubiobio.cl\/wp-content\/uploads\/2023\/09\/Imagen1-120x120.jpg 120w\" sizes=\"(max-width: 150px) 100vw, 150px\" \/><\/a>\n\t\t\t<\/div><\/figure>\n\t\t<\/div>\n\n<p><em>Con la presencia del\u00a0Gobernador de \u00d1uble, Oscar Cris\u00f3stomo y el representante de la Zona de Rezago, Jorge Romero, junto al equipo del proyecto Transferencia revalorizaci\u00f3n de los procesos vitivin\u00edcolas de la zona de rezago<\/em><em> que lidera <\/em><em>su director, el Dr. Jorge Moreno, de la Universidad del B\u00edo-B\u00edo, hicieron entrega de un kit de vinificaci\u00f3n, consistente en un estanque de acero inoxidable, estanques verticales Tricapa, mangueras y motobomba.<\/em><\/p>\n<div class=\"perfect-pullquote algo pullquote-align-left\"><blockquote><p>\u201cEl proyecto en ejecuci\u00f3n representa una oportunidad muy significativa para la Universidad del B\u00edo-B\u00edo que permite vincularnos con emprendedores y emprendedoras del sector vitivin\u00edcola de la Regi\u00f3n de \u00d1uble, actividad que es posible ejecutar a trav\u00e9s del apoyo del Gobierno Regional de \u00d1uble\u201d, subdirector de Innovaci\u00f3n, Dr. Guillermo Petzold.<\/p><\/blockquote><\/div>\n<p>Los beneficiarios con esta importante donaci\u00f3n corresponden a empresarios del rubro vitivin\u00edcola de las comunas de Cobquecura, Coelemu, Ninhue, Portezuelo, Quirihue, R\u00e1nquil, San Nicol\u00e1s, y Trehuaco.<\/p>\n<p>Este Programa Especial de Gesti\u00f3n Territorial para Zonas Rezagadas -destacaron las autoridades presentes- corresponde a la ejecuci\u00f3n de iniciativas e inversiones para el desarrollo del territorio del Valle del Itata, territorio caracterizado por una alta tasa de ruralidad y de pobreza que presenta atributos culturales\u2013patrimoniales, que constituyen un potencial de oportunidades y desarrollo para sus habitantes.<\/p>\n<p>La iniciativa se enmarca en la ejecuci\u00f3n del proyecto financiado por la Gobernaci\u00f3n de \u00d1uble, a trav\u00e9s del Fondo Nacional de Desarrollo Regional (FNDR) y ejecutado por la Universidad del B\u00edo-B\u00edo que\u00a0 busca atender a una poblaci\u00f3n de 50 vi\u00f1ateros provenientes de ocho comunas, los cuales durante un periodo de 24 meses, puedan generar condiciones para mejorar la productividad y competitividad de productores vitivin\u00edcolas mediante la transferencia de revalorizaci\u00f3n de procesos de vinificaci\u00f3n y asesor\u00edas integrales sobre normativa, monitoreo e inocuidad, lo anterior a trav\u00e9s del levantamiento de capacidades, instalaci\u00f3n de capacidades t\u00e9cnica, elaboraci\u00f3n y entrega de manuales normalizados, desarrollo de procesos de asesor\u00eda y capacitaci\u00f3n para etapas de vinificaci\u00f3n, embotellado (alternativo) , normativos y\/o legales, entrega de kit de herramientas de apoyo al proceso de vinificaci\u00f3n.<\/p>\n<p>Por su parte el subdirector de Innovaci\u00f3n, Dr. Guillermo Petzold, destac\u00f3 esta iniciativa. \u00a0\u201cEl proyecto en ejecuci\u00f3n representa una oportunidad muy significativa para la Universidad del B\u00edo-B\u00edo que permite vincularnos con emprendedores y emprendedoras del sector vitivin\u00edcola de la Regi\u00f3n de \u00d1uble, actividad que es posible ejecutar a trav\u00e9s del apoyo del Gobierno Regional de \u00d1uble\u201d.<\/p>\n<p><strong>Beneficio<\/strong><\/p>\n<p>El kit de vinificaci\u00f3n contempla un Refract\u00f3metro 0\/32\u00b0 britz, un Dens\u00edmetro 980\/1130\u00b0, Term\u00f3metro de alcohol -10\/110\u00b0C, Probeta\u00a0graduada 250 m, Piseta\u00a0250 ml, Jarro\u00a0graduado 1000 m, Colador de malla fina. Un estanque de acero inoxidable, Siemprelleno de 300 litros; estanque vertical Tricapa, estanques de\u00a01000lts; 10 metros de manguera\u00a0Color: Amarillo con espiral de PVC; y motobomba, centrifuga el\u00e9ctrica ENOS 20.<\/p>\n<p><strong>Iniciativa<\/strong><\/p>\n<p>El proyecto se encuentra en pleno desarrollo (6 meses de ejecuci\u00f3n) y busca mejorar la calidad del vino en base a un aumento de la estabilizaci\u00f3n y prolongaci\u00f3n de la vida \u00fatil del vino, como tambi\u00e9n el cumplimiento de normativa legal, tecnificando los procesos e incorporando instrumentos de monitoreo que asegure los est\u00e1ndares m\u00ednimos de producci\u00f3n e inocuidad en los procesos.<\/p>\n<p>La incorporaci\u00f3n de estos insumos -indicaron los responsables de esta iniciativa- permitir\u00e1 la ejecuci\u00f3n de una serie de talleres con en\u00f3logos que dar\u00e1n orientaci\u00f3n en el uso de insumos, como tambi\u00e9n la entrega de conocimientos t\u00e9cnicos para la mejora de procesos.<\/p>\n<p><strong>Participantes<\/strong><\/p>\n<p>Junto al Gobernador de \u00d1uble, Oscar Cris\u00f3stomo y el representante de la Zona de Rezago, Jorge Romero, se hicieron presentes integrantes del equipo del proyecto <em>Transferencia revalorizaci\u00f3n de los procesos vitivin\u00edcolas de la zona de rezago<\/em> con su director, el Dr. Jorge Moreno, la directora Alterna de Proyecto: Dra. Gipsy Tabilo Munizaga. Ingeniero en Alimentos; Mag\u00edster en Ciencias menci\u00f3n Ingenier\u00eda en Alimentos; PhD en Ciencias de la Ingenier\u00eda; Mois\u00e9s Iturra, Coordinador de Log\u00edstica de Proyecto, Dra. Constanza P\u00e1vez &#8211; Ingeniera en Alimentos, Mag\u00edster en Ciencias e Ingenier\u00eda en Alimentos. Analista de Vinos; Cristian Acu\u00f1a &#8211; Ingeniero Agr\u00f3nomo; Roberto Stuardo &#8211; Ingeniero Agr\u00f3nomo y Francisco Arteaga &#8211; Encargado de Vinculaci\u00f3n y Gesti\u00f3n Territorial de VRIP.<\/p>\n<p>Fuente: VRIP Comunicaciones<\/p>\n","protected":false},"excerpt":{"rendered":"<p>Con la presencia del\u00a0Gobernador de \u00d1uble, Oscar Cris\u00f3stomo y el representante de la Zona de Rezago, Jorge Romero, junto al equipo del proyecto Transferencia revalorizaci\u00f3n de los procesos vitivin\u00edcolas de la zona de rezago que lidera su director, el Dr. Jorge Moreno, de la Universidad del B\u00edo-B\u00edo, hicieron entrega de un kit de vinificaci\u00f3n, consistente&#8230;<\/p>\n","protected":false},"author":3,"featured_media":40968,"comment_status":"open","ping_status":"open","sticky":false,"template":"","format":"standard","meta":{"_kadence_starter_templates_imported_post":false,"_kad_post_transparent":"default","_kad_post_title":"default","_kad_post_layout":"default","_kad_post_sidebar_id":"","_kad_post_content_style":"default","_kad_post_vertical_padding":"default","_kad_post_feature":"","_kad_post_feature_position":"","_kad_post_header":false,"_kad_post_footer":false,"footnotes":""},"categories":[3],"tags":[],"class_list":["post-40918","post","type-post","status-publish","format-standard","has-post-thumbnail","hentry","category-noticias"],"yoast_head":"<!-- This site is optimized with the Yoast SEO plugin v27.5 - https:\/\/yoast.com\/product\/yoast-seo-wordpress\/ -->\n<title>Importante entrega de insumos para empresarios vi\u00f1ateros de ocho comunas de \u00d1uble, en el marco de un proyecto de transferencia que lidera UBB - VRIP<\/title>\n<meta name=\"robots\" content=\"index, follow, max-snippet:-1, max-image-preview:large, max-video-preview:-1\" \/>\n<link rel=\"canonical\" href=\"https:\/\/vrip.ubiobio.cl\/inicio\/noticias\/importante-entrega-de-insumos-para-empresarios-vinateros-de-ocho-comunas-de-nuble-en-el-marco-de-un-proyecto-de-transferencia-que-lidera-ubb\/\" \/>\n<meta property=\"og:locale\" content=\"es_ES\" \/>\n<meta property=\"og:type\" content=\"article\" \/>\n<meta property=\"og:title\" content=\"Importante entrega de insumos para empresarios vi\u00f1ateros de ocho comunas de \u00d1uble, en el marco de un proyecto de transferencia que lidera UBB - VRIP\" \/>\n<meta property=\"og:description\" content=\"Con la presencia del\u00a0Gobernador de \u00d1uble, Oscar Cris\u00f3stomo y el representante de la Zona de Rezago, Jorge Romero, junto al equipo del proyecto Transferencia revalorizaci\u00f3n de los procesos vitivin\u00edcolas de la zona de rezago que lidera su director, el Dr. Jorge Moreno, de la Universidad del B\u00edo-B\u00edo, hicieron entrega de un kit de vinificaci\u00f3n, consistente...\" \/>\n<meta property=\"og:url\" content=\"https:\/\/vrip.ubiobio.cl\/inicio\/noticias\/importante-entrega-de-insumos-para-empresarios-vinateros-de-ocho-comunas-de-nuble-en-el-marco-de-un-proyecto-de-transferencia-que-lidera-ubb\/\" \/>\n<meta property=\"og:site_name\" content=\"VRIP\" \/>\n<meta property=\"article:published_time\" content=\"2023-09-25T15:29:33+00:00\" \/>\n<meta property=\"article:modified_time\" content=\"2023-09-25T15:51:42+00:00\" \/>\n<meta property=\"og:image\" content=\"https:\/\/vrip.ubiobio.cl\/wp-content\/uploads\/2023\/09\/Imagen2.jpg\" \/>\n\t<meta property=\"og:image:width\" content=\"589\" \/>\n\t<meta property=\"og:image:height\" content=\"393\" \/>\n\t<meta property=\"og:image:type\" content=\"image\/jpeg\" \/>\n<meta name=\"author\" content=\"Dagoberto Perez\" \/>\n<meta name=\"twitter:card\" content=\"summary_large_image\" \/>\n<meta name=\"twitter:creator\" content=\"@vripubb\" \/>\n<meta name=\"twitter:site\" content=\"@vripubb\" \/>\n<meta name=\"twitter:label1\" content=\"Escrito por\" \/>\n\t<meta name=\"twitter:data1\" content=\"Dagoberto Perez\" \/>\n\t<meta name=\"twitter:label2\" content=\"Tiempo de lectura\" \/>\n\t<meta name=\"twitter:data2\" content=\"4 minutos\" \/>\n<script type=\"application\/ld+json\" class=\"yoast-schema-graph\">{\"@context\":\"https:\\\/\\\/schema.org\",\"@graph\":[{\"@type\":\"Article\",\"@id\":\"https:\\\/\\\/vrip.ubiobio.cl\\\/inicio\\\/noticias\\\/importante-entrega-de-insumos-para-empresarios-vinateros-de-ocho-comunas-de-nuble-en-el-marco-de-un-proyecto-de-transferencia-que-lidera-ubb\\\/#article\",\"isPartOf\":{\"@id\":\"https:\\\/\\\/vrip.ubiobio.cl\\\/inicio\\\/noticias\\\/importante-entrega-de-insumos-para-empresarios-vinateros-de-ocho-comunas-de-nuble-en-el-marco-de-un-proyecto-de-transferencia-que-lidera-ubb\\\/\"},\"author\":{\"name\":\"Dagoberto Perez\",\"@id\":\"https:\\\/\\\/vrip.ubiobio.cl\\\/inicio\\\/#\\\/schema\\\/person\\\/39f3cf67f158f0420b4eb8baa645a9c0\"},\"headline\":\"Importante entrega de insumos para empresarios vi\u00f1ateros de ocho comunas de \u00d1uble, en el marco de un proyecto de transferencia que lidera UBB\",\"datePublished\":\"2023-09-25T15:29:33+00:00\",\"dateModified\":\"2023-09-25T15:51:42+00:00\",\"mainEntityOfPage\":{\"@id\":\"https:\\\/\\\/vrip.ubiobio.cl\\\/inicio\\\/noticias\\\/importante-entrega-de-insumos-para-empresarios-vinateros-de-ocho-comunas-de-nuble-en-el-marco-de-un-proyecto-de-transferencia-que-lidera-ubb\\\/\"},\"wordCount\":776,\"commentCount\":0,\"publisher\":{\"@id\":\"https:\\\/\\\/vrip.ubiobio.cl\\\/inicio\\\/#organization\"},\"image\":{\"@id\":\"https:\\\/\\\/vrip.ubiobio.cl\\\/inicio\\\/noticias\\\/importante-entrega-de-insumos-para-empresarios-vinateros-de-ocho-comunas-de-nuble-en-el-marco-de-un-proyecto-de-transferencia-que-lidera-ubb\\\/#primaryimage\"},\"thumbnailUrl\":\"https:\\\/\\\/vrip.ubiobio.cl\\\/wp-content\\\/uploads\\\/2023\\\/09\\\/Imagen2.jpg\",\"articleSection\":[\"Noticias\"],\"inLanguage\":\"es\",\"potentialAction\":[{\"@type\":\"CommentAction\",\"name\":\"Comment\",\"target\":[\"https:\\\/\\\/vrip.ubiobio.cl\\\/inicio\\\/noticias\\\/importante-entrega-de-insumos-para-empresarios-vinateros-de-ocho-comunas-de-nuble-en-el-marco-de-un-proyecto-de-transferencia-que-lidera-ubb\\\/#respond\"]}]},{\"@type\":\"WebPage\",\"@id\":\"https:\\\/\\\/vrip.ubiobio.cl\\\/inicio\\\/noticias\\\/importante-entrega-de-insumos-para-empresarios-vinateros-de-ocho-comunas-de-nuble-en-el-marco-de-un-proyecto-de-transferencia-que-lidera-ubb\\\/\",\"url\":\"https:\\\/\\\/vrip.ubiobio.cl\\\/inicio\\\/noticias\\\/importante-entrega-de-insumos-para-empresarios-vinateros-de-ocho-comunas-de-nuble-en-el-marco-de-un-proyecto-de-transferencia-que-lidera-ubb\\\/\",\"name\":\"Importante entrega de insumos para empresarios vi\u00f1ateros de ocho comunas de \u00d1uble, en el marco de un proyecto de transferencia que lidera UBB - VRIP\",\"isPartOf\":{\"@id\":\"https:\\\/\\\/vrip.ubiobio.cl\\\/inicio\\\/#website\"},\"primaryImageOfPage\":{\"@id\":\"https:\\\/\\\/vrip.ubiobio.cl\\\/inicio\\\/noticias\\\/importante-entrega-de-insumos-para-empresarios-vinateros-de-ocho-comunas-de-nuble-en-el-marco-de-un-proyecto-de-transferencia-que-lidera-ubb\\\/#primaryimage\"},\"image\":{\"@id\":\"https:\\\/\\\/vrip.ubiobio.cl\\\/inicio\\\/noticias\\\/importante-entrega-de-insumos-para-empresarios-vinateros-de-ocho-comunas-de-nuble-en-el-marco-de-un-proyecto-de-transferencia-que-lidera-ubb\\\/#primaryimage\"},\"thumbnailUrl\":\"https:\\\/\\\/vrip.ubiobio.cl\\\/wp-content\\\/uploads\\\/2023\\\/09\\\/Imagen2.jpg\",\"datePublished\":\"2023-09-25T15:29:33+00:00\",\"dateModified\":\"2023-09-25T15:51:42+00:00\",\"breadcrumb\":{\"@id\":\"https:\\\/\\\/vrip.ubiobio.cl\\\/inicio\\\/noticias\\\/importante-entrega-de-insumos-para-empresarios-vinateros-de-ocho-comunas-de-nuble-en-el-marco-de-un-proyecto-de-transferencia-que-lidera-ubb\\\/#breadcrumb\"},\"inLanguage\":\"es\",\"potentialAction\":[{\"@type\":\"ReadAction\",\"target\":[\"https:\\\/\\\/vrip.ubiobio.cl\\\/inicio\\\/noticias\\\/importante-entrega-de-insumos-para-empresarios-vinateros-de-ocho-comunas-de-nuble-en-el-marco-de-un-proyecto-de-transferencia-que-lidera-ubb\\\/\"]}]},{\"@type\":\"ImageObject\",\"inLanguage\":\"es\",\"@id\":\"https:\\\/\\\/vrip.ubiobio.cl\\\/inicio\\\/noticias\\\/importante-entrega-de-insumos-para-empresarios-vinateros-de-ocho-comunas-de-nuble-en-el-marco-de-un-proyecto-de-transferencia-que-lidera-ubb\\\/#primaryimage\",\"url\":\"https:\\\/\\\/vrip.ubiobio.cl\\\/wp-content\\\/uploads\\\/2023\\\/09\\\/Imagen2.jpg\",\"contentUrl\":\"https:\\\/\\\/vrip.ubiobio.cl\\\/wp-content\\\/uploads\\\/2023\\\/09\\\/Imagen2.jpg\",\"width\":589,\"height\":393},{\"@type\":\"BreadcrumbList\",\"@id\":\"https:\\\/\\\/vrip.ubiobio.cl\\\/inicio\\\/noticias\\\/importante-entrega-de-insumos-para-empresarios-vinateros-de-ocho-comunas-de-nuble-en-el-marco-de-un-proyecto-de-transferencia-que-lidera-ubb\\\/#breadcrumb\",\"itemListElement\":[{\"@type\":\"ListItem\",\"position\":1,\"name\":\"Portada\",\"item\":\"https:\\\/\\\/vrip.ubiobio.cl\\\/inicio\\\/\"},{\"@type\":\"ListItem\",\"position\":2,\"name\":\"Importante entrega de insumos para empresarios vi\u00f1ateros de ocho comunas de \u00d1uble, en el marco de un proyecto de transferencia que lidera UBB\"}]},{\"@type\":\"WebSite\",\"@id\":\"https:\\\/\\\/vrip.ubiobio.cl\\\/inicio\\\/#website\",\"url\":\"https:\\\/\\\/vrip.ubiobio.cl\\\/inicio\\\/\",\"name\":\"VRIP\",\"description\":\"Vicerrector\u00eda de Investigaci\u00f3n y Postgrado\",\"publisher\":{\"@id\":\"https:\\\/\\\/vrip.ubiobio.cl\\\/inicio\\\/#organization\"},\"potentialAction\":[{\"@type\":\"SearchAction\",\"target\":{\"@type\":\"EntryPoint\",\"urlTemplate\":\"https:\\\/\\\/vrip.ubiobio.cl\\\/inicio\\\/?s={search_term_string}\"},\"query-input\":{\"@type\":\"PropertyValueSpecification\",\"valueRequired\":true,\"valueName\":\"search_term_string\"}}],\"inLanguage\":\"es\"},{\"@type\":\"Organization\",\"@id\":\"https:\\\/\\\/vrip.ubiobio.cl\\\/inicio\\\/#organization\",\"name\":\"VRIP\",\"url\":\"https:\\\/\\\/vrip.ubiobio.cl\\\/inicio\\\/\",\"logo\":{\"@type\":\"ImageObject\",\"inLanguage\":\"es\",\"@id\":\"https:\\\/\\\/vrip.ubiobio.cl\\\/inicio\\\/#\\\/schema\\\/logo\\\/image\\\/\",\"url\":\"https:\\\/\\\/vrip.ubiobio.cl\\\/wp-content\\\/uploads\\\/2022\\\/10\\\/logo-vrip_Mesa-de-trabajo-1.png\",\"contentUrl\":\"https:\\\/\\\/vrip.ubiobio.cl\\\/wp-content\\\/uploads\\\/2022\\\/10\\\/logo-vrip_Mesa-de-trabajo-1.png\",\"width\":642,\"height\":178,\"caption\":\"VRIP\"},\"image\":{\"@id\":\"https:\\\/\\\/vrip.ubiobio.cl\\\/inicio\\\/#\\\/schema\\\/logo\\\/image\\\/\"},\"sameAs\":[\"https:\\\/\\\/x.com\\\/vripubb\",\"https:\\\/\\\/www.instagram.com\\\/vrip_ubb\\\/\",\"https:\\\/\\\/www.youtube.com\\\/channel\\\/UCf7o8yHRJ7Y_QQLxwu1KQgA\",\"https:\\\/\\\/www.linkedin.com\\\/company\\\/96035097\\\/admin\\\/dashboard\\\/\"]},{\"@type\":\"Person\",\"@id\":\"https:\\\/\\\/vrip.ubiobio.cl\\\/inicio\\\/#\\\/schema\\\/person\\\/39f3cf67f158f0420b4eb8baa645a9c0\",\"name\":\"Dagoberto Perez\",\"image\":{\"@type\":\"ImageObject\",\"inLanguage\":\"es\",\"@id\":\"https:\\\/\\\/secure.gravatar.com\\\/avatar\\\/d16ec183e637d727e6c6574e3768aa439442611065e2b4f983793af8bb630edc?s=96&d=mm&r=g\",\"url\":\"https:\\\/\\\/secure.gravatar.com\\\/avatar\\\/d16ec183e637d727e6c6574e3768aa439442611065e2b4f983793af8bb630edc?s=96&d=mm&r=g\",\"contentUrl\":\"https:\\\/\\\/secure.gravatar.com\\\/avatar\\\/d16ec183e637d727e6c6574e3768aa439442611065e2b4f983793af8bb630edc?s=96&d=mm&r=g\",\"caption\":\"Dagoberto Perez\"},\"url\":\"https:\\\/\\\/vrip.ubiobio.cl\\\/inicio\\\/author\\\/dagoberto\\\/\"}]}<\/script>\n<!-- \/ Yoast SEO plugin. -->","yoast_head_json":{"title":"Importante entrega de insumos para empresarios vi\u00f1ateros de ocho comunas de \u00d1uble, en el marco de un proyecto de transferencia que lidera UBB - VRIP","robots":{"index":"index","follow":"follow","max-snippet":"max-snippet:-1","max-image-preview":"max-image-preview:large","max-video-preview":"max-video-preview:-1"},"canonical":"https:\/\/vrip.ubiobio.cl\/inicio\/noticias\/importante-entrega-de-insumos-para-empresarios-vinateros-de-ocho-comunas-de-nuble-en-el-marco-de-un-proyecto-de-transferencia-que-lidera-ubb\/","og_locale":"es_ES","og_type":"article","og_title":"Importante entrega de insumos para empresarios vi\u00f1ateros de ocho comunas de \u00d1uble, en el marco de un proyecto de transferencia que lidera UBB - VRIP","og_description":"Con la presencia del\u00a0Gobernador de \u00d1uble, Oscar Cris\u00f3stomo y el representante de la Zona de Rezago, Jorge Romero, junto al equipo del proyecto Transferencia revalorizaci\u00f3n de los procesos vitivin\u00edcolas de la zona de rezago que lidera su director, el Dr. Jorge Moreno, de la Universidad del B\u00edo-B\u00edo, hicieron entrega de un kit de vinificaci\u00f3n, consistente...","og_url":"https:\/\/vrip.ubiobio.cl\/inicio\/noticias\/importante-entrega-de-insumos-para-empresarios-vinateros-de-ocho-comunas-de-nuble-en-el-marco-de-un-proyecto-de-transferencia-que-lidera-ubb\/","og_site_name":"VRIP","article_published_time":"2023-09-25T15:29:33+00:00","article_modified_time":"2023-09-25T15:51:42+00:00","og_image":[{"width":589,"height":393,"url":"https:\/\/vrip.ubiobio.cl\/wp-content\/uploads\/2023\/09\/Imagen2.jpg","type":"image\/jpeg"}],"author":"Dagoberto Perez","twitter_card":"summary_large_image","twitter_creator":"@vripubb","twitter_site":"@vripubb","twitter_misc":{"Escrito por":"Dagoberto Perez","Tiempo de lectura":"4 minutos"},"schema":{"@context":"https:\/\/schema.org","@graph":[{"@type":"Article","@id":"https:\/\/vrip.ubiobio.cl\/inicio\/noticias\/importante-entrega-de-insumos-para-empresarios-vinateros-de-ocho-comunas-de-nuble-en-el-marco-de-un-proyecto-de-transferencia-que-lidera-ubb\/#article","isPartOf":{"@id":"https:\/\/vrip.ubiobio.cl\/inicio\/noticias\/importante-entrega-de-insumos-para-empresarios-vinateros-de-ocho-comunas-de-nuble-en-el-marco-de-un-proyecto-de-transferencia-que-lidera-ubb\/"},"author":{"name":"Dagoberto Perez","@id":"https:\/\/vrip.ubiobio.cl\/inicio\/#\/schema\/person\/39f3cf67f158f0420b4eb8baa645a9c0"},"headline":"Importante entrega de insumos para empresarios vi\u00f1ateros de ocho comunas de \u00d1uble, en el marco de un proyecto de transferencia que lidera UBB","datePublished":"2023-09-25T15:29:33+00:00","dateModified":"2023-09-25T15:51:42+00:00","mainEntityOfPage":{"@id":"https:\/\/vrip.ubiobio.cl\/inicio\/noticias\/importante-entrega-de-insumos-para-empresarios-vinateros-de-ocho-comunas-de-nuble-en-el-marco-de-un-proyecto-de-transferencia-que-lidera-ubb\/"},"wordCount":776,"commentCount":0,"publisher":{"@id":"https:\/\/vrip.ubiobio.cl\/inicio\/#organization"},"image":{"@id":"https:\/\/vrip.ubiobio.cl\/inicio\/noticias\/importante-entrega-de-insumos-para-empresarios-vinateros-de-ocho-comunas-de-nuble-en-el-marco-de-un-proyecto-de-transferencia-que-lidera-ubb\/#primaryimage"},"thumbnailUrl":"https:\/\/vrip.ubiobio.cl\/wp-content\/uploads\/2023\/09\/Imagen2.jpg","articleSection":["Noticias"],"inLanguage":"es","potentialAction":[{"@type":"CommentAction","name":"Comment","target":["https:\/\/vrip.ubiobio.cl\/inicio\/noticias\/importante-entrega-de-insumos-para-empresarios-vinateros-de-ocho-comunas-de-nuble-en-el-marco-de-un-proyecto-de-transferencia-que-lidera-ubb\/#respond"]}]},{"@type":"WebPage","@id":"https:\/\/vrip.ubiobio.cl\/inicio\/noticias\/importante-entrega-de-insumos-para-empresarios-vinateros-de-ocho-comunas-de-nuble-en-el-marco-de-un-proyecto-de-transferencia-que-lidera-ubb\/","url":"https:\/\/vrip.ubiobio.cl\/inicio\/noticias\/importante-entrega-de-insumos-para-empresarios-vinateros-de-ocho-comunas-de-nuble-en-el-marco-de-un-proyecto-de-transferencia-que-lidera-ubb\/","name":"Importante entrega de insumos para empresarios vi\u00f1ateros de ocho comunas de \u00d1uble, en el marco de un proyecto de transferencia que lidera UBB - VRIP","isPartOf":{"@id":"https:\/\/vrip.ubiobio.cl\/inicio\/#website"},"primaryImageOfPage":{"@id":"https:\/\/vrip.ubiobio.cl\/inicio\/noticias\/importante-entrega-de-insumos-para-empresarios-vinateros-de-ocho-comunas-de-nuble-en-el-marco-de-un-proyecto-de-transferencia-que-lidera-ubb\/#primaryimage"},"image":{"@id":"https:\/\/vrip.ubiobio.cl\/inicio\/noticias\/importante-entrega-de-insumos-para-empresarios-vinateros-de-ocho-comunas-de-nuble-en-el-marco-de-un-proyecto-de-transferencia-que-lidera-ubb\/#primaryimage"},"thumbnailUrl":"https:\/\/vrip.ubiobio.cl\/wp-content\/uploads\/2023\/09\/Imagen2.jpg","datePublished":"2023-09-25T15:29:33+00:00","dateModified":"2023-09-25T15:51:42+00:00","breadcrumb":{"@id":"https:\/\/vrip.ubiobio.cl\/inicio\/noticias\/importante-entrega-de-insumos-para-empresarios-vinateros-de-ocho-comunas-de-nuble-en-el-marco-de-un-proyecto-de-transferencia-que-lidera-ubb\/#breadcrumb"},"inLanguage":"es","potentialAction":[{"@type":"ReadAction","target":["https:\/\/vrip.ubiobio.cl\/inicio\/noticias\/importante-entrega-de-insumos-para-empresarios-vinateros-de-ocho-comunas-de-nuble-en-el-marco-de-un-proyecto-de-transferencia-que-lidera-ubb\/"]}]},{"@type":"ImageObject","inLanguage":"es","@id":"https:\/\/vrip.ubiobio.cl\/inicio\/noticias\/importante-entrega-de-insumos-para-empresarios-vinateros-de-ocho-comunas-de-nuble-en-el-marco-de-un-proyecto-de-transferencia-que-lidera-ubb\/#primaryimage","url":"https:\/\/vrip.ubiobio.cl\/wp-content\/uploads\/2023\/09\/Imagen2.jpg","contentUrl":"https:\/\/vrip.ubiobio.cl\/wp-content\/uploads\/2023\/09\/Imagen2.jpg","width":589,"height":393},{"@type":"BreadcrumbList","@id":"https:\/\/vrip.ubiobio.cl\/inicio\/noticias\/importante-entrega-de-insumos-para-empresarios-vinateros-de-ocho-comunas-de-nuble-en-el-marco-de-un-proyecto-de-transferencia-que-lidera-ubb\/#breadcrumb","itemListElement":[{"@type":"ListItem","position":1,"name":"Portada","item":"https:\/\/vrip.ubiobio.cl\/inicio\/"},{"@type":"ListItem","position":2,"name":"Importante entrega de insumos para empresarios vi\u00f1ateros de ocho comunas de \u00d1uble, en el marco de un proyecto de transferencia que lidera UBB"}]},{"@type":"WebSite","@id":"https:\/\/vrip.ubiobio.cl\/inicio\/#website","url":"https:\/\/vrip.ubiobio.cl\/inicio\/","name":"VRIP","description":"Vicerrector\u00eda de Investigaci\u00f3n y Postgrado","publisher":{"@id":"https:\/\/vrip.ubiobio.cl\/inicio\/#organization"},"potentialAction":[{"@type":"SearchAction","target":{"@type":"EntryPoint","urlTemplate":"https:\/\/vrip.ubiobio.cl\/inicio\/?s={search_term_string}"},"query-input":{"@type":"PropertyValueSpecification","valueRequired":true,"valueName":"search_term_string"}}],"inLanguage":"es"},{"@type":"Organization","@id":"https:\/\/vrip.ubiobio.cl\/inicio\/#organization","name":"VRIP","url":"https:\/\/vrip.ubiobio.cl\/inicio\/","logo":{"@type":"ImageObject","inLanguage":"es","@id":"https:\/\/vrip.ubiobio.cl\/inicio\/#\/schema\/logo\/image\/","url":"https:\/\/vrip.ubiobio.cl\/wp-content\/uploads\/2022\/10\/logo-vrip_Mesa-de-trabajo-1.png","contentUrl":"https:\/\/vrip.ubiobio.cl\/wp-content\/uploads\/2022\/10\/logo-vrip_Mesa-de-trabajo-1.png","width":642,"height":178,"caption":"VRIP"},"image":{"@id":"https:\/\/vrip.ubiobio.cl\/inicio\/#\/schema\/logo\/image\/"},"sameAs":["https:\/\/x.com\/vripubb","https:\/\/www.instagram.com\/vrip_ubb\/","https:\/\/www.youtube.com\/channel\/UCf7o8yHRJ7Y_QQLxwu1KQgA","https:\/\/www.linkedin.com\/company\/96035097\/admin\/dashboard\/"]},{"@type":"Person","@id":"https:\/\/vrip.ubiobio.cl\/inicio\/#\/schema\/person\/39f3cf67f158f0420b4eb8baa645a9c0","name":"Dagoberto Perez","image":{"@type":"ImageObject","inLanguage":"es","@id":"https:\/\/secure.gravatar.com\/avatar\/d16ec183e637d727e6c6574e3768aa439442611065e2b4f983793af8bb630edc?s=96&d=mm&r=g","url":"https:\/\/secure.gravatar.com\/avatar\/d16ec183e637d727e6c6574e3768aa439442611065e2b4f983793af8bb630edc?s=96&d=mm&r=g","contentUrl":"https:\/\/secure.gravatar.com\/avatar\/d16ec183e637d727e6c6574e3768aa439442611065e2b4f983793af8bb630edc?s=96&d=mm&r=g","caption":"Dagoberto Perez"},"url":"https:\/\/vrip.ubiobio.cl\/inicio\/author\/dagoberto\/"}]}},"_links":{"self":[{"href":"https:\/\/vrip.ubiobio.cl\/inicio\/wp-json\/wp\/v2\/posts\/40918","targetHints":{"allow":["GET"]}}],"collection":[{"href":"https:\/\/vrip.ubiobio.cl\/inicio\/wp-json\/wp\/v2\/posts"}],"about":[{"href":"https:\/\/vrip.ubiobio.cl\/inicio\/wp-json\/wp\/v2\/types\/post"}],"author":[{"embeddable":true,"href":"https:\/\/vrip.ubiobio.cl\/inicio\/wp-json\/wp\/v2\/users\/3"}],"replies":[{"embeddable":true,"href":"https:\/\/vrip.ubiobio.cl\/inicio\/wp-json\/wp\/v2\/comments?post=40918"}],"version-history":[{"count":5,"href":"https:\/\/vrip.ubiobio.cl\/inicio\/wp-json\/wp\/v2\/posts\/40918\/revisions"}],"predecessor-version":[{"id":40975,"href":"https:\/\/vrip.ubiobio.cl\/inicio\/wp-json\/wp\/v2\/posts\/40918\/revisions\/40975"}],"wp:featuredmedia":[{"embeddable":true,"href":"https:\/\/vrip.ubiobio.cl\/inicio\/wp-json\/wp\/v2\/media\/40968"}],"wp:attachment":[{"href":"https:\/\/vrip.ubiobio.cl\/inicio\/wp-json\/wp\/v2\/media?parent=40918"}],"wp:term":[{"taxonomy":"category","embeddable":true,"href":"https:\/\/vrip.ubiobio.cl\/inicio\/wp-json\/wp\/v2\/categories?post=40918"},{"taxonomy":"post_tag","embeddable":true,"href":"https:\/\/vrip.ubiobio.cl\/inicio\/wp-json\/wp\/v2\/tags?post=40918"}],"curies":[{"name":"wp","href":"https:\/\/api.w.org\/{rel}","templated":true}]}}