{"id":39752,"date":"2023-06-20T14:03:16","date_gmt":"2023-06-20T14:03:16","guid":{"rendered":"https:\/\/vrip.ubiobio.cl\/inicio\/?p=39752"},"modified":"2023-06-20T21:03:02","modified_gmt":"2023-06-20T21:03:02","slug":"en-visita-a-la-ubb-ministra-ctci-se-refirio-a-nuevo-fondo-de-financiamiento-estructural-para-el-desarrollo-de-la-ciencia-en-las-universidades","status":"publish","type":"post","link":"https:\/\/vrip.ubiobio.cl\/inicio\/noticias\/en-visita-a-la-ubb-ministra-ctci-se-refirio-a-nuevo-fondo-de-financiamiento-estructural-para-el-desarrollo-de-la-ciencia-en-las-universidades\/","title":{"rendered":"En visita a la UBB: Ministra CTCI se refiri\u00f3 a nuevo fondo de financiamiento estructural para el desarrollo de la ciencia en las universidades"},"content":{"rendered":"<p><em>El rol de las universidades en la generaci\u00f3n de conocimiento y desarrollo con base cient\u00edfica relev\u00f3 la ministra de Ciencias, Tecnolog\u00eda, Conocimiento e Innovaci\u00f3n, CTCI, Ais\u00e9n Etcheverry Escudero, durante su visita a la sede Concepci\u00f3n de la UBB, el lunes 19 de junio. La secretaria de Estado destac\u00f3 la creaci\u00f3n de un fondo de financiamiento estructural, destinado al desarrollo de la investigaci\u00f3n y la tecnolog\u00eda en los centros de estudios superiores, el cual -afirm\u00f3- tendr\u00e1 un fuerte componente territorial y coexistir\u00e1 con el actual sistema de concursos.<\/em><\/p>\n<div class=\"perfect-pullquote  pullquote-align-right\"><blockquote><p>En su visita a nuestra Universidad, la secretaria de Estado se reuni\u00f3 con autoridades, decanos\/as, directivos y directivas universitarias, dirigentes estamentales e investigadores\/as. En el encuentro estuvieron tambi\u00e9n representantes vecinales y municipales que participan en el proyecto para la implementaci\u00f3n de un parque urbano y el fortalecimiento de la ciencia, la extensi\u00f3n y la vinculaci\u00f3n con el medio.<\/p><\/blockquote><\/div>\n<p>La concursabilidad ha sido eficiente en cuanto nos ha permitido alcanzar niveles de excelencia, pero si queremos impulsar l\u00edneas de investigaci\u00f3n de largo aliento y crecer org\u00e1nicamente, debemos consolidar y ampliar las capacidades en funci\u00f3n de los requerimientos de las instituciones, especialmente las de regiones, argument\u00f3. La ministra indic\u00f3 que el nuevo fondo comenzar\u00e1 a operar el a\u00f1o 2024 con una fase piloto, con montos y universidades por definir. Sin embargo -agreg\u00f3-, \u00a0\u00a0este nuevo instrumento marca el camino a seguir: sin dejar de lado la concursabilidad, buscamos generar estructuras (laboratorios, equipos de trabajo y gesti\u00f3n, equipamiento, etc.) para hacer m\u00e1s y mejor investigaci\u00f3n en todo el pa\u00eds.<\/p>\n<p>Al concluir, Ais\u00e9n Etcheverry expres\u00f3: Les dejo un compromiso y una petici\u00f3n. Como Ministerio, nos comprometemos a ser transparentes y, al mismo tiempo, pedimos a las universidades que nos ayuden a sostener esta idea en el tiempo, que los recursos sean bien ejecutados y valorados. Ello implica que las instituciones act\u00faen cohesionadamente.<\/p>\n<p>En su visita a nuestra Universidad, la secretaria de Estado se reuni\u00f3 con autoridades, decanos\/as, directivos y directivas universitarias, dirigentes estamentales e investigadores\/as. En el encuentro estuvieron tambi\u00e9n representantes vecinales y municipales que participan en el proyecto para la implementaci\u00f3n de un parque urbano y el fortalecimiento de la ciencia, la extensi\u00f3n y la vinculaci\u00f3n con el medio de la sede Concepci\u00f3n, cuyos alcances fueron presentados a la ministra por el acad\u00e9mico Sergio Baeriswyl. Adem\u00e1s, los y las asistentes le plantearon consultas y observaciones en relaci\u00f3n al financiamiento de la ciencia, la tecnolog\u00eda y la innovaci\u00f3n, as\u00ed como en torno al nuevo fondo de apoyo.<\/p>\n<p>Al t\u00e9rmino de la reuni\u00f3n, el rector Dr. Benito Uma\u00f1a Hermosilla y la Vicerrectora de Investigaci\u00f3n y Postgrado Dra. Mar\u00eda Ang\u00e9lica Caro Guti\u00e9rrez manifestaron su satisfacci\u00f3n. La investigaci\u00f3n es un \u00e1rea misional de nuestra Universidad y nos interesa contar con recursos para invertir en ello y fortalecer nuestro aporte a Chile y las regiones, acot\u00f3 el Rector. Por su parte, la Vicerrectora se\u00f1al\u00f3 estar muy contenta de poder conocer de primera fuente c\u00f3mo funcionar\u00e1 el nuevo instrumento de financiamiento estructural, que el Presidente Gabriel Boric anunci\u00f3 en su cuenta p\u00fablica, el 6 de junio. Si bien no hay una completa precisi\u00f3n respecto de la bajada de esta medida, hay un lineamiento general que nos da tranquilidad, sostuvo.<\/p>\n<p>Ais\u00e9n Etcheverry estuvo en la UBB acompa\u00f1ada por la secretaria regional ministerial para la macro zona centro sur de CTCI Dra. Sof\u00eda Valenzuela \u00c1guila. Ambas autoridades encabezar\u00edan, al d\u00eda siguiente, un encuentro regional para la actualizaci\u00f3n de la pol\u00edtica nacional en ciencia, tecnolog\u00eda, conocimiento e innovaci\u00f3n.<\/p>\n<p>Fuente: UBB<\/p>\n<p>La concursabilidad ha sido eficiente en cuanto nos ha permitido alcanzar niveles de excelencia, pero si queremos impulsar l\u00edneas de investigaci\u00f3n de largo aliento y crecer org\u00e1nicamente, debemos consolidar y ampliar las capacidades en funci\u00f3n de los requerimientos de las instituciones, especialmente las de regiones, argument\u00f3. La ministra indic\u00f3 que el nuevo fondo comenzar\u00e1 a operar el a\u00f1o 2024 con una fase piloto, con montos y universidades por definir. Sin embargo -agreg\u00f3-, \u00a0\u00a0este nuevo instrumento marca el camino a seguir: sin dejar de lado la concursabilidad, buscamos generar estructuras (laboratorios, equipos de trabajo y gesti\u00f3n, equipamiento, etc.) para hacer m\u00e1s y mejor investigaci\u00f3n en todo el pa\u00eds.<\/p>\n<p>Al concluir, Ais\u00e9n Etcheverry expres\u00f3: Les dejo un compromiso y una petici\u00f3n. Como Ministerio, nos comprometemos a ser transparentes y, al mismo tiempo, pedimos a las universidades que nos ayuden a sostener esta idea en el tiempo, que los recursos sean bien ejecutados y valorados. Ello implica que las instituciones act\u00faen cohesionadamente.<\/p>\n<p>En su visita a nuestra Universidad, la secretaria de Estado se reuni\u00f3 con autoridades, decanos\/as, directivos y directivas universitarias, dirigentes estamentales e investigadores\/as. En el encuentro estuvieron tambi\u00e9n representantes vecinales y municipales que participan en el proyecto para la implementaci\u00f3n de un parque urbano y el fortalecimiento de la ciencia, la extensi\u00f3n y la vinculaci\u00f3n con el medio de la sede Concepci\u00f3n, cuyos alcances fueron presentados a la ministra por el acad\u00e9mico Sergio Baeriswyl. Adem\u00e1s, los y las asistentes le plantearon consultas y observaciones en relaci\u00f3n al financiamiento de la ciencia, la tecnolog\u00eda y la innovaci\u00f3n, as\u00ed como en torno al nuevo fondo de apoyo.<\/p>\n<p>Al t\u00e9rmino de la reuni\u00f3n, el rector Dr. Benito Uma\u00f1a Hermosilla y la Vicerrectora de Investigaci\u00f3n y Postgrado Dra. Mar\u00eda Ang\u00e9lica Caro Guti\u00e9rrez manifestaron su satisfacci\u00f3n. La investigaci\u00f3n es un \u00e1rea misional de nuestra Universidad y nos interesa contar con recursos para invertir en ello y fortalecer nuestro aporte a Chile y las regiones, acot\u00f3 el Rector. Por su parte, la Vicerrectora se\u00f1al\u00f3 estar muy contenta de poder conocer de primera fuente c\u00f3mo funcionar\u00e1 el nuevo instrumento de financiamiento estructural, que el Presidente Gabriel Boric anunci\u00f3 en su cuenta p\u00fablica, el 6 de junio. Si bien no hay una completa precisi\u00f3n respecto de la bajada de esta medida, hay un lineamiento general que nos da tranquilidad, sostuvo.<\/p>\n<p>Ais\u00e9n Etcheverry estuvo en la UBB acompa\u00f1ada por la secretaria regional ministerial para la macro zona centro sur de CTCI Dra. Sof\u00eda Valenzuela \u00c1guila. Ambas autoridades encabezar\u00edan, al d\u00eda siguiente, un encuentro regional para la actualizaci\u00f3n de la pol\u00edtica nacional en ciencia, tecnolog\u00eda, conocimiento e innovaci\u00f3n.<\/p>\n<p>Fuente: UBB<\/p>\n","protected":false},"excerpt":{"rendered":"<p>El rol de las universidades en la generaci\u00f3n de conocimiento y desarrollo con base cient\u00edfica relev\u00f3 la ministra de Ciencias, Tecnolog\u00eda, Conocimiento e Innovaci\u00f3n, CTCI, Ais\u00e9n Etcheverry Escudero, durante su visita a la sede Concepci\u00f3n de la UBB, el lunes 19 de junio. La secretaria de Estado destac\u00f3 la creaci\u00f3n de un fondo de financiamiento&#8230;<\/p>\n","protected":false},"author":3,"featured_media":39753,"comment_status":"open","ping_status":"open","sticky":false,"template":"","format":"standard","meta":{"_kadence_starter_templates_imported_post":false,"_kad_post_transparent":"default","_kad_post_title":"default","_kad_post_layout":"default","_kad_post_sidebar_id":"","_kad_post_content_style":"default","_kad_post_vertical_padding":"default","_kad_post_feature":"","_kad_post_feature_position":"","_kad_post_header":false,"_kad_post_footer":false,"footnotes":""},"categories":[3],"tags":[],"class_list":["post-39752","post","type-post","status-publish","format-standard","has-post-thumbnail","hentry","category-noticias"],"yoast_head":"<!-- This site is optimized with the Yoast SEO plugin v27.5 - https:\/\/yoast.com\/product\/yoast-seo-wordpress\/ -->\n<title>En visita a la UBB: Ministra CTCI se refiri\u00f3 a nuevo fondo de financiamiento estructural para el desarrollo de la ciencia en las universidades - VRIP<\/title>\n<meta name=\"robots\" content=\"index, follow, max-snippet:-1, max-image-preview:large, max-video-preview:-1\" \/>\n<link rel=\"canonical\" href=\"https:\/\/vrip.ubiobio.cl\/inicio\/noticias\/en-visita-a-la-ubb-ministra-ctci-se-refirio-a-nuevo-fondo-de-financiamiento-estructural-para-el-desarrollo-de-la-ciencia-en-las-universidades\/\" \/>\n<meta property=\"og:locale\" content=\"es_ES\" \/>\n<meta property=\"og:type\" content=\"article\" \/>\n<meta property=\"og:title\" content=\"En visita a la UBB: Ministra CTCI se refiri\u00f3 a nuevo fondo de financiamiento estructural para el desarrollo de la ciencia en las universidades - VRIP\" \/>\n<meta property=\"og:description\" content=\"El rol de las universidades en la generaci\u00f3n de conocimiento y desarrollo con base cient\u00edfica relev\u00f3 la ministra de Ciencias, Tecnolog\u00eda, Conocimiento e Innovaci\u00f3n, CTCI, Ais\u00e9n Etcheverry Escudero, durante su visita a la sede Concepci\u00f3n de la UBB, el lunes 19 de junio. La secretaria de Estado destac\u00f3 la creaci\u00f3n de un fondo de financiamiento...\" \/>\n<meta property=\"og:url\" content=\"https:\/\/vrip.ubiobio.cl\/inicio\/noticias\/en-visita-a-la-ubb-ministra-ctci-se-refirio-a-nuevo-fondo-de-financiamiento-estructural-para-el-desarrollo-de-la-ciencia-en-las-universidades\/\" \/>\n<meta property=\"og:site_name\" content=\"VRIP\" \/>\n<meta property=\"article:published_time\" content=\"2023-06-20T14:03:16+00:00\" \/>\n<meta property=\"article:modified_time\" content=\"2023-06-20T21:03:02+00:00\" \/>\n<meta property=\"og:image\" content=\"https:\/\/vrip.ubiobio.cl\/wp-content\/uploads\/2023\/06\/DSC_1356.jpg\" \/>\n\t<meta property=\"og:image:width\" content=\"874\" \/>\n\t<meta property=\"og:image:height\" content=\"584\" \/>\n\t<meta property=\"og:image:type\" content=\"image\/jpeg\" \/>\n<meta name=\"author\" content=\"Dagoberto Perez\" \/>\n<meta name=\"twitter:card\" content=\"summary_large_image\" \/>\n<meta name=\"twitter:creator\" content=\"@vripubb\" \/>\n<meta name=\"twitter:site\" content=\"@vripubb\" \/>\n<meta name=\"twitter:label1\" content=\"Escrito por\" \/>\n\t<meta name=\"twitter:data1\" content=\"Dagoberto Perez\" \/>\n\t<meta name=\"twitter:label2\" content=\"Tiempo de lectura\" \/>\n\t<meta name=\"twitter:data2\" content=\"6 minutos\" \/>\n<script type=\"application\/ld+json\" class=\"yoast-schema-graph\">{\"@context\":\"https:\\\/\\\/schema.org\",\"@graph\":[{\"@type\":\"Article\",\"@id\":\"https:\\\/\\\/vrip.ubiobio.cl\\\/inicio\\\/noticias\\\/en-visita-a-la-ubb-ministra-ctci-se-refirio-a-nuevo-fondo-de-financiamiento-estructural-para-el-desarrollo-de-la-ciencia-en-las-universidades\\\/#article\",\"isPartOf\":{\"@id\":\"https:\\\/\\\/vrip.ubiobio.cl\\\/inicio\\\/noticias\\\/en-visita-a-la-ubb-ministra-ctci-se-refirio-a-nuevo-fondo-de-financiamiento-estructural-para-el-desarrollo-de-la-ciencia-en-las-universidades\\\/\"},\"author\":{\"name\":\"Dagoberto Perez\",\"@id\":\"https:\\\/\\\/vrip.ubiobio.cl\\\/inicio\\\/#\\\/schema\\\/person\\\/39f3cf67f158f0420b4eb8baa645a9c0\"},\"headline\":\"En visita a la UBB: Ministra CTCI se refiri\u00f3 a nuevo fondo de financiamiento estructural para el desarrollo de la ciencia en las universidades\",\"datePublished\":\"2023-06-20T14:03:16+00:00\",\"dateModified\":\"2023-06-20T21:03:02+00:00\",\"mainEntityOfPage\":{\"@id\":\"https:\\\/\\\/vrip.ubiobio.cl\\\/inicio\\\/noticias\\\/en-visita-a-la-ubb-ministra-ctci-se-refirio-a-nuevo-fondo-de-financiamiento-estructural-para-el-desarrollo-de-la-ciencia-en-las-universidades\\\/\"},\"wordCount\":1141,\"commentCount\":0,\"publisher\":{\"@id\":\"https:\\\/\\\/vrip.ubiobio.cl\\\/inicio\\\/#organization\"},\"image\":{\"@id\":\"https:\\\/\\\/vrip.ubiobio.cl\\\/inicio\\\/noticias\\\/en-visita-a-la-ubb-ministra-ctci-se-refirio-a-nuevo-fondo-de-financiamiento-estructural-para-el-desarrollo-de-la-ciencia-en-las-universidades\\\/#primaryimage\"},\"thumbnailUrl\":\"https:\\\/\\\/vrip.ubiobio.cl\\\/wp-content\\\/uploads\\\/2023\\\/06\\\/DSC_1356.jpg\",\"articleSection\":[\"Noticias\"],\"inLanguage\":\"es\",\"potentialAction\":[{\"@type\":\"CommentAction\",\"name\":\"Comment\",\"target\":[\"https:\\\/\\\/vrip.ubiobio.cl\\\/inicio\\\/noticias\\\/en-visita-a-la-ubb-ministra-ctci-se-refirio-a-nuevo-fondo-de-financiamiento-estructural-para-el-desarrollo-de-la-ciencia-en-las-universidades\\\/#respond\"]}]},{\"@type\":\"WebPage\",\"@id\":\"https:\\\/\\\/vrip.ubiobio.cl\\\/inicio\\\/noticias\\\/en-visita-a-la-ubb-ministra-ctci-se-refirio-a-nuevo-fondo-de-financiamiento-estructural-para-el-desarrollo-de-la-ciencia-en-las-universidades\\\/\",\"url\":\"https:\\\/\\\/vrip.ubiobio.cl\\\/inicio\\\/noticias\\\/en-visita-a-la-ubb-ministra-ctci-se-refirio-a-nuevo-fondo-de-financiamiento-estructural-para-el-desarrollo-de-la-ciencia-en-las-universidades\\\/\",\"name\":\"En visita a la UBB: Ministra CTCI se refiri\u00f3 a nuevo fondo de financiamiento estructural para el desarrollo de la ciencia en las universidades - VRIP\",\"isPartOf\":{\"@id\":\"https:\\\/\\\/vrip.ubiobio.cl\\\/inicio\\\/#website\"},\"primaryImageOfPage\":{\"@id\":\"https:\\\/\\\/vrip.ubiobio.cl\\\/inicio\\\/noticias\\\/en-visita-a-la-ubb-ministra-ctci-se-refirio-a-nuevo-fondo-de-financiamiento-estructural-para-el-desarrollo-de-la-ciencia-en-las-universidades\\\/#primaryimage\"},\"image\":{\"@id\":\"https:\\\/\\\/vrip.ubiobio.cl\\\/inicio\\\/noticias\\\/en-visita-a-la-ubb-ministra-ctci-se-refirio-a-nuevo-fondo-de-financiamiento-estructural-para-el-desarrollo-de-la-ciencia-en-las-universidades\\\/#primaryimage\"},\"thumbnailUrl\":\"https:\\\/\\\/vrip.ubiobio.cl\\\/wp-content\\\/uploads\\\/2023\\\/06\\\/DSC_1356.jpg\",\"datePublished\":\"2023-06-20T14:03:16+00:00\",\"dateModified\":\"2023-06-20T21:03:02+00:00\",\"breadcrumb\":{\"@id\":\"https:\\\/\\\/vrip.ubiobio.cl\\\/inicio\\\/noticias\\\/en-visita-a-la-ubb-ministra-ctci-se-refirio-a-nuevo-fondo-de-financiamiento-estructural-para-el-desarrollo-de-la-ciencia-en-las-universidades\\\/#breadcrumb\"},\"inLanguage\":\"es\",\"potentialAction\":[{\"@type\":\"ReadAction\",\"target\":[\"https:\\\/\\\/vrip.ubiobio.cl\\\/inicio\\\/noticias\\\/en-visita-a-la-ubb-ministra-ctci-se-refirio-a-nuevo-fondo-de-financiamiento-estructural-para-el-desarrollo-de-la-ciencia-en-las-universidades\\\/\"]}]},{\"@type\":\"ImageObject\",\"inLanguage\":\"es\",\"@id\":\"https:\\\/\\\/vrip.ubiobio.cl\\\/inicio\\\/noticias\\\/en-visita-a-la-ubb-ministra-ctci-se-refirio-a-nuevo-fondo-de-financiamiento-estructural-para-el-desarrollo-de-la-ciencia-en-las-universidades\\\/#primaryimage\",\"url\":\"https:\\\/\\\/vrip.ubiobio.cl\\\/wp-content\\\/uploads\\\/2023\\\/06\\\/DSC_1356.jpg\",\"contentUrl\":\"https:\\\/\\\/vrip.ubiobio.cl\\\/wp-content\\\/uploads\\\/2023\\\/06\\\/DSC_1356.jpg\",\"width\":874,\"height\":584},{\"@type\":\"BreadcrumbList\",\"@id\":\"https:\\\/\\\/vrip.ubiobio.cl\\\/inicio\\\/noticias\\\/en-visita-a-la-ubb-ministra-ctci-se-refirio-a-nuevo-fondo-de-financiamiento-estructural-para-el-desarrollo-de-la-ciencia-en-las-universidades\\\/#breadcrumb\",\"itemListElement\":[{\"@type\":\"ListItem\",\"position\":1,\"name\":\"Portada\",\"item\":\"https:\\\/\\\/vrip.ubiobio.cl\\\/inicio\\\/\"},{\"@type\":\"ListItem\",\"position\":2,\"name\":\"En visita a la UBB: Ministra CTCI se refiri\u00f3 a nuevo fondo de financiamiento estructural para el desarrollo de la ciencia en las universidades\"}]},{\"@type\":\"WebSite\",\"@id\":\"https:\\\/\\\/vrip.ubiobio.cl\\\/inicio\\\/#website\",\"url\":\"https:\\\/\\\/vrip.ubiobio.cl\\\/inicio\\\/\",\"name\":\"VRIP\",\"description\":\"Vicerrector\u00eda de Investigaci\u00f3n y Postgrado\",\"publisher\":{\"@id\":\"https:\\\/\\\/vrip.ubiobio.cl\\\/inicio\\\/#organization\"},\"potentialAction\":[{\"@type\":\"SearchAction\",\"target\":{\"@type\":\"EntryPoint\",\"urlTemplate\":\"https:\\\/\\\/vrip.ubiobio.cl\\\/inicio\\\/?s={search_term_string}\"},\"query-input\":{\"@type\":\"PropertyValueSpecification\",\"valueRequired\":true,\"valueName\":\"search_term_string\"}}],\"inLanguage\":\"es\"},{\"@type\":\"Organization\",\"@id\":\"https:\\\/\\\/vrip.ubiobio.cl\\\/inicio\\\/#organization\",\"name\":\"VRIP\",\"url\":\"https:\\\/\\\/vrip.ubiobio.cl\\\/inicio\\\/\",\"logo\":{\"@type\":\"ImageObject\",\"inLanguage\":\"es\",\"@id\":\"https:\\\/\\\/vrip.ubiobio.cl\\\/inicio\\\/#\\\/schema\\\/logo\\\/image\\\/\",\"url\":\"https:\\\/\\\/vrip.ubiobio.cl\\\/wp-content\\\/uploads\\\/2022\\\/10\\\/logo-vrip_Mesa-de-trabajo-1.png\",\"contentUrl\":\"https:\\\/\\\/vrip.ubiobio.cl\\\/wp-content\\\/uploads\\\/2022\\\/10\\\/logo-vrip_Mesa-de-trabajo-1.png\",\"width\":642,\"height\":178,\"caption\":\"VRIP\"},\"image\":{\"@id\":\"https:\\\/\\\/vrip.ubiobio.cl\\\/inicio\\\/#\\\/schema\\\/logo\\\/image\\\/\"},\"sameAs\":[\"https:\\\/\\\/x.com\\\/vripubb\",\"https:\\\/\\\/www.instagram.com\\\/vrip_ubb\\\/\",\"https:\\\/\\\/www.youtube.com\\\/channel\\\/UCf7o8yHRJ7Y_QQLxwu1KQgA\",\"https:\\\/\\\/www.linkedin.com\\\/company\\\/96035097\\\/admin\\\/dashboard\\\/\"]},{\"@type\":\"Person\",\"@id\":\"https:\\\/\\\/vrip.ubiobio.cl\\\/inicio\\\/#\\\/schema\\\/person\\\/39f3cf67f158f0420b4eb8baa645a9c0\",\"name\":\"Dagoberto Perez\",\"image\":{\"@type\":\"ImageObject\",\"inLanguage\":\"es\",\"@id\":\"https:\\\/\\\/secure.gravatar.com\\\/avatar\\\/d16ec183e637d727e6c6574e3768aa439442611065e2b4f983793af8bb630edc?s=96&d=mm&r=g\",\"url\":\"https:\\\/\\\/secure.gravatar.com\\\/avatar\\\/d16ec183e637d727e6c6574e3768aa439442611065e2b4f983793af8bb630edc?s=96&d=mm&r=g\",\"contentUrl\":\"https:\\\/\\\/secure.gravatar.com\\\/avatar\\\/d16ec183e637d727e6c6574e3768aa439442611065e2b4f983793af8bb630edc?s=96&d=mm&r=g\",\"caption\":\"Dagoberto Perez\"},\"url\":\"https:\\\/\\\/vrip.ubiobio.cl\\\/inicio\\\/author\\\/dagoberto\\\/\"}]}<\/script>\n<!-- \/ Yoast SEO plugin. -->","yoast_head_json":{"title":"En visita a la UBB: Ministra CTCI se refiri\u00f3 a nuevo fondo de financiamiento estructural para el desarrollo de la ciencia en las universidades - VRIP","robots":{"index":"index","follow":"follow","max-snippet":"max-snippet:-1","max-image-preview":"max-image-preview:large","max-video-preview":"max-video-preview:-1"},"canonical":"https:\/\/vrip.ubiobio.cl\/inicio\/noticias\/en-visita-a-la-ubb-ministra-ctci-se-refirio-a-nuevo-fondo-de-financiamiento-estructural-para-el-desarrollo-de-la-ciencia-en-las-universidades\/","og_locale":"es_ES","og_type":"article","og_title":"En visita a la UBB: Ministra CTCI se refiri\u00f3 a nuevo fondo de financiamiento estructural para el desarrollo de la ciencia en las universidades - VRIP","og_description":"El rol de las universidades en la generaci\u00f3n de conocimiento y desarrollo con base cient\u00edfica relev\u00f3 la ministra de Ciencias, Tecnolog\u00eda, Conocimiento e Innovaci\u00f3n, CTCI, Ais\u00e9n Etcheverry Escudero, durante su visita a la sede Concepci\u00f3n de la UBB, el lunes 19 de junio. La secretaria de Estado destac\u00f3 la creaci\u00f3n de un fondo de financiamiento...","og_url":"https:\/\/vrip.ubiobio.cl\/inicio\/noticias\/en-visita-a-la-ubb-ministra-ctci-se-refirio-a-nuevo-fondo-de-financiamiento-estructural-para-el-desarrollo-de-la-ciencia-en-las-universidades\/","og_site_name":"VRIP","article_published_time":"2023-06-20T14:03:16+00:00","article_modified_time":"2023-06-20T21:03:02+00:00","og_image":[{"width":874,"height":584,"url":"https:\/\/vrip.ubiobio.cl\/wp-content\/uploads\/2023\/06\/DSC_1356.jpg","type":"image\/jpeg"}],"author":"Dagoberto Perez","twitter_card":"summary_large_image","twitter_creator":"@vripubb","twitter_site":"@vripubb","twitter_misc":{"Escrito por":"Dagoberto Perez","Tiempo de lectura":"6 minutos"},"schema":{"@context":"https:\/\/schema.org","@graph":[{"@type":"Article","@id":"https:\/\/vrip.ubiobio.cl\/inicio\/noticias\/en-visita-a-la-ubb-ministra-ctci-se-refirio-a-nuevo-fondo-de-financiamiento-estructural-para-el-desarrollo-de-la-ciencia-en-las-universidades\/#article","isPartOf":{"@id":"https:\/\/vrip.ubiobio.cl\/inicio\/noticias\/en-visita-a-la-ubb-ministra-ctci-se-refirio-a-nuevo-fondo-de-financiamiento-estructural-para-el-desarrollo-de-la-ciencia-en-las-universidades\/"},"author":{"name":"Dagoberto Perez","@id":"https:\/\/vrip.ubiobio.cl\/inicio\/#\/schema\/person\/39f3cf67f158f0420b4eb8baa645a9c0"},"headline":"En visita a la UBB: Ministra CTCI se refiri\u00f3 a nuevo fondo de financiamiento estructural para el desarrollo de la ciencia en las universidades","datePublished":"2023-06-20T14:03:16+00:00","dateModified":"2023-06-20T21:03:02+00:00","mainEntityOfPage":{"@id":"https:\/\/vrip.ubiobio.cl\/inicio\/noticias\/en-visita-a-la-ubb-ministra-ctci-se-refirio-a-nuevo-fondo-de-financiamiento-estructural-para-el-desarrollo-de-la-ciencia-en-las-universidades\/"},"wordCount":1141,"commentCount":0,"publisher":{"@id":"https:\/\/vrip.ubiobio.cl\/inicio\/#organization"},"image":{"@id":"https:\/\/vrip.ubiobio.cl\/inicio\/noticias\/en-visita-a-la-ubb-ministra-ctci-se-refirio-a-nuevo-fondo-de-financiamiento-estructural-para-el-desarrollo-de-la-ciencia-en-las-universidades\/#primaryimage"},"thumbnailUrl":"https:\/\/vrip.ubiobio.cl\/wp-content\/uploads\/2023\/06\/DSC_1356.jpg","articleSection":["Noticias"],"inLanguage":"es","potentialAction":[{"@type":"CommentAction","name":"Comment","target":["https:\/\/vrip.ubiobio.cl\/inicio\/noticias\/en-visita-a-la-ubb-ministra-ctci-se-refirio-a-nuevo-fondo-de-financiamiento-estructural-para-el-desarrollo-de-la-ciencia-en-las-universidades\/#respond"]}]},{"@type":"WebPage","@id":"https:\/\/vrip.ubiobio.cl\/inicio\/noticias\/en-visita-a-la-ubb-ministra-ctci-se-refirio-a-nuevo-fondo-de-financiamiento-estructural-para-el-desarrollo-de-la-ciencia-en-las-universidades\/","url":"https:\/\/vrip.ubiobio.cl\/inicio\/noticias\/en-visita-a-la-ubb-ministra-ctci-se-refirio-a-nuevo-fondo-de-financiamiento-estructural-para-el-desarrollo-de-la-ciencia-en-las-universidades\/","name":"En visita a la UBB: Ministra CTCI se refiri\u00f3 a nuevo fondo de financiamiento estructural para el desarrollo de la ciencia en las universidades - VRIP","isPartOf":{"@id":"https:\/\/vrip.ubiobio.cl\/inicio\/#website"},"primaryImageOfPage":{"@id":"https:\/\/vrip.ubiobio.cl\/inicio\/noticias\/en-visita-a-la-ubb-ministra-ctci-se-refirio-a-nuevo-fondo-de-financiamiento-estructural-para-el-desarrollo-de-la-ciencia-en-las-universidades\/#primaryimage"},"image":{"@id":"https:\/\/vrip.ubiobio.cl\/inicio\/noticias\/en-visita-a-la-ubb-ministra-ctci-se-refirio-a-nuevo-fondo-de-financiamiento-estructural-para-el-desarrollo-de-la-ciencia-en-las-universidades\/#primaryimage"},"thumbnailUrl":"https:\/\/vrip.ubiobio.cl\/wp-content\/uploads\/2023\/06\/DSC_1356.jpg","datePublished":"2023-06-20T14:03:16+00:00","dateModified":"2023-06-20T21:03:02+00:00","breadcrumb":{"@id":"https:\/\/vrip.ubiobio.cl\/inicio\/noticias\/en-visita-a-la-ubb-ministra-ctci-se-refirio-a-nuevo-fondo-de-financiamiento-estructural-para-el-desarrollo-de-la-ciencia-en-las-universidades\/#breadcrumb"},"inLanguage":"es","potentialAction":[{"@type":"ReadAction","target":["https:\/\/vrip.ubiobio.cl\/inicio\/noticias\/en-visita-a-la-ubb-ministra-ctci-se-refirio-a-nuevo-fondo-de-financiamiento-estructural-para-el-desarrollo-de-la-ciencia-en-las-universidades\/"]}]},{"@type":"ImageObject","inLanguage":"es","@id":"https:\/\/vrip.ubiobio.cl\/inicio\/noticias\/en-visita-a-la-ubb-ministra-ctci-se-refirio-a-nuevo-fondo-de-financiamiento-estructural-para-el-desarrollo-de-la-ciencia-en-las-universidades\/#primaryimage","url":"https:\/\/vrip.ubiobio.cl\/wp-content\/uploads\/2023\/06\/DSC_1356.jpg","contentUrl":"https:\/\/vrip.ubiobio.cl\/wp-content\/uploads\/2023\/06\/DSC_1356.jpg","width":874,"height":584},{"@type":"BreadcrumbList","@id":"https:\/\/vrip.ubiobio.cl\/inicio\/noticias\/en-visita-a-la-ubb-ministra-ctci-se-refirio-a-nuevo-fondo-de-financiamiento-estructural-para-el-desarrollo-de-la-ciencia-en-las-universidades\/#breadcrumb","itemListElement":[{"@type":"ListItem","position":1,"name":"Portada","item":"https:\/\/vrip.ubiobio.cl\/inicio\/"},{"@type":"ListItem","position":2,"name":"En visita a la UBB: Ministra CTCI se refiri\u00f3 a nuevo fondo de financiamiento estructural para el desarrollo de la ciencia en las universidades"}]},{"@type":"WebSite","@id":"https:\/\/vrip.ubiobio.cl\/inicio\/#website","url":"https:\/\/vrip.ubiobio.cl\/inicio\/","name":"VRIP","description":"Vicerrector\u00eda de Investigaci\u00f3n y Postgrado","publisher":{"@id":"https:\/\/vrip.ubiobio.cl\/inicio\/#organization"},"potentialAction":[{"@type":"SearchAction","target":{"@type":"EntryPoint","urlTemplate":"https:\/\/vrip.ubiobio.cl\/inicio\/?s={search_term_string}"},"query-input":{"@type":"PropertyValueSpecification","valueRequired":true,"valueName":"search_term_string"}}],"inLanguage":"es"},{"@type":"Organization","@id":"https:\/\/vrip.ubiobio.cl\/inicio\/#organization","name":"VRIP","url":"https:\/\/vrip.ubiobio.cl\/inicio\/","logo":{"@type":"ImageObject","inLanguage":"es","@id":"https:\/\/vrip.ubiobio.cl\/inicio\/#\/schema\/logo\/image\/","url":"https:\/\/vrip.ubiobio.cl\/wp-content\/uploads\/2022\/10\/logo-vrip_Mesa-de-trabajo-1.png","contentUrl":"https:\/\/vrip.ubiobio.cl\/wp-content\/uploads\/2022\/10\/logo-vrip_Mesa-de-trabajo-1.png","width":642,"height":178,"caption":"VRIP"},"image":{"@id":"https:\/\/vrip.ubiobio.cl\/inicio\/#\/schema\/logo\/image\/"},"sameAs":["https:\/\/x.com\/vripubb","https:\/\/www.instagram.com\/vrip_ubb\/","https:\/\/www.youtube.com\/channel\/UCf7o8yHRJ7Y_QQLxwu1KQgA","https:\/\/www.linkedin.com\/company\/96035097\/admin\/dashboard\/"]},{"@type":"Person","@id":"https:\/\/vrip.ubiobio.cl\/inicio\/#\/schema\/person\/39f3cf67f158f0420b4eb8baa645a9c0","name":"Dagoberto Perez","image":{"@type":"ImageObject","inLanguage":"es","@id":"https:\/\/secure.gravatar.com\/avatar\/d16ec183e637d727e6c6574e3768aa439442611065e2b4f983793af8bb630edc?s=96&d=mm&r=g","url":"https:\/\/secure.gravatar.com\/avatar\/d16ec183e637d727e6c6574e3768aa439442611065e2b4f983793af8bb630edc?s=96&d=mm&r=g","contentUrl":"https:\/\/secure.gravatar.com\/avatar\/d16ec183e637d727e6c6574e3768aa439442611065e2b4f983793af8bb630edc?s=96&d=mm&r=g","caption":"Dagoberto Perez"},"url":"https:\/\/vrip.ubiobio.cl\/inicio\/author\/dagoberto\/"}]}},"_links":{"self":[{"href":"https:\/\/vrip.ubiobio.cl\/inicio\/wp-json\/wp\/v2\/posts\/39752","targetHints":{"allow":["GET"]}}],"collection":[{"href":"https:\/\/vrip.ubiobio.cl\/inicio\/wp-json\/wp\/v2\/posts"}],"about":[{"href":"https:\/\/vrip.ubiobio.cl\/inicio\/wp-json\/wp\/v2\/types\/post"}],"author":[{"embeddable":true,"href":"https:\/\/vrip.ubiobio.cl\/inicio\/wp-json\/wp\/v2\/users\/3"}],"replies":[{"embeddable":true,"href":"https:\/\/vrip.ubiobio.cl\/inicio\/wp-json\/wp\/v2\/comments?post=39752"}],"version-history":[{"count":1,"href":"https:\/\/vrip.ubiobio.cl\/inicio\/wp-json\/wp\/v2\/posts\/39752\/revisions"}],"predecessor-version":[{"id":39754,"href":"https:\/\/vrip.ubiobio.cl\/inicio\/wp-json\/wp\/v2\/posts\/39752\/revisions\/39754"}],"wp:featuredmedia":[{"embeddable":true,"href":"https:\/\/vrip.ubiobio.cl\/inicio\/wp-json\/wp\/v2\/media\/39753"}],"wp:attachment":[{"href":"https:\/\/vrip.ubiobio.cl\/inicio\/wp-json\/wp\/v2\/media?parent=39752"}],"wp:term":[{"taxonomy":"category","embeddable":true,"href":"https:\/\/vrip.ubiobio.cl\/inicio\/wp-json\/wp\/v2\/categories?post=39752"},{"taxonomy":"post_tag","embeddable":true,"href":"https:\/\/vrip.ubiobio.cl\/inicio\/wp-json\/wp\/v2\/tags?post=39752"}],"curies":[{"name":"wp","href":"https:\/\/api.w.org\/{rel}","templated":true}]}}