{"id":39713,"date":"2023-06-20T09:15:39","date_gmt":"2023-06-20T09:15:39","guid":{"rendered":"https:\/\/vrip.ubiobio.cl\/inicio\/?p=39713"},"modified":"2023-06-20T17:13:28","modified_gmt":"2023-06-20T17:13:28","slug":"ubb-y-la-asociacion-de-municipalidades-amdel-firman-convenio-de-colaboracion","status":"publish","type":"post","link":"https:\/\/vrip.ubiobio.cl\/inicio\/noticias\/ubb-y-la-asociacion-de-municipalidades-amdel-firman-convenio-de-colaboracion\/","title":{"rendered":"UBB y la Asociaci\u00f3n de Municipalidades (AMDEL) firman convenio de colaboraci\u00f3n"},"content":{"rendered":"<p><em>En el marco del encuentro \u201cMesa de trabajo capacidades para el desarrollo post emergencia de incendios forestales\u201d, desarrollado este viernes 16 de junio de 2023, en el Centro de Innovaci\u00f3n UBB, rector Benito Uma\u00f1a firma acuerdo de colaboraci\u00f3n con la Asociaci\u00f3n de Municipalidades por el Desarrollo Local, AMDEL. En la oportunidad se dio a conocer el modelo de vinculaci\u00f3n y oferta cient\u00edfica tecnol\u00f3gica de las 6 decanaturas de la<\/em> Universidad del B\u00edo-B\u00edo.<\/p>\n<p><img fetchpriority=\"high\" decoding=\"async\" class=\"wp-image-39724 aligncenter\" src=\"https:\/\/vrip.ubiobio.cl\/wp-content\/uploads\/2023\/06\/DSC_1261.jpg\" alt=\"\" width=\"539\" height=\"360\" srcset=\"https:\/\/vrip.ubiobio.cl\/wp-content\/uploads\/2023\/06\/DSC_1261.jpg 817w, https:\/\/vrip.ubiobio.cl\/wp-content\/uploads\/2023\/06\/DSC_1261-380x254.jpg 380w, https:\/\/vrip.ubiobio.cl\/wp-content\/uploads\/2023\/06\/DSC_1261-768x513.jpg 768w, https:\/\/vrip.ubiobio.cl\/wp-content\/uploads\/2023\/06\/DSC_1261-391x260.jpg 391w\" sizes=\"(max-width: 539px) 100vw, 539px\" \/> <img decoding=\"async\" class=\"wp-image-39725 aligncenter\" src=\"https:\/\/vrip.ubiobio.cl\/wp-content\/uploads\/2023\/06\/DSC_1291.jpg\" alt=\"\" width=\"540\" height=\"361\" srcset=\"https:\/\/vrip.ubiobio.cl\/wp-content\/uploads\/2023\/06\/DSC_1291.jpg 861w, https:\/\/vrip.ubiobio.cl\/wp-content\/uploads\/2023\/06\/DSC_1291-380x254.jpg 380w, https:\/\/vrip.ubiobio.cl\/wp-content\/uploads\/2023\/06\/DSC_1291-768x514.jpg 768w, https:\/\/vrip.ubiobio.cl\/wp-content\/uploads\/2023\/06\/DSC_1291-391x260.jpg 391w\" sizes=\"(max-width: 540px) 100vw, 540px\" \/> <img decoding=\"async\" class=\"wp-image-39726 aligncenter\" src=\"https:\/\/vrip.ubiobio.cl\/wp-content\/uploads\/2023\/06\/DSC_1231.jpg\" alt=\"\" width=\"538\" height=\"359\" srcset=\"https:\/\/vrip.ubiobio.cl\/wp-content\/uploads\/2023\/06\/DSC_1231.jpg 910w, https:\/\/vrip.ubiobio.cl\/wp-content\/uploads\/2023\/06\/DSC_1231-380x254.jpg 380w, https:\/\/vrip.ubiobio.cl\/wp-content\/uploads\/2023\/06\/DSC_1231-768x513.jpg 768w, https:\/\/vrip.ubiobio.cl\/wp-content\/uploads\/2023\/06\/DSC_1231-391x260.jpg 391w\" sizes=\"(max-width: 538px) 100vw, 538px\" \/> <img loading=\"lazy\" decoding=\"async\" class=\"wp-image-39727 aligncenter\" src=\"https:\/\/vrip.ubiobio.cl\/wp-content\/uploads\/2023\/06\/DSC_1183.jpg\" alt=\"\" width=\"536\" height=\"358\" srcset=\"https:\/\/vrip.ubiobio.cl\/wp-content\/uploads\/2023\/06\/DSC_1183.jpg 914w, https:\/\/vrip.ubiobio.cl\/wp-content\/uploads\/2023\/06\/DSC_1183-380x254.jpg 380w, https:\/\/vrip.ubiobio.cl\/wp-content\/uploads\/2023\/06\/DSC_1183-768x513.jpg 768w, https:\/\/vrip.ubiobio.cl\/wp-content\/uploads\/2023\/06\/DSC_1183-391x260.jpg 391w\" sizes=\"(max-width: 536px) 100vw, 536px\" \/> <img loading=\"lazy\" decoding=\"async\" class=\"wp-image-39728 aligncenter\" src=\"https:\/\/vrip.ubiobio.cl\/wp-content\/uploads\/2023\/06\/DSC_1072.jpg\" alt=\"\" width=\"535\" height=\"358\" srcset=\"https:\/\/vrip.ubiobio.cl\/wp-content\/uploads\/2023\/06\/DSC_1072.jpg 957w, https:\/\/vrip.ubiobio.cl\/wp-content\/uploads\/2023\/06\/DSC_1072-380x254.jpg 380w, https:\/\/vrip.ubiobio.cl\/wp-content\/uploads\/2023\/06\/DSC_1072-768x514.jpg 768w\" sizes=\"(max-width: 535px) 100vw, 535px\" \/><\/p>\n<div class=\"perfect-pullquote algo pullquote-align-left\"><blockquote><p>\u00abAgradecemos la posibilidad de estar ac\u00e1, sabemos del tremendo potencial que tiene la Universidad del B\u00edo-B\u00edo, y su inter\u00e9s por estar cerca de sus territorios. \u201cLos incendios de este verano nos afectaron enormemente, con p\u00e9rdida humana irreparables, hoy estamos tratando de salir adelante y por eso queremos que este encuentro sea lo m\u00e1s fruct\u00edfero, que tenga los mejores resultados para el bien de nuestras comunidades. Creemos, tambi\u00e9n, que debemos sumar a parlamentarios y agentes del Estado para que juntos podamos concretar iniciativas que vayan en directa soluci\u00f3n a los problemas que aquejan a nuestros municipios. Reconozco el inter\u00e9s y la motivaci\u00f3n de todos los que estamos en este encuentro por trabajar por nuestros territorios\u201d, Mario Gierke.<\/p><\/blockquote><\/div>\n<p>El rector Benito Uma\u00f1a, salud\u00f3 y dio la bienvenida al encuentro. \u201cMe alegro menormente por la realizaci\u00f3n de esta actividad, esto es consecuencia de un trabajo colaborativo que venimos haciendo desde hace alg\u00fan tiempo y que tiene que ver con la cercan\u00eda de nuestros territorios, y ver reunido a decanos, investigadores, alcaldes y profesionales de los municipios como de nuestra universidad interesados en potenciar la necesaria sinergia para avanzar en resolver problemas concretos me produce una gran satisfacci\u00f3n\u201d.<\/p>\n<p>En iguales t\u00e9rminos se refiri\u00f3 la vicerrectora de Investigaci\u00f3n y Postgrado, Dra. Ang\u00e9lica Caro. \u201cMe sumo a las palabras de nuestro rector, para nosotros es muy importantes trabajar de esta manera, donde nos vamos escuchando, poniendo de acuerdo en torno a la problem\u00e1tica de nuestros territorios y a las capacidades que tenemos como universidad, en su funci\u00f3n de ser una entidad p\u00fablica, estatal, y birregional. Queremos servir y ayudar a nuestros territorios a ser m\u00e1s competitivos y desarrollados\u201d.<\/p>\n<p>Por su parte, el presidente de la\u00a0 Asociaci\u00f3n de Municipalidades por el Desarrollo Local, AMDEL, Mario Gierke, agradeci\u00f3 la invitaci\u00f3n y destac\u00f3 este evento. \u201cAgradecemos la posibilidad de estar ac\u00e1, sabemos del tremendo potencial que tiene la Universidad del B\u00edo-B\u00edo, y su inter\u00e9s por estar cerca de sus territorios. Los incendios de este verano nos afectaron enormemente, con p\u00e9rdida humana irreparables, hoy estamos tratando de salir adelante y por eso queremos que este encuentro sea lo m\u00e1s fruct\u00edfero, que tenga los mejores resultados para el bien de nuestras comunidades. Creemos, tambi\u00e9n, que debemos sumar a parlamentarios y agentes del Estado para que juntos podamos concretar iniciativas que vayan en directa soluci\u00f3n a los problemas que aquejan a nuestros municipios. Reconozco el inter\u00e9s y la motivaci\u00f3n de todos los que estamos en este encuentro por trabajar por nuestros territorios\u201d.<\/p>\n<p>En la oportunidad, la coordinadora de la Oficina de Transferencia y Licenciamiento, OTL-UBB, de la direcci\u00f3n de Innovaci\u00f3n, unidad gestora de este encuentro con los alcaldes agrupados en AMDEL, Andrea Bustos, dio a conocer el modelo de vinculaci\u00f3n de la Universidad del B\u00edo-B\u00edo, centrado en \u00a0dar respuesta efectiva a los territorios de \u00d1uble y Biob\u00edo. Destacando que la Oficina de Transferencia y Licenciamiento (OTL-UBB), es una unidad dependiente de la Direcci\u00f3n de Desarrollo y Transferencia Tecnol\u00f3gica (DITEC) de la Universidad del B\u00edo-B\u00edo. \u201cEsta unidad es la encargada de apoyar, gestionar e impulsar todas las actividades para la Transferencia y el Licenciamiento de las innovaciones desarrolladas por su comunidad universitaria hacia el medio externo. Destacan entre sus funciones, el apoyo a la vinculaci\u00f3n Universidad &#8211; Empresa, la Vigilancia Tecnol\u00f3gica y la gesti\u00f3n de la Propiedad Intelectual\u201d, destac\u00f3.<\/p>\n<p>Adem\u00e1s, esto fue complementado con el aporte de las seis decanaturas las que expusieron sus ofertas y capacidades a trav\u00e9s de los diversos centros, laboratorios y grupos de investigaci\u00f3n que cuenta la Universidad. Se destac\u00f3 temas como el compostaje, apoyo a estudios en agronegocios, realidad laboral, salud mental, administraci\u00f3n de la gesti\u00f3n p\u00fablica, computaci\u00f3n, inform\u00e1tica, inteligencia artificial, drones manejados con inteligencia artificial para la seguridad ciudadana, construcci\u00f3n, dise\u00f1o, urbanismo, manejo de crisis fruto de los incendios y las lluvias, programas de postgrados vinculados a la realidad de los territorios de \u00d1uble y Biob\u00edo, etc.<\/p>\n<p>De igual manera los alcaldes y representantes de los municipios que se agrupan en AMDEL, dieron a conocer sus realidades y los problemas que m\u00e1s le aquejan, especialmente los que fueron m\u00e1s afectados por los incendios, quienes se\u00f1alaron la necesidad de contar con informaci\u00f3n adecuada de los afectados y manejar un catastro de las personas que habitan en sectores que colindan con las forestales. El tema de la seguridad ciudadana es clave contar con herramientas adecuadas para una mejor prevenci\u00f3n. Se hace necesario contar con nuevas e innovadoras formas para el manejo de la basura, mejorar la conectividad de los sectores rurales, etc.<\/p>\n<p>El encuentro, desarrollado durante la ma\u00f1ana de este viernes 16 de junio, permiti\u00f3 un di\u00e1logo fluido entre alcaldes y funcionarios municipales con decanos e investigadores de la universidad, la que concluy\u00f3 con la firma de acuerdo de colaboraci\u00f3n entre la UBB y AMDEL, (que agrupa\u00a0 a los municipios de Cabrero, Florida, Hualqui, San Pedro, Santa Juana, y Yumbel) \u00a0para finalizar con una sugerencia de parte del rector Benito Uma\u00f1a, quien indic\u00f3 que esperaba que la pr\u00f3xima reuni\u00f3n se realizar\u00e1 en una de las localidades de los municipios de esta asociaci\u00f3n.<\/p>\n<p>Fuente: VRIP Comunicaciones<\/p>\n","protected":false},"excerpt":{"rendered":"<p>En el marco del encuentro \u201cMesa de trabajo capacidades para el desarrollo post emergencia de incendios forestales\u201d, desarrollado este viernes 16 de junio de 2023, en el Centro de Innovaci\u00f3n UBB, rector Benito Uma\u00f1a firma acuerdo de colaboraci\u00f3n con la Asociaci\u00f3n de Municipalidades por el Desarrollo Local, AMDEL. En la oportunidad se dio a conocer&#8230;<\/p>\n","protected":false},"author":3,"featured_media":39724,"comment_status":"open","ping_status":"open","sticky":false,"template":"","format":"standard","meta":{"_kadence_starter_templates_imported_post":false,"_kad_post_transparent":"default","_kad_post_title":"default","_kad_post_layout":"default","_kad_post_sidebar_id":"","_kad_post_content_style":"default","_kad_post_vertical_padding":"default","_kad_post_feature":"","_kad_post_feature_position":"","_kad_post_header":false,"_kad_post_footer":false,"footnotes":""},"categories":[3],"tags":[],"class_list":["post-39713","post","type-post","status-publish","format-standard","has-post-thumbnail","hentry","category-noticias"],"yoast_head":"<!-- This site is optimized with the Yoast SEO plugin v27.5 - https:\/\/yoast.com\/product\/yoast-seo-wordpress\/ -->\n<title>UBB y la Asociaci\u00f3n de Municipalidades (AMDEL) firman convenio de colaboraci\u00f3n - VRIP<\/title>\n<meta name=\"robots\" content=\"index, follow, max-snippet:-1, max-image-preview:large, max-video-preview:-1\" \/>\n<link rel=\"canonical\" href=\"https:\/\/vrip.ubiobio.cl\/inicio\/noticias\/ubb-y-la-asociacion-de-municipalidades-amdel-firman-convenio-de-colaboracion\/\" \/>\n<meta property=\"og:locale\" content=\"es_ES\" \/>\n<meta property=\"og:type\" content=\"article\" \/>\n<meta property=\"og:title\" content=\"UBB y la Asociaci\u00f3n de Municipalidades (AMDEL) firman convenio de colaboraci\u00f3n - VRIP\" \/>\n<meta property=\"og:description\" content=\"En el marco del encuentro \u201cMesa de trabajo capacidades para el desarrollo post emergencia de incendios forestales\u201d, desarrollado este viernes 16 de junio de 2023, en el Centro de Innovaci\u00f3n UBB, rector Benito Uma\u00f1a firma acuerdo de colaboraci\u00f3n con la Asociaci\u00f3n de Municipalidades por el Desarrollo Local, AMDEL. En la oportunidad se dio a conocer...\" \/>\n<meta property=\"og:url\" content=\"https:\/\/vrip.ubiobio.cl\/inicio\/noticias\/ubb-y-la-asociacion-de-municipalidades-amdel-firman-convenio-de-colaboracion\/\" \/>\n<meta property=\"og:site_name\" content=\"VRIP\" \/>\n<meta property=\"article:published_time\" content=\"2023-06-20T09:15:39+00:00\" \/>\n<meta property=\"article:modified_time\" content=\"2023-06-20T17:13:28+00:00\" \/>\n<meta property=\"og:image\" content=\"https:\/\/vrip.ubiobio.cl\/wp-content\/uploads\/2023\/06\/DSC_1261.jpg\" \/>\n\t<meta property=\"og:image:width\" content=\"817\" \/>\n\t<meta property=\"og:image:height\" content=\"546\" \/>\n\t<meta property=\"og:image:type\" content=\"image\/jpeg\" \/>\n<meta name=\"author\" content=\"Dagoberto Perez\" \/>\n<meta name=\"twitter:card\" content=\"summary_large_image\" \/>\n<meta name=\"twitter:creator\" content=\"@vripubb\" \/>\n<meta name=\"twitter:site\" content=\"@vripubb\" \/>\n<meta name=\"twitter:label1\" content=\"Escrito por\" \/>\n\t<meta name=\"twitter:data1\" content=\"Dagoberto Perez\" \/>\n\t<meta name=\"twitter:label2\" content=\"Tiempo de lectura\" \/>\n\t<meta name=\"twitter:data2\" content=\"5 minutos\" \/>\n<script type=\"application\/ld+json\" class=\"yoast-schema-graph\">{\"@context\":\"https:\\\/\\\/schema.org\",\"@graph\":[{\"@type\":\"Article\",\"@id\":\"https:\\\/\\\/vrip.ubiobio.cl\\\/inicio\\\/noticias\\\/ubb-y-la-asociacion-de-municipalidades-amdel-firman-convenio-de-colaboracion\\\/#article\",\"isPartOf\":{\"@id\":\"https:\\\/\\\/vrip.ubiobio.cl\\\/inicio\\\/noticias\\\/ubb-y-la-asociacion-de-municipalidades-amdel-firman-convenio-de-colaboracion\\\/\"},\"author\":{\"name\":\"Dagoberto Perez\",\"@id\":\"https:\\\/\\\/vrip.ubiobio.cl\\\/inicio\\\/#\\\/schema\\\/person\\\/39f3cf67f158f0420b4eb8baa645a9c0\"},\"headline\":\"UBB y la Asociaci\u00f3n de Municipalidades (AMDEL) firman convenio de colaboraci\u00f3n\",\"datePublished\":\"2023-06-20T09:15:39+00:00\",\"dateModified\":\"2023-06-20T17:13:28+00:00\",\"mainEntityOfPage\":{\"@id\":\"https:\\\/\\\/vrip.ubiobio.cl\\\/inicio\\\/noticias\\\/ubb-y-la-asociacion-de-municipalidades-amdel-firman-convenio-de-colaboracion\\\/\"},\"wordCount\":1005,\"commentCount\":0,\"publisher\":{\"@id\":\"https:\\\/\\\/vrip.ubiobio.cl\\\/inicio\\\/#organization\"},\"image\":{\"@id\":\"https:\\\/\\\/vrip.ubiobio.cl\\\/inicio\\\/noticias\\\/ubb-y-la-asociacion-de-municipalidades-amdel-firman-convenio-de-colaboracion\\\/#primaryimage\"},\"thumbnailUrl\":\"https:\\\/\\\/vrip.ubiobio.cl\\\/wp-content\\\/uploads\\\/2023\\\/06\\\/DSC_1261.jpg\",\"articleSection\":[\"Noticias\"],\"inLanguage\":\"es\",\"potentialAction\":[{\"@type\":\"CommentAction\",\"name\":\"Comment\",\"target\":[\"https:\\\/\\\/vrip.ubiobio.cl\\\/inicio\\\/noticias\\\/ubb-y-la-asociacion-de-municipalidades-amdel-firman-convenio-de-colaboracion\\\/#respond\"]}]},{\"@type\":\"WebPage\",\"@id\":\"https:\\\/\\\/vrip.ubiobio.cl\\\/inicio\\\/noticias\\\/ubb-y-la-asociacion-de-municipalidades-amdel-firman-convenio-de-colaboracion\\\/\",\"url\":\"https:\\\/\\\/vrip.ubiobio.cl\\\/inicio\\\/noticias\\\/ubb-y-la-asociacion-de-municipalidades-amdel-firman-convenio-de-colaboracion\\\/\",\"name\":\"UBB y la Asociaci\u00f3n de Municipalidades (AMDEL) firman convenio de colaboraci\u00f3n - VRIP\",\"isPartOf\":{\"@id\":\"https:\\\/\\\/vrip.ubiobio.cl\\\/inicio\\\/#website\"},\"primaryImageOfPage\":{\"@id\":\"https:\\\/\\\/vrip.ubiobio.cl\\\/inicio\\\/noticias\\\/ubb-y-la-asociacion-de-municipalidades-amdel-firman-convenio-de-colaboracion\\\/#primaryimage\"},\"image\":{\"@id\":\"https:\\\/\\\/vrip.ubiobio.cl\\\/inicio\\\/noticias\\\/ubb-y-la-asociacion-de-municipalidades-amdel-firman-convenio-de-colaboracion\\\/#primaryimage\"},\"thumbnailUrl\":\"https:\\\/\\\/vrip.ubiobio.cl\\\/wp-content\\\/uploads\\\/2023\\\/06\\\/DSC_1261.jpg\",\"datePublished\":\"2023-06-20T09:15:39+00:00\",\"dateModified\":\"2023-06-20T17:13:28+00:00\",\"breadcrumb\":{\"@id\":\"https:\\\/\\\/vrip.ubiobio.cl\\\/inicio\\\/noticias\\\/ubb-y-la-asociacion-de-municipalidades-amdel-firman-convenio-de-colaboracion\\\/#breadcrumb\"},\"inLanguage\":\"es\",\"potentialAction\":[{\"@type\":\"ReadAction\",\"target\":[\"https:\\\/\\\/vrip.ubiobio.cl\\\/inicio\\\/noticias\\\/ubb-y-la-asociacion-de-municipalidades-amdel-firman-convenio-de-colaboracion\\\/\"]}]},{\"@type\":\"ImageObject\",\"inLanguage\":\"es\",\"@id\":\"https:\\\/\\\/vrip.ubiobio.cl\\\/inicio\\\/noticias\\\/ubb-y-la-asociacion-de-municipalidades-amdel-firman-convenio-de-colaboracion\\\/#primaryimage\",\"url\":\"https:\\\/\\\/vrip.ubiobio.cl\\\/wp-content\\\/uploads\\\/2023\\\/06\\\/DSC_1261.jpg\",\"contentUrl\":\"https:\\\/\\\/vrip.ubiobio.cl\\\/wp-content\\\/uploads\\\/2023\\\/06\\\/DSC_1261.jpg\",\"width\":817,\"height\":546},{\"@type\":\"BreadcrumbList\",\"@id\":\"https:\\\/\\\/vrip.ubiobio.cl\\\/inicio\\\/noticias\\\/ubb-y-la-asociacion-de-municipalidades-amdel-firman-convenio-de-colaboracion\\\/#breadcrumb\",\"itemListElement\":[{\"@type\":\"ListItem\",\"position\":1,\"name\":\"Portada\",\"item\":\"https:\\\/\\\/vrip.ubiobio.cl\\\/inicio\\\/\"},{\"@type\":\"ListItem\",\"position\":2,\"name\":\"UBB y la Asociaci\u00f3n de Municipalidades (AMDEL) firman convenio de colaboraci\u00f3n\"}]},{\"@type\":\"WebSite\",\"@id\":\"https:\\\/\\\/vrip.ubiobio.cl\\\/inicio\\\/#website\",\"url\":\"https:\\\/\\\/vrip.ubiobio.cl\\\/inicio\\\/\",\"name\":\"VRIP\",\"description\":\"Vicerrector\u00eda de Investigaci\u00f3n y Postgrado\",\"publisher\":{\"@id\":\"https:\\\/\\\/vrip.ubiobio.cl\\\/inicio\\\/#organization\"},\"potentialAction\":[{\"@type\":\"SearchAction\",\"target\":{\"@type\":\"EntryPoint\",\"urlTemplate\":\"https:\\\/\\\/vrip.ubiobio.cl\\\/inicio\\\/?s={search_term_string}\"},\"query-input\":{\"@type\":\"PropertyValueSpecification\",\"valueRequired\":true,\"valueName\":\"search_term_string\"}}],\"inLanguage\":\"es\"},{\"@type\":\"Organization\",\"@id\":\"https:\\\/\\\/vrip.ubiobio.cl\\\/inicio\\\/#organization\",\"name\":\"VRIP\",\"url\":\"https:\\\/\\\/vrip.ubiobio.cl\\\/inicio\\\/\",\"logo\":{\"@type\":\"ImageObject\",\"inLanguage\":\"es\",\"@id\":\"https:\\\/\\\/vrip.ubiobio.cl\\\/inicio\\\/#\\\/schema\\\/logo\\\/image\\\/\",\"url\":\"https:\\\/\\\/vrip.ubiobio.cl\\\/wp-content\\\/uploads\\\/2022\\\/10\\\/logo-vrip_Mesa-de-trabajo-1.png\",\"contentUrl\":\"https:\\\/\\\/vrip.ubiobio.cl\\\/wp-content\\\/uploads\\\/2022\\\/10\\\/logo-vrip_Mesa-de-trabajo-1.png\",\"width\":642,\"height\":178,\"caption\":\"VRIP\"},\"image\":{\"@id\":\"https:\\\/\\\/vrip.ubiobio.cl\\\/inicio\\\/#\\\/schema\\\/logo\\\/image\\\/\"},\"sameAs\":[\"https:\\\/\\\/x.com\\\/vripubb\",\"https:\\\/\\\/www.instagram.com\\\/vrip_ubb\\\/\",\"https:\\\/\\\/www.youtube.com\\\/channel\\\/UCf7o8yHRJ7Y_QQLxwu1KQgA\",\"https:\\\/\\\/www.linkedin.com\\\/company\\\/96035097\\\/admin\\\/dashboard\\\/\"]},{\"@type\":\"Person\",\"@id\":\"https:\\\/\\\/vrip.ubiobio.cl\\\/inicio\\\/#\\\/schema\\\/person\\\/39f3cf67f158f0420b4eb8baa645a9c0\",\"name\":\"Dagoberto Perez\",\"image\":{\"@type\":\"ImageObject\",\"inLanguage\":\"es\",\"@id\":\"https:\\\/\\\/secure.gravatar.com\\\/avatar\\\/d16ec183e637d727e6c6574e3768aa439442611065e2b4f983793af8bb630edc?s=96&d=mm&r=g\",\"url\":\"https:\\\/\\\/secure.gravatar.com\\\/avatar\\\/d16ec183e637d727e6c6574e3768aa439442611065e2b4f983793af8bb630edc?s=96&d=mm&r=g\",\"contentUrl\":\"https:\\\/\\\/secure.gravatar.com\\\/avatar\\\/d16ec183e637d727e6c6574e3768aa439442611065e2b4f983793af8bb630edc?s=96&d=mm&r=g\",\"caption\":\"Dagoberto Perez\"},\"url\":\"https:\\\/\\\/vrip.ubiobio.cl\\\/inicio\\\/author\\\/dagoberto\\\/\"}]}<\/script>\n<!-- \/ Yoast SEO plugin. -->","yoast_head_json":{"title":"UBB y la Asociaci\u00f3n de Municipalidades (AMDEL) firman convenio de colaboraci\u00f3n - VRIP","robots":{"index":"index","follow":"follow","max-snippet":"max-snippet:-1","max-image-preview":"max-image-preview:large","max-video-preview":"max-video-preview:-1"},"canonical":"https:\/\/vrip.ubiobio.cl\/inicio\/noticias\/ubb-y-la-asociacion-de-municipalidades-amdel-firman-convenio-de-colaboracion\/","og_locale":"es_ES","og_type":"article","og_title":"UBB y la Asociaci\u00f3n de Municipalidades (AMDEL) firman convenio de colaboraci\u00f3n - VRIP","og_description":"En el marco del encuentro \u201cMesa de trabajo capacidades para el desarrollo post emergencia de incendios forestales\u201d, desarrollado este viernes 16 de junio de 2023, en el Centro de Innovaci\u00f3n UBB, rector Benito Uma\u00f1a firma acuerdo de colaboraci\u00f3n con la Asociaci\u00f3n de Municipalidades por el Desarrollo Local, AMDEL. En la oportunidad se dio a conocer...","og_url":"https:\/\/vrip.ubiobio.cl\/inicio\/noticias\/ubb-y-la-asociacion-de-municipalidades-amdel-firman-convenio-de-colaboracion\/","og_site_name":"VRIP","article_published_time":"2023-06-20T09:15:39+00:00","article_modified_time":"2023-06-20T17:13:28+00:00","og_image":[{"width":817,"height":546,"url":"https:\/\/vrip.ubiobio.cl\/wp-content\/uploads\/2023\/06\/DSC_1261.jpg","type":"image\/jpeg"}],"author":"Dagoberto Perez","twitter_card":"summary_large_image","twitter_creator":"@vripubb","twitter_site":"@vripubb","twitter_misc":{"Escrito por":"Dagoberto Perez","Tiempo de lectura":"5 minutos"},"schema":{"@context":"https:\/\/schema.org","@graph":[{"@type":"Article","@id":"https:\/\/vrip.ubiobio.cl\/inicio\/noticias\/ubb-y-la-asociacion-de-municipalidades-amdel-firman-convenio-de-colaboracion\/#article","isPartOf":{"@id":"https:\/\/vrip.ubiobio.cl\/inicio\/noticias\/ubb-y-la-asociacion-de-municipalidades-amdel-firman-convenio-de-colaboracion\/"},"author":{"name":"Dagoberto Perez","@id":"https:\/\/vrip.ubiobio.cl\/inicio\/#\/schema\/person\/39f3cf67f158f0420b4eb8baa645a9c0"},"headline":"UBB y la Asociaci\u00f3n de Municipalidades (AMDEL) firman convenio de colaboraci\u00f3n","datePublished":"2023-06-20T09:15:39+00:00","dateModified":"2023-06-20T17:13:28+00:00","mainEntityOfPage":{"@id":"https:\/\/vrip.ubiobio.cl\/inicio\/noticias\/ubb-y-la-asociacion-de-municipalidades-amdel-firman-convenio-de-colaboracion\/"},"wordCount":1005,"commentCount":0,"publisher":{"@id":"https:\/\/vrip.ubiobio.cl\/inicio\/#organization"},"image":{"@id":"https:\/\/vrip.ubiobio.cl\/inicio\/noticias\/ubb-y-la-asociacion-de-municipalidades-amdel-firman-convenio-de-colaboracion\/#primaryimage"},"thumbnailUrl":"https:\/\/vrip.ubiobio.cl\/wp-content\/uploads\/2023\/06\/DSC_1261.jpg","articleSection":["Noticias"],"inLanguage":"es","potentialAction":[{"@type":"CommentAction","name":"Comment","target":["https:\/\/vrip.ubiobio.cl\/inicio\/noticias\/ubb-y-la-asociacion-de-municipalidades-amdel-firman-convenio-de-colaboracion\/#respond"]}]},{"@type":"WebPage","@id":"https:\/\/vrip.ubiobio.cl\/inicio\/noticias\/ubb-y-la-asociacion-de-municipalidades-amdel-firman-convenio-de-colaboracion\/","url":"https:\/\/vrip.ubiobio.cl\/inicio\/noticias\/ubb-y-la-asociacion-de-municipalidades-amdel-firman-convenio-de-colaboracion\/","name":"UBB y la Asociaci\u00f3n de Municipalidades (AMDEL) firman convenio de colaboraci\u00f3n - VRIP","isPartOf":{"@id":"https:\/\/vrip.ubiobio.cl\/inicio\/#website"},"primaryImageOfPage":{"@id":"https:\/\/vrip.ubiobio.cl\/inicio\/noticias\/ubb-y-la-asociacion-de-municipalidades-amdel-firman-convenio-de-colaboracion\/#primaryimage"},"image":{"@id":"https:\/\/vrip.ubiobio.cl\/inicio\/noticias\/ubb-y-la-asociacion-de-municipalidades-amdel-firman-convenio-de-colaboracion\/#primaryimage"},"thumbnailUrl":"https:\/\/vrip.ubiobio.cl\/wp-content\/uploads\/2023\/06\/DSC_1261.jpg","datePublished":"2023-06-20T09:15:39+00:00","dateModified":"2023-06-20T17:13:28+00:00","breadcrumb":{"@id":"https:\/\/vrip.ubiobio.cl\/inicio\/noticias\/ubb-y-la-asociacion-de-municipalidades-amdel-firman-convenio-de-colaboracion\/#breadcrumb"},"inLanguage":"es","potentialAction":[{"@type":"ReadAction","target":["https:\/\/vrip.ubiobio.cl\/inicio\/noticias\/ubb-y-la-asociacion-de-municipalidades-amdel-firman-convenio-de-colaboracion\/"]}]},{"@type":"ImageObject","inLanguage":"es","@id":"https:\/\/vrip.ubiobio.cl\/inicio\/noticias\/ubb-y-la-asociacion-de-municipalidades-amdel-firman-convenio-de-colaboracion\/#primaryimage","url":"https:\/\/vrip.ubiobio.cl\/wp-content\/uploads\/2023\/06\/DSC_1261.jpg","contentUrl":"https:\/\/vrip.ubiobio.cl\/wp-content\/uploads\/2023\/06\/DSC_1261.jpg","width":817,"height":546},{"@type":"BreadcrumbList","@id":"https:\/\/vrip.ubiobio.cl\/inicio\/noticias\/ubb-y-la-asociacion-de-municipalidades-amdel-firman-convenio-de-colaboracion\/#breadcrumb","itemListElement":[{"@type":"ListItem","position":1,"name":"Portada","item":"https:\/\/vrip.ubiobio.cl\/inicio\/"},{"@type":"ListItem","position":2,"name":"UBB y la Asociaci\u00f3n de Municipalidades (AMDEL) firman convenio de colaboraci\u00f3n"}]},{"@type":"WebSite","@id":"https:\/\/vrip.ubiobio.cl\/inicio\/#website","url":"https:\/\/vrip.ubiobio.cl\/inicio\/","name":"VRIP","description":"Vicerrector\u00eda de Investigaci\u00f3n y Postgrado","publisher":{"@id":"https:\/\/vrip.ubiobio.cl\/inicio\/#organization"},"potentialAction":[{"@type":"SearchAction","target":{"@type":"EntryPoint","urlTemplate":"https:\/\/vrip.ubiobio.cl\/inicio\/?s={search_term_string}"},"query-input":{"@type":"PropertyValueSpecification","valueRequired":true,"valueName":"search_term_string"}}],"inLanguage":"es"},{"@type":"Organization","@id":"https:\/\/vrip.ubiobio.cl\/inicio\/#organization","name":"VRIP","url":"https:\/\/vrip.ubiobio.cl\/inicio\/","logo":{"@type":"ImageObject","inLanguage":"es","@id":"https:\/\/vrip.ubiobio.cl\/inicio\/#\/schema\/logo\/image\/","url":"https:\/\/vrip.ubiobio.cl\/wp-content\/uploads\/2022\/10\/logo-vrip_Mesa-de-trabajo-1.png","contentUrl":"https:\/\/vrip.ubiobio.cl\/wp-content\/uploads\/2022\/10\/logo-vrip_Mesa-de-trabajo-1.png","width":642,"height":178,"caption":"VRIP"},"image":{"@id":"https:\/\/vrip.ubiobio.cl\/inicio\/#\/schema\/logo\/image\/"},"sameAs":["https:\/\/x.com\/vripubb","https:\/\/www.instagram.com\/vrip_ubb\/","https:\/\/www.youtube.com\/channel\/UCf7o8yHRJ7Y_QQLxwu1KQgA","https:\/\/www.linkedin.com\/company\/96035097\/admin\/dashboard\/"]},{"@type":"Person","@id":"https:\/\/vrip.ubiobio.cl\/inicio\/#\/schema\/person\/39f3cf67f158f0420b4eb8baa645a9c0","name":"Dagoberto Perez","image":{"@type":"ImageObject","inLanguage":"es","@id":"https:\/\/secure.gravatar.com\/avatar\/d16ec183e637d727e6c6574e3768aa439442611065e2b4f983793af8bb630edc?s=96&d=mm&r=g","url":"https:\/\/secure.gravatar.com\/avatar\/d16ec183e637d727e6c6574e3768aa439442611065e2b4f983793af8bb630edc?s=96&d=mm&r=g","contentUrl":"https:\/\/secure.gravatar.com\/avatar\/d16ec183e637d727e6c6574e3768aa439442611065e2b4f983793af8bb630edc?s=96&d=mm&r=g","caption":"Dagoberto Perez"},"url":"https:\/\/vrip.ubiobio.cl\/inicio\/author\/dagoberto\/"}]}},"_links":{"self":[{"href":"https:\/\/vrip.ubiobio.cl\/inicio\/wp-json\/wp\/v2\/posts\/39713","targetHints":{"allow":["GET"]}}],"collection":[{"href":"https:\/\/vrip.ubiobio.cl\/inicio\/wp-json\/wp\/v2\/posts"}],"about":[{"href":"https:\/\/vrip.ubiobio.cl\/inicio\/wp-json\/wp\/v2\/types\/post"}],"author":[{"embeddable":true,"href":"https:\/\/vrip.ubiobio.cl\/inicio\/wp-json\/wp\/v2\/users\/3"}],"replies":[{"embeddable":true,"href":"https:\/\/vrip.ubiobio.cl\/inicio\/wp-json\/wp\/v2\/comments?post=39713"}],"version-history":[{"count":6,"href":"https:\/\/vrip.ubiobio.cl\/inicio\/wp-json\/wp\/v2\/posts\/39713\/revisions"}],"predecessor-version":[{"id":39755,"href":"https:\/\/vrip.ubiobio.cl\/inicio\/wp-json\/wp\/v2\/posts\/39713\/revisions\/39755"}],"wp:featuredmedia":[{"embeddable":true,"href":"https:\/\/vrip.ubiobio.cl\/inicio\/wp-json\/wp\/v2\/media\/39724"}],"wp:attachment":[{"href":"https:\/\/vrip.ubiobio.cl\/inicio\/wp-json\/wp\/v2\/media?parent=39713"}],"wp:term":[{"taxonomy":"category","embeddable":true,"href":"https:\/\/vrip.ubiobio.cl\/inicio\/wp-json\/wp\/v2\/categories?post=39713"},{"taxonomy":"post_tag","embeddable":true,"href":"https:\/\/vrip.ubiobio.cl\/inicio\/wp-json\/wp\/v2\/tags?post=39713"}],"curies":[{"name":"wp","href":"https:\/\/api.w.org\/{rel}","templated":true}]}}