{"id":39697,"date":"2023-06-19T13:57:01","date_gmt":"2023-06-19T13:57:01","guid":{"rendered":"https:\/\/vrip.ubiobio.cl\/inicio\/?p=39697"},"modified":"2023-06-19T13:57:01","modified_gmt":"2023-06-19T13:57:01","slug":"investigadora-ubb-da-a-conocer-resultados-sobre-evaluacion-de-aprendizajes-en-u-de-los-lagos-y-comunidades-educativas-de-chiloe","status":"publish","type":"post","link":"https:\/\/vrip.ubiobio.cl\/inicio\/noticias\/investigadora-ubb-da-a-conocer-resultados-sobre-evaluacion-de-aprendizajes-en-u-de-los-lagos-y-comunidades-educativas-de-chiloe\/","title":{"rendered":"Investigadora UBB da a conocer resultados sobre evaluaci\u00f3n de aprendizajes en U. de Los Lagos y comunidades educativas de Chilo\u00e9"},"content":{"rendered":"<div id='gallery-1' class='gallery galleryid-39697 gallery-columns-2 gallery-size-medium'><figure class='gallery-item'>\n\t\t\t<div class='gallery-icon landscape'>\n\t\t\t\t<a href='https:\/\/vrip.ubiobio.cl\/inicio\/noticias\/investigadora-ubb-da-a-conocer-resultados-sobre-evaluacion-de-aprendizajes-en-u-de-los-lagos-y-comunidades-educativas-de-chiloe\/attachment\/captura-de-pantalla-2023-06-15-a-las-16-37-08\/'><img fetchpriority=\"high\" decoding=\"async\" width=\"380\" height=\"285\" src=\"https:\/\/vrip.ubiobio.cl\/wp-content\/uploads\/2023\/06\/Captura-de-pantalla-2023-06-15-a-las-16.37.08-380x285.png\" class=\"attachment-medium size-medium\" alt=\"\" srcset=\"https:\/\/vrip.ubiobio.cl\/wp-content\/uploads\/2023\/06\/Captura-de-pantalla-2023-06-15-a-las-16.37.08-380x285.png 380w, https:\/\/vrip.ubiobio.cl\/wp-content\/uploads\/2023\/06\/Captura-de-pantalla-2023-06-15-a-las-16.37.08-1024x768.png 1024w, https:\/\/vrip.ubiobio.cl\/wp-content\/uploads\/2023\/06\/Captura-de-pantalla-2023-06-15-a-las-16.37.08-768x576.png 768w, https:\/\/vrip.ubiobio.cl\/wp-content\/uploads\/2023\/06\/Captura-de-pantalla-2023-06-15-a-las-16.37.08.png 1504w\" sizes=\"(max-width: 380px) 100vw, 380px\" \/><\/a>\n\t\t\t<\/div><\/figure><figure class='gallery-item'>\n\t\t\t<div class='gallery-icon landscape'>\n\t\t\t\t<a href='https:\/\/vrip.ubiobio.cl\/inicio\/noticias\/investigadora-ubb-da-a-conocer-resultados-sobre-evaluacion-de-aprendizajes-en-u-de-los-lagos-y-comunidades-educativas-de-chiloe\/attachment\/captura-de-pantalla-2023-06-15-a-las-16-37-14\/'><img decoding=\"async\" width=\"380\" height=\"284\" src=\"https:\/\/vrip.ubiobio.cl\/wp-content\/uploads\/2023\/06\/Captura-de-pantalla-2023-06-15-a-las-16.37.14-380x284.png\" class=\"attachment-medium size-medium\" alt=\"\" srcset=\"https:\/\/vrip.ubiobio.cl\/wp-content\/uploads\/2023\/06\/Captura-de-pantalla-2023-06-15-a-las-16.37.14-380x284.png 380w, https:\/\/vrip.ubiobio.cl\/wp-content\/uploads\/2023\/06\/Captura-de-pantalla-2023-06-15-a-las-16.37.14-1024x766.png 1024w, https:\/\/vrip.ubiobio.cl\/wp-content\/uploads\/2023\/06\/Captura-de-pantalla-2023-06-15-a-las-16.37.14-768x575.png 768w, https:\/\/vrip.ubiobio.cl\/wp-content\/uploads\/2023\/06\/Captura-de-pantalla-2023-06-15-a-las-16.37.14.png 1518w\" sizes=\"(max-width: 380px) 100vw, 380px\" \/><\/a>\n\t\t\t<\/div><\/figure><figure class='gallery-item'>\n\t\t\t<div class='gallery-icon landscape'>\n\t\t\t\t<a href='https:\/\/vrip.ubiobio.cl\/inicio\/noticias\/investigadora-ubb-da-a-conocer-resultados-sobre-evaluacion-de-aprendizajes-en-u-de-los-lagos-y-comunidades-educativas-de-chiloe\/attachment\/captura-de-pantalla-2023-06-15-a-las-16-37-24\/'><img decoding=\"async\" width=\"380\" height=\"244\" src=\"https:\/\/vrip.ubiobio.cl\/wp-content\/uploads\/2023\/06\/Captura-de-pantalla-2023-06-15-a-las-16.37.24-380x244.png\" class=\"attachment-medium size-medium\" alt=\"\" srcset=\"https:\/\/vrip.ubiobio.cl\/wp-content\/uploads\/2023\/06\/Captura-de-pantalla-2023-06-15-a-las-16.37.24-380x244.png 380w, https:\/\/vrip.ubiobio.cl\/wp-content\/uploads\/2023\/06\/Captura-de-pantalla-2023-06-15-a-las-16.37.24-1024x656.png 1024w, https:\/\/vrip.ubiobio.cl\/wp-content\/uploads\/2023\/06\/Captura-de-pantalla-2023-06-15-a-las-16.37.24-768x492.png 768w, https:\/\/vrip.ubiobio.cl\/wp-content\/uploads\/2023\/06\/Captura-de-pantalla-2023-06-15-a-las-16.37.24-1536x984.png 1536w, https:\/\/vrip.ubiobio.cl\/wp-content\/uploads\/2023\/06\/Captura-de-pantalla-2023-06-15-a-las-16.37.24.png 1754w\" sizes=\"(max-width: 380px) 100vw, 380px\" \/><\/a>\n\t\t\t<\/div><\/figure><figure class='gallery-item'>\n\t\t\t<div class='gallery-icon landscape'>\n\t\t\t\t<a href='https:\/\/vrip.ubiobio.cl\/inicio\/noticias\/investigadora-ubb-da-a-conocer-resultados-sobre-evaluacion-de-aprendizajes-en-u-de-los-lagos-y-comunidades-educativas-de-chiloe\/attachment\/captura-de-pantalla-2023-06-15-a-las-16-37-45\/'><img loading=\"lazy\" decoding=\"async\" width=\"380\" height=\"287\" src=\"https:\/\/vrip.ubiobio.cl\/wp-content\/uploads\/2023\/06\/Captura-de-pantalla-2023-06-15-a-las-16.37.45-380x287.png\" class=\"attachment-medium size-medium\" alt=\"\" srcset=\"https:\/\/vrip.ubiobio.cl\/wp-content\/uploads\/2023\/06\/Captura-de-pantalla-2023-06-15-a-las-16.37.45-380x287.png 380w, https:\/\/vrip.ubiobio.cl\/wp-content\/uploads\/2023\/06\/Captura-de-pantalla-2023-06-15-a-las-16.37.45-1024x774.png 1024w, https:\/\/vrip.ubiobio.cl\/wp-content\/uploads\/2023\/06\/Captura-de-pantalla-2023-06-15-a-las-16.37.45-768x581.png 768w, https:\/\/vrip.ubiobio.cl\/wp-content\/uploads\/2023\/06\/Captura-de-pantalla-2023-06-15-a-las-16.37.45.png 1434w\" sizes=\"(max-width: 380px) 100vw, 380px\" \/><\/a>\n\t\t\t<\/div><\/figure><figure class='gallery-item'>\n\t\t\t<div class='gallery-icon landscape'>\n\t\t\t\t<a href='https:\/\/vrip.ubiobio.cl\/inicio\/noticias\/investigadora-ubb-da-a-conocer-resultados-sobre-evaluacion-de-aprendizajes-en-u-de-los-lagos-y-comunidades-educativas-de-chiloe\/attachment\/captura-de-pantalla-2023-06-15-a-las-16-37-56\/'><img loading=\"lazy\" decoding=\"async\" width=\"380\" height=\"282\" src=\"https:\/\/vrip.ubiobio.cl\/wp-content\/uploads\/2023\/06\/Captura-de-pantalla-2023-06-15-a-las-16.37.56-380x282.png\" class=\"attachment-medium size-medium\" alt=\"\" srcset=\"https:\/\/vrip.ubiobio.cl\/wp-content\/uploads\/2023\/06\/Captura-de-pantalla-2023-06-15-a-las-16.37.56-380x282.png 380w, https:\/\/vrip.ubiobio.cl\/wp-content\/uploads\/2023\/06\/Captura-de-pantalla-2023-06-15-a-las-16.37.56-1024x760.png 1024w, https:\/\/vrip.ubiobio.cl\/wp-content\/uploads\/2023\/06\/Captura-de-pantalla-2023-06-15-a-las-16.37.56-768x570.png 768w, https:\/\/vrip.ubiobio.cl\/wp-content\/uploads\/2023\/06\/Captura-de-pantalla-2023-06-15-a-las-16.37.56.png 1506w\" sizes=\"(max-width: 380px) 100vw, 380px\" \/><\/a>\n\t\t\t<\/div><\/figure><figure class='gallery-item'>\n\t\t\t<div class='gallery-icon landscape'>\n\t\t\t\t<a href='https:\/\/vrip.ubiobio.cl\/inicio\/noticias\/investigadora-ubb-da-a-conocer-resultados-sobre-evaluacion-de-aprendizajes-en-u-de-los-lagos-y-comunidades-educativas-de-chiloe\/attachment\/captura-de-pantalla-2023-06-15-a-las-16-38-03\/'><img loading=\"lazy\" decoding=\"async\" width=\"380\" height=\"285\" src=\"https:\/\/vrip.ubiobio.cl\/wp-content\/uploads\/2023\/06\/Captura-de-pantalla-2023-06-15-a-las-16.38.03-380x285.png\" class=\"attachment-medium size-medium\" alt=\"\" srcset=\"https:\/\/vrip.ubiobio.cl\/wp-content\/uploads\/2023\/06\/Captura-de-pantalla-2023-06-15-a-las-16.38.03-380x285.png 380w, https:\/\/vrip.ubiobio.cl\/wp-content\/uploads\/2023\/06\/Captura-de-pantalla-2023-06-15-a-las-16.38.03-1024x768.png 1024w, https:\/\/vrip.ubiobio.cl\/wp-content\/uploads\/2023\/06\/Captura-de-pantalla-2023-06-15-a-las-16.38.03-768x576.png 768w, https:\/\/vrip.ubiobio.cl\/wp-content\/uploads\/2023\/06\/Captura-de-pantalla-2023-06-15-a-las-16.38.03.png 1514w\" sizes=\"(max-width: 380px) 100vw, 380px\" \/><\/a>\n\t\t\t<\/div><\/figure>\n\t\t<\/div>\n\n<p><em>La acad\u00e9mica Dra. Ana Carolina Maldonado Fuentes, del Departamento Ciencias de la Educaci\u00f3n, de la Universidad del B\u00edo-B\u00edo, particip\u00f3, durante los d\u00edas 24, 25 y 26 de mayo reci\u00e9n pasado, en diversas actividades de difusi\u00f3n de resultados del Proyecto Regular de Investigaci\u00f3n en Docencia REFID (c\u00f3digo 2150210), cuya ejecuci\u00f3n se efectu\u00f3 en un equipo de investigaci\u00f3n interuniversitario integrado tambi\u00e9n por los coinvestigadores el Dr. Pedro Sandoval Rubilar (UBB) y la Dra. M\u00f3nica Tapia-Ladino (UCSC). <\/em><\/p>\n<div class=\"perfect-pullquote  pullquote-align-right\"><blockquote><p>Por su parte, el coordinador del Programa de Investigaci\u00f3n en Docencia y Aprendizaje (PIDA) de la Universidad del B\u00edo-B\u00edo, Rodrigo Ortiz, destac\u00f3 que el proyecto Regular de Investigaci\u00f3n en Docencia \u201cDe estudiante a profesor: Representaciones sobre la Evaluaci\u00f3n en Carreras Pedag\u00f3gicas UBB\u201d (REFID)\u00a0 la iniciativa que se encuentra en ejecuci\u00f3n, ya ha generado resultados muy relevantes.<\/p><\/blockquote><\/div>\n<p>El programa de actividades en la zona sur de Chile contempl\u00f3 di\u00e1logos con estudiantes de Pedagog\u00eda en Educaci\u00f3n General B\u00e1sica de la Universidad de Los Lagos (Sede Chilo\u00e9). \u00a0\u201cEsta carrera est\u00e1 orientada al desarrollo inicial de la profesi\u00f3n docente en territorio insular para la regi\u00f3n y el pa\u00eds e interesada en establecer vinculaci\u00f3n con investigaciones educativas que impacten en el \u00e1mbito acad\u00e9mico, as\u00ed como en las pol\u00edticas p\u00fablicas y las pr\u00e1cticas educativas\u201d, expres\u00f3 Francisco N\u00fa\u00f1ez Romero, director.<\/p>\n<p>Un hito lo constituy\u00f3 la realizaci\u00f3n de conversatorios sobre la Evaluaci\u00f3n de los Aprendizajes con acad\u00e9micos, profesores y profesoras del sistema escolar, cuyos di\u00e1logos favorecieron una comprensi\u00f3n situada de las representaciones. Es as\u00ed como se profundiz\u00f3 en los aspectos socioacad\u00e9micos y socioemocionales impl\u00edcitos en la evaluaci\u00f3n, cuya vivencia incide en el modo de concebir este proceso.<\/p>\n<p>Estas actividades se desarrollaron en dependencias de la Universidad de Los Lagos (Castro) y en el Liceo Bicentenario de Dalcahue. Se cont\u00f3 con la participaci\u00f3n de m\u00e1s de una treintena de docentes, directivos, jefes de UTP y coordinadores de ciclo provenientes de Castro, Dalcahue, Ancud, Curaco de V\u00e9lez, Quenchi, entre otros, cuya presencia fue posibilitada con el apoyo de DeProv-Chilo\u00e9.<\/p>\n<p>Por su parte, el coordinador del Programa de Investigaci\u00f3n en Docencia y Aprendizaje (PIDA) de la Universidad del B\u00edo-B\u00edo, Rodrigo Ortiz, destac\u00f3 que el proyecto Regular de Investigaci\u00f3n en Docencia \u201cDe estudiante a profesor: Representaciones sobre la Evaluaci\u00f3n en Carreras Pedag\u00f3gicas UBB\u201d (REFID)\u00a0 la iniciativa que se encuentra en ejecuci\u00f3n, ya ha generado resultados muy relevantes. \u201cSe han publicado art\u00edculos en revistas cient\u00edficas, se impuls\u00f3 la participaci\u00f3n de un n\u00famero importante de estudiantes y la realizaci\u00f3n de tesis de pregrado. Esta actividad de vinculaci\u00f3n es un nexo significativo para la UBB, no s\u00f3lo porque se articulan acciones con otras universidades, sino porque tambi\u00e9n es una acci\u00f3n que promueve la descentralizaci\u00f3n de los conocimientos que se producen\u201d.<\/p>\n<p>Fuente: VRIP Comunicaciones<\/p>\n","protected":false},"excerpt":{"rendered":"<p>La acad\u00e9mica Dra. Ana Carolina Maldonado Fuentes, del Departamento Ciencias de la Educaci\u00f3n, de la Universidad del B\u00edo-B\u00edo, particip\u00f3, durante los d\u00edas 24, 25 y 26 de mayo reci\u00e9n pasado, en diversas actividades de difusi\u00f3n de resultados del Proyecto Regular de Investigaci\u00f3n en Docencia REFID (c\u00f3digo 2150210), cuya ejecuci\u00f3n se efectu\u00f3 en un equipo de&#8230;<\/p>\n","protected":false},"author":3,"featured_media":39705,"comment_status":"open","ping_status":"open","sticky":false,"template":"","format":"standard","meta":{"_kadence_starter_templates_imported_post":false,"_kad_post_transparent":"default","_kad_post_title":"default","_kad_post_layout":"default","_kad_post_sidebar_id":"","_kad_post_content_style":"default","_kad_post_vertical_padding":"default","_kad_post_feature":"","_kad_post_feature_position":"","_kad_post_header":false,"_kad_post_footer":false,"footnotes":""},"categories":[3],"tags":[],"class_list":["post-39697","post","type-post","status-publish","format-standard","has-post-thumbnail","hentry","category-noticias"],"yoast_head":"<!-- This site is optimized with the Yoast SEO plugin v27.5 - https:\/\/yoast.com\/product\/yoast-seo-wordpress\/ -->\n<title>Investigadora UBB da a conocer resultados sobre evaluaci\u00f3n de aprendizajes en U. de Los Lagos y comunidades educativas de Chilo\u00e9 - VRIP<\/title>\n<meta name=\"robots\" content=\"index, follow, max-snippet:-1, max-image-preview:large, max-video-preview:-1\" \/>\n<link rel=\"canonical\" href=\"https:\/\/vrip.ubiobio.cl\/inicio\/noticias\/investigadora-ubb-da-a-conocer-resultados-sobre-evaluacion-de-aprendizajes-en-u-de-los-lagos-y-comunidades-educativas-de-chiloe\/\" \/>\n<meta property=\"og:locale\" content=\"es_ES\" \/>\n<meta property=\"og:type\" content=\"article\" \/>\n<meta property=\"og:title\" content=\"Investigadora UBB da a conocer resultados sobre evaluaci\u00f3n de aprendizajes en U. de Los Lagos y comunidades educativas de Chilo\u00e9 - VRIP\" \/>\n<meta property=\"og:description\" content=\"La acad\u00e9mica Dra. Ana Carolina Maldonado Fuentes, del Departamento Ciencias de la Educaci\u00f3n, de la Universidad del B\u00edo-B\u00edo, particip\u00f3, durante los d\u00edas 24, 25 y 26 de mayo reci\u00e9n pasado, en diversas actividades de difusi\u00f3n de resultados del Proyecto Regular de Investigaci\u00f3n en Docencia REFID (c\u00f3digo 2150210), cuya ejecuci\u00f3n se efectu\u00f3 en un equipo de...\" \/>\n<meta property=\"og:url\" content=\"https:\/\/vrip.ubiobio.cl\/inicio\/noticias\/investigadora-ubb-da-a-conocer-resultados-sobre-evaluacion-de-aprendizajes-en-u-de-los-lagos-y-comunidades-educativas-de-chiloe\/\" \/>\n<meta property=\"og:site_name\" content=\"VRIP\" \/>\n<meta property=\"article:published_time\" content=\"2023-06-19T13:57:01+00:00\" \/>\n<meta property=\"og:image\" content=\"https:\/\/vrip.ubiobio.cl\/wp-content\/uploads\/2023\/06\/Captura-de-pantalla-2023-06-15-a-las-16.37.31-1024x723.png\" \/>\n\t<meta property=\"og:image:width\" content=\"1024\" \/>\n\t<meta property=\"og:image:height\" content=\"723\" \/>\n\t<meta property=\"og:image:type\" content=\"image\/png\" \/>\n<meta name=\"author\" content=\"Dagoberto Perez\" \/>\n<meta name=\"twitter:card\" content=\"summary_large_image\" \/>\n<meta name=\"twitter:creator\" content=\"@vripubb\" \/>\n<meta name=\"twitter:site\" content=\"@vripubb\" \/>\n<meta name=\"twitter:label1\" content=\"Escrito por\" \/>\n\t<meta name=\"twitter:data1\" content=\"Dagoberto Perez\" \/>\n\t<meta name=\"twitter:label2\" content=\"Tiempo de lectura\" \/>\n\t<meta name=\"twitter:data2\" content=\"3 minutos\" \/>\n<script type=\"application\/ld+json\" class=\"yoast-schema-graph\">{\"@context\":\"https:\\\/\\\/schema.org\",\"@graph\":[{\"@type\":\"Article\",\"@id\":\"https:\\\/\\\/vrip.ubiobio.cl\\\/inicio\\\/noticias\\\/investigadora-ubb-da-a-conocer-resultados-sobre-evaluacion-de-aprendizajes-en-u-de-los-lagos-y-comunidades-educativas-de-chiloe\\\/#article\",\"isPartOf\":{\"@id\":\"https:\\\/\\\/vrip.ubiobio.cl\\\/inicio\\\/noticias\\\/investigadora-ubb-da-a-conocer-resultados-sobre-evaluacion-de-aprendizajes-en-u-de-los-lagos-y-comunidades-educativas-de-chiloe\\\/\"},\"author\":{\"name\":\"Dagoberto Perez\",\"@id\":\"https:\\\/\\\/vrip.ubiobio.cl\\\/inicio\\\/#\\\/schema\\\/person\\\/39f3cf67f158f0420b4eb8baa645a9c0\"},\"headline\":\"Investigadora UBB da a conocer resultados sobre evaluaci\u00f3n de aprendizajes en U. de Los Lagos y comunidades educativas de Chilo\u00e9\",\"datePublished\":\"2023-06-19T13:57:01+00:00\",\"mainEntityOfPage\":{\"@id\":\"https:\\\/\\\/vrip.ubiobio.cl\\\/inicio\\\/noticias\\\/investigadora-ubb-da-a-conocer-resultados-sobre-evaluacion-de-aprendizajes-en-u-de-los-lagos-y-comunidades-educativas-de-chiloe\\\/\"},\"wordCount\":534,\"commentCount\":0,\"publisher\":{\"@id\":\"https:\\\/\\\/vrip.ubiobio.cl\\\/inicio\\\/#organization\"},\"image\":{\"@id\":\"https:\\\/\\\/vrip.ubiobio.cl\\\/inicio\\\/noticias\\\/investigadora-ubb-da-a-conocer-resultados-sobre-evaluacion-de-aprendizajes-en-u-de-los-lagos-y-comunidades-educativas-de-chiloe\\\/#primaryimage\"},\"thumbnailUrl\":\"https:\\\/\\\/vrip.ubiobio.cl\\\/wp-content\\\/uploads\\\/2023\\\/06\\\/Captura-de-pantalla-2023-06-15-a-las-16.37.31.png\",\"articleSection\":[\"Noticias\"],\"inLanguage\":\"es\",\"potentialAction\":[{\"@type\":\"CommentAction\",\"name\":\"Comment\",\"target\":[\"https:\\\/\\\/vrip.ubiobio.cl\\\/inicio\\\/noticias\\\/investigadora-ubb-da-a-conocer-resultados-sobre-evaluacion-de-aprendizajes-en-u-de-los-lagos-y-comunidades-educativas-de-chiloe\\\/#respond\"]}]},{\"@type\":\"WebPage\",\"@id\":\"https:\\\/\\\/vrip.ubiobio.cl\\\/inicio\\\/noticias\\\/investigadora-ubb-da-a-conocer-resultados-sobre-evaluacion-de-aprendizajes-en-u-de-los-lagos-y-comunidades-educativas-de-chiloe\\\/\",\"url\":\"https:\\\/\\\/vrip.ubiobio.cl\\\/inicio\\\/noticias\\\/investigadora-ubb-da-a-conocer-resultados-sobre-evaluacion-de-aprendizajes-en-u-de-los-lagos-y-comunidades-educativas-de-chiloe\\\/\",\"name\":\"Investigadora UBB da a conocer resultados sobre evaluaci\u00f3n de aprendizajes en U. de Los Lagos y comunidades educativas de Chilo\u00e9 - VRIP\",\"isPartOf\":{\"@id\":\"https:\\\/\\\/vrip.ubiobio.cl\\\/inicio\\\/#website\"},\"primaryImageOfPage\":{\"@id\":\"https:\\\/\\\/vrip.ubiobio.cl\\\/inicio\\\/noticias\\\/investigadora-ubb-da-a-conocer-resultados-sobre-evaluacion-de-aprendizajes-en-u-de-los-lagos-y-comunidades-educativas-de-chiloe\\\/#primaryimage\"},\"image\":{\"@id\":\"https:\\\/\\\/vrip.ubiobio.cl\\\/inicio\\\/noticias\\\/investigadora-ubb-da-a-conocer-resultados-sobre-evaluacion-de-aprendizajes-en-u-de-los-lagos-y-comunidades-educativas-de-chiloe\\\/#primaryimage\"},\"thumbnailUrl\":\"https:\\\/\\\/vrip.ubiobio.cl\\\/wp-content\\\/uploads\\\/2023\\\/06\\\/Captura-de-pantalla-2023-06-15-a-las-16.37.31.png\",\"datePublished\":\"2023-06-19T13:57:01+00:00\",\"breadcrumb\":{\"@id\":\"https:\\\/\\\/vrip.ubiobio.cl\\\/inicio\\\/noticias\\\/investigadora-ubb-da-a-conocer-resultados-sobre-evaluacion-de-aprendizajes-en-u-de-los-lagos-y-comunidades-educativas-de-chiloe\\\/#breadcrumb\"},\"inLanguage\":\"es\",\"potentialAction\":[{\"@type\":\"ReadAction\",\"target\":[\"https:\\\/\\\/vrip.ubiobio.cl\\\/inicio\\\/noticias\\\/investigadora-ubb-da-a-conocer-resultados-sobre-evaluacion-de-aprendizajes-en-u-de-los-lagos-y-comunidades-educativas-de-chiloe\\\/\"]}]},{\"@type\":\"ImageObject\",\"inLanguage\":\"es\",\"@id\":\"https:\\\/\\\/vrip.ubiobio.cl\\\/inicio\\\/noticias\\\/investigadora-ubb-da-a-conocer-resultados-sobre-evaluacion-de-aprendizajes-en-u-de-los-lagos-y-comunidades-educativas-de-chiloe\\\/#primaryimage\",\"url\":\"https:\\\/\\\/vrip.ubiobio.cl\\\/wp-content\\\/uploads\\\/2023\\\/06\\\/Captura-de-pantalla-2023-06-15-a-las-16.37.31.png\",\"contentUrl\":\"https:\\\/\\\/vrip.ubiobio.cl\\\/wp-content\\\/uploads\\\/2023\\\/06\\\/Captura-de-pantalla-2023-06-15-a-las-16.37.31.png\",\"width\":1540,\"height\":1088},{\"@type\":\"BreadcrumbList\",\"@id\":\"https:\\\/\\\/vrip.ubiobio.cl\\\/inicio\\\/noticias\\\/investigadora-ubb-da-a-conocer-resultados-sobre-evaluacion-de-aprendizajes-en-u-de-los-lagos-y-comunidades-educativas-de-chiloe\\\/#breadcrumb\",\"itemListElement\":[{\"@type\":\"ListItem\",\"position\":1,\"name\":\"Portada\",\"item\":\"https:\\\/\\\/vrip.ubiobio.cl\\\/inicio\\\/\"},{\"@type\":\"ListItem\",\"position\":2,\"name\":\"Investigadora UBB da a conocer resultados sobre evaluaci\u00f3n de aprendizajes en U. de Los Lagos y comunidades educativas de Chilo\u00e9\"}]},{\"@type\":\"WebSite\",\"@id\":\"https:\\\/\\\/vrip.ubiobio.cl\\\/inicio\\\/#website\",\"url\":\"https:\\\/\\\/vrip.ubiobio.cl\\\/inicio\\\/\",\"name\":\"VRIP\",\"description\":\"Vicerrector\u00eda de Investigaci\u00f3n y Postgrado\",\"publisher\":{\"@id\":\"https:\\\/\\\/vrip.ubiobio.cl\\\/inicio\\\/#organization\"},\"potentialAction\":[{\"@type\":\"SearchAction\",\"target\":{\"@type\":\"EntryPoint\",\"urlTemplate\":\"https:\\\/\\\/vrip.ubiobio.cl\\\/inicio\\\/?s={search_term_string}\"},\"query-input\":{\"@type\":\"PropertyValueSpecification\",\"valueRequired\":true,\"valueName\":\"search_term_string\"}}],\"inLanguage\":\"es\"},{\"@type\":\"Organization\",\"@id\":\"https:\\\/\\\/vrip.ubiobio.cl\\\/inicio\\\/#organization\",\"name\":\"VRIP\",\"url\":\"https:\\\/\\\/vrip.ubiobio.cl\\\/inicio\\\/\",\"logo\":{\"@type\":\"ImageObject\",\"inLanguage\":\"es\",\"@id\":\"https:\\\/\\\/vrip.ubiobio.cl\\\/inicio\\\/#\\\/schema\\\/logo\\\/image\\\/\",\"url\":\"https:\\\/\\\/vrip.ubiobio.cl\\\/wp-content\\\/uploads\\\/2022\\\/10\\\/logo-vrip_Mesa-de-trabajo-1.png\",\"contentUrl\":\"https:\\\/\\\/vrip.ubiobio.cl\\\/wp-content\\\/uploads\\\/2022\\\/10\\\/logo-vrip_Mesa-de-trabajo-1.png\",\"width\":642,\"height\":178,\"caption\":\"VRIP\"},\"image\":{\"@id\":\"https:\\\/\\\/vrip.ubiobio.cl\\\/inicio\\\/#\\\/schema\\\/logo\\\/image\\\/\"},\"sameAs\":[\"https:\\\/\\\/x.com\\\/vripubb\",\"https:\\\/\\\/www.instagram.com\\\/vrip_ubb\\\/\",\"https:\\\/\\\/www.youtube.com\\\/channel\\\/UCf7o8yHRJ7Y_QQLxwu1KQgA\",\"https:\\\/\\\/www.linkedin.com\\\/company\\\/96035097\\\/admin\\\/dashboard\\\/\"]},{\"@type\":\"Person\",\"@id\":\"https:\\\/\\\/vrip.ubiobio.cl\\\/inicio\\\/#\\\/schema\\\/person\\\/39f3cf67f158f0420b4eb8baa645a9c0\",\"name\":\"Dagoberto Perez\",\"image\":{\"@type\":\"ImageObject\",\"inLanguage\":\"es\",\"@id\":\"https:\\\/\\\/secure.gravatar.com\\\/avatar\\\/d16ec183e637d727e6c6574e3768aa439442611065e2b4f983793af8bb630edc?s=96&d=mm&r=g\",\"url\":\"https:\\\/\\\/secure.gravatar.com\\\/avatar\\\/d16ec183e637d727e6c6574e3768aa439442611065e2b4f983793af8bb630edc?s=96&d=mm&r=g\",\"contentUrl\":\"https:\\\/\\\/secure.gravatar.com\\\/avatar\\\/d16ec183e637d727e6c6574e3768aa439442611065e2b4f983793af8bb630edc?s=96&d=mm&r=g\",\"caption\":\"Dagoberto Perez\"},\"url\":\"https:\\\/\\\/vrip.ubiobio.cl\\\/inicio\\\/author\\\/dagoberto\\\/\"}]}<\/script>\n<!-- \/ Yoast SEO plugin. -->","yoast_head_json":{"title":"Investigadora UBB da a conocer resultados sobre evaluaci\u00f3n de aprendizajes en U. de Los Lagos y comunidades educativas de Chilo\u00e9 - VRIP","robots":{"index":"index","follow":"follow","max-snippet":"max-snippet:-1","max-image-preview":"max-image-preview:large","max-video-preview":"max-video-preview:-1"},"canonical":"https:\/\/vrip.ubiobio.cl\/inicio\/noticias\/investigadora-ubb-da-a-conocer-resultados-sobre-evaluacion-de-aprendizajes-en-u-de-los-lagos-y-comunidades-educativas-de-chiloe\/","og_locale":"es_ES","og_type":"article","og_title":"Investigadora UBB da a conocer resultados sobre evaluaci\u00f3n de aprendizajes en U. de Los Lagos y comunidades educativas de Chilo\u00e9 - VRIP","og_description":"La acad\u00e9mica Dra. Ana Carolina Maldonado Fuentes, del Departamento Ciencias de la Educaci\u00f3n, de la Universidad del B\u00edo-B\u00edo, particip\u00f3, durante los d\u00edas 24, 25 y 26 de mayo reci\u00e9n pasado, en diversas actividades de difusi\u00f3n de resultados del Proyecto Regular de Investigaci\u00f3n en Docencia REFID (c\u00f3digo 2150210), cuya ejecuci\u00f3n se efectu\u00f3 en un equipo de...","og_url":"https:\/\/vrip.ubiobio.cl\/inicio\/noticias\/investigadora-ubb-da-a-conocer-resultados-sobre-evaluacion-de-aprendizajes-en-u-de-los-lagos-y-comunidades-educativas-de-chiloe\/","og_site_name":"VRIP","article_published_time":"2023-06-19T13:57:01+00:00","og_image":[{"width":1024,"height":723,"url":"https:\/\/vrip.ubiobio.cl\/wp-content\/uploads\/2023\/06\/Captura-de-pantalla-2023-06-15-a-las-16.37.31-1024x723.png","type":"image\/png"}],"author":"Dagoberto Perez","twitter_card":"summary_large_image","twitter_creator":"@vripubb","twitter_site":"@vripubb","twitter_misc":{"Escrito por":"Dagoberto Perez","Tiempo de lectura":"3 minutos"},"schema":{"@context":"https:\/\/schema.org","@graph":[{"@type":"Article","@id":"https:\/\/vrip.ubiobio.cl\/inicio\/noticias\/investigadora-ubb-da-a-conocer-resultados-sobre-evaluacion-de-aprendizajes-en-u-de-los-lagos-y-comunidades-educativas-de-chiloe\/#article","isPartOf":{"@id":"https:\/\/vrip.ubiobio.cl\/inicio\/noticias\/investigadora-ubb-da-a-conocer-resultados-sobre-evaluacion-de-aprendizajes-en-u-de-los-lagos-y-comunidades-educativas-de-chiloe\/"},"author":{"name":"Dagoberto Perez","@id":"https:\/\/vrip.ubiobio.cl\/inicio\/#\/schema\/person\/39f3cf67f158f0420b4eb8baa645a9c0"},"headline":"Investigadora UBB da a conocer resultados sobre evaluaci\u00f3n de aprendizajes en U. de Los Lagos y comunidades educativas de Chilo\u00e9","datePublished":"2023-06-19T13:57:01+00:00","mainEntityOfPage":{"@id":"https:\/\/vrip.ubiobio.cl\/inicio\/noticias\/investigadora-ubb-da-a-conocer-resultados-sobre-evaluacion-de-aprendizajes-en-u-de-los-lagos-y-comunidades-educativas-de-chiloe\/"},"wordCount":534,"commentCount":0,"publisher":{"@id":"https:\/\/vrip.ubiobio.cl\/inicio\/#organization"},"image":{"@id":"https:\/\/vrip.ubiobio.cl\/inicio\/noticias\/investigadora-ubb-da-a-conocer-resultados-sobre-evaluacion-de-aprendizajes-en-u-de-los-lagos-y-comunidades-educativas-de-chiloe\/#primaryimage"},"thumbnailUrl":"https:\/\/vrip.ubiobio.cl\/wp-content\/uploads\/2023\/06\/Captura-de-pantalla-2023-06-15-a-las-16.37.31.png","articleSection":["Noticias"],"inLanguage":"es","potentialAction":[{"@type":"CommentAction","name":"Comment","target":["https:\/\/vrip.ubiobio.cl\/inicio\/noticias\/investigadora-ubb-da-a-conocer-resultados-sobre-evaluacion-de-aprendizajes-en-u-de-los-lagos-y-comunidades-educativas-de-chiloe\/#respond"]}]},{"@type":"WebPage","@id":"https:\/\/vrip.ubiobio.cl\/inicio\/noticias\/investigadora-ubb-da-a-conocer-resultados-sobre-evaluacion-de-aprendizajes-en-u-de-los-lagos-y-comunidades-educativas-de-chiloe\/","url":"https:\/\/vrip.ubiobio.cl\/inicio\/noticias\/investigadora-ubb-da-a-conocer-resultados-sobre-evaluacion-de-aprendizajes-en-u-de-los-lagos-y-comunidades-educativas-de-chiloe\/","name":"Investigadora UBB da a conocer resultados sobre evaluaci\u00f3n de aprendizajes en U. de Los Lagos y comunidades educativas de Chilo\u00e9 - VRIP","isPartOf":{"@id":"https:\/\/vrip.ubiobio.cl\/inicio\/#website"},"primaryImageOfPage":{"@id":"https:\/\/vrip.ubiobio.cl\/inicio\/noticias\/investigadora-ubb-da-a-conocer-resultados-sobre-evaluacion-de-aprendizajes-en-u-de-los-lagos-y-comunidades-educativas-de-chiloe\/#primaryimage"},"image":{"@id":"https:\/\/vrip.ubiobio.cl\/inicio\/noticias\/investigadora-ubb-da-a-conocer-resultados-sobre-evaluacion-de-aprendizajes-en-u-de-los-lagos-y-comunidades-educativas-de-chiloe\/#primaryimage"},"thumbnailUrl":"https:\/\/vrip.ubiobio.cl\/wp-content\/uploads\/2023\/06\/Captura-de-pantalla-2023-06-15-a-las-16.37.31.png","datePublished":"2023-06-19T13:57:01+00:00","breadcrumb":{"@id":"https:\/\/vrip.ubiobio.cl\/inicio\/noticias\/investigadora-ubb-da-a-conocer-resultados-sobre-evaluacion-de-aprendizajes-en-u-de-los-lagos-y-comunidades-educativas-de-chiloe\/#breadcrumb"},"inLanguage":"es","potentialAction":[{"@type":"ReadAction","target":["https:\/\/vrip.ubiobio.cl\/inicio\/noticias\/investigadora-ubb-da-a-conocer-resultados-sobre-evaluacion-de-aprendizajes-en-u-de-los-lagos-y-comunidades-educativas-de-chiloe\/"]}]},{"@type":"ImageObject","inLanguage":"es","@id":"https:\/\/vrip.ubiobio.cl\/inicio\/noticias\/investigadora-ubb-da-a-conocer-resultados-sobre-evaluacion-de-aprendizajes-en-u-de-los-lagos-y-comunidades-educativas-de-chiloe\/#primaryimage","url":"https:\/\/vrip.ubiobio.cl\/wp-content\/uploads\/2023\/06\/Captura-de-pantalla-2023-06-15-a-las-16.37.31.png","contentUrl":"https:\/\/vrip.ubiobio.cl\/wp-content\/uploads\/2023\/06\/Captura-de-pantalla-2023-06-15-a-las-16.37.31.png","width":1540,"height":1088},{"@type":"BreadcrumbList","@id":"https:\/\/vrip.ubiobio.cl\/inicio\/noticias\/investigadora-ubb-da-a-conocer-resultados-sobre-evaluacion-de-aprendizajes-en-u-de-los-lagos-y-comunidades-educativas-de-chiloe\/#breadcrumb","itemListElement":[{"@type":"ListItem","position":1,"name":"Portada","item":"https:\/\/vrip.ubiobio.cl\/inicio\/"},{"@type":"ListItem","position":2,"name":"Investigadora UBB da a conocer resultados sobre evaluaci\u00f3n de aprendizajes en U. de Los Lagos y comunidades educativas de Chilo\u00e9"}]},{"@type":"WebSite","@id":"https:\/\/vrip.ubiobio.cl\/inicio\/#website","url":"https:\/\/vrip.ubiobio.cl\/inicio\/","name":"VRIP","description":"Vicerrector\u00eda de Investigaci\u00f3n y Postgrado","publisher":{"@id":"https:\/\/vrip.ubiobio.cl\/inicio\/#organization"},"potentialAction":[{"@type":"SearchAction","target":{"@type":"EntryPoint","urlTemplate":"https:\/\/vrip.ubiobio.cl\/inicio\/?s={search_term_string}"},"query-input":{"@type":"PropertyValueSpecification","valueRequired":true,"valueName":"search_term_string"}}],"inLanguage":"es"},{"@type":"Organization","@id":"https:\/\/vrip.ubiobio.cl\/inicio\/#organization","name":"VRIP","url":"https:\/\/vrip.ubiobio.cl\/inicio\/","logo":{"@type":"ImageObject","inLanguage":"es","@id":"https:\/\/vrip.ubiobio.cl\/inicio\/#\/schema\/logo\/image\/","url":"https:\/\/vrip.ubiobio.cl\/wp-content\/uploads\/2022\/10\/logo-vrip_Mesa-de-trabajo-1.png","contentUrl":"https:\/\/vrip.ubiobio.cl\/wp-content\/uploads\/2022\/10\/logo-vrip_Mesa-de-trabajo-1.png","width":642,"height":178,"caption":"VRIP"},"image":{"@id":"https:\/\/vrip.ubiobio.cl\/inicio\/#\/schema\/logo\/image\/"},"sameAs":["https:\/\/x.com\/vripubb","https:\/\/www.instagram.com\/vrip_ubb\/","https:\/\/www.youtube.com\/channel\/UCf7o8yHRJ7Y_QQLxwu1KQgA","https:\/\/www.linkedin.com\/company\/96035097\/admin\/dashboard\/"]},{"@type":"Person","@id":"https:\/\/vrip.ubiobio.cl\/inicio\/#\/schema\/person\/39f3cf67f158f0420b4eb8baa645a9c0","name":"Dagoberto Perez","image":{"@type":"ImageObject","inLanguage":"es","@id":"https:\/\/secure.gravatar.com\/avatar\/d16ec183e637d727e6c6574e3768aa439442611065e2b4f983793af8bb630edc?s=96&d=mm&r=g","url":"https:\/\/secure.gravatar.com\/avatar\/d16ec183e637d727e6c6574e3768aa439442611065e2b4f983793af8bb630edc?s=96&d=mm&r=g","contentUrl":"https:\/\/secure.gravatar.com\/avatar\/d16ec183e637d727e6c6574e3768aa439442611065e2b4f983793af8bb630edc?s=96&d=mm&r=g","caption":"Dagoberto Perez"},"url":"https:\/\/vrip.ubiobio.cl\/inicio\/author\/dagoberto\/"}]}},"_links":{"self":[{"href":"https:\/\/vrip.ubiobio.cl\/inicio\/wp-json\/wp\/v2\/posts\/39697","targetHints":{"allow":["GET"]}}],"collection":[{"href":"https:\/\/vrip.ubiobio.cl\/inicio\/wp-json\/wp\/v2\/posts"}],"about":[{"href":"https:\/\/vrip.ubiobio.cl\/inicio\/wp-json\/wp\/v2\/types\/post"}],"author":[{"embeddable":true,"href":"https:\/\/vrip.ubiobio.cl\/inicio\/wp-json\/wp\/v2\/users\/3"}],"replies":[{"embeddable":true,"href":"https:\/\/vrip.ubiobio.cl\/inicio\/wp-json\/wp\/v2\/comments?post=39697"}],"version-history":[{"count":1,"href":"https:\/\/vrip.ubiobio.cl\/inicio\/wp-json\/wp\/v2\/posts\/39697\/revisions"}],"predecessor-version":[{"id":39706,"href":"https:\/\/vrip.ubiobio.cl\/inicio\/wp-json\/wp\/v2\/posts\/39697\/revisions\/39706"}],"wp:featuredmedia":[{"embeddable":true,"href":"https:\/\/vrip.ubiobio.cl\/inicio\/wp-json\/wp\/v2\/media\/39705"}],"wp:attachment":[{"href":"https:\/\/vrip.ubiobio.cl\/inicio\/wp-json\/wp\/v2\/media?parent=39697"}],"wp:term":[{"taxonomy":"category","embeddable":true,"href":"https:\/\/vrip.ubiobio.cl\/inicio\/wp-json\/wp\/v2\/categories?post=39697"},{"taxonomy":"post_tag","embeddable":true,"href":"https:\/\/vrip.ubiobio.cl\/inicio\/wp-json\/wp\/v2\/tags?post=39697"}],"curies":[{"name":"wp","href":"https:\/\/api.w.org\/{rel}","templated":true}]}}