{"id":39062,"date":"2023-05-10T13:41:18","date_gmt":"2023-05-10T13:41:18","guid":{"rendered":"https:\/\/vrip.ubiobio.cl\/inicio\/?p=39062"},"modified":"2024-04-09T19:45:20","modified_gmt":"2024-04-09T19:45:20","slug":"investigador-de-la-feduh-ubb-se-integra-a-grupo-de-evaluacion-de-educacion-superior-de-fondecyt","status":"publish","type":"post","link":"https:\/\/vrip.ubiobio.cl\/inicio\/noticias\/investigador-de-la-feduh-ubb-se-integra-a-grupo-de-evaluacion-de-educacion-superior-de-fondecyt\/","title":{"rendered":"Investigador de la FEDUH UBB se integra a Grupo de Evaluaci\u00f3n de Educaci\u00f3n Superior de Fondecyt"},"content":{"rendered":"<p><em>El acad\u00e9mico del Departamento de Ciencias de la Educaci\u00f3n, Dr. Omar Turra D\u00edaz, fue invitado a participar como integrante de uno de los 30 grupos encargados de evaluar las iniciativas presentadas al Fondo Nacional de Desarrollo Cient\u00edfico y Tecnol\u00f3gico, tanto en sus categor\u00edas de Iniciaci\u00f3n, Postdoctorado y Regular<strong>.<\/strong><\/em><\/p>\n<div class=\"perfect-pullquote  pullquote-align-right\"><blockquote><p>Respecto a esta invitaci\u00f3n, el Dr. Omar Turra, quien ya ha liderado 3 proyectos Fondecyt Regulares como investigador responsable y adem\u00e1s ha participado como coinvestigador de otros 3, sostuvo que \u201ctodos los que desarrollamos investigaci\u00f3n en Chile, sabemos que el instrumento m\u00e1s importante de investigaci\u00f3n cient\u00edfica es el Fondecyt, y en mi caso lo recibo como un reconocimiento al trabajo que vengo desarrollando \u00a0sostenidamente desde hace a\u00f1os en investigaci\u00f3n educativa sobre formaci\u00f3n del profesorado. Adem\u00e1s, es valorable que se reconozca lo que se produce acad\u00e9micamente desde una Universidad regional y p\u00fablica como la UBB y viene muy bien a nuestra Facultad\u201d.<\/p><\/blockquote><\/div>\n<p>Con el fin de efectuar la revisi\u00f3n de las postulaciones a los concursos de Fondecyt, prestigiosos investigadores e investigadoras de las distintas disciplinas del conocimiento, son convocados a conformar 30 Grupos de Evaluaci\u00f3n, cuya principal funci\u00f3n es ejecutar el proceso de revisi\u00f3n y evaluaci\u00f3n de todas las postulaciones aceptadas para cada concurso, sugiriendo una n\u00f3mina de proyectos evaluados a la Direcci\u00f3n Nacional de la Agencia, para su fallo y resoluci\u00f3n.<\/p>\n<p>De esta forma, el acad\u00e9mico de la Facultad de Educaci\u00f3n y Humanidades UBB, Dr. Omar Turra D\u00edaz, ha sido convocado para conformar uno de estos prestigiosos grupos, concretamente el Grupo de Evaluaci\u00f3n de Educaci\u00f3n Superior, durante el per\u00edodo comprendido entre mayo y diciembre de 2023 (referencial).<\/p>\n<p>Los criterios de selecci\u00f3n para los miembros de estos Grupos de Evaluaci\u00f3n dicen relaci\u00f3n con poseer experiencia destacada de investigaci\u00f3n en la disciplina o \u00e1rea correspondiente, ser investigador\/a vigente, es decir contar en los \u00faltimos cinco a\u00f1os con investigaciones recientes y adjudicaci\u00f3n de proyectos de investigaci\u00f3n concursables de la Agencia y\/o equivalente, y publicaciones demostrables de estas investigaciones, as\u00ed como no contar con inhabilidades de acuerdo a lo establecido por la instituci\u00f3n.<\/p>\n<p>Respecto a esta invitaci\u00f3n, el Dr. Omar Turra, quien ya ha liderado 3 proyectos Fondecyt Regulares como investigador responsable y adem\u00e1s ha participado como coinvestigador de otros 3, sostuvo que \u201ctodos los que desarrollamos investigaci\u00f3n en Chile, sabemos que el instrumento m\u00e1s importante de investigaci\u00f3n cient\u00edfica es el Fondecyt, y en mi caso lo recibo como un reconocimiento al trabajo que vengo desarrollando \u00a0sostenidamente desde hace a\u00f1os en investigaci\u00f3n educativa sobre formaci\u00f3n del profesorado. Adem\u00e1s, es valorable que se reconozca lo que se produce acad\u00e9micamente desde una Universidad regional y p\u00fablica como la UBB y viene muy bien a nuestra Facultad\u201d.<\/p>\n<p>Al Dr. Turra D\u00edaz, quien focaliza su \u00e1rea de investigaci\u00f3n en la Formaci\u00f3n Docente principalmente, le corresponder\u00e1 participar en el proceso de admisibilidad de los proyectos que postulan a Fondecyt, es decir definir si las propuestas son proyectos de investigaci\u00f3n seg\u00fan lo establecido por las bases, el proceso de evaluaci\u00f3n de estos proyectos y realizar seguimiento t\u00e9cnico en las etapas de adjudicaci\u00f3n y ejecuci\u00f3n.<\/p>\n<p>Respecto a c\u00f3mo cree que contribuye esta participaci\u00f3n en el quehacer del Grupo de Investigaci\u00f3n Profesorado, Pol\u00edticas de Formaci\u00f3n y Praxis Profesional (PROFOP UBB) de la Facultad de Educaci\u00f3n y Humanidades UBB, del cual es coordinador, el Dr. Turra D\u00edaz sostuvo que \u201csin duda que tiene directa relaci\u00f3n, en tanto nuestro grupo que ya est\u00e1 en la calidad de v\u00edas de consolidaci\u00f3n y pretendemos avanzar a grupo consolidado, evidentemente esta es una buena noticia ya que es un antecedente m\u00e1s que muestra que lo que estamos haciendo va en una clara l\u00ednea investigativa que se nos est\u00e1 reconociendo nacionalmente, en definitiva\u201d.<\/p>\n<p>De igual forma, el acad\u00e9mico e investigador, destac\u00f3 el enfoque regional y territorial que podr\u00e1 traspasar a este Grupo de Estudio de Fondecyt. \u201cLa visi\u00f3n que tenemos nosotros y en particular yo, es que la formaci\u00f3n y el desempe\u00f1o docente est\u00e1 en directa relaci\u00f3n con los territorios y desde esa perspectiva es que hemos venido desarrollando investigaci\u00f3n de la formaci\u00f3n docente en un contexto regional, entonces eso tambi\u00e9n es un sello, porque la mayor\u00eda de la investigaci\u00f3n sobre la formaci\u00f3n docente se desarrolla desde la centralidad\u201d, puntualiz\u00f3.<\/p>\n<p>Fuente: UBB<\/p>\n","protected":false},"excerpt":{"rendered":"<p>El acad\u00e9mico del Departamento de Ciencias de la Educaci\u00f3n, Dr. Omar Turra D\u00edaz, fue invitado a participar como integrante de uno de los 30 grupos encargados de evaluar las iniciativas presentadas al Fondo Nacional de Desarrollo Cient\u00edfico y Tecnol\u00f3gico, tanto en sus categor\u00edas de Iniciaci\u00f3n, Postdoctorado y Regular. Con el fin de efectuar la revisi\u00f3n&#8230;<\/p>\n","protected":false},"author":3,"featured_media":39063,"comment_status":"open","ping_status":"open","sticky":false,"template":"","format":"standard","meta":{"_kadence_starter_templates_imported_post":false,"_kad_post_transparent":"default","_kad_post_title":"default","_kad_post_layout":"default","_kad_post_sidebar_id":"","_kad_post_content_style":"default","_kad_post_vertical_padding":"default","_kad_post_feature":"","_kad_post_feature_position":"","_kad_post_header":false,"_kad_post_footer":false,"footnotes":""},"categories":[162,3],"tags":[],"class_list":["post-39062","post","type-post","status-publish","format-standard","has-post-thumbnail","hentry","category-grupos-investigacion","category-noticias"],"yoast_head":"<!-- This site is optimized with the Yoast SEO plugin v27.5 - https:\/\/yoast.com\/product\/yoast-seo-wordpress\/ -->\n<title>Investigador de la FEDUH UBB se integra a Grupo de Evaluaci\u00f3n de Educaci\u00f3n Superior de Fondecyt - VRIP<\/title>\n<meta name=\"robots\" content=\"index, follow, max-snippet:-1, max-image-preview:large, max-video-preview:-1\" \/>\n<link rel=\"canonical\" href=\"https:\/\/vrip.ubiobio.cl\/inicio\/noticias\/investigador-de-la-feduh-ubb-se-integra-a-grupo-de-evaluacion-de-educacion-superior-de-fondecyt\/\" \/>\n<meta property=\"og:locale\" content=\"es_ES\" \/>\n<meta property=\"og:type\" content=\"article\" \/>\n<meta property=\"og:title\" content=\"Investigador de la FEDUH UBB se integra a Grupo de Evaluaci\u00f3n de Educaci\u00f3n Superior de Fondecyt - VRIP\" \/>\n<meta property=\"og:description\" content=\"El acad\u00e9mico del Departamento de Ciencias de la Educaci\u00f3n, Dr. Omar Turra D\u00edaz, fue invitado a participar como integrante de uno de los 30 grupos encargados de evaluar las iniciativas presentadas al Fondo Nacional de Desarrollo Cient\u00edfico y Tecnol\u00f3gico, tanto en sus categor\u00edas de Iniciaci\u00f3n, Postdoctorado y Regular. Con el fin de efectuar la revisi\u00f3n...\" \/>\n<meta property=\"og:url\" content=\"https:\/\/vrip.ubiobio.cl\/inicio\/noticias\/investigador-de-la-feduh-ubb-se-integra-a-grupo-de-evaluacion-de-educacion-superior-de-fondecyt\/\" \/>\n<meta property=\"og:site_name\" content=\"VRIP\" \/>\n<meta property=\"article:published_time\" content=\"2023-05-10T13:41:18+00:00\" \/>\n<meta property=\"article:modified_time\" content=\"2024-04-09T19:45:20+00:00\" \/>\n<meta property=\"og:image\" content=\"https:\/\/vrip.ubiobio.cl\/wp-content\/uploads\/2023\/05\/FEDUH.jpg\" \/>\n\t<meta property=\"og:image:width\" content=\"800\" \/>\n\t<meta property=\"og:image:height\" content=\"533\" \/>\n\t<meta property=\"og:image:type\" content=\"image\/jpeg\" \/>\n<meta name=\"author\" content=\"Dagoberto Perez\" \/>\n<meta name=\"twitter:card\" content=\"summary_large_image\" \/>\n<meta name=\"twitter:creator\" content=\"@vripubb\" \/>\n<meta name=\"twitter:site\" content=\"@vripubb\" \/>\n<meta name=\"twitter:label1\" content=\"Escrito por\" \/>\n\t<meta name=\"twitter:data1\" content=\"Dagoberto Perez\" \/>\n\t<meta name=\"twitter:label2\" content=\"Tiempo de lectura\" \/>\n\t<meta name=\"twitter:data2\" content=\"4 minutos\" \/>\n<script type=\"application\/ld+json\" class=\"yoast-schema-graph\">{\"@context\":\"https:\\\/\\\/schema.org\",\"@graph\":[{\"@type\":\"Article\",\"@id\":\"https:\\\/\\\/vrip.ubiobio.cl\\\/inicio\\\/noticias\\\/investigador-de-la-feduh-ubb-se-integra-a-grupo-de-evaluacion-de-educacion-superior-de-fondecyt\\\/#article\",\"isPartOf\":{\"@id\":\"https:\\\/\\\/vrip.ubiobio.cl\\\/inicio\\\/noticias\\\/investigador-de-la-feduh-ubb-se-integra-a-grupo-de-evaluacion-de-educacion-superior-de-fondecyt\\\/\"},\"author\":{\"name\":\"Dagoberto Perez\",\"@id\":\"https:\\\/\\\/vrip.ubiobio.cl\\\/inicio\\\/#\\\/schema\\\/person\\\/39f3cf67f158f0420b4eb8baa645a9c0\"},\"headline\":\"Investigador de la FEDUH UBB se integra a Grupo de Evaluaci\u00f3n de Educaci\u00f3n Superior de Fondecyt\",\"datePublished\":\"2023-05-10T13:41:18+00:00\",\"dateModified\":\"2024-04-09T19:45:20+00:00\",\"mainEntityOfPage\":{\"@id\":\"https:\\\/\\\/vrip.ubiobio.cl\\\/inicio\\\/noticias\\\/investigador-de-la-feduh-ubb-se-integra-a-grupo-de-evaluacion-de-educacion-superior-de-fondecyt\\\/\"},\"wordCount\":799,\"commentCount\":0,\"publisher\":{\"@id\":\"https:\\\/\\\/vrip.ubiobio.cl\\\/inicio\\\/#organization\"},\"image\":{\"@id\":\"https:\\\/\\\/vrip.ubiobio.cl\\\/inicio\\\/noticias\\\/investigador-de-la-feduh-ubb-se-integra-a-grupo-de-evaluacion-de-educacion-superior-de-fondecyt\\\/#primaryimage\"},\"thumbnailUrl\":\"https:\\\/\\\/vrip.ubiobio.cl\\\/wp-content\\\/uploads\\\/2023\\\/05\\\/FEDUH.jpg\",\"articleSection\":[\"Grupos investigaci\u00f3n\",\"Noticias\"],\"inLanguage\":\"es\",\"potentialAction\":[{\"@type\":\"CommentAction\",\"name\":\"Comment\",\"target\":[\"https:\\\/\\\/vrip.ubiobio.cl\\\/inicio\\\/noticias\\\/investigador-de-la-feduh-ubb-se-integra-a-grupo-de-evaluacion-de-educacion-superior-de-fondecyt\\\/#respond\"]}]},{\"@type\":\"WebPage\",\"@id\":\"https:\\\/\\\/vrip.ubiobio.cl\\\/inicio\\\/noticias\\\/investigador-de-la-feduh-ubb-se-integra-a-grupo-de-evaluacion-de-educacion-superior-de-fondecyt\\\/\",\"url\":\"https:\\\/\\\/vrip.ubiobio.cl\\\/inicio\\\/noticias\\\/investigador-de-la-feduh-ubb-se-integra-a-grupo-de-evaluacion-de-educacion-superior-de-fondecyt\\\/\",\"name\":\"Investigador de la FEDUH UBB se integra a Grupo de Evaluaci\u00f3n de Educaci\u00f3n Superior de Fondecyt - VRIP\",\"isPartOf\":{\"@id\":\"https:\\\/\\\/vrip.ubiobio.cl\\\/inicio\\\/#website\"},\"primaryImageOfPage\":{\"@id\":\"https:\\\/\\\/vrip.ubiobio.cl\\\/inicio\\\/noticias\\\/investigador-de-la-feduh-ubb-se-integra-a-grupo-de-evaluacion-de-educacion-superior-de-fondecyt\\\/#primaryimage\"},\"image\":{\"@id\":\"https:\\\/\\\/vrip.ubiobio.cl\\\/inicio\\\/noticias\\\/investigador-de-la-feduh-ubb-se-integra-a-grupo-de-evaluacion-de-educacion-superior-de-fondecyt\\\/#primaryimage\"},\"thumbnailUrl\":\"https:\\\/\\\/vrip.ubiobio.cl\\\/wp-content\\\/uploads\\\/2023\\\/05\\\/FEDUH.jpg\",\"datePublished\":\"2023-05-10T13:41:18+00:00\",\"dateModified\":\"2024-04-09T19:45:20+00:00\",\"breadcrumb\":{\"@id\":\"https:\\\/\\\/vrip.ubiobio.cl\\\/inicio\\\/noticias\\\/investigador-de-la-feduh-ubb-se-integra-a-grupo-de-evaluacion-de-educacion-superior-de-fondecyt\\\/#breadcrumb\"},\"inLanguage\":\"es\",\"potentialAction\":[{\"@type\":\"ReadAction\",\"target\":[\"https:\\\/\\\/vrip.ubiobio.cl\\\/inicio\\\/noticias\\\/investigador-de-la-feduh-ubb-se-integra-a-grupo-de-evaluacion-de-educacion-superior-de-fondecyt\\\/\"]}]},{\"@type\":\"ImageObject\",\"inLanguage\":\"es\",\"@id\":\"https:\\\/\\\/vrip.ubiobio.cl\\\/inicio\\\/noticias\\\/investigador-de-la-feduh-ubb-se-integra-a-grupo-de-evaluacion-de-educacion-superior-de-fondecyt\\\/#primaryimage\",\"url\":\"https:\\\/\\\/vrip.ubiobio.cl\\\/wp-content\\\/uploads\\\/2023\\\/05\\\/FEDUH.jpg\",\"contentUrl\":\"https:\\\/\\\/vrip.ubiobio.cl\\\/wp-content\\\/uploads\\\/2023\\\/05\\\/FEDUH.jpg\",\"width\":800,\"height\":533},{\"@type\":\"BreadcrumbList\",\"@id\":\"https:\\\/\\\/vrip.ubiobio.cl\\\/inicio\\\/noticias\\\/investigador-de-la-feduh-ubb-se-integra-a-grupo-de-evaluacion-de-educacion-superior-de-fondecyt\\\/#breadcrumb\",\"itemListElement\":[{\"@type\":\"ListItem\",\"position\":1,\"name\":\"Portada\",\"item\":\"https:\\\/\\\/vrip.ubiobio.cl\\\/inicio\\\/\"},{\"@type\":\"ListItem\",\"position\":2,\"name\":\"Investigador de la FEDUH UBB se integra a Grupo de Evaluaci\u00f3n de Educaci\u00f3n Superior de Fondecyt\"}]},{\"@type\":\"WebSite\",\"@id\":\"https:\\\/\\\/vrip.ubiobio.cl\\\/inicio\\\/#website\",\"url\":\"https:\\\/\\\/vrip.ubiobio.cl\\\/inicio\\\/\",\"name\":\"VRIP\",\"description\":\"Vicerrector\u00eda de Investigaci\u00f3n y Postgrado\",\"publisher\":{\"@id\":\"https:\\\/\\\/vrip.ubiobio.cl\\\/inicio\\\/#organization\"},\"potentialAction\":[{\"@type\":\"SearchAction\",\"target\":{\"@type\":\"EntryPoint\",\"urlTemplate\":\"https:\\\/\\\/vrip.ubiobio.cl\\\/inicio\\\/?s={search_term_string}\"},\"query-input\":{\"@type\":\"PropertyValueSpecification\",\"valueRequired\":true,\"valueName\":\"search_term_string\"}}],\"inLanguage\":\"es\"},{\"@type\":\"Organization\",\"@id\":\"https:\\\/\\\/vrip.ubiobio.cl\\\/inicio\\\/#organization\",\"name\":\"VRIP\",\"url\":\"https:\\\/\\\/vrip.ubiobio.cl\\\/inicio\\\/\",\"logo\":{\"@type\":\"ImageObject\",\"inLanguage\":\"es\",\"@id\":\"https:\\\/\\\/vrip.ubiobio.cl\\\/inicio\\\/#\\\/schema\\\/logo\\\/image\\\/\",\"url\":\"https:\\\/\\\/vrip.ubiobio.cl\\\/wp-content\\\/uploads\\\/2022\\\/10\\\/logo-vrip_Mesa-de-trabajo-1.png\",\"contentUrl\":\"https:\\\/\\\/vrip.ubiobio.cl\\\/wp-content\\\/uploads\\\/2022\\\/10\\\/logo-vrip_Mesa-de-trabajo-1.png\",\"width\":642,\"height\":178,\"caption\":\"VRIP\"},\"image\":{\"@id\":\"https:\\\/\\\/vrip.ubiobio.cl\\\/inicio\\\/#\\\/schema\\\/logo\\\/image\\\/\"},\"sameAs\":[\"https:\\\/\\\/x.com\\\/vripubb\",\"https:\\\/\\\/www.instagram.com\\\/vrip_ubb\\\/\",\"https:\\\/\\\/www.youtube.com\\\/channel\\\/UCf7o8yHRJ7Y_QQLxwu1KQgA\",\"https:\\\/\\\/www.linkedin.com\\\/company\\\/96035097\\\/admin\\\/dashboard\\\/\"]},{\"@type\":\"Person\",\"@id\":\"https:\\\/\\\/vrip.ubiobio.cl\\\/inicio\\\/#\\\/schema\\\/person\\\/39f3cf67f158f0420b4eb8baa645a9c0\",\"name\":\"Dagoberto Perez\",\"image\":{\"@type\":\"ImageObject\",\"inLanguage\":\"es\",\"@id\":\"https:\\\/\\\/secure.gravatar.com\\\/avatar\\\/d16ec183e637d727e6c6574e3768aa439442611065e2b4f983793af8bb630edc?s=96&d=mm&r=g\",\"url\":\"https:\\\/\\\/secure.gravatar.com\\\/avatar\\\/d16ec183e637d727e6c6574e3768aa439442611065e2b4f983793af8bb630edc?s=96&d=mm&r=g\",\"contentUrl\":\"https:\\\/\\\/secure.gravatar.com\\\/avatar\\\/d16ec183e637d727e6c6574e3768aa439442611065e2b4f983793af8bb630edc?s=96&d=mm&r=g\",\"caption\":\"Dagoberto Perez\"},\"url\":\"https:\\\/\\\/vrip.ubiobio.cl\\\/inicio\\\/author\\\/dagoberto\\\/\"}]}<\/script>\n<!-- \/ Yoast SEO plugin. -->","yoast_head_json":{"title":"Investigador de la FEDUH UBB se integra a Grupo de Evaluaci\u00f3n de Educaci\u00f3n Superior de Fondecyt - VRIP","robots":{"index":"index","follow":"follow","max-snippet":"max-snippet:-1","max-image-preview":"max-image-preview:large","max-video-preview":"max-video-preview:-1"},"canonical":"https:\/\/vrip.ubiobio.cl\/inicio\/noticias\/investigador-de-la-feduh-ubb-se-integra-a-grupo-de-evaluacion-de-educacion-superior-de-fondecyt\/","og_locale":"es_ES","og_type":"article","og_title":"Investigador de la FEDUH UBB se integra a Grupo de Evaluaci\u00f3n de Educaci\u00f3n Superior de Fondecyt - VRIP","og_description":"El acad\u00e9mico del Departamento de Ciencias de la Educaci\u00f3n, Dr. Omar Turra D\u00edaz, fue invitado a participar como integrante de uno de los 30 grupos encargados de evaluar las iniciativas presentadas al Fondo Nacional de Desarrollo Cient\u00edfico y Tecnol\u00f3gico, tanto en sus categor\u00edas de Iniciaci\u00f3n, Postdoctorado y Regular. Con el fin de efectuar la revisi\u00f3n...","og_url":"https:\/\/vrip.ubiobio.cl\/inicio\/noticias\/investigador-de-la-feduh-ubb-se-integra-a-grupo-de-evaluacion-de-educacion-superior-de-fondecyt\/","og_site_name":"VRIP","article_published_time":"2023-05-10T13:41:18+00:00","article_modified_time":"2024-04-09T19:45:20+00:00","og_image":[{"width":800,"height":533,"url":"https:\/\/vrip.ubiobio.cl\/wp-content\/uploads\/2023\/05\/FEDUH.jpg","type":"image\/jpeg"}],"author":"Dagoberto Perez","twitter_card":"summary_large_image","twitter_creator":"@vripubb","twitter_site":"@vripubb","twitter_misc":{"Escrito por":"Dagoberto Perez","Tiempo de lectura":"4 minutos"},"schema":{"@context":"https:\/\/schema.org","@graph":[{"@type":"Article","@id":"https:\/\/vrip.ubiobio.cl\/inicio\/noticias\/investigador-de-la-feduh-ubb-se-integra-a-grupo-de-evaluacion-de-educacion-superior-de-fondecyt\/#article","isPartOf":{"@id":"https:\/\/vrip.ubiobio.cl\/inicio\/noticias\/investigador-de-la-feduh-ubb-se-integra-a-grupo-de-evaluacion-de-educacion-superior-de-fondecyt\/"},"author":{"name":"Dagoberto Perez","@id":"https:\/\/vrip.ubiobio.cl\/inicio\/#\/schema\/person\/39f3cf67f158f0420b4eb8baa645a9c0"},"headline":"Investigador de la FEDUH UBB se integra a Grupo de Evaluaci\u00f3n de Educaci\u00f3n Superior de Fondecyt","datePublished":"2023-05-10T13:41:18+00:00","dateModified":"2024-04-09T19:45:20+00:00","mainEntityOfPage":{"@id":"https:\/\/vrip.ubiobio.cl\/inicio\/noticias\/investigador-de-la-feduh-ubb-se-integra-a-grupo-de-evaluacion-de-educacion-superior-de-fondecyt\/"},"wordCount":799,"commentCount":0,"publisher":{"@id":"https:\/\/vrip.ubiobio.cl\/inicio\/#organization"},"image":{"@id":"https:\/\/vrip.ubiobio.cl\/inicio\/noticias\/investigador-de-la-feduh-ubb-se-integra-a-grupo-de-evaluacion-de-educacion-superior-de-fondecyt\/#primaryimage"},"thumbnailUrl":"https:\/\/vrip.ubiobio.cl\/wp-content\/uploads\/2023\/05\/FEDUH.jpg","articleSection":["Grupos investigaci\u00f3n","Noticias"],"inLanguage":"es","potentialAction":[{"@type":"CommentAction","name":"Comment","target":["https:\/\/vrip.ubiobio.cl\/inicio\/noticias\/investigador-de-la-feduh-ubb-se-integra-a-grupo-de-evaluacion-de-educacion-superior-de-fondecyt\/#respond"]}]},{"@type":"WebPage","@id":"https:\/\/vrip.ubiobio.cl\/inicio\/noticias\/investigador-de-la-feduh-ubb-se-integra-a-grupo-de-evaluacion-de-educacion-superior-de-fondecyt\/","url":"https:\/\/vrip.ubiobio.cl\/inicio\/noticias\/investigador-de-la-feduh-ubb-se-integra-a-grupo-de-evaluacion-de-educacion-superior-de-fondecyt\/","name":"Investigador de la FEDUH UBB se integra a Grupo de Evaluaci\u00f3n de Educaci\u00f3n Superior de Fondecyt - VRIP","isPartOf":{"@id":"https:\/\/vrip.ubiobio.cl\/inicio\/#website"},"primaryImageOfPage":{"@id":"https:\/\/vrip.ubiobio.cl\/inicio\/noticias\/investigador-de-la-feduh-ubb-se-integra-a-grupo-de-evaluacion-de-educacion-superior-de-fondecyt\/#primaryimage"},"image":{"@id":"https:\/\/vrip.ubiobio.cl\/inicio\/noticias\/investigador-de-la-feduh-ubb-se-integra-a-grupo-de-evaluacion-de-educacion-superior-de-fondecyt\/#primaryimage"},"thumbnailUrl":"https:\/\/vrip.ubiobio.cl\/wp-content\/uploads\/2023\/05\/FEDUH.jpg","datePublished":"2023-05-10T13:41:18+00:00","dateModified":"2024-04-09T19:45:20+00:00","breadcrumb":{"@id":"https:\/\/vrip.ubiobio.cl\/inicio\/noticias\/investigador-de-la-feduh-ubb-se-integra-a-grupo-de-evaluacion-de-educacion-superior-de-fondecyt\/#breadcrumb"},"inLanguage":"es","potentialAction":[{"@type":"ReadAction","target":["https:\/\/vrip.ubiobio.cl\/inicio\/noticias\/investigador-de-la-feduh-ubb-se-integra-a-grupo-de-evaluacion-de-educacion-superior-de-fondecyt\/"]}]},{"@type":"ImageObject","inLanguage":"es","@id":"https:\/\/vrip.ubiobio.cl\/inicio\/noticias\/investigador-de-la-feduh-ubb-se-integra-a-grupo-de-evaluacion-de-educacion-superior-de-fondecyt\/#primaryimage","url":"https:\/\/vrip.ubiobio.cl\/wp-content\/uploads\/2023\/05\/FEDUH.jpg","contentUrl":"https:\/\/vrip.ubiobio.cl\/wp-content\/uploads\/2023\/05\/FEDUH.jpg","width":800,"height":533},{"@type":"BreadcrumbList","@id":"https:\/\/vrip.ubiobio.cl\/inicio\/noticias\/investigador-de-la-feduh-ubb-se-integra-a-grupo-de-evaluacion-de-educacion-superior-de-fondecyt\/#breadcrumb","itemListElement":[{"@type":"ListItem","position":1,"name":"Portada","item":"https:\/\/vrip.ubiobio.cl\/inicio\/"},{"@type":"ListItem","position":2,"name":"Investigador de la FEDUH UBB se integra a Grupo de Evaluaci\u00f3n de Educaci\u00f3n Superior de Fondecyt"}]},{"@type":"WebSite","@id":"https:\/\/vrip.ubiobio.cl\/inicio\/#website","url":"https:\/\/vrip.ubiobio.cl\/inicio\/","name":"VRIP","description":"Vicerrector\u00eda de Investigaci\u00f3n y Postgrado","publisher":{"@id":"https:\/\/vrip.ubiobio.cl\/inicio\/#organization"},"potentialAction":[{"@type":"SearchAction","target":{"@type":"EntryPoint","urlTemplate":"https:\/\/vrip.ubiobio.cl\/inicio\/?s={search_term_string}"},"query-input":{"@type":"PropertyValueSpecification","valueRequired":true,"valueName":"search_term_string"}}],"inLanguage":"es"},{"@type":"Organization","@id":"https:\/\/vrip.ubiobio.cl\/inicio\/#organization","name":"VRIP","url":"https:\/\/vrip.ubiobio.cl\/inicio\/","logo":{"@type":"ImageObject","inLanguage":"es","@id":"https:\/\/vrip.ubiobio.cl\/inicio\/#\/schema\/logo\/image\/","url":"https:\/\/vrip.ubiobio.cl\/wp-content\/uploads\/2022\/10\/logo-vrip_Mesa-de-trabajo-1.png","contentUrl":"https:\/\/vrip.ubiobio.cl\/wp-content\/uploads\/2022\/10\/logo-vrip_Mesa-de-trabajo-1.png","width":642,"height":178,"caption":"VRIP"},"image":{"@id":"https:\/\/vrip.ubiobio.cl\/inicio\/#\/schema\/logo\/image\/"},"sameAs":["https:\/\/x.com\/vripubb","https:\/\/www.instagram.com\/vrip_ubb\/","https:\/\/www.youtube.com\/channel\/UCf7o8yHRJ7Y_QQLxwu1KQgA","https:\/\/www.linkedin.com\/company\/96035097\/admin\/dashboard\/"]},{"@type":"Person","@id":"https:\/\/vrip.ubiobio.cl\/inicio\/#\/schema\/person\/39f3cf67f158f0420b4eb8baa645a9c0","name":"Dagoberto Perez","image":{"@type":"ImageObject","inLanguage":"es","@id":"https:\/\/secure.gravatar.com\/avatar\/d16ec183e637d727e6c6574e3768aa439442611065e2b4f983793af8bb630edc?s=96&d=mm&r=g","url":"https:\/\/secure.gravatar.com\/avatar\/d16ec183e637d727e6c6574e3768aa439442611065e2b4f983793af8bb630edc?s=96&d=mm&r=g","contentUrl":"https:\/\/secure.gravatar.com\/avatar\/d16ec183e637d727e6c6574e3768aa439442611065e2b4f983793af8bb630edc?s=96&d=mm&r=g","caption":"Dagoberto Perez"},"url":"https:\/\/vrip.ubiobio.cl\/inicio\/author\/dagoberto\/"}]}},"_links":{"self":[{"href":"https:\/\/vrip.ubiobio.cl\/inicio\/wp-json\/wp\/v2\/posts\/39062","targetHints":{"allow":["GET"]}}],"collection":[{"href":"https:\/\/vrip.ubiobio.cl\/inicio\/wp-json\/wp\/v2\/posts"}],"about":[{"href":"https:\/\/vrip.ubiobio.cl\/inicio\/wp-json\/wp\/v2\/types\/post"}],"author":[{"embeddable":true,"href":"https:\/\/vrip.ubiobio.cl\/inicio\/wp-json\/wp\/v2\/users\/3"}],"replies":[{"embeddable":true,"href":"https:\/\/vrip.ubiobio.cl\/inicio\/wp-json\/wp\/v2\/comments?post=39062"}],"version-history":[{"count":1,"href":"https:\/\/vrip.ubiobio.cl\/inicio\/wp-json\/wp\/v2\/posts\/39062\/revisions"}],"predecessor-version":[{"id":39064,"href":"https:\/\/vrip.ubiobio.cl\/inicio\/wp-json\/wp\/v2\/posts\/39062\/revisions\/39064"}],"wp:featuredmedia":[{"embeddable":true,"href":"https:\/\/vrip.ubiobio.cl\/inicio\/wp-json\/wp\/v2\/media\/39063"}],"wp:attachment":[{"href":"https:\/\/vrip.ubiobio.cl\/inicio\/wp-json\/wp\/v2\/media?parent=39062"}],"wp:term":[{"taxonomy":"category","embeddable":true,"href":"https:\/\/vrip.ubiobio.cl\/inicio\/wp-json\/wp\/v2\/categories?post=39062"},{"taxonomy":"post_tag","embeddable":true,"href":"https:\/\/vrip.ubiobio.cl\/inicio\/wp-json\/wp\/v2\/tags?post=39062"}],"curies":[{"name":"wp","href":"https:\/\/api.w.org\/{rel}","templated":true}]}}