{"id":36154,"date":"2022-12-05T12:25:45","date_gmt":"2022-12-05T12:25:45","guid":{"rendered":"https:\/\/vrip.ubiobio.cl\/inicio\/?p=36154"},"modified":"2022-12-05T12:25:45","modified_gmt":"2022-12-05T12:25:45","slug":"ubb-desarrollo-exitoso-workshop-sobre-construccion-de-vivienda-industrializada-en-madera","status":"publish","type":"post","link":"https:\/\/vrip.ubiobio.cl\/inicio\/noticias\/ubb-desarrollo-exitoso-workshop-sobre-construccion-de-vivienda-industrializada-en-madera\/","title":{"rendered":"UBB desarroll\u00f3 exitoso workshop sobre construcci\u00f3n de vivienda industrializada en madera"},"content":{"rendered":"<p><strong><em>El jueves 1 de diciembre, la Universidad del B\u00edo-B\u00edo realiz\u00f3 el workshop \u201cOportunidades de Mercado para la Vivienda de Madera Industrializada\u201d, actividad que da el puntapi\u00e9 inicial para el desarrollo del programa al que pertenece: \u201cEcosistema PYME para construir en madera\u201d, iniciativa financiada por el Gobierno Regional del Biob\u00edo a trav\u00e9s del Fondo de Innovaci\u00f3n para la Competitividad (FIC-R) y ejecutada por la UBB.<\/em><\/strong><\/p>\n<div class=\"perfect-pullquote  pullquote-align-right\"><blockquote><p>El workshop cont\u00f3 con la exposici\u00f3n del encargado del \u00c1rea Habitacional de la Seremi de Vivienda y Urbanismo, Juan Pablo Mardones; del coordinador de Innovaci\u00f3n y Emprendimiento de Corfo, Cristi\u00e1n Fern\u00e1ndez e Inti N\u00fa\u00f1ez, director de estrategia de la Facultad de Ingenier\u00eda de la Universidad de Concepci\u00f3n.<\/p><\/blockquote><\/div>\n<p>El evento logr\u00f3 acercar el trabajo de encadenamientos productivos locales entre aserraderos, empresas del sector AIC, inmobiliarias, asociaciones gremiales y entidades p\u00fablicas.<\/p>\n<p>El rector de la Universidad del B\u00edo-B\u00edo, Dr. Benito Uma\u00f1a, particip\u00f3 en la actividad, destac\u00f3 su realizaci\u00f3n y valor\u00f3 el apoyo financiero recibido por el Gobierno Regional<\/p>\n<p>\u201cEs un proyecto sumamente relevante para nuestra Universidad, agradecemos el apoyo y la confianza del Gobierno Regional. Sabemos que se trata de una tem\u00e1tica de gran importancia para la Regi\u00f3n y el pa\u00eds, y en este sentido, la Universidad tiene una larga trayectoria en Madera. Estamos trabajando para enfrentar este gran desaf\u00edo\u201d, sostuvo Uma\u00f1a.<\/p>\n<p>Por su parte, el encargado del proyecto FIC, Dr. Carlos Rozas, agradeci\u00f3 el inter\u00e9s de los asistentes y se\u00f1al\u00f3 que actividades como este workshop son una necesidad local.<\/p>\n<p>\u201cEs fundamental conocer c\u00f3mo operan los actores de la cadena productiva, entre ellos, los aserraderos, las empresas manufactureras, inmobiliarias y constructoras, saber cu\u00e1les son sus necesidades y en torno a eso, capacitarles en las nuevas tecnolog\u00edas. Sumado a esto, es importante destacar que actualmente las autoridades centrales y locales fomentan el desarrollo y la innovaci\u00f3n en la industria, desaf\u00edos que se ven reflejados en el Plan de Emergencia Habitacional y el Programa Regional de Industrializaci\u00f3n de Vivienda en Madera\u201d, puntualiz\u00f3 Rozas.<\/p>\n<p>A su vez, el coordinador del proyecto FIC, Franco Benedetti, se\u00f1al\u00f3 que las brechas son multifactoriales \u201cuna de las m\u00e1s comunes es el acceso a la tecnolog\u00eda, por otro lado, est\u00e1 la disponibilidad de la madera, que es en definitiva una dificultad particular de la industrializaci\u00f3n por parte de los aserraderos\u201d, enfatiz\u00f3.<\/p>\n<p>El workshop cont\u00f3 con la exposici\u00f3n del encargado del \u00c1rea Habitacional de la Seremi de Vivienda y Urbanismo, Juan Pablo Mardones; del coordinador de Innovaci\u00f3n y Emprendimiento de Corfo, Cristi\u00e1n Fern\u00e1ndez e Inti N\u00fa\u00f1ez, director de estrategia de la Facultad de Ingenier\u00eda de la Universidad de Concepci\u00f3n.<\/p>\n<p>Para la representante de Habitare, Paola Medina, la actividad result\u00f3 de gran inter\u00e9s producto de que la instancia reuni\u00f3 a la cadena productiva. \u201cYo soy de la comuna de Arauco, all\u00e1 siempre se ha trabajo en madera, pero el tema de industrializarlo es nuevo para nosotros y esta instancias son provechosas para poder perfeccionarnos, aprender nuevas tecnolog\u00edas y as\u00ed contar con mejores herramientas\u201d, mencion\u00f3.<\/p>\n<p>Fuente: UBB<\/p>\n","protected":false},"excerpt":{"rendered":"<p>El jueves 1 de diciembre, la Universidad del B\u00edo-B\u00edo realiz\u00f3 el workshop \u201cOportunidades de Mercado para la Vivienda de Madera Industrializada\u201d, actividad que da el puntapi\u00e9 inicial para el desarrollo del programa al que pertenece: \u201cEcosistema PYME para construir en madera\u201d, iniciativa financiada por el Gobierno Regional del Biob\u00edo a trav\u00e9s del Fondo de Innovaci\u00f3n&#8230;<\/p>\n","protected":false},"author":3,"featured_media":36155,"comment_status":"open","ping_status":"open","sticky":false,"template":"","format":"standard","meta":{"_kadence_starter_templates_imported_post":false,"_kad_post_transparent":"default","_kad_post_title":"default","_kad_post_layout":"default","_kad_post_sidebar_id":"","_kad_post_content_style":"default","_kad_post_vertical_padding":"default","_kad_post_feature":"","_kad_post_feature_position":"","_kad_post_header":false,"_kad_post_footer":false,"footnotes":""},"categories":[3],"tags":[],"_links":{"self":[{"href":"https:\/\/vrip.ubiobio.cl\/inicio\/wp-json\/wp\/v2\/posts\/36154"}],"collection":[{"href":"https:\/\/vrip.ubiobio.cl\/inicio\/wp-json\/wp\/v2\/posts"}],"about":[{"href":"https:\/\/vrip.ubiobio.cl\/inicio\/wp-json\/wp\/v2\/types\/post"}],"author":[{"embeddable":true,"href":"https:\/\/vrip.ubiobio.cl\/inicio\/wp-json\/wp\/v2\/users\/3"}],"replies":[{"embeddable":true,"href":"https:\/\/vrip.ubiobio.cl\/inicio\/wp-json\/wp\/v2\/comments?post=36154"}],"version-history":[{"count":1,"href":"https:\/\/vrip.ubiobio.cl\/inicio\/wp-json\/wp\/v2\/posts\/36154\/revisions"}],"predecessor-version":[{"id":36156,"href":"https:\/\/vrip.ubiobio.cl\/inicio\/wp-json\/wp\/v2\/posts\/36154\/revisions\/36156"}],"wp:featuredmedia":[{"embeddable":true,"href":"https:\/\/vrip.ubiobio.cl\/inicio\/wp-json\/wp\/v2\/media\/36155"}],"wp:attachment":[{"href":"https:\/\/vrip.ubiobio.cl\/inicio\/wp-json\/wp\/v2\/media?parent=36154"}],"wp:term":[{"taxonomy":"category","embeddable":true,"href":"https:\/\/vrip.ubiobio.cl\/inicio\/wp-json\/wp\/v2\/categories?post=36154"},{"taxonomy":"post_tag","embeddable":true,"href":"https:\/\/vrip.ubiobio.cl\/inicio\/wp-json\/wp\/v2\/tags?post=36154"}],"curies":[{"name":"wp","href":"https:\/\/api.w.org\/{rel}","templated":true}]}}