{"id":35589,"date":"2022-10-25T15:17:51","date_gmt":"2022-10-25T15:17:51","guid":{"rendered":"http:\/\/vrip.ubiobio.cl\/inicio\/?p=35589"},"modified":"2022-10-26T18:24:19","modified_gmt":"2022-10-26T18:24:19","slug":"programa-pida-ubb-busca-profundizar-la-articulacion-institucional-entre-docencia-e-investigacion","status":"publish","type":"post","link":"https:\/\/vrip.ubiobio.cl\/inicio\/convocatorias\/programa-pida-ubb-busca-profundizar-la-articulacion-institucional-entre-docencia-e-investigacion\/","title":{"rendered":"Programa PIDA-UBB busca profundizar la articulaci\u00f3n institucional entre docencia e investigaci\u00f3n"},"content":{"rendered":"<div id='gallery-1' class='gallery galleryid-35589 gallery-columns-2 gallery-size-medium'><figure class='gallery-item'>\n\t\t\t<div class='gallery-icon landscape'>\n\t\t\t\t<a href='https:\/\/vrip.ubiobio.cl\/wp-content\/uploads\/2022\/10\/pida1.jpg'><img fetchpriority=\"high\" decoding=\"async\" width=\"380\" height=\"253\" src=\"https:\/\/vrip.ubiobio.cl\/wp-content\/uploads\/2022\/10\/pida1-380x253.jpg\" class=\"attachment-medium size-medium\" alt=\"\" srcset=\"https:\/\/vrip.ubiobio.cl\/wp-content\/uploads\/2022\/10\/pida1-380x253.jpg 380w, https:\/\/vrip.ubiobio.cl\/wp-content\/uploads\/2022\/10\/pida1-1024x683.jpg 1024w, https:\/\/vrip.ubiobio.cl\/wp-content\/uploads\/2022\/10\/pida1-768x512.jpg 768w, https:\/\/vrip.ubiobio.cl\/wp-content\/uploads\/2022\/10\/pida1-391x260.jpg 391w, https:\/\/vrip.ubiobio.cl\/wp-content\/uploads\/2022\/10\/pida1.jpg 1500w\" sizes=\"(max-width: 380px) 100vw, 380px\" \/><\/a>\n\t\t\t<\/div><\/figure><figure class='gallery-item'>\n\t\t\t<div class='gallery-icon landscape'>\n\t\t\t\t<a href='https:\/\/vrip.ubiobio.cl\/wp-content\/uploads\/2022\/10\/pida2.jpg'><img decoding=\"async\" width=\"380\" height=\"253\" src=\"https:\/\/vrip.ubiobio.cl\/wp-content\/uploads\/2022\/10\/pida2-380x253.jpg\" class=\"attachment-medium size-medium\" alt=\"\" srcset=\"https:\/\/vrip.ubiobio.cl\/wp-content\/uploads\/2022\/10\/pida2-380x253.jpg 380w, https:\/\/vrip.ubiobio.cl\/wp-content\/uploads\/2022\/10\/pida2-1024x683.jpg 1024w, https:\/\/vrip.ubiobio.cl\/wp-content\/uploads\/2022\/10\/pida2-768x512.jpg 768w, https:\/\/vrip.ubiobio.cl\/wp-content\/uploads\/2022\/10\/pida2-391x260.jpg 391w, https:\/\/vrip.ubiobio.cl\/wp-content\/uploads\/2022\/10\/pida2.jpg 1500w\" sizes=\"(max-width: 380px) 100vw, 380px\" \/><\/a>\n\t\t\t<\/div><\/figure><figure class='gallery-item'>\n\t\t\t<div class='gallery-icon landscape'>\n\t\t\t\t<a href='https:\/\/vrip.ubiobio.cl\/wp-content\/uploads\/2022\/10\/pida3.jpg'><img decoding=\"async\" width=\"380\" height=\"253\" src=\"https:\/\/vrip.ubiobio.cl\/wp-content\/uploads\/2022\/10\/pida3-380x253.jpg\" class=\"attachment-medium size-medium\" alt=\"\" srcset=\"https:\/\/vrip.ubiobio.cl\/wp-content\/uploads\/2022\/10\/pida3-380x253.jpg 380w, https:\/\/vrip.ubiobio.cl\/wp-content\/uploads\/2022\/10\/pida3-1024x683.jpg 1024w, https:\/\/vrip.ubiobio.cl\/wp-content\/uploads\/2022\/10\/pida3-768x512.jpg 768w, https:\/\/vrip.ubiobio.cl\/wp-content\/uploads\/2022\/10\/pida3-391x260.jpg 391w, https:\/\/vrip.ubiobio.cl\/wp-content\/uploads\/2022\/10\/pida3.jpg 1500w\" sizes=\"(max-width: 380px) 100vw, 380px\" \/><\/a>\n\t\t\t<\/div><\/figure><figure class='gallery-item'>\n\t\t\t<div class='gallery-icon landscape'>\n\t\t\t\t<a href='https:\/\/vrip.ubiobio.cl\/wp-content\/uploads\/2022\/10\/pida4.jpg'><img loading=\"lazy\" decoding=\"async\" width=\"380\" height=\"253\" src=\"https:\/\/vrip.ubiobio.cl\/wp-content\/uploads\/2022\/10\/pida4-380x253.jpg\" class=\"attachment-medium size-medium\" alt=\"\" srcset=\"https:\/\/vrip.ubiobio.cl\/wp-content\/uploads\/2022\/10\/pida4-380x253.jpg 380w, https:\/\/vrip.ubiobio.cl\/wp-content\/uploads\/2022\/10\/pida4-1024x683.jpg 1024w, https:\/\/vrip.ubiobio.cl\/wp-content\/uploads\/2022\/10\/pida4-768x512.jpg 768w, https:\/\/vrip.ubiobio.cl\/wp-content\/uploads\/2022\/10\/pida4-391x260.jpg 391w, https:\/\/vrip.ubiobio.cl\/wp-content\/uploads\/2022\/10\/pida4.jpg 1500w\" sizes=\"(max-width: 380px) 100vw, 380px\" \/><\/a>\n\t\t\t<\/div><\/figure>\n\t\t<\/div>\n\n<p><strong><em>En reuni\u00f3n sostenida entre directivos de la Vicerrector\u00eda de Investigaci\u00f3n y Postgrado y la Vicerrector\u00eda Acad\u00e9mica e investigadores del N\u00facleo Milenio <\/em><\/strong><strong><em>en Educaci\u00f3n Superior, se present\u00f3 el Programa de Investigaci\u00f3n en Docencia y Aprendizaje (PIDA), con el objetivo de <\/em><em>ahondar en su institucionalizaci\u00f3n a trav\u00e9s de la articulaci\u00f3n entre ambas vicerrector\u00edas y las decanaturas. <\/em><\/strong><\/p>\n<div class=\"perfect-pullquote algo pullquote-align-left\"><blockquote><p>Es importante seguir avanzando en este sentido, para fortalecer esta estructura organizacional que considera la participaci\u00f3n de las Facultades en el Programa, y a su vez darle mayor horizontalidad al modelo de apoyo y retroalimentaci\u00f3n a proyectos que hemos desarrollado\u201d, recalca Rodrigo Ortiz.<\/p><\/blockquote><\/div>\n<p>El<a href=\"http:\/\/pida.ubiobio.cl\/\"> Programa de Investigaci\u00f3n en Docencia y Aprendizaje<\/a> (PIDA) de la UBB tiene como prop\u00f3sito promover un \u00e1rea que establece un nexo entre la investigaci\u00f3n y la docencia, problematizando los fen\u00f3menos de la educaci\u00f3n superior con los mismos criterios de rigurosidad cient\u00edfica que la investigaci\u00f3n disciplinar. Este campo, que cuenta con extenso desarrollo a nivel internacional, comenz\u00f3 a tomar relevancia en Chile desde el a\u00f1o 2015 al ser incluido como exigencia para la Acreditaci\u00f3n Institucional y de las Carreras de Pregrado por parte de la Comisi\u00f3n Nacional de Acreditaci\u00f3n (CNA).<\/p>\n<p>Rodrigo Ortiz, coordinador del PIDA, dio a conocer la trayectoria de este programa y sus desaf\u00edos. En su exposici\u00f3n destac\u00f3 4 momentos relevantes en su desarrollo: una primera instancia de apertura, en que comenzaron a implementarse fondos concursables para la ejecuci\u00f3n de proyectos junto con un diagn\u00f3stico institucional; un segundo momento fue para comentar sobre\u00a0 la instalaci\u00f3n del Programa en la UBB, donde se realizaron diversas capacitaciones e inicio de un Plan de Apoyo en la Escritura Acad\u00e9mica; un tercer momento, referido al trabajo de posicionamiento del programa con la construcci\u00f3n de una p\u00e1gina web con herramientas para la investigaci\u00f3n, adem\u00e1s de una plataforma de aprendizaje con contenidos lectivos de cursos y de soporte para la estructuraci\u00f3n de art\u00edculos cient\u00edficos; y un cuarto momento de institucionalizaci\u00f3n, en que se public\u00f3 la Pol\u00edtica de Investigaci\u00f3n en Docencia Universitaria UBB (2020) y se decret\u00f3 institucionalmente el Programa PIDA (2021).<\/p>\n<p>\u201cEs importante seguir avanzando en este sentido, para fortalecer esta estructura organizacional que considera la participaci\u00f3n de las Facultades en el Programa, y a su vez darle mayor horizontalidad al modelo de apoyo y retroalimentaci\u00f3n a proyectos que hemos desarrollado\u201d, recalca Rodrigo Ortiz.<\/p>\n<div class=\"perfect-pullquote  pullquote-align-right\"><blockquote><p>Por su parte, Carlos Gonz\u00e1lez, Director del N\u00facleo Milenio en Educaci\u00f3n Superior, destac\u00f3 que \u00e9sta es una iniciativa se\u00f1era en Chile, que est\u00e1 a la vanguardia en el \u00e1rea y en concordancia con los modelos de otras universidades del mundo que han avanzado en el desarrollo acad\u00e9mico de la docencia (que a nivel internacional se denomina \u2018<em>Scholarship of Teaching and Learning\u2019<\/em>), que propone una visi\u00f3n de la docencia orientada a fomentar un entendimiento de la ense\u00f1anza, basada en evidencia, para mejorarla e impactar positivamente en la experiencia de aprendizaje de los estudiantes.<\/p><\/blockquote><\/div>\n<p>Es relevante destacar que, en este recorrido que ha tenido el Programa PIDA, se han implementado 19 cursos de capacitaci<\/p>\n<p>\u00f3n con m\u00e1s 254 acad\u00e9micos\/as involucrados\/as, quienes han generado 33 art\u00edculos cient\u00edficos, con la colaboraci\u00f3n de 35 estudiantes, con publicaciones sobre Docencia Universitaria que representan una proporci\u00f3n muy significativa del total de art\u00edculos que se generan en el \u00e1rea educativa en la universidad. Tambi\u00e9n hay avances cualitativos, como la producci\u00f3n de conocimiento te\u00f3rico y metodol\u00f3gico espec\u00edfico y la generaci\u00f3n de capacidades instaladas en los acad\u00e9micos.<\/p>\n<p>Para la Dra. Claudia Mu\u00f1oz, directora de Investigaci\u00f3n y Creaci\u00f3n Art\u00edstica de VRIP-UBB, es destacable lo realizado a la fecha por el programa PIDA, que tiene por prop\u00f3sito promover el estudio de procesos e interacciones que suceden tanto al interior de las aulas como en los entornos educativos locales. \u201cContamos con una pol\u00edtica en Investigaci\u00f3n en Docencia que constituye un sustento institucional que promueve la generaci\u00f3n de instancias de an\u00e1lisis y reflexi\u00f3n acerca de los diferentes fen\u00f3menos involucrados en el contexto educativo y, al mismo tiempo, impulsa un cambio en la cultura acad\u00e9mica mediante el reconocimiento y la valoraci\u00f3n del trabajo de los docentes en esta \u00e1rea\u201d.<\/p>\n<p>Por su parte, Carlos Gonz\u00e1lez, Director del N\u00facleo Milenio en Educaci\u00f3n Superior, destac\u00f3 que \u00e9sta es una iniciativa se\u00f1era en Chile, que est\u00e1 a la vanguardia en el \u00e1rea y en concordancia con los modelos de otras universidades del mundo que han avanzado en el desarrollo acad\u00e9mico de la docencia (que a nivel internacional se denomina \u2018<em>Scholarship of Teaching and Learning\u2019<\/em>), que propone una visi\u00f3n de la docencia orientada a fomentar un entendimiento de la ense\u00f1anza, basada en evidencia, para mejorarla e impactar positivamente en la experiencia de aprendizaje de los estudiantes.<\/p>\n<p>Nelly G\u00f3mez, jefa de Pregrado de Concepci\u00f3n, en representaci\u00f3n de la Vicerrector\u00eda Acad\u00e9mica (VRA), reconoci\u00f3 la trayectoria y relevancia del programa, se\u00f1alando que se debe seguir avanzando para generar una mayor vinculaci\u00f3n con las Facultades y Departamentos. \u201cEsto nos permitir\u00e1 promover instancias de reflexi\u00f3n internas y que, adem\u00e1s, un programa de esta envergadura debe ser parte de los lineamientos institucionales para fortalecer y promover la creaci\u00f3n e investigaci\u00f3n formativa del cuerpo docente, que es uno de los criterios de acreditaci\u00f3n para los programas de pregrado\u201d, subray\u00f3.<\/p>\n<p>&nbsp;<\/p>\n<p>Fuente: VRIP Comunicaciones<\/p>\n","protected":false},"excerpt":{"rendered":"<p>En reuni\u00f3n sostenida entre directivos de la Vicerrector\u00eda de Investigaci\u00f3n y Postgrado y la Vicerrector\u00eda Acad\u00e9mica e investigadores del N\u00facleo Milenio en Educaci\u00f3n Superior, se present\u00f3 el Programa de Investigaci\u00f3n en Docencia y Aprendizaje (PIDA), con el objetivo de ahondar en su institucionalizaci\u00f3n a trav\u00e9s de la articulaci\u00f3n entre ambas vicerrector\u00edas y las decanaturas. El&#8230;<\/p>\n","protected":false},"author":3,"featured_media":0,"comment_status":"open","ping_status":"open","sticky":false,"template":"","format":"standard","meta":{"_kadence_starter_templates_imported_post":false,"_kad_post_transparent":"default","_kad_post_title":"default","_kad_post_layout":"default","_kad_post_sidebar_id":"","_kad_post_content_style":"default","_kad_post_vertical_padding":"default","_kad_post_feature":"","_kad_post_feature_position":"","_kad_post_header":false,"_kad_post_footer":false,"footnotes":""},"categories":[80],"tags":[],"class_list":["post-35589","post","type-post","status-publish","format-standard","hentry","category-convocatorias"],"yoast_head":"<!-- This site is optimized with the Yoast SEO plugin v27.5 - https:\/\/yoast.com\/product\/yoast-seo-wordpress\/ -->\n<title>Programa PIDA-UBB busca profundizar la articulaci\u00f3n institucional entre docencia e investigaci\u00f3n - VRIP<\/title>\n<meta name=\"robots\" content=\"index, follow, max-snippet:-1, max-image-preview:large, max-video-preview:-1\" \/>\n<link rel=\"canonical\" href=\"https:\/\/vrip.ubiobio.cl\/inicio\/convocatorias\/programa-pida-ubb-busca-profundizar-la-articulacion-institucional-entre-docencia-e-investigacion\/\" \/>\n<meta property=\"og:locale\" content=\"es_ES\" \/>\n<meta property=\"og:type\" content=\"article\" \/>\n<meta property=\"og:title\" content=\"Programa PIDA-UBB busca profundizar la articulaci\u00f3n institucional entre docencia e investigaci\u00f3n - VRIP\" \/>\n<meta property=\"og:description\" content=\"En reuni\u00f3n sostenida entre directivos de la Vicerrector\u00eda de Investigaci\u00f3n y Postgrado y la Vicerrector\u00eda Acad\u00e9mica e investigadores del N\u00facleo Milenio en Educaci\u00f3n Superior, se present\u00f3 el Programa de Investigaci\u00f3n en Docencia y Aprendizaje (PIDA), con el objetivo de ahondar en su institucionalizaci\u00f3n a trav\u00e9s de la articulaci\u00f3n entre ambas vicerrector\u00edas y las decanaturas. El...\" \/>\n<meta property=\"og:url\" content=\"https:\/\/vrip.ubiobio.cl\/inicio\/convocatorias\/programa-pida-ubb-busca-profundizar-la-articulacion-institucional-entre-docencia-e-investigacion\/\" \/>\n<meta property=\"og:site_name\" content=\"VRIP\" \/>\n<meta property=\"article:published_time\" content=\"2022-10-25T15:17:51+00:00\" \/>\n<meta property=\"article:modified_time\" content=\"2022-10-26T18:24:19+00:00\" \/>\n<meta property=\"og:image\" content=\"https:\/\/vrip.ubiobio.cl\/wp-content\/uploads\/2022\/10\/pida1-380x253.jpg\" \/>\n<meta name=\"author\" content=\"Dagoberto Perez\" \/>\n<meta name=\"twitter:card\" content=\"summary_large_image\" \/>\n<meta name=\"twitter:creator\" content=\"@vripubb\" \/>\n<meta name=\"twitter:site\" content=\"@vripubb\" \/>\n<meta name=\"twitter:label1\" content=\"Escrito por\" \/>\n\t<meta name=\"twitter:data1\" content=\"Dagoberto Perez\" \/>\n\t<meta name=\"twitter:label2\" content=\"Tiempo de lectura\" \/>\n\t<meta name=\"twitter:data2\" content=\"5 minutos\" \/>\n<script type=\"application\/ld+json\" class=\"yoast-schema-graph\">{\"@context\":\"https:\\\/\\\/schema.org\",\"@graph\":[{\"@type\":\"Article\",\"@id\":\"https:\\\/\\\/vrip.ubiobio.cl\\\/inicio\\\/convocatorias\\\/programa-pida-ubb-busca-profundizar-la-articulacion-institucional-entre-docencia-e-investigacion\\\/#article\",\"isPartOf\":{\"@id\":\"https:\\\/\\\/vrip.ubiobio.cl\\\/inicio\\\/convocatorias\\\/programa-pida-ubb-busca-profundizar-la-articulacion-institucional-entre-docencia-e-investigacion\\\/\"},\"author\":{\"name\":\"Dagoberto Perez\",\"@id\":\"https:\\\/\\\/vrip.ubiobio.cl\\\/inicio\\\/#\\\/schema\\\/person\\\/39f3cf67f158f0420b4eb8baa645a9c0\"},\"headline\":\"Programa PIDA-UBB busca profundizar la articulaci\u00f3n institucional entre docencia e investigaci\u00f3n\",\"datePublished\":\"2022-10-25T15:17:51+00:00\",\"dateModified\":\"2022-10-26T18:24:19+00:00\",\"mainEntityOfPage\":{\"@id\":\"https:\\\/\\\/vrip.ubiobio.cl\\\/inicio\\\/convocatorias\\\/programa-pida-ubb-busca-profundizar-la-articulacion-institucional-entre-docencia-e-investigacion\\\/\"},\"wordCount\":971,\"commentCount\":0,\"publisher\":{\"@id\":\"https:\\\/\\\/vrip.ubiobio.cl\\\/inicio\\\/#organization\"},\"articleSection\":[\"Convocatorias\"],\"inLanguage\":\"es\",\"potentialAction\":[{\"@type\":\"CommentAction\",\"name\":\"Comment\",\"target\":[\"https:\\\/\\\/vrip.ubiobio.cl\\\/inicio\\\/convocatorias\\\/programa-pida-ubb-busca-profundizar-la-articulacion-institucional-entre-docencia-e-investigacion\\\/#respond\"]}]},{\"@type\":\"WebPage\",\"@id\":\"https:\\\/\\\/vrip.ubiobio.cl\\\/inicio\\\/convocatorias\\\/programa-pida-ubb-busca-profundizar-la-articulacion-institucional-entre-docencia-e-investigacion\\\/\",\"url\":\"https:\\\/\\\/vrip.ubiobio.cl\\\/inicio\\\/convocatorias\\\/programa-pida-ubb-busca-profundizar-la-articulacion-institucional-entre-docencia-e-investigacion\\\/\",\"name\":\"Programa PIDA-UBB busca profundizar la articulaci\u00f3n institucional entre docencia e investigaci\u00f3n - VRIP\",\"isPartOf\":{\"@id\":\"https:\\\/\\\/vrip.ubiobio.cl\\\/inicio\\\/#website\"},\"datePublished\":\"2022-10-25T15:17:51+00:00\",\"dateModified\":\"2022-10-26T18:24:19+00:00\",\"breadcrumb\":{\"@id\":\"https:\\\/\\\/vrip.ubiobio.cl\\\/inicio\\\/convocatorias\\\/programa-pida-ubb-busca-profundizar-la-articulacion-institucional-entre-docencia-e-investigacion\\\/#breadcrumb\"},\"inLanguage\":\"es\",\"potentialAction\":[{\"@type\":\"ReadAction\",\"target\":[\"https:\\\/\\\/vrip.ubiobio.cl\\\/inicio\\\/convocatorias\\\/programa-pida-ubb-busca-profundizar-la-articulacion-institucional-entre-docencia-e-investigacion\\\/\"]}]},{\"@type\":\"BreadcrumbList\",\"@id\":\"https:\\\/\\\/vrip.ubiobio.cl\\\/inicio\\\/convocatorias\\\/programa-pida-ubb-busca-profundizar-la-articulacion-institucional-entre-docencia-e-investigacion\\\/#breadcrumb\",\"itemListElement\":[{\"@type\":\"ListItem\",\"position\":1,\"name\":\"Portada\",\"item\":\"https:\\\/\\\/vrip.ubiobio.cl\\\/inicio\\\/\"},{\"@type\":\"ListItem\",\"position\":2,\"name\":\"Programa PIDA-UBB busca profundizar la articulaci\u00f3n institucional entre docencia e investigaci\u00f3n\"}]},{\"@type\":\"WebSite\",\"@id\":\"https:\\\/\\\/vrip.ubiobio.cl\\\/inicio\\\/#website\",\"url\":\"https:\\\/\\\/vrip.ubiobio.cl\\\/inicio\\\/\",\"name\":\"VRIP\",\"description\":\"Vicerrector\u00eda de Investigaci\u00f3n y Postgrado\",\"publisher\":{\"@id\":\"https:\\\/\\\/vrip.ubiobio.cl\\\/inicio\\\/#organization\"},\"potentialAction\":[{\"@type\":\"SearchAction\",\"target\":{\"@type\":\"EntryPoint\",\"urlTemplate\":\"https:\\\/\\\/vrip.ubiobio.cl\\\/inicio\\\/?s={search_term_string}\"},\"query-input\":{\"@type\":\"PropertyValueSpecification\",\"valueRequired\":true,\"valueName\":\"search_term_string\"}}],\"inLanguage\":\"es\"},{\"@type\":\"Organization\",\"@id\":\"https:\\\/\\\/vrip.ubiobio.cl\\\/inicio\\\/#organization\",\"name\":\"VRIP\",\"url\":\"https:\\\/\\\/vrip.ubiobio.cl\\\/inicio\\\/\",\"logo\":{\"@type\":\"ImageObject\",\"inLanguage\":\"es\",\"@id\":\"https:\\\/\\\/vrip.ubiobio.cl\\\/inicio\\\/#\\\/schema\\\/logo\\\/image\\\/\",\"url\":\"https:\\\/\\\/vrip.ubiobio.cl\\\/wp-content\\\/uploads\\\/2022\\\/10\\\/logo-vrip_Mesa-de-trabajo-1.png\",\"contentUrl\":\"https:\\\/\\\/vrip.ubiobio.cl\\\/wp-content\\\/uploads\\\/2022\\\/10\\\/logo-vrip_Mesa-de-trabajo-1.png\",\"width\":642,\"height\":178,\"caption\":\"VRIP\"},\"image\":{\"@id\":\"https:\\\/\\\/vrip.ubiobio.cl\\\/inicio\\\/#\\\/schema\\\/logo\\\/image\\\/\"},\"sameAs\":[\"https:\\\/\\\/x.com\\\/vripubb\",\"https:\\\/\\\/www.instagram.com\\\/vrip_ubb\\\/\",\"https:\\\/\\\/www.youtube.com\\\/channel\\\/UCf7o8yHRJ7Y_QQLxwu1KQgA\",\"https:\\\/\\\/www.linkedin.com\\\/company\\\/96035097\\\/admin\\\/dashboard\\\/\"]},{\"@type\":\"Person\",\"@id\":\"https:\\\/\\\/vrip.ubiobio.cl\\\/inicio\\\/#\\\/schema\\\/person\\\/39f3cf67f158f0420b4eb8baa645a9c0\",\"name\":\"Dagoberto Perez\",\"image\":{\"@type\":\"ImageObject\",\"inLanguage\":\"es\",\"@id\":\"https:\\\/\\\/secure.gravatar.com\\\/avatar\\\/d16ec183e637d727e6c6574e3768aa439442611065e2b4f983793af8bb630edc?s=96&d=mm&r=g\",\"url\":\"https:\\\/\\\/secure.gravatar.com\\\/avatar\\\/d16ec183e637d727e6c6574e3768aa439442611065e2b4f983793af8bb630edc?s=96&d=mm&r=g\",\"contentUrl\":\"https:\\\/\\\/secure.gravatar.com\\\/avatar\\\/d16ec183e637d727e6c6574e3768aa439442611065e2b4f983793af8bb630edc?s=96&d=mm&r=g\",\"caption\":\"Dagoberto Perez\"},\"url\":\"https:\\\/\\\/vrip.ubiobio.cl\\\/inicio\\\/author\\\/dagoberto\\\/\"}]}<\/script>\n<!-- \/ Yoast SEO plugin. -->","yoast_head_json":{"title":"Programa PIDA-UBB busca profundizar la articulaci\u00f3n institucional entre docencia e investigaci\u00f3n - VRIP","robots":{"index":"index","follow":"follow","max-snippet":"max-snippet:-1","max-image-preview":"max-image-preview:large","max-video-preview":"max-video-preview:-1"},"canonical":"https:\/\/vrip.ubiobio.cl\/inicio\/convocatorias\/programa-pida-ubb-busca-profundizar-la-articulacion-institucional-entre-docencia-e-investigacion\/","og_locale":"es_ES","og_type":"article","og_title":"Programa PIDA-UBB busca profundizar la articulaci\u00f3n institucional entre docencia e investigaci\u00f3n - VRIP","og_description":"En reuni\u00f3n sostenida entre directivos de la Vicerrector\u00eda de Investigaci\u00f3n y Postgrado y la Vicerrector\u00eda Acad\u00e9mica e investigadores del N\u00facleo Milenio en Educaci\u00f3n Superior, se present\u00f3 el Programa de Investigaci\u00f3n en Docencia y Aprendizaje (PIDA), con el objetivo de ahondar en su institucionalizaci\u00f3n a trav\u00e9s de la articulaci\u00f3n entre ambas vicerrector\u00edas y las decanaturas. El...","og_url":"https:\/\/vrip.ubiobio.cl\/inicio\/convocatorias\/programa-pida-ubb-busca-profundizar-la-articulacion-institucional-entre-docencia-e-investigacion\/","og_site_name":"VRIP","article_published_time":"2022-10-25T15:17:51+00:00","article_modified_time":"2022-10-26T18:24:19+00:00","og_image":[{"url":"https:\/\/vrip.ubiobio.cl\/wp-content\/uploads\/2022\/10\/pida1-380x253.jpg","type":"","width":"","height":""}],"author":"Dagoberto Perez","twitter_card":"summary_large_image","twitter_creator":"@vripubb","twitter_site":"@vripubb","twitter_misc":{"Escrito por":"Dagoberto Perez","Tiempo de lectura":"5 minutos"},"schema":{"@context":"https:\/\/schema.org","@graph":[{"@type":"Article","@id":"https:\/\/vrip.ubiobio.cl\/inicio\/convocatorias\/programa-pida-ubb-busca-profundizar-la-articulacion-institucional-entre-docencia-e-investigacion\/#article","isPartOf":{"@id":"https:\/\/vrip.ubiobio.cl\/inicio\/convocatorias\/programa-pida-ubb-busca-profundizar-la-articulacion-institucional-entre-docencia-e-investigacion\/"},"author":{"name":"Dagoberto Perez","@id":"https:\/\/vrip.ubiobio.cl\/inicio\/#\/schema\/person\/39f3cf67f158f0420b4eb8baa645a9c0"},"headline":"Programa PIDA-UBB busca profundizar la articulaci\u00f3n institucional entre docencia e investigaci\u00f3n","datePublished":"2022-10-25T15:17:51+00:00","dateModified":"2022-10-26T18:24:19+00:00","mainEntityOfPage":{"@id":"https:\/\/vrip.ubiobio.cl\/inicio\/convocatorias\/programa-pida-ubb-busca-profundizar-la-articulacion-institucional-entre-docencia-e-investigacion\/"},"wordCount":971,"commentCount":0,"publisher":{"@id":"https:\/\/vrip.ubiobio.cl\/inicio\/#organization"},"articleSection":["Convocatorias"],"inLanguage":"es","potentialAction":[{"@type":"CommentAction","name":"Comment","target":["https:\/\/vrip.ubiobio.cl\/inicio\/convocatorias\/programa-pida-ubb-busca-profundizar-la-articulacion-institucional-entre-docencia-e-investigacion\/#respond"]}]},{"@type":"WebPage","@id":"https:\/\/vrip.ubiobio.cl\/inicio\/convocatorias\/programa-pida-ubb-busca-profundizar-la-articulacion-institucional-entre-docencia-e-investigacion\/","url":"https:\/\/vrip.ubiobio.cl\/inicio\/convocatorias\/programa-pida-ubb-busca-profundizar-la-articulacion-institucional-entre-docencia-e-investigacion\/","name":"Programa PIDA-UBB busca profundizar la articulaci\u00f3n institucional entre docencia e investigaci\u00f3n - VRIP","isPartOf":{"@id":"https:\/\/vrip.ubiobio.cl\/inicio\/#website"},"datePublished":"2022-10-25T15:17:51+00:00","dateModified":"2022-10-26T18:24:19+00:00","breadcrumb":{"@id":"https:\/\/vrip.ubiobio.cl\/inicio\/convocatorias\/programa-pida-ubb-busca-profundizar-la-articulacion-institucional-entre-docencia-e-investigacion\/#breadcrumb"},"inLanguage":"es","potentialAction":[{"@type":"ReadAction","target":["https:\/\/vrip.ubiobio.cl\/inicio\/convocatorias\/programa-pida-ubb-busca-profundizar-la-articulacion-institucional-entre-docencia-e-investigacion\/"]}]},{"@type":"BreadcrumbList","@id":"https:\/\/vrip.ubiobio.cl\/inicio\/convocatorias\/programa-pida-ubb-busca-profundizar-la-articulacion-institucional-entre-docencia-e-investigacion\/#breadcrumb","itemListElement":[{"@type":"ListItem","position":1,"name":"Portada","item":"https:\/\/vrip.ubiobio.cl\/inicio\/"},{"@type":"ListItem","position":2,"name":"Programa PIDA-UBB busca profundizar la articulaci\u00f3n institucional entre docencia e investigaci\u00f3n"}]},{"@type":"WebSite","@id":"https:\/\/vrip.ubiobio.cl\/inicio\/#website","url":"https:\/\/vrip.ubiobio.cl\/inicio\/","name":"VRIP","description":"Vicerrector\u00eda de Investigaci\u00f3n y Postgrado","publisher":{"@id":"https:\/\/vrip.ubiobio.cl\/inicio\/#organization"},"potentialAction":[{"@type":"SearchAction","target":{"@type":"EntryPoint","urlTemplate":"https:\/\/vrip.ubiobio.cl\/inicio\/?s={search_term_string}"},"query-input":{"@type":"PropertyValueSpecification","valueRequired":true,"valueName":"search_term_string"}}],"inLanguage":"es"},{"@type":"Organization","@id":"https:\/\/vrip.ubiobio.cl\/inicio\/#organization","name":"VRIP","url":"https:\/\/vrip.ubiobio.cl\/inicio\/","logo":{"@type":"ImageObject","inLanguage":"es","@id":"https:\/\/vrip.ubiobio.cl\/inicio\/#\/schema\/logo\/image\/","url":"https:\/\/vrip.ubiobio.cl\/wp-content\/uploads\/2022\/10\/logo-vrip_Mesa-de-trabajo-1.png","contentUrl":"https:\/\/vrip.ubiobio.cl\/wp-content\/uploads\/2022\/10\/logo-vrip_Mesa-de-trabajo-1.png","width":642,"height":178,"caption":"VRIP"},"image":{"@id":"https:\/\/vrip.ubiobio.cl\/inicio\/#\/schema\/logo\/image\/"},"sameAs":["https:\/\/x.com\/vripubb","https:\/\/www.instagram.com\/vrip_ubb\/","https:\/\/www.youtube.com\/channel\/UCf7o8yHRJ7Y_QQLxwu1KQgA","https:\/\/www.linkedin.com\/company\/96035097\/admin\/dashboard\/"]},{"@type":"Person","@id":"https:\/\/vrip.ubiobio.cl\/inicio\/#\/schema\/person\/39f3cf67f158f0420b4eb8baa645a9c0","name":"Dagoberto Perez","image":{"@type":"ImageObject","inLanguage":"es","@id":"https:\/\/secure.gravatar.com\/avatar\/d16ec183e637d727e6c6574e3768aa439442611065e2b4f983793af8bb630edc?s=96&d=mm&r=g","url":"https:\/\/secure.gravatar.com\/avatar\/d16ec183e637d727e6c6574e3768aa439442611065e2b4f983793af8bb630edc?s=96&d=mm&r=g","contentUrl":"https:\/\/secure.gravatar.com\/avatar\/d16ec183e637d727e6c6574e3768aa439442611065e2b4f983793af8bb630edc?s=96&d=mm&r=g","caption":"Dagoberto Perez"},"url":"https:\/\/vrip.ubiobio.cl\/inicio\/author\/dagoberto\/"}]}},"_links":{"self":[{"href":"https:\/\/vrip.ubiobio.cl\/inicio\/wp-json\/wp\/v2\/posts\/35589","targetHints":{"allow":["GET"]}}],"collection":[{"href":"https:\/\/vrip.ubiobio.cl\/inicio\/wp-json\/wp\/v2\/posts"}],"about":[{"href":"https:\/\/vrip.ubiobio.cl\/inicio\/wp-json\/wp\/v2\/types\/post"}],"author":[{"embeddable":true,"href":"https:\/\/vrip.ubiobio.cl\/inicio\/wp-json\/wp\/v2\/users\/3"}],"replies":[{"embeddable":true,"href":"https:\/\/vrip.ubiobio.cl\/inicio\/wp-json\/wp\/v2\/comments?post=35589"}],"version-history":[{"count":4,"href":"https:\/\/vrip.ubiobio.cl\/inicio\/wp-json\/wp\/v2\/posts\/35589\/revisions"}],"predecessor-version":[{"id":35605,"href":"https:\/\/vrip.ubiobio.cl\/inicio\/wp-json\/wp\/v2\/posts\/35589\/revisions\/35605"}],"wp:attachment":[{"href":"https:\/\/vrip.ubiobio.cl\/inicio\/wp-json\/wp\/v2\/media?parent=35589"}],"wp:term":[{"taxonomy":"category","embeddable":true,"href":"https:\/\/vrip.ubiobio.cl\/inicio\/wp-json\/wp\/v2\/categories?post=35589"},{"taxonomy":"post_tag","embeddable":true,"href":"https:\/\/vrip.ubiobio.cl\/inicio\/wp-json\/wp\/v2\/tags?post=35589"}],"curies":[{"name":"wp","href":"https:\/\/api.w.org\/{rel}","templated":true}]}}