{"id":35558,"date":"2022-10-20T12:44:04","date_gmt":"2022-10-20T12:44:04","guid":{"rendered":"http:\/\/vrip.ubiobio.cl\/inicio\/?p=35558"},"modified":"2022-10-20T12:47:03","modified_gmt":"2022-10-20T12:47:03","slug":"academica-ubb-jimena-alarcon-castro-obtuvo-premio-municipal-en-investigacion-aplicada","status":"publish","type":"post","link":"https:\/\/vrip.ubiobio.cl\/inicio\/noticias\/academica-ubb-jimena-alarcon-castro-obtuvo-premio-municipal-en-investigacion-aplicada\/","title":{"rendered":"Acad\u00e9mica UBB Jimena Alarc\u00f3n Castro obtuvo Premio Municipal en Investigaci\u00f3n Aplicada"},"content":{"rendered":"<p><strong><em>En un acto que tendr\u00e1 lugar el viernes 21 de octubre, la acad\u00e9mica del Departamento de Arte y Tecnolog\u00edas del Dise\u00f1o Jimena Alarc\u00f3n Castro recibir\u00e1 el Premio Municipal en Investigaci\u00f3n Aplicada 2022, que otorga la Municipalidad de Concepci\u00f3n para distinguir la trayectoria y aporte ciudadano al saber y la cultura en la ciudad. La Dra. Alarc\u00f3n fue postulada al premio por nuestra Universidad, relevando su labor como promotora de la integraci\u00f3n del dise\u00f1o en la industria tradicional y las organizaciones y su incesante apoyo a las industrias creativas y culturales de la Regi\u00f3n del Biob\u00edo.<\/em><\/strong><\/p>\n<div class=\"perfect-pullquote  pullquote-align-right\"><blockquote><p>Agradezco a la Municipalidad de Concepci\u00f3n, por este reconocimiento para mi disciplina, as\u00ed como tambi\u00e9n a la Universidad del B\u00edo-B\u00edo por presentar mi candidatura y creer en el dise\u00f1o, se\u00f1al\u00f3 la acad\u00e9mica tras conocer la noticia. La galardonada valor\u00f3 igualmente el permanente respaldo institucional a su labor como docente, investigadora y difusora de la especialidad. La UBB me ha brindado la libertad acad\u00e9mica y los espacios f\u00edsicos para desarrollar mi trabajo, siendo una de las pocas universidades que cuenta con un laboratorio de investigaci\u00f3n en dise\u00f1o en nuestro pa\u00eds, coment\u00f3.<\/p><\/blockquote><\/div>\n<p>Agradezco a la Municipalidad de Concepci\u00f3n, por este reconocimiento para mi disciplina, as\u00ed como tambi\u00e9n a la Universidad del B\u00edo-B\u00edo por presentar mi candidatura y creer en el dise\u00f1o, se\u00f1al\u00f3 la acad\u00e9mica tras conocer la noticia. La galardonada valor\u00f3 igualmente el permanente respaldo institucional a su labor como docente, investigadora y difusora de la especialidad. La UBB me ha brindado la libertad acad\u00e9mica y los espacios f\u00edsicos para desarrollar mi trabajo, siendo una de las pocas universidades que cuenta con un laboratorio de investigaci\u00f3n en dise\u00f1o en nuestro pa\u00eds, coment\u00f3.<\/p>\n<p>Seg\u00fan Jimena Alarc\u00f3n, que el dise\u00f1o sea premiado por su capacidad en el \u00e1rea Investigaci\u00f3n Aplicada constituye un hito para nuestra disciplina en Chile. Es un reconocimiento tremendamente significativo para quienes impulsamos la visibilizaci\u00f3n y articulaci\u00f3n del dise\u00f1o como funci\u00f3n estrat\u00e9gica para las organizaciones, a trav\u00e9s de la investigaci\u00f3n, la vinculaci\u00f3n con el medio y la formaci\u00f3n de capital humano, en un esfuerzo de colaboraci\u00f3n multidisciplinaria. Agradezco profundamente este Premio, en nombre de quienes hemos realizado un trabajo sostenido y comprometido desde el Dise\u00f1o para el Gran Concepci\u00f3n, dijo.<\/p>\n<p>La Dra. Alarc\u00f3n destac\u00f3 que, m\u00e1s all\u00e1 de sus evidentes implicaciones econ\u00f3micas, el dise\u00f1o es tambi\u00e9n un factor de mejora para el conjunto de la sociedad. Contribuye a elevar el progreso, la calidad de vida y el bienestar de las personas de manera sostenible. El dise\u00f1o debe dejar de ser percibido como un valor agregado, pues realmente es un valor necesario, una llave para comprender el mundo y realizar acciones pertinentes, especialmente ante la creciente importancia de proveer un futuro m\u00e1s sustentable, afirm\u00f3.<\/p>\n<p><strong style=\"font-style: inherit;\">La galardonada<\/strong><\/p>\n<p>Profesora titular del Departamento de Arte y Tecnolog\u00edas del Dise\u00f1o de nuestra instituci\u00f3n, Jimena Alarc\u00f3n es dise\u00f1adora industrial de la Universidad de Valpara\u00edso, Mag\u00edster en Construcci\u00f3n en Madera de la UBB y Doctora en Gesti\u00f3n del Dise\u00f1o de la Universidad Polit\u00e9cnica de Valencia, Espa\u00f1a. Con una trayectoria acad\u00e9mica enfocada en temas de gesti\u00f3n del dise\u00f1o, bi\u00f3nica, ingenier\u00eda afectiva, dise\u00f1o industrial y materiales sustentables, es la \u00fanica dise\u00f1adora del pa\u00eds con productividad cient\u00edfica con calificaci\u00f3n m\u00e1xima para la Agencia Nacional de Investigaci\u00f3n y Desarrollo, ANID.<\/p>\n<p>Desde 2012, a trav\u00e9s de iniciativas apoyadas por la CORFO y otros organismos, ha propiciado la incorporaci\u00f3n del dise\u00f1o para mejorar la competitividad de peque\u00f1as y medianas empresas regionales, en un trabajo colaborativo permanente e interdisciplinario. Es gerente del Programa Territorial Integrado\u00a0<em style=\"font-weight: inherit;\">Biob\u00edo creativo<\/em>\u00a0de Corfo y dirige el proyecto\u00a0<em style=\"font-weight: inherit;\">Future Mas\/Art: Industria creativa<\/em>\u00a0que, con recursos del Gobierno Regional del Biob\u00edo y de nuestra Universidad, contin\u00faa potenciando el desarrollo de m\u00e1s de 90 emprendimientos creativos de los sectores Dise\u00f1o, Arquitectura, M\u00fasica, Audiovisual, Artes Visuales y Danza. El proyecto\u00a0<em style=\"font-weight: inherit;\">Distrito de Dise\u00f1o para el Gran Concepci\u00f3n: Articulaci\u00f3n de una red de valor territorial para potenciar la contribuci\u00f3n del sector en la matriz productiva regional<\/em>\u00a0le permiti\u00f3 fundar, adem\u00e1s, el Distrito de Dise\u00f1o del Gran Concepci\u00f3n, el primero en Chile, y gest\u00f3 la Red de Integraci\u00f3n de Valor y Asociatividad (Nodo RIVA) del sector Calzado e Indumentaria del Gran Concepci\u00f3n.<\/p>\n<p>Ha participado y liderado proyectos nacionales (INNOVA, Conicyt, entre otros) e internacionales (Alfa, ERANet). Ha colaborado igualmente con instituciones universitarias y centros tecnol\u00f3gicos de distintos pa\u00edses de Europa y ha realizado pasant\u00edas de investigaci\u00f3n en Italia, Espa\u00f1a, Finlandia y M\u00e9xico. Revisora de becas y proyectos ANID y CORFO, ha sido tambi\u00e9n invitada a dictar conferencias y como observadora internacional a eventos en Chile y el extranjero. Es vicepresidenta de la Red Iberoamericana de Investigaci\u00f3n en Dise\u00f1o de la prestigiosa Bienal de Dise\u00f1o de Espa\u00f1a Su labor acad\u00e9mica y de investigaci\u00f3n se refleja en m\u00e1s de 70 publicaciones en revistas cient\u00edficas evaluadas por pares, libros y cap\u00edtulos de libros, presentaciones en congresos cient\u00edficos y gremiales.<\/p>\n<p>Es fundadora y directora del Laboratorio de Investigaci\u00f3n en Dise\u00f1o y el Grupo de Investigaci\u00f3n en Dise\u00f1o de la Universidad del B\u00edo-B\u00edo, el \u00fanico del sur del pa\u00eds reconocido como Centro de Emprendimiento e Innovaci\u00f3n en Dise\u00f1o por el Consejo Nacional de la Cultura y las Artes de Chile.<\/p>\n<p>Fuente: UBB<\/p>\n","protected":false},"excerpt":{"rendered":"<p>En un acto que tendr\u00e1 lugar el viernes 21 de octubre, la acad\u00e9mica del Departamento de Arte y Tecnolog\u00edas del Dise\u00f1o Jimena Alarc\u00f3n Castro recibir\u00e1 el Premio Municipal en Investigaci\u00f3n Aplicada 2022, que otorga la Municipalidad de Concepci\u00f3n para distinguir la trayectoria y aporte ciudadano al saber y la cultura en la ciudad. La Dra&#8230;.<\/p>\n","protected":false},"author":3,"featured_media":35561,"comment_status":"open","ping_status":"open","sticky":false,"template":"","format":"standard","meta":{"_kadence_starter_templates_imported_post":false,"_kad_post_transparent":"default","_kad_post_title":"default","_kad_post_layout":"default","_kad_post_sidebar_id":"","_kad_post_content_style":"default","_kad_post_vertical_padding":"default","_kad_post_feature":"","_kad_post_feature_position":"","_kad_post_header":false,"_kad_post_footer":false,"footnotes":""},"categories":[3],"tags":[],"_links":{"self":[{"href":"https:\/\/vrip.ubiobio.cl\/inicio\/wp-json\/wp\/v2\/posts\/35558"}],"collection":[{"href":"https:\/\/vrip.ubiobio.cl\/inicio\/wp-json\/wp\/v2\/posts"}],"about":[{"href":"https:\/\/vrip.ubiobio.cl\/inicio\/wp-json\/wp\/v2\/types\/post"}],"author":[{"embeddable":true,"href":"https:\/\/vrip.ubiobio.cl\/inicio\/wp-json\/wp\/v2\/users\/3"}],"replies":[{"embeddable":true,"href":"https:\/\/vrip.ubiobio.cl\/inicio\/wp-json\/wp\/v2\/comments?post=35558"}],"version-history":[{"count":1,"href":"https:\/\/vrip.ubiobio.cl\/inicio\/wp-json\/wp\/v2\/posts\/35558\/revisions"}],"predecessor-version":[{"id":35560,"href":"https:\/\/vrip.ubiobio.cl\/inicio\/wp-json\/wp\/v2\/posts\/35558\/revisions\/35560"}],"wp:featuredmedia":[{"embeddable":true,"href":"https:\/\/vrip.ubiobio.cl\/inicio\/wp-json\/wp\/v2\/media\/35561"}],"wp:attachment":[{"href":"https:\/\/vrip.ubiobio.cl\/inicio\/wp-json\/wp\/v2\/media?parent=35558"}],"wp:term":[{"taxonomy":"category","embeddable":true,"href":"https:\/\/vrip.ubiobio.cl\/inicio\/wp-json\/wp\/v2\/categories?post=35558"},{"taxonomy":"post_tag","embeddable":true,"href":"https:\/\/vrip.ubiobio.cl\/inicio\/wp-json\/wp\/v2\/tags?post=35558"}],"curies":[{"name":"wp","href":"https:\/\/api.w.org\/{rel}","templated":true}]}}