{"id":35426,"date":"2022-10-05T19:42:39","date_gmt":"2022-10-05T19:42:39","guid":{"rendered":"http:\/\/vrip.ubiobio.cl\/inicio\/?p=35426"},"modified":"2022-10-05T19:42:39","modified_gmt":"2022-10-05T19:42:39","slug":"cpa-organizo-importante-seminario-internacional-de-difusion-de-investigacion-contable","status":"publish","type":"post","link":"https:\/\/vrip.ubiobio.cl\/inicio\/noticias\/cpa-organizo-importante-seminario-internacional-de-difusion-de-investigacion-contable\/","title":{"rendered":"CPA organiz\u00f3 importante seminario internacional de difusi\u00f3n de investigaci\u00f3n contable"},"content":{"rendered":"<p><strong><em>Con interesantes ponencias se llev\u00f3 a cabo el Seminario Internacional de Difusi\u00f3n de Investigaci\u00f3n Contable CAPIC, organizado por la Escuela de Contador P\u00fablico y Auditor (CPA) de la Facultad de Ciencias Empresariales de la Universidad del B\u00edo-B\u00edo.<\/em><\/strong><\/p>\n<div class=\"perfect-pullquote  pullquote-align-right\"><blockquote><p>El director de la Escuela Contador P\u00fablico y Auditor, Dr. Fernando Morales, quien tambi\u00e9n realiz\u00f3 la funci\u00f3n de moderador, agradeci\u00f3 la participaci\u00f3n y asistencia al evento por parte de docentes y estudiantes, destacando que como Escuela es un honor apoyar en las actividades de la Conferencia Acad\u00e9mica Permanente de Investigaci\u00f3n Contable y otras redes que se mantienen en los espacios acad\u00e9micos. Asimismo, entregaron sus palabras de bienvenida el decano (s) de la Face, Manuel Crisosto Mu\u00f1oz, y la secretaria general de CAPIC, Patricia Cort\u00e9s.<\/p><\/blockquote><\/div>\n<p>Es importante destacar que la Conferencia Acad\u00e9mica Permanente de Investigaci\u00f3n Contable (CAPIC) es una sociedad cient\u00edfica que est\u00e1 conformada por universidades nacionales e internacionales, donde la UBB tiene participaci\u00f3n en el directorio a trav\u00e9s del acad\u00e9mico Dr. Fernando Morales Parada y la acad\u00e9mica Mg. Paz Arias Mu\u00f1oz.<\/p>\n<p>El director de la Escuela Contador P\u00fablico y Auditor, Dr. Fernando Morales, quien tambi\u00e9n realiz\u00f3 la funci\u00f3n de moderador, agradeci\u00f3 la participaci\u00f3n y asistencia al evento por parte de docentes y estudiantes, destacando que como Escuela es un honor apoyar en las actividades de la Conferencia Acad\u00e9mica Permanente de Investigaci\u00f3n Contable y otras redes que se mantienen en los espacios acad\u00e9micos. Asimismo, entregaron sus palabras de bienvenida el decano (s) de la Face, Manuel Crisosto Mu\u00f1oz, y la secretaria general de CAPIC, Patricia Cort\u00e9s.<\/p>\n<p>Fueron dos interesantes ponencias las que se realizaron en la actividad; \u201cInformaci\u00f3n empresarial centrada en aspectos sociales y ambientales: un nuevo desaf\u00edo para la profesi\u00f3n contable\u201d, a cargo del presidente de CAPIC, Dr. Luis Jara Sarr\u00faa, y \u201c\u00bfWhy integrated reporting? Insights from early adoption in an emerging econom\u00fd\u201d, a cargo del Dr. Jos\u00e9 Navarrete Oyarce de la Universidad Andr\u00e9s Bello, adem\u00e1s de la presentaci\u00f3n del convenio entre CAPIC y la Acad\u00e9mica de Ciencias Administrativas A.C (ACACIA).<\/p>\n<p>El experto Dr. Luis Jara expuso el an\u00e1lisis de su art\u00edculo sobre la informaci\u00f3n empresarial centrada en aspectos sociales y ambientales, comentando que en Chile se tiende a preguntar si este tipo de informaci\u00f3n es novedosa. La respuesta a dicha interrogante es que no, no lo es ya que existe evidencia sobre el tema desde la d\u00e9cada de 1970, \u201ceso s\u00ed, la informaci\u00f3n se ha caracterizado por su car\u00e1cter voluntario\u201d. Asimismo, el presidente de CAPIC abord\u00f3 el Reporte de Sostenibilidad, el enfoque de materialidad financiera y de doble materialidad, lo que propone la Fundaci\u00f3n IFRS sobre la informaci\u00f3n relacionada a la sostenibilidad, y los desaf\u00edos para la profesi\u00f3n contable, entre otros temas.<\/p>\n<p>Por su parte, el Dr. Jos\u00e9 Navarrete sostuvo, entre varios planteamientos, que existe un debate mundial respecto a los reportes empresariales, \u201cel mercado entiende hoy que los aspectos financieros no representan la totalidad del negocio, sino que el negocio es necesariamente la suma de los aspectos financieros, sociales y medioambientales. Ya no podemos ver un negocio s\u00f3lo por los resultados netamente econ\u00f3micos\u201d.<\/p>\n<p>Para ver el seminario completo, visitar el siguiente link\u00a0<a href=\"http:\/\/ubb.cl\/779126\">http:\/\/ubb.cl\/779126<\/a><\/p>\n<p>&nbsp;<\/p>\n<p>Fuente: UBB<\/p>\n","protected":false},"excerpt":{"rendered":"<p>Con interesantes ponencias se llev\u00f3 a cabo el Seminario Internacional de Difusi\u00f3n de Investigaci\u00f3n Contable CAPIC, organizado por la Escuela de Contador P\u00fablico y Auditor (CPA) de la Facultad de Ciencias Empresariales de la Universidad del B\u00edo-B\u00edo. Es importante destacar que la Conferencia Acad\u00e9mica Permanente de Investigaci\u00f3n Contable (CAPIC) es una sociedad cient\u00edfica que est\u00e1&#8230;<\/p>\n","protected":false},"author":3,"featured_media":35427,"comment_status":"open","ping_status":"open","sticky":false,"template":"","format":"standard","meta":{"_kadence_starter_templates_imported_post":false,"_kad_post_transparent":"default","_kad_post_title":"default","_kad_post_layout":"default","_kad_post_sidebar_id":"","_kad_post_content_style":"default","_kad_post_vertical_padding":"default","_kad_post_feature":"","_kad_post_feature_position":"","_kad_post_header":false,"_kad_post_footer":false,"footnotes":""},"categories":[3],"tags":[],"_links":{"self":[{"href":"https:\/\/vrip.ubiobio.cl\/inicio\/wp-json\/wp\/v2\/posts\/35426"}],"collection":[{"href":"https:\/\/vrip.ubiobio.cl\/inicio\/wp-json\/wp\/v2\/posts"}],"about":[{"href":"https:\/\/vrip.ubiobio.cl\/inicio\/wp-json\/wp\/v2\/types\/post"}],"author":[{"embeddable":true,"href":"https:\/\/vrip.ubiobio.cl\/inicio\/wp-json\/wp\/v2\/users\/3"}],"replies":[{"embeddable":true,"href":"https:\/\/vrip.ubiobio.cl\/inicio\/wp-json\/wp\/v2\/comments?post=35426"}],"version-history":[{"count":1,"href":"https:\/\/vrip.ubiobio.cl\/inicio\/wp-json\/wp\/v2\/posts\/35426\/revisions"}],"predecessor-version":[{"id":35428,"href":"https:\/\/vrip.ubiobio.cl\/inicio\/wp-json\/wp\/v2\/posts\/35426\/revisions\/35428"}],"wp:featuredmedia":[{"embeddable":true,"href":"https:\/\/vrip.ubiobio.cl\/inicio\/wp-json\/wp\/v2\/media\/35427"}],"wp:attachment":[{"href":"https:\/\/vrip.ubiobio.cl\/inicio\/wp-json\/wp\/v2\/media?parent=35426"}],"wp:term":[{"taxonomy":"category","embeddable":true,"href":"https:\/\/vrip.ubiobio.cl\/inicio\/wp-json\/wp\/v2\/categories?post=35426"},{"taxonomy":"post_tag","embeddable":true,"href":"https:\/\/vrip.ubiobio.cl\/inicio\/wp-json\/wp\/v2\/tags?post=35426"}],"curies":[{"name":"wp","href":"https:\/\/api.w.org\/{rel}","templated":true}]}}