{"id":34241,"date":"2022-06-08T14:50:35","date_gmt":"2022-06-08T14:50:35","guid":{"rendered":"http:\/\/vrip.ubiobio.cl\/inicio\/?p=34241"},"modified":"2022-06-08T14:50:35","modified_gmt":"2022-06-08T14:50:35","slug":"ubb-congregara-a-destacados-cientificos-en-annual-meeting-grivas-2022","status":"publish","type":"post","link":"https:\/\/vrip.ubiobio.cl\/inicio\/noticias\/ubb-congregara-a-destacados-cientificos-en-annual-meeting-grivas-2022\/","title":{"rendered":"UBB congregar\u00e1 a destacados cient\u00edficos en Annual Meeting Grivas 2022"},"content":{"rendered":"<p><strong><em>Promover un esp\u00edritu de colaboraci\u00f3n en el \u00e1rea de Fisiolog\u00eda e Innovaci\u00f3n en Salud Vascular ser\u00e1 uno de los principales objetivos del Annual Meeting Grivas 2022 que se desarrollar\u00e1 entre los d\u00edas 3 y 5 de agosto en el Aula Magna emplazada en el Campus Fernando May de la sede Chill\u00e1n. El investigador UBB, Dr. Carlos Escudero Orozco, quien preside el comit\u00e9 organizador se\u00f1al\u00f3 que se abordar\u00e1n tem\u00e1ticas vinculadas con enfermedad cerebrovascular, un importante t\u00f3pico de salud para la regi\u00f3n, as\u00ed como a nivel nacional e internacional.<\/em><\/strong><\/p>\n<div class=\"perfect-pullquote algo pullquote-align-left\"><blockquote><p>En nuestra Universidad del B\u00edo-B\u00edo hemos estado trabajando espec\u00edficamente en el \u00e1rea cerebrovascular desde hace 5 a\u00f1os, y ha sido de gran impacto en t\u00e9rminos de la problem\u00e1tica que se est\u00e1 abordando. Hay pocos grupos en Chile que est\u00e9n trabajando derechamente en el \u00e1rea cerebrovascular y en c\u00f3mo se forma la vasculatura del cerebro. Por eso es tan importante establecer colaboraciones y generar plataformas de interacci\u00f3n como Grivas 2022\u201d, reflexion\u00f3 el Dr. Carlos Escudero.<\/p><\/blockquote><\/div>\n<p>El Annual Meeting Grivas 2022, convocado por el Grupo de Investigaci\u00f3n e Innovaci\u00f3n en Salud Vascular, GRIVAS Health (<a href=\"http:\/\/grivashealth.cl\/\">http:\/\/grivashealth.cl\/<\/a>) se desarrollar\u00e1 de manera h\u00edbrida bajo el mismo esp\u00edritu de sus versiones anteriores: generar una plataforma de interacci\u00f3n cient\u00edfica de colaboraci\u00f3n (<a href=\"http:\/\/grivas-meeting.ubiobio.cl\/\">http:\/\/grivas-meeting.ubiobio.cl<\/a>).<\/p>\n<p>El encuentro ya confirm\u00f3 la participaci\u00f3n de reconocidos investigadores de las universidades de Harvard, Oxford, Manchester, Uppsala, Gothenburg, adem\u00e1s de universidades chilenas.<\/p>\n<p>El Dr. Carlos Escudero precis\u00f3 que el encuentro se enfocar\u00e1 en dilucidar los mecanismos celulares y moleculares de los problemas relacionados con los vasos sangu\u00edneos del cerebro.<\/p>\n<p>\u201cEl gran cambio en materia del programa cient\u00edfico es que vamos a enfocarnos en una \u00fanica problem\u00e1tica de salud vascular, que son las enfermedades cerebrovasculares. Esto es relevante porque la Regi\u00f3n de \u00d1uble tiene el lamentable r\u00e9cord de ser la primera regi\u00f3n a nivel pa\u00eds con la tasa m\u00e1s alta de mortalidad por enfermedades cerebrovasculares. Una estimaci\u00f3n preliminar indica que cada mes se registran alrededor de 100 personas que sufren accidente cerebrovascular, quienes son atendidos en el Hospital Cl\u00ednico Herminda Mart\u00edn de Chill\u00e1n\u201d, precis\u00f3.<\/p>\n<p>\u201cLa investigaci\u00f3n de c\u00f3mo abordar la problem\u00e1tica est\u00e1 m\u00ednimamente desarrollada. Los esfuerzos est\u00e1n puestos en atender a los pacientes, tratar de aplicar las gu\u00edas cl\u00ednicas, pero finalmente las tasas no disminuyen\u201d, advirti\u00f3 el investigador.<\/p>\n<p><strong style=\"font-style: inherit;\">Grivas 2022 suma apoyos<\/strong><\/p>\n<p>El Dr. Carlos Escudero relev\u00f3 que en esta oportunidad se cuenta con el apoyo de la Revista Frontiers, la segunda m\u00e1s citada en el \u00e1rea de fisiolog\u00eda a nivel mundial. \u201cA ellos les llama la atenci\u00f3n porque se trata de un tema relevante, pero adem\u00e1s porque la revista busca generar difusi\u00f3n y tambi\u00e9n captar investigadores que puedan contribuir con publicaciones. Frontiers comparte su plataforma\u00a0<a href=\"https:\/\/www.frontiersin.org\/research-topics\/35423\">https:\/\/www.frontiersin.org\/research-topics\/35423<\/a>, de manera que logramos una gran visibilidad internacional\u201d, coment\u00f3.<\/p>\n<p>Asimismo, Grivas 2022 cuenta entre sus patrocinadores a la Sociedad Chilena de Ciencias Fisiol\u00f3gicas.<\/p>\n<p>El equipo de Grivas Health est\u00e1 conformado por investigadores de la Universidad del B\u00edo-B\u00edo, Universidad de Talca, Universidad de Concepci\u00f3n, Universidad de Valpara\u00edso, Universidad San Sebasti\u00e1n, Universidad Cat\u00f3lica de la Sant\u00edsima Concepci\u00f3n y el Cedars Sinai Medical Center de California.<\/p>\n<p>La reuni\u00f3n Grivas 2022 corresponde a un Proyecto de Extensi\u00f3n UBB y tambi\u00e9n tributa al Fondecyt Regular N\u00b0 1200250 que lidera el Dr. Carlos Escudero, que estudia la formaci\u00f3n de vasos sangu\u00edneos en el cerebro de ni\u00f1os\/as en gestaci\u00f3n en madres con hipertensi\u00f3n arterial (preeclampsia).<\/p>\n<p>\u201cEn nuestra Universidad del B\u00edo-B\u00edo hemos estado trabajando espec\u00edficamente en el \u00e1rea cerebrovascular desde hace 5 a\u00f1os, y ha sido de gran impacto en t\u00e9rminos de la problem\u00e1tica que se est\u00e1 abordando. Hay pocos grupos en Chile que est\u00e9n trabajando derechamente en el \u00e1rea cerebrovascular y en c\u00f3mo se forma la vasculatura del cerebro. Por eso es tan importante establecer colaboraciones y generar plataformas de interacci\u00f3n como Grivas 2022\u201d, reflexion\u00f3 el Dr. Carlos Escudero.<\/p>\n<p>Fuente: UBB<\/p>\n","protected":false},"excerpt":{"rendered":"<p>Promover un esp\u00edritu de colaboraci\u00f3n en el \u00e1rea de Fisiolog\u00eda e Innovaci\u00f3n en Salud Vascular ser\u00e1 uno de los principales objetivos del Annual Meeting Grivas 2022 que se desarrollar\u00e1 entre los d\u00edas 3 y 5 de agosto en el Aula Magna emplazada en el Campus Fernando May de la sede Chill\u00e1n. El investigador UBB, Dr&#8230;.<\/p>\n","protected":false},"author":3,"featured_media":34242,"comment_status":"open","ping_status":"open","sticky":false,"template":"","format":"standard","meta":{"_kadence_starter_templates_imported_post":false,"_kad_post_transparent":"default","_kad_post_title":"default","_kad_post_layout":"default","_kad_post_sidebar_id":"","_kad_post_content_style":"default","_kad_post_vertical_padding":"default","_kad_post_feature":"","_kad_post_feature_position":"","_kad_post_header":false,"_kad_post_footer":false,"footnotes":""},"categories":[3],"tags":[],"class_list":["post-34241","post","type-post","status-publish","format-standard","has-post-thumbnail","hentry","category-noticias"],"yoast_head":"<!-- This site is optimized with the Yoast SEO plugin v27.5 - https:\/\/yoast.com\/product\/yoast-seo-wordpress\/ -->\n<title>UBB congregar\u00e1 a destacados cient\u00edficos en Annual Meeting Grivas 2022 - VRIP<\/title>\n<meta name=\"robots\" content=\"index, follow, max-snippet:-1, max-image-preview:large, max-video-preview:-1\" \/>\n<link rel=\"canonical\" href=\"https:\/\/vrip.ubiobio.cl\/inicio\/noticias\/ubb-congregara-a-destacados-cientificos-en-annual-meeting-grivas-2022\/\" \/>\n<meta property=\"og:locale\" content=\"es_ES\" \/>\n<meta property=\"og:type\" content=\"article\" \/>\n<meta property=\"og:title\" content=\"UBB congregar\u00e1 a destacados cient\u00edficos en Annual Meeting Grivas 2022 - VRIP\" \/>\n<meta property=\"og:description\" content=\"Promover un esp\u00edritu de colaboraci\u00f3n en el \u00e1rea de Fisiolog\u00eda e Innovaci\u00f3n en Salud Vascular ser\u00e1 uno de los principales objetivos del Annual Meeting Grivas 2022 que se desarrollar\u00e1 entre los d\u00edas 3 y 5 de agosto en el Aula Magna emplazada en el Campus Fernando May de la sede Chill\u00e1n. El investigador UBB, Dr....\" \/>\n<meta property=\"og:url\" content=\"https:\/\/vrip.ubiobio.cl\/inicio\/noticias\/ubb-congregara-a-destacados-cientificos-en-annual-meeting-grivas-2022\/\" \/>\n<meta property=\"og:site_name\" content=\"VRIP\" \/>\n<meta property=\"article:published_time\" content=\"2022-06-08T14:50:35+00:00\" \/>\n<meta property=\"og:image\" content=\"https:\/\/vrip.ubiobio.cl\/wp-content\/uploads\/2022\/06\/GRIVAS.jpg\" \/>\n\t<meta property=\"og:image:width\" content=\"1024\" \/>\n\t<meta property=\"og:image:height\" content=\"767\" \/>\n\t<meta property=\"og:image:type\" content=\"image\/jpeg\" \/>\n<meta name=\"author\" content=\"Dagoberto Perez\" \/>\n<meta name=\"twitter:card\" content=\"summary_large_image\" \/>\n<meta name=\"twitter:creator\" content=\"@vripubb\" \/>\n<meta name=\"twitter:site\" content=\"@vripubb\" \/>\n<meta name=\"twitter:label1\" content=\"Escrito por\" \/>\n\t<meta name=\"twitter:data1\" content=\"Dagoberto Perez\" \/>\n\t<meta name=\"twitter:label2\" content=\"Tiempo de lectura\" \/>\n\t<meta name=\"twitter:data2\" content=\"4 minutos\" \/>\n<script type=\"application\/ld+json\" class=\"yoast-schema-graph\">{\"@context\":\"https:\\\/\\\/schema.org\",\"@graph\":[{\"@type\":\"Article\",\"@id\":\"https:\\\/\\\/vrip.ubiobio.cl\\\/inicio\\\/noticias\\\/ubb-congregara-a-destacados-cientificos-en-annual-meeting-grivas-2022\\\/#article\",\"isPartOf\":{\"@id\":\"https:\\\/\\\/vrip.ubiobio.cl\\\/inicio\\\/noticias\\\/ubb-congregara-a-destacados-cientificos-en-annual-meeting-grivas-2022\\\/\"},\"author\":{\"name\":\"Dagoberto Perez\",\"@id\":\"https:\\\/\\\/vrip.ubiobio.cl\\\/inicio\\\/#\\\/schema\\\/person\\\/39f3cf67f158f0420b4eb8baa645a9c0\"},\"headline\":\"UBB congregar\u00e1 a destacados cient\u00edficos en Annual Meeting Grivas 2022\",\"datePublished\":\"2022-06-08T14:50:35+00:00\",\"mainEntityOfPage\":{\"@id\":\"https:\\\/\\\/vrip.ubiobio.cl\\\/inicio\\\/noticias\\\/ubb-congregara-a-destacados-cientificos-en-annual-meeting-grivas-2022\\\/\"},\"wordCount\":718,\"commentCount\":0,\"publisher\":{\"@id\":\"https:\\\/\\\/vrip.ubiobio.cl\\\/inicio\\\/#organization\"},\"image\":{\"@id\":\"https:\\\/\\\/vrip.ubiobio.cl\\\/inicio\\\/noticias\\\/ubb-congregara-a-destacados-cientificos-en-annual-meeting-grivas-2022\\\/#primaryimage\"},\"thumbnailUrl\":\"https:\\\/\\\/vrip.ubiobio.cl\\\/wp-content\\\/uploads\\\/2022\\\/06\\\/GRIVAS.jpg\",\"articleSection\":[\"Noticias\"],\"inLanguage\":\"es\",\"potentialAction\":[{\"@type\":\"CommentAction\",\"name\":\"Comment\",\"target\":[\"https:\\\/\\\/vrip.ubiobio.cl\\\/inicio\\\/noticias\\\/ubb-congregara-a-destacados-cientificos-en-annual-meeting-grivas-2022\\\/#respond\"]}]},{\"@type\":\"WebPage\",\"@id\":\"https:\\\/\\\/vrip.ubiobio.cl\\\/inicio\\\/noticias\\\/ubb-congregara-a-destacados-cientificos-en-annual-meeting-grivas-2022\\\/\",\"url\":\"https:\\\/\\\/vrip.ubiobio.cl\\\/inicio\\\/noticias\\\/ubb-congregara-a-destacados-cientificos-en-annual-meeting-grivas-2022\\\/\",\"name\":\"UBB congregar\u00e1 a destacados cient\u00edficos en Annual Meeting Grivas 2022 - VRIP\",\"isPartOf\":{\"@id\":\"https:\\\/\\\/vrip.ubiobio.cl\\\/inicio\\\/#website\"},\"primaryImageOfPage\":{\"@id\":\"https:\\\/\\\/vrip.ubiobio.cl\\\/inicio\\\/noticias\\\/ubb-congregara-a-destacados-cientificos-en-annual-meeting-grivas-2022\\\/#primaryimage\"},\"image\":{\"@id\":\"https:\\\/\\\/vrip.ubiobio.cl\\\/inicio\\\/noticias\\\/ubb-congregara-a-destacados-cientificos-en-annual-meeting-grivas-2022\\\/#primaryimage\"},\"thumbnailUrl\":\"https:\\\/\\\/vrip.ubiobio.cl\\\/wp-content\\\/uploads\\\/2022\\\/06\\\/GRIVAS.jpg\",\"datePublished\":\"2022-06-08T14:50:35+00:00\",\"breadcrumb\":{\"@id\":\"https:\\\/\\\/vrip.ubiobio.cl\\\/inicio\\\/noticias\\\/ubb-congregara-a-destacados-cientificos-en-annual-meeting-grivas-2022\\\/#breadcrumb\"},\"inLanguage\":\"es\",\"potentialAction\":[{\"@type\":\"ReadAction\",\"target\":[\"https:\\\/\\\/vrip.ubiobio.cl\\\/inicio\\\/noticias\\\/ubb-congregara-a-destacados-cientificos-en-annual-meeting-grivas-2022\\\/\"]}]},{\"@type\":\"ImageObject\",\"inLanguage\":\"es\",\"@id\":\"https:\\\/\\\/vrip.ubiobio.cl\\\/inicio\\\/noticias\\\/ubb-congregara-a-destacados-cientificos-en-annual-meeting-grivas-2022\\\/#primaryimage\",\"url\":\"https:\\\/\\\/vrip.ubiobio.cl\\\/wp-content\\\/uploads\\\/2022\\\/06\\\/GRIVAS.jpg\",\"contentUrl\":\"https:\\\/\\\/vrip.ubiobio.cl\\\/wp-content\\\/uploads\\\/2022\\\/06\\\/GRIVAS.jpg\",\"width\":1024,\"height\":767},{\"@type\":\"BreadcrumbList\",\"@id\":\"https:\\\/\\\/vrip.ubiobio.cl\\\/inicio\\\/noticias\\\/ubb-congregara-a-destacados-cientificos-en-annual-meeting-grivas-2022\\\/#breadcrumb\",\"itemListElement\":[{\"@type\":\"ListItem\",\"position\":1,\"name\":\"Portada\",\"item\":\"https:\\\/\\\/vrip.ubiobio.cl\\\/inicio\\\/\"},{\"@type\":\"ListItem\",\"position\":2,\"name\":\"UBB congregar\u00e1 a destacados cient\u00edficos en Annual Meeting Grivas 2022\"}]},{\"@type\":\"WebSite\",\"@id\":\"https:\\\/\\\/vrip.ubiobio.cl\\\/inicio\\\/#website\",\"url\":\"https:\\\/\\\/vrip.ubiobio.cl\\\/inicio\\\/\",\"name\":\"VRIP\",\"description\":\"Vicerrector\u00eda de Investigaci\u00f3n y Postgrado\",\"publisher\":{\"@id\":\"https:\\\/\\\/vrip.ubiobio.cl\\\/inicio\\\/#organization\"},\"potentialAction\":[{\"@type\":\"SearchAction\",\"target\":{\"@type\":\"EntryPoint\",\"urlTemplate\":\"https:\\\/\\\/vrip.ubiobio.cl\\\/inicio\\\/?s={search_term_string}\"},\"query-input\":{\"@type\":\"PropertyValueSpecification\",\"valueRequired\":true,\"valueName\":\"search_term_string\"}}],\"inLanguage\":\"es\"},{\"@type\":\"Organization\",\"@id\":\"https:\\\/\\\/vrip.ubiobio.cl\\\/inicio\\\/#organization\",\"name\":\"VRIP\",\"url\":\"https:\\\/\\\/vrip.ubiobio.cl\\\/inicio\\\/\",\"logo\":{\"@type\":\"ImageObject\",\"inLanguage\":\"es\",\"@id\":\"https:\\\/\\\/vrip.ubiobio.cl\\\/inicio\\\/#\\\/schema\\\/logo\\\/image\\\/\",\"url\":\"https:\\\/\\\/vrip.ubiobio.cl\\\/wp-content\\\/uploads\\\/2022\\\/10\\\/logo-vrip_Mesa-de-trabajo-1.png\",\"contentUrl\":\"https:\\\/\\\/vrip.ubiobio.cl\\\/wp-content\\\/uploads\\\/2022\\\/10\\\/logo-vrip_Mesa-de-trabajo-1.png\",\"width\":642,\"height\":178,\"caption\":\"VRIP\"},\"image\":{\"@id\":\"https:\\\/\\\/vrip.ubiobio.cl\\\/inicio\\\/#\\\/schema\\\/logo\\\/image\\\/\"},\"sameAs\":[\"https:\\\/\\\/x.com\\\/vripubb\",\"https:\\\/\\\/www.instagram.com\\\/vrip_ubb\\\/\",\"https:\\\/\\\/www.youtube.com\\\/channel\\\/UCf7o8yHRJ7Y_QQLxwu1KQgA\",\"https:\\\/\\\/www.linkedin.com\\\/company\\\/96035097\\\/admin\\\/dashboard\\\/\"]},{\"@type\":\"Person\",\"@id\":\"https:\\\/\\\/vrip.ubiobio.cl\\\/inicio\\\/#\\\/schema\\\/person\\\/39f3cf67f158f0420b4eb8baa645a9c0\",\"name\":\"Dagoberto Perez\",\"image\":{\"@type\":\"ImageObject\",\"inLanguage\":\"es\",\"@id\":\"https:\\\/\\\/secure.gravatar.com\\\/avatar\\\/d16ec183e637d727e6c6574e3768aa439442611065e2b4f983793af8bb630edc?s=96&d=mm&r=g\",\"url\":\"https:\\\/\\\/secure.gravatar.com\\\/avatar\\\/d16ec183e637d727e6c6574e3768aa439442611065e2b4f983793af8bb630edc?s=96&d=mm&r=g\",\"contentUrl\":\"https:\\\/\\\/secure.gravatar.com\\\/avatar\\\/d16ec183e637d727e6c6574e3768aa439442611065e2b4f983793af8bb630edc?s=96&d=mm&r=g\",\"caption\":\"Dagoberto Perez\"},\"url\":\"https:\\\/\\\/vrip.ubiobio.cl\\\/inicio\\\/author\\\/dagoberto\\\/\"}]}<\/script>\n<!-- \/ Yoast SEO plugin. -->","yoast_head_json":{"title":"UBB congregar\u00e1 a destacados cient\u00edficos en Annual Meeting Grivas 2022 - VRIP","robots":{"index":"index","follow":"follow","max-snippet":"max-snippet:-1","max-image-preview":"max-image-preview:large","max-video-preview":"max-video-preview:-1"},"canonical":"https:\/\/vrip.ubiobio.cl\/inicio\/noticias\/ubb-congregara-a-destacados-cientificos-en-annual-meeting-grivas-2022\/","og_locale":"es_ES","og_type":"article","og_title":"UBB congregar\u00e1 a destacados cient\u00edficos en Annual Meeting Grivas 2022 - VRIP","og_description":"Promover un esp\u00edritu de colaboraci\u00f3n en el \u00e1rea de Fisiolog\u00eda e Innovaci\u00f3n en Salud Vascular ser\u00e1 uno de los principales objetivos del Annual Meeting Grivas 2022 que se desarrollar\u00e1 entre los d\u00edas 3 y 5 de agosto en el Aula Magna emplazada en el Campus Fernando May de la sede Chill\u00e1n. El investigador UBB, Dr....","og_url":"https:\/\/vrip.ubiobio.cl\/inicio\/noticias\/ubb-congregara-a-destacados-cientificos-en-annual-meeting-grivas-2022\/","og_site_name":"VRIP","article_published_time":"2022-06-08T14:50:35+00:00","og_image":[{"width":1024,"height":767,"url":"https:\/\/vrip.ubiobio.cl\/wp-content\/uploads\/2022\/06\/GRIVAS.jpg","type":"image\/jpeg"}],"author":"Dagoberto Perez","twitter_card":"summary_large_image","twitter_creator":"@vripubb","twitter_site":"@vripubb","twitter_misc":{"Escrito por":"Dagoberto Perez","Tiempo de lectura":"4 minutos"},"schema":{"@context":"https:\/\/schema.org","@graph":[{"@type":"Article","@id":"https:\/\/vrip.ubiobio.cl\/inicio\/noticias\/ubb-congregara-a-destacados-cientificos-en-annual-meeting-grivas-2022\/#article","isPartOf":{"@id":"https:\/\/vrip.ubiobio.cl\/inicio\/noticias\/ubb-congregara-a-destacados-cientificos-en-annual-meeting-grivas-2022\/"},"author":{"name":"Dagoberto Perez","@id":"https:\/\/vrip.ubiobio.cl\/inicio\/#\/schema\/person\/39f3cf67f158f0420b4eb8baa645a9c0"},"headline":"UBB congregar\u00e1 a destacados cient\u00edficos en Annual Meeting Grivas 2022","datePublished":"2022-06-08T14:50:35+00:00","mainEntityOfPage":{"@id":"https:\/\/vrip.ubiobio.cl\/inicio\/noticias\/ubb-congregara-a-destacados-cientificos-en-annual-meeting-grivas-2022\/"},"wordCount":718,"commentCount":0,"publisher":{"@id":"https:\/\/vrip.ubiobio.cl\/inicio\/#organization"},"image":{"@id":"https:\/\/vrip.ubiobio.cl\/inicio\/noticias\/ubb-congregara-a-destacados-cientificos-en-annual-meeting-grivas-2022\/#primaryimage"},"thumbnailUrl":"https:\/\/vrip.ubiobio.cl\/wp-content\/uploads\/2022\/06\/GRIVAS.jpg","articleSection":["Noticias"],"inLanguage":"es","potentialAction":[{"@type":"CommentAction","name":"Comment","target":["https:\/\/vrip.ubiobio.cl\/inicio\/noticias\/ubb-congregara-a-destacados-cientificos-en-annual-meeting-grivas-2022\/#respond"]}]},{"@type":"WebPage","@id":"https:\/\/vrip.ubiobio.cl\/inicio\/noticias\/ubb-congregara-a-destacados-cientificos-en-annual-meeting-grivas-2022\/","url":"https:\/\/vrip.ubiobio.cl\/inicio\/noticias\/ubb-congregara-a-destacados-cientificos-en-annual-meeting-grivas-2022\/","name":"UBB congregar\u00e1 a destacados cient\u00edficos en Annual Meeting Grivas 2022 - VRIP","isPartOf":{"@id":"https:\/\/vrip.ubiobio.cl\/inicio\/#website"},"primaryImageOfPage":{"@id":"https:\/\/vrip.ubiobio.cl\/inicio\/noticias\/ubb-congregara-a-destacados-cientificos-en-annual-meeting-grivas-2022\/#primaryimage"},"image":{"@id":"https:\/\/vrip.ubiobio.cl\/inicio\/noticias\/ubb-congregara-a-destacados-cientificos-en-annual-meeting-grivas-2022\/#primaryimage"},"thumbnailUrl":"https:\/\/vrip.ubiobio.cl\/wp-content\/uploads\/2022\/06\/GRIVAS.jpg","datePublished":"2022-06-08T14:50:35+00:00","breadcrumb":{"@id":"https:\/\/vrip.ubiobio.cl\/inicio\/noticias\/ubb-congregara-a-destacados-cientificos-en-annual-meeting-grivas-2022\/#breadcrumb"},"inLanguage":"es","potentialAction":[{"@type":"ReadAction","target":["https:\/\/vrip.ubiobio.cl\/inicio\/noticias\/ubb-congregara-a-destacados-cientificos-en-annual-meeting-grivas-2022\/"]}]},{"@type":"ImageObject","inLanguage":"es","@id":"https:\/\/vrip.ubiobio.cl\/inicio\/noticias\/ubb-congregara-a-destacados-cientificos-en-annual-meeting-grivas-2022\/#primaryimage","url":"https:\/\/vrip.ubiobio.cl\/wp-content\/uploads\/2022\/06\/GRIVAS.jpg","contentUrl":"https:\/\/vrip.ubiobio.cl\/wp-content\/uploads\/2022\/06\/GRIVAS.jpg","width":1024,"height":767},{"@type":"BreadcrumbList","@id":"https:\/\/vrip.ubiobio.cl\/inicio\/noticias\/ubb-congregara-a-destacados-cientificos-en-annual-meeting-grivas-2022\/#breadcrumb","itemListElement":[{"@type":"ListItem","position":1,"name":"Portada","item":"https:\/\/vrip.ubiobio.cl\/inicio\/"},{"@type":"ListItem","position":2,"name":"UBB congregar\u00e1 a destacados cient\u00edficos en Annual Meeting Grivas 2022"}]},{"@type":"WebSite","@id":"https:\/\/vrip.ubiobio.cl\/inicio\/#website","url":"https:\/\/vrip.ubiobio.cl\/inicio\/","name":"VRIP","description":"Vicerrector\u00eda de Investigaci\u00f3n y Postgrado","publisher":{"@id":"https:\/\/vrip.ubiobio.cl\/inicio\/#organization"},"potentialAction":[{"@type":"SearchAction","target":{"@type":"EntryPoint","urlTemplate":"https:\/\/vrip.ubiobio.cl\/inicio\/?s={search_term_string}"},"query-input":{"@type":"PropertyValueSpecification","valueRequired":true,"valueName":"search_term_string"}}],"inLanguage":"es"},{"@type":"Organization","@id":"https:\/\/vrip.ubiobio.cl\/inicio\/#organization","name":"VRIP","url":"https:\/\/vrip.ubiobio.cl\/inicio\/","logo":{"@type":"ImageObject","inLanguage":"es","@id":"https:\/\/vrip.ubiobio.cl\/inicio\/#\/schema\/logo\/image\/","url":"https:\/\/vrip.ubiobio.cl\/wp-content\/uploads\/2022\/10\/logo-vrip_Mesa-de-trabajo-1.png","contentUrl":"https:\/\/vrip.ubiobio.cl\/wp-content\/uploads\/2022\/10\/logo-vrip_Mesa-de-trabajo-1.png","width":642,"height":178,"caption":"VRIP"},"image":{"@id":"https:\/\/vrip.ubiobio.cl\/inicio\/#\/schema\/logo\/image\/"},"sameAs":["https:\/\/x.com\/vripubb","https:\/\/www.instagram.com\/vrip_ubb\/","https:\/\/www.youtube.com\/channel\/UCf7o8yHRJ7Y_QQLxwu1KQgA","https:\/\/www.linkedin.com\/company\/96035097\/admin\/dashboard\/"]},{"@type":"Person","@id":"https:\/\/vrip.ubiobio.cl\/inicio\/#\/schema\/person\/39f3cf67f158f0420b4eb8baa645a9c0","name":"Dagoberto Perez","image":{"@type":"ImageObject","inLanguage":"es","@id":"https:\/\/secure.gravatar.com\/avatar\/d16ec183e637d727e6c6574e3768aa439442611065e2b4f983793af8bb630edc?s=96&d=mm&r=g","url":"https:\/\/secure.gravatar.com\/avatar\/d16ec183e637d727e6c6574e3768aa439442611065e2b4f983793af8bb630edc?s=96&d=mm&r=g","contentUrl":"https:\/\/secure.gravatar.com\/avatar\/d16ec183e637d727e6c6574e3768aa439442611065e2b4f983793af8bb630edc?s=96&d=mm&r=g","caption":"Dagoberto Perez"},"url":"https:\/\/vrip.ubiobio.cl\/inicio\/author\/dagoberto\/"}]}},"_links":{"self":[{"href":"https:\/\/vrip.ubiobio.cl\/inicio\/wp-json\/wp\/v2\/posts\/34241","targetHints":{"allow":["GET"]}}],"collection":[{"href":"https:\/\/vrip.ubiobio.cl\/inicio\/wp-json\/wp\/v2\/posts"}],"about":[{"href":"https:\/\/vrip.ubiobio.cl\/inicio\/wp-json\/wp\/v2\/types\/post"}],"author":[{"embeddable":true,"href":"https:\/\/vrip.ubiobio.cl\/inicio\/wp-json\/wp\/v2\/users\/3"}],"replies":[{"embeddable":true,"href":"https:\/\/vrip.ubiobio.cl\/inicio\/wp-json\/wp\/v2\/comments?post=34241"}],"version-history":[{"count":1,"href":"https:\/\/vrip.ubiobio.cl\/inicio\/wp-json\/wp\/v2\/posts\/34241\/revisions"}],"predecessor-version":[{"id":34243,"href":"https:\/\/vrip.ubiobio.cl\/inicio\/wp-json\/wp\/v2\/posts\/34241\/revisions\/34243"}],"wp:featuredmedia":[{"embeddable":true,"href":"https:\/\/vrip.ubiobio.cl\/inicio\/wp-json\/wp\/v2\/media\/34242"}],"wp:attachment":[{"href":"https:\/\/vrip.ubiobio.cl\/inicio\/wp-json\/wp\/v2\/media?parent=34241"}],"wp:term":[{"taxonomy":"category","embeddable":true,"href":"https:\/\/vrip.ubiobio.cl\/inicio\/wp-json\/wp\/v2\/categories?post=34241"},{"taxonomy":"post_tag","embeddable":true,"href":"https:\/\/vrip.ubiobio.cl\/inicio\/wp-json\/wp\/v2\/tags?post=34241"}],"curies":[{"name":"wp","href":"https:\/\/api.w.org\/{rel}","templated":true}]}}