{"id":33872,"date":"2022-05-18T14:30:46","date_gmt":"2022-05-18T14:30:46","guid":{"rendered":"http:\/\/vrip.ubiobio.cl\/inicio\/?p=33872"},"modified":"2022-05-18T14:38:28","modified_gmt":"2022-05-18T14:38:28","slug":"proyecto-fortalecera-gestion-institucional-investigacion-innovacion-y-equidad-de-genero","status":"publish","type":"post","link":"https:\/\/vrip.ubiobio.cl\/inicio\/noticias\/proyecto-fortalecera-gestion-institucional-investigacion-innovacion-y-equidad-de-genero\/","title":{"rendered":"Proyecto fortalecer\u00e1 gesti\u00f3n institucional, investigaci\u00f3n, innovaci\u00f3n y equidad de g\u00e9nero"},"content":{"rendered":"<p><img fetchpriority=\"high\" decoding=\"async\" class=\"alignnone wp-image-33873\" src=\"http:\/\/vrip.ubiobio.cl\/wp-content\/uploads\/2022\/05\/diario-380x223.jpg\" alt=\"\" width=\"559\" height=\"328\" srcset=\"https:\/\/vrip.ubiobio.cl\/wp-content\/uploads\/2022\/05\/diario-380x223.jpg 380w, https:\/\/vrip.ubiobio.cl\/wp-content\/uploads\/2022\/05\/diario-1024x600.jpg 1024w, https:\/\/vrip.ubiobio.cl\/wp-content\/uploads\/2022\/05\/diario-768x450.jpg 768w, https:\/\/vrip.ubiobio.cl\/wp-content\/uploads\/2022\/05\/diario.jpg 1353w\" sizes=\"(max-width: 559px) 100vw, 559px\" \/><\/p>\n<p><em>Fortalecimiento de la UBB a trav\u00e9s de la implementaci\u00f3n de un sistema integrado estrat\u00e9gico para la gesti\u00f3n institucional y el desarrollo sostenible de la investigaci\u00f3n e innovaci\u00f3n, que responda a los requerimientos territoriales, resguardando los principios de igualdad y equidad de g\u00e9nero. Es el t\u00edtulo del proyecto UBB21991 que lidera el director de Innovaci\u00f3n Dr. Arnaldo J\u00e9lvez Caama\u00f1o, por un monto de 2.220 MM de pesos y que ser\u00e1 ejecutado en cuatro a\u00f1os, con apoyo del Ministerio de Educaci\u00f3n.<\/em><\/p>\n<p>La iniciativa fue presentada el viernes 6 de mayo, en Concepci\u00f3n, y en palabras del rector Mauricio Cataldo, abre nuevos espacios de cooperaci\u00f3n en nuestra Universidad, a la vez que proyecta a la UBB como una instituci\u00f3n en continua modernizaci\u00f3n.<\/p>\n<p>Arnaldo J\u00e9lvez, en tanto, se\u00f1al\u00f3 que es uno de los logros del comit\u00e9 ejecutivo de proyectos, conformado recientemente para facilitar la generaci\u00f3n de proyectos competitivos, en concordancia con la oportunidad y las capacidades institucionales. El director destac\u00f3 tambi\u00e9n la transversalidad de la propuesta, que involucra la articulaci\u00f3n de diversos procesos acad\u00e9micos y administrativos. Precis\u00f3 asimismo que el proyecto tiene cinco objetivos espec\u00edficos, a cargo de distintas unidades:<\/p>\n<ol>\n<li>Implementar un modelo de gesti\u00f3n y sistemas de informaci\u00f3n estrat\u00e9gica para una eficiente y oportuna toma de decisiones institucionales (Direcci\u00f3n de Inform\u00e1tica).<\/li>\n<li>Implementar una pol\u00edtica basada en la transversalizaci\u00f3n de g\u00e9nero para reducir las brechas de masculinizaci\u00f3n o feminizaci\u00f3n en determinadas \u00e1reas y unidades de la Universidad (Direcci\u00f3n General de G\u00e9neros y Equidad).<\/li>\n<li>Aumentar la productividad cient\u00edfica-tecnol\u00f3gica, mediante la implementaci\u00f3n de instrumentos y equipamiento orientados a la investigaci\u00f3n e innovaci\u00f3n para el desarrollo sostenible de la UBB (Direcci\u00f3n de Investigaci\u00f3n).<\/li>\n<li>Implementar un modelo de cienciometr\u00eda y bibliometr\u00eda que permita la identificaci\u00f3n de tendencias y nuevos escenarios de investigaci\u00f3n nacionales e internacionales para el fortalecimiento de la investigaci\u00f3n e innovaci\u00f3n en la UBB (Direcci\u00f3n General de An\u00e1lisis Institucional).<\/li>\n<li>Fortalecer el desarrollo de la innovaci\u00f3n, emprendimiento y transferencia tecnol\u00f3gica, mediante la generaci\u00f3n de instrumentos de apoyo para transferir conocimiento a la sociedad (Direcci\u00f3n de Innovaci\u00f3n).<\/li>\n<\/ol>\n<p>J\u00e9lvez concluy\u00f3 que la ejecuci\u00f3n de la iniciativa requiere la colaboraci\u00f3n, ideas y propuestas de todas las unidades de nuestra instituci\u00f3n y se desarrollar\u00e1 con el foco puesto en las personas (acad\u00e9micos y acad\u00e9micas, investigadores e investigadoras, estudiantes, gestores y gestores).<\/p>\n<p>La presentaci\u00f3n del proyecto UBB21991 cont\u00f3 adem\u00e1s con la participaci\u00f3n del gerente de Innovaci\u00f3n y Desarrollo de CAP Acero, Marco Carrasco, quien expuso sobre el modelo de gesti\u00f3n de innovaci\u00f3n implementado en la empresa sider\u00fargica a partir del a\u00f1o 2013.<\/p>\n<p>Fuente: UBB<\/p>\n","protected":false},"excerpt":{"rendered":"<p>Fortalecimiento de la UBB a trav\u00e9s de la implementaci\u00f3n de un sistema integrado estrat\u00e9gico para la gesti\u00f3n institucional y el desarrollo sostenible de la investigaci\u00f3n e innovaci\u00f3n, que responda a los requerimientos territoriales, resguardando los principios de igualdad y equidad de g\u00e9nero. Es el t\u00edtulo del proyecto UBB21991 que lidera el director de Innovaci\u00f3n Dr&#8230;.<\/p>\n","protected":false},"author":3,"featured_media":33880,"comment_status":"open","ping_status":"open","sticky":false,"template":"","format":"standard","meta":{"_kadence_starter_templates_imported_post":false,"_kad_post_transparent":"default","_kad_post_title":"default","_kad_post_layout":"default","_kad_post_sidebar_id":"","_kad_post_content_style":"default","_kad_post_vertical_padding":"default","_kad_post_feature":"","_kad_post_feature_position":"","_kad_post_header":false,"_kad_post_footer":false,"footnotes":""},"categories":[3],"tags":[],"_links":{"self":[{"href":"https:\/\/vrip.ubiobio.cl\/inicio\/wp-json\/wp\/v2\/posts\/33872"}],"collection":[{"href":"https:\/\/vrip.ubiobio.cl\/inicio\/wp-json\/wp\/v2\/posts"}],"about":[{"href":"https:\/\/vrip.ubiobio.cl\/inicio\/wp-json\/wp\/v2\/types\/post"}],"author":[{"embeddable":true,"href":"https:\/\/vrip.ubiobio.cl\/inicio\/wp-json\/wp\/v2\/users\/3"}],"replies":[{"embeddable":true,"href":"https:\/\/vrip.ubiobio.cl\/inicio\/wp-json\/wp\/v2\/comments?post=33872"}],"version-history":[{"count":5,"href":"https:\/\/vrip.ubiobio.cl\/inicio\/wp-json\/wp\/v2\/posts\/33872\/revisions"}],"predecessor-version":[{"id":33882,"href":"https:\/\/vrip.ubiobio.cl\/inicio\/wp-json\/wp\/v2\/posts\/33872\/revisions\/33882"}],"wp:featuredmedia":[{"embeddable":true,"href":"https:\/\/vrip.ubiobio.cl\/inicio\/wp-json\/wp\/v2\/media\/33880"}],"wp:attachment":[{"href":"https:\/\/vrip.ubiobio.cl\/inicio\/wp-json\/wp\/v2\/media?parent=33872"}],"wp:term":[{"taxonomy":"category","embeddable":true,"href":"https:\/\/vrip.ubiobio.cl\/inicio\/wp-json\/wp\/v2\/categories?post=33872"},{"taxonomy":"post_tag","embeddable":true,"href":"https:\/\/vrip.ubiobio.cl\/inicio\/wp-json\/wp\/v2\/tags?post=33872"}],"curies":[{"name":"wp","href":"https:\/\/api.w.org\/{rel}","templated":true}]}}