{"id":21501,"date":"2021-09-03T03:57:42","date_gmt":"2021-09-03T03:57:42","guid":{"rendered":"http:\/\/vrip.ubiobio.cl\/vrip\/?p=21501"},"modified":"2021-10-13T04:03:29","modified_gmt":"2021-10-13T04:03:29","slug":"se-crea-nuevo-centro-de-estudios-ceti-ubb-que-articula-aporte-institucional-a-los-territorios","status":"publish","type":"post","link":"https:\/\/vrip.ubiobio.cl\/inicio\/noticias\/se-crea-nuevo-centro-de-estudios-ceti-ubb-que-articula-aporte-institucional-a-los-territorios\/","title":{"rendered":"Se crea nuevo centro de estudios CETI UBB, que articula aporte institucional a los territorios"},"content":{"rendered":"<p style=\"background: white; vertical-align: baseline; margin: 0cm 0cm 15.0pt 0cm;\"><span style=\"color: #505050; font-family: Arial, sans-serif; font-size: 10pt;\">Los territorios, sus din\u00e1micas de desarrollo y las pol\u00edticas p\u00fablicas constituyen el campo de an\u00e1lisis del recientemente creado Centro de Estudios Territoriales e Interdisciplinarios (CETI), que articula las capacidades de diferentes n\u00facleos de investigaci\u00f3n de la UBB, para responder a las nuevas oportunidades y desaf\u00edos institucionales. La unidad abarca cinco l\u00edneas de acci\u00f3n: Desarrollo econ\u00f3mico territorial; Inclusi\u00f3n y diversidad cultural; Pol\u00edticas p\u00fablicas, gobernanza y participaci\u00f3n ciudadana; Educaci\u00f3n y territorio y Medioambiente y territorio.<\/span><\/p>\n<p style=\"background: white; vertical-align: baseline; margin: 0cm 0cm 15.0pt 0cm;\"><span style=\"font-size: 10.0pt; font-family: 'Arial',sans-serif; color: #505050;\">El CETI surge del trabajo conjunto de un equipo de 24 acad\u00e9micos que, desde su experiencia en temas de desarrollo y territorio en sus respectivas unidades y departamentos, se han unido\u00a0para generar un espacio articulado de investigaci\u00f3n y desarrollo conforme a la reglamentaci\u00f3n interna y potenciar sinergias de largo plazo. El nuevo Centro -destac\u00f3 su director, el Dr. Ariel Y\u00e9venes- es una unidad acad\u00e9mica interdisciplinaria, cuyo sujeto de investigaci\u00f3n e intervenci\u00f3n son las personas en tanto actores del territorio. El CETI busca incidir en las pol\u00edticas p\u00fablicas asociadas a un Estado y sociedad democr\u00e1tica, activa e inclusiva, mediante un enfoque hol\u00edstico, con propuestas de soluci\u00f3n a los problemas y desaf\u00edos del desarrollo sustentable y de los procesos de cambio econ\u00f3mico, sociocultural y ambiental de las regiones y territorios de Chile, explic\u00f3 el Dr. Y\u00e9venes.<\/span><\/p>\n<p style=\"background: white; vertical-align: baseline; margin: 0cm 0cm 15.0pt 0cm;\"><span style=\"font-size: 10.0pt; font-family: 'Arial',sans-serif; color: #505050;\">El acad\u00e9mico se\u00f1al\u00f3 que la nueva unidad responde a los desaf\u00edos que fijan las leyes de educaci\u00f3n superior y de universidades estatales en materias de acreditaci\u00f3n, articulaci\u00f3n de la investigaci\u00f3n con la docencia de pre y posgrado\u00a0y la vinculaci\u00f3n con el medio regional, as\u00ed como tambi\u00e9n a los desaf\u00edos y oportunidades que abren los procesos de cambio que se viven en el pa\u00eds y sus regiones. La creaci\u00f3n del CETI permitir\u00e1 fortalecer todo un campo de investigaci\u00f3n, articulando y potenciando sus distintas l\u00edneas y sus experiencias en un espacio com\u00fan, indic\u00f3 Y\u00e9venes. De esta forma, agreg\u00f3, robustecer\u00e1 la productividad acad\u00e9mica, en aspectos como el aumento de publicaciones cient\u00edficas y proyectos de investigaci\u00f3n, incremento de la cooperaci\u00f3n internacional, actividades de difusi\u00f3n social y cient\u00edfica, procesos de innovaci\u00f3n y transferencia tecnol\u00f3gica y generaci\u00f3n de alianzas internas y con actores locales, regionales y nacionales.<\/span><\/p>\n<p style=\"background: white; vertical-align: baseline; margin: 0cm 0cm 15.0pt 0cm;\"><span style=\"font-size: 10.0pt; font-family: 'Arial',sans-serif; color: #505050;\">Al CETI concurren el Centro de Estudios Urbano Regionales (CEUR) y el Programa de Pol\u00edticas P\u00fablicas y Ciudadan\u00eda, as\u00ed como grupos e investigadores de con amplia trayectoria de trabajo en temas asociados al mercado laboral, desarrollo local y regional, pol\u00edticas p\u00fablicas, educaci\u00f3n, medio ambiente y territorio de las Facultades de Arquitectura, Construcci\u00f3n y Dise\u00f1o, de Educaci\u00f3n y Humanidades, de Ciencias, de Ingenier\u00eda y de Ciencias Empresariales. A trav\u00e9s del desarrollo de sus capacidades en investigaci\u00f3n, formaci\u00f3n y estudios aplicados, la nueva unidad potenciar\u00e1 la vinculaci\u00f3n bidireccional de nuestra Universidad con su entorno, incluso en complejos escenarios de demandas sociales y gubernamentales, adapt\u00e1ndose con flexibilidad y pertinencia, a los requerimientos regionales y nacionales.<\/span><\/p>\n<p style=\"background: white; vertical-align: baseline; margin: 0cm 0cm 15.0pt 0cm;\"><span style=\"font-size: 10.0pt; font-family: 'Arial',sans-serif; color: #505050;\">En este sentido, el director del CETI subray\u00f3 que la trayectoria de los distintos equipos de investigadores en el uso de metodolog\u00edas participativas, con intensa interlocuci\u00f3n con actores sociales, propicia una fuerte plataforma de vinculaci\u00f3n con el medio, potencialmente capitalizable hacia una red de alianzas estrat\u00e9gicas, internas y externas, nacionales e internacionales, con comprometidos actores de cambio, favoreciendo, reflexiva y dial\u00f3gicamente, procesos de desarrollo end\u00f3geno.<\/span><\/p>\n<p style=\"background: white; vertical-align: baseline; margin: 0cm 0cm 15.0pt 0cm;\"><span style=\"font-size: 10.0pt; font-family: 'Arial',sans-serif; color: #505050;\">La creaci\u00f3n del Centro de Estudios Territoriales e Interdisciplinarios -dependiente de la Vicerrector\u00eda de Investigaci\u00f3n y Postgrado- fue aprobada por el Consejo Acad\u00e9mico y la Junta Directiva. Su estructura considera un comit\u00e9 cient\u00edfico, integrado por los coordinadores de cada una las l\u00edneas de investigaci\u00f3n, y un consejo ampliados, conformado por los investigadores adscritos. Cuenta, adem\u00e1s, con la participaci\u00f3n del Observatorio Prospectivo de la Educaci\u00f3n y el Desarrollo Regional, el Observatorio Laboral, el Laboratorio de Pol\u00edticas P\u00fablicas, Innovaci\u00f3n y Gobierno Local (LAB-UBB) y el Proyecto FIC Econom\u00eda Intercultural.<\/span><\/p>\n<p style=\"background: white; vertical-align: baseline; margin: 0cm 0cm 15.0pt 0cm;\"><span style=\"font-size: 10.0pt; font-family: 'Arial',sans-serif; color: #505050;\">Fuente: UBB<\/span><\/p>\n","protected":false},"excerpt":{"rendered":"<p>Los territorios, sus din\u00e1micas de desarrollo y las pol\u00edticas p\u00fablicas constituyen el campo de an\u00e1lisis del recientemente creado Centro de Estudios Territoriales e Interdisciplinarios (CETI), que articula las capacidades de diferentes n\u00facleos de investigaci\u00f3n de la UBB, para responder a las nuevas oportunidades y desaf\u00edos institucionales. La unidad abarca cinco l\u00edneas de acci\u00f3n: Desarrollo econ\u00f3mico&#8230;<\/p>\n","protected":false},"author":4,"featured_media":23638,"comment_status":"open","ping_status":"closed","sticky":false,"template":"","format":"standard","meta":{"_kadence_starter_templates_imported_post":false,"_kad_post_transparent":"default","_kad_post_title":"default","_kad_post_layout":"default","_kad_post_sidebar_id":"","_kad_post_content_style":"default","_kad_post_vertical_padding":"default","_kad_post_feature":"","_kad_post_feature_position":"","_kad_post_header":false,"_kad_post_footer":false,"footnotes":""},"categories":[3],"tags":[],"_links":{"self":[{"href":"https:\/\/vrip.ubiobio.cl\/inicio\/wp-json\/wp\/v2\/posts\/21501"}],"collection":[{"href":"https:\/\/vrip.ubiobio.cl\/inicio\/wp-json\/wp\/v2\/posts"}],"about":[{"href":"https:\/\/vrip.ubiobio.cl\/inicio\/wp-json\/wp\/v2\/types\/post"}],"author":[{"embeddable":true,"href":"https:\/\/vrip.ubiobio.cl\/inicio\/wp-json\/wp\/v2\/users\/4"}],"replies":[{"embeddable":true,"href":"https:\/\/vrip.ubiobio.cl\/inicio\/wp-json\/wp\/v2\/comments?post=21501"}],"version-history":[{"count":2,"href":"https:\/\/vrip.ubiobio.cl\/inicio\/wp-json\/wp\/v2\/posts\/21501\/revisions"}],"predecessor-version":[{"id":23640,"href":"https:\/\/vrip.ubiobio.cl\/inicio\/wp-json\/wp\/v2\/posts\/21501\/revisions\/23640"}],"wp:featuredmedia":[{"embeddable":true,"href":"https:\/\/vrip.ubiobio.cl\/inicio\/wp-json\/wp\/v2\/media\/23638"}],"wp:attachment":[{"href":"https:\/\/vrip.ubiobio.cl\/inicio\/wp-json\/wp\/v2\/media?parent=21501"}],"wp:term":[{"taxonomy":"category","embeddable":true,"href":"https:\/\/vrip.ubiobio.cl\/inicio\/wp-json\/wp\/v2\/categories?post=21501"},{"taxonomy":"post_tag","embeddable":true,"href":"https:\/\/vrip.ubiobio.cl\/inicio\/wp-json\/wp\/v2\/tags?post=21501"}],"curies":[{"name":"wp","href":"https:\/\/api.w.org\/{rel}","templated":true}]}}