{"id":20492,"date":"2021-01-22T07:00:39","date_gmt":"2021-01-22T10:00:39","guid":{"rendered":"http:\/\/vrip.ubiobio.cl\/vrip\/?p=20492"},"modified":"2021-10-07T06:11:52","modified_gmt":"2021-10-07T06:11:52","slug":"ubb-pone-en-marcha-su-politica-de-creacion-artistica","status":"publish","type":"post","link":"https:\/\/vrip.ubiobio.cl\/inicio\/noticias\/ubb-pone-en-marcha-su-politica-de-creacion-artistica\/","title":{"rendered":"UBB pone en marcha su Pol\u00edtica de Creaci\u00f3n Art\u00edstica"},"content":{"rendered":"<p><em>Luego de un a\u00f1o de trabajo liderado por directivos de la Direcci\u00f3n de Investigaci\u00f3n y Creaci\u00f3n Art\u00edstica de la Vicerrector\u00eda de Investigaci\u00f3n y Postgrado, se dio por finalizado el proceso de dise\u00f1o, aprobaci\u00f3n y normalizaci\u00f3n del documento que regular\u00e1 las actividades y desarrollos asociados a la creaci\u00f3n art\u00edstica, comprometidos por la Universidad del B\u00edo-B\u00edo en su PGDU 2020-2029. <\/em><\/p>\n<div class=\"perfect-pullquote algo pullquote-align-left\" style=\"font-size:15px !important;\"><blockquote><p style=\"font-size:15px !important;\">El rasgo m\u00e1s particular que adquiere la Creaci\u00f3n Art\u00edstica para la UBB y que la distinguir\u00e1 en el contexto universitario nacional, es el instalarse como un objeto de v\u00ednculo entre la academia y la cultura birregional\u201d, acota Patricio Morgado, Subdirector de la Direcci\u00f3n de Investigaci\u00f3n y Creaci\u00f3n Art\u00edstica<\/p><\/blockquote><\/div>\n<p>Como es sabido, la Ley de Universidades del Estado N\u00ba 21.094, vigente desde 2018 determin\u00f3 la incorporaci\u00f3n de la \u2018Creaci\u00f3n Art\u00edstica\u2019 como parte de la Misi\u00f3n Universitaria. Para llevar adelante este importante desaf\u00edo, la Universidad del B\u00edo-B\u00edo realiz\u00f3 un estudio interno, que abarc\u00f3 a un n\u00famero importante de integrantes de la comunidad universitaria abarcando los estamentos acad\u00e9micos y administrativo.<\/p>\n<p>El objetivo de dicho estudio \u2013destaca el acad\u00e9mico y Subdirector de la Direcci\u00f3n de Investigaci\u00f3n y Creaci\u00f3n Art\u00edstica, Patricio Morgado Uribe- \u00a0fue recoger percepciones, expectativas y opiniones acerca de c\u00f3mo se deb\u00eda concebir este nuevo \u00e1mbito, para ser integrarlo a la cultura institucional.<\/p>\n<p>Posteriormente, indica el Subdirector, se desarroll\u00f3 un ciclo de conversaciones telem\u00e1ticas con m\u00e1s de una docena de artistas y acad\u00e9micos de las regiones del Biob\u00edo y \u00d1uble, para as\u00ed recoger la mirada desde el entorno art\u00edstico externo, hacia la Universidad del B\u00edo-B\u00edo frente a este hecho hasta entonces in\u00e9dito para la comunidad.<\/p>\n<p>Basados en la rica experiencia y conocimientos que aportaron estos estudios, la Direcci\u00f3n de Investigaci\u00f3n y Creaci\u00f3n Art\u00edstica a trav\u00e9s de la Subdirecci\u00f3n, inici\u00f3 la redacci\u00f3n de un texto que fue sometido a distintas etapas de revisi\u00f3n por parte del Consejo de Investigaci\u00f3n y Postgrado, hasta que a fines del a\u00f1o reci\u00e9n pasado, se logr\u00f3 la aprobaci\u00f3n del documento \u201cPol\u00edtica de Creaci\u00f3n Art\u00edstica\u201d.<\/p>\n<p>Como se\u00f1ala el Subdirector, Patricio Morgado, la Pol\u00edtica de Creaci\u00f3n Art\u00edstica, \u00a0pretende incorporar el arte en la cultura acad\u00e9mica de la UBB, abriendo espacios para el conocimiento y desarrollo de la creaci\u00f3n art\u00edstica. Introduce el cultivo del pensamiento art\u00edstico en la comunidad acad\u00e9mica mediante la formaci\u00f3n, fomento de la creaci\u00f3n y v\u00ednculo de la instituci\u00f3n con el medio social y art\u00edstico birregional y nacional. \u201cEl rasgo m\u00e1s particular que adquiere la Creaci\u00f3n Art\u00edstica para la UBB y que la distinguir\u00e1 en el contexto universitario nacional, es el instalarse como un objeto de v\u00ednculo entre la academia y la cultura birregional\u201d, acota el directivo UBB.<\/p>\n<p>Entre otras cosas, el documento plantea que la Creaci\u00f3n Art\u00edstica refiere a que las actividades de creaci\u00f3n art\u00edstica tienen lugar en la pr\u00e1ctica de las artes. Abarcan una forma propia de conocimiento que es subjetivo, personal o colectivo, que no persigue comprobaci\u00f3n, como ocurre en el conocimiento cient\u00edfico. Su metodolog\u00eda, por lo tanto, no busca la replicabilidad, sino por el contrario, es propia para cada caso y tanto su producto, como su proceso, tienen valor en s\u00ed mismo y comparece en la obra.<\/p>\n<p>Finalmente, para impulsar el proceso de instalaci\u00f3n de la creaci\u00f3n art\u00edstica, se desarrolla el instrumento \u201cBases del Primer Concurso de Creaci\u00f3n Art\u00edstica UBB 2021\u201d, el que permitir\u00e1, a partir del presente a\u00f1o, poner en marcha la formulaci\u00f3n de proyectos acad\u00e9micos concursables, asociados a Creaci\u00f3n Art\u00edstica. Estas fueron tambi\u00e9n sometidas a la revisi\u00f3n y sanci\u00f3n correspondiente por parte del Consejo de Investigaci\u00f3n y Postgrado, dando este \u00faltimo su aprobaci\u00f3n.<\/p>\n<p>De esta manera, la Vicerrector\u00eda de Investigaci\u00f3n y Postgrado por intermedio de la Direcci\u00f3n de Investigaci\u00f3n y Creaci\u00f3n Art\u00edstica, convocar\u00e1, a vuelta del receso de verano, al Primer Concurso de Creaci\u00f3n Art\u00edstica UBB 2021.<\/p>\n<p>La incorporaci\u00f3n de la Creaci\u00f3n Art\u00edstica en la UBB -comenta el Subdirector de Investigaci\u00f3n y Creaci\u00f3n Art\u00edstica-, en el lapso de algunos a\u00f1os, va a traer un importante cambio y enriquecimiento de la cultura interna diversific\u00e1ndose en m\u00faltiples acciones relacionadas con la academia a nivel de pre y postgrado, donde indudablemente la formaci\u00f3n en artes debiera ser el horizonte m\u00e1s atractivo, no s\u00f3lo desde una mirada interna, sino especialmente para dar cabida a los j\u00f3venes que se interesan por ser profesionales del arte, que por no encontrar respuestas locales a sus inquietudes, deben migrar hacia la capital u otros centros urbanos donde hay universidades que ofrecen \u00a0carreras de arte.<\/p>\n<p>A partir de este momento inaugural, se espera que los acad\u00e9micos y acad\u00e9micas de todas las Facultades, tengan la posibilidad de crear y gestionar iniciativas en cualquier \u00e1rea de las artes, estableciendo v\u00ednculos formales con \u00e1mbito art\u00edstico y cultural de la sociedad, posicionando de esta manera a la instituci\u00f3n en el medio.<\/p>\n<p>Fuente: VRIP Comunicaciones<\/p>\n","protected":false},"excerpt":{"rendered":"<p>Luego de un a\u00f1o de trabajo liderado por directivos de la Direcci\u00f3n de Investigaci\u00f3n y Creaci\u00f3n Art\u00edstica de la Vicerrector\u00eda de Investigaci\u00f3n y Postgrado, se dio por finalizado el proceso de dise\u00f1o, aprobaci\u00f3n y normalizaci\u00f3n del documento que regular\u00e1 las actividades y desarrollos asociados a la creaci\u00f3n art\u00edstica, comprometidos por la Universidad del B\u00edo-B\u00edo en&#8230;<\/p>\n","protected":false},"author":4,"featured_media":22989,"comment_status":"open","ping_status":"closed","sticky":false,"template":"","format":"standard","meta":{"_kadence_starter_templates_imported_post":false,"_kad_post_transparent":"default","_kad_post_title":"default","_kad_post_layout":"default","_kad_post_sidebar_id":"","_kad_post_content_style":"default","_kad_post_vertical_padding":"default","_kad_post_feature":"","_kad_post_feature_position":"","_kad_post_header":false,"_kad_post_footer":false,"footnotes":""},"categories":[3],"tags":[],"class_list":["post-20492","post","type-post","status-publish","format-standard","has-post-thumbnail","hentry","category-noticias"],"yoast_head":"<!-- This site is optimized with the Yoast SEO plugin v27.5 - https:\/\/yoast.com\/product\/yoast-seo-wordpress\/ -->\n<title>UBB pone en marcha su Pol\u00edtica de Creaci\u00f3n Art\u00edstica - VRIP<\/title>\n<meta name=\"robots\" content=\"index, follow, max-snippet:-1, max-image-preview:large, max-video-preview:-1\" \/>\n<link rel=\"canonical\" href=\"https:\/\/vrip.ubiobio.cl\/inicio\/noticias\/ubb-pone-en-marcha-su-politica-de-creacion-artistica\/\" \/>\n<meta property=\"og:locale\" content=\"es_ES\" \/>\n<meta property=\"og:type\" content=\"article\" \/>\n<meta property=\"og:title\" content=\"UBB pone en marcha su Pol\u00edtica de Creaci\u00f3n Art\u00edstica - VRIP\" \/>\n<meta property=\"og:description\" content=\"Luego de un a\u00f1o de trabajo liderado por directivos de la Direcci\u00f3n de Investigaci\u00f3n y Creaci\u00f3n Art\u00edstica de la Vicerrector\u00eda de Investigaci\u00f3n y Postgrado, se dio por finalizado el proceso de dise\u00f1o, aprobaci\u00f3n y normalizaci\u00f3n del documento que regular\u00e1 las actividades y desarrollos asociados a la creaci\u00f3n art\u00edstica, comprometidos por la Universidad del B\u00edo-B\u00edo en...\" \/>\n<meta property=\"og:url\" content=\"https:\/\/vrip.ubiobio.cl\/inicio\/noticias\/ubb-pone-en-marcha-su-politica-de-creacion-artistica\/\" \/>\n<meta property=\"og:site_name\" content=\"VRIP\" \/>\n<meta property=\"article:published_time\" content=\"2021-01-22T10:00:39+00:00\" \/>\n<meta property=\"article:modified_time\" content=\"2021-10-07T06:11:52+00:00\" \/>\n<meta property=\"og:image\" content=\"https:\/\/vrip.ubiobio.cl\/wp-content\/uploads\/2021\/01\/Politica-de-Creacion-Artistica.jpg\" \/>\n\t<meta property=\"og:image:width\" content=\"2251\" \/>\n\t<meta property=\"og:image:height\" content=\"792\" \/>\n\t<meta property=\"og:image:type\" content=\"image\/jpeg\" \/>\n<meta name=\"author\" content=\"Moderador\" \/>\n<meta name=\"twitter:card\" content=\"summary_large_image\" \/>\n<meta name=\"twitter:creator\" content=\"@vripubb\" \/>\n<meta name=\"twitter:site\" content=\"@vripubb\" \/>\n<meta name=\"twitter:label1\" content=\"Escrito por\" \/>\n\t<meta name=\"twitter:data1\" content=\"Moderador\" \/>\n\t<meta name=\"twitter:label2\" content=\"Tiempo de lectura\" \/>\n\t<meta name=\"twitter:data2\" content=\"5 minutos\" \/>\n<script type=\"application\/ld+json\" class=\"yoast-schema-graph\">{\"@context\":\"https:\\\/\\\/schema.org\",\"@graph\":[{\"@type\":\"Article\",\"@id\":\"https:\\\/\\\/vrip.ubiobio.cl\\\/inicio\\\/noticias\\\/ubb-pone-en-marcha-su-politica-de-creacion-artistica\\\/#article\",\"isPartOf\":{\"@id\":\"https:\\\/\\\/vrip.ubiobio.cl\\\/inicio\\\/noticias\\\/ubb-pone-en-marcha-su-politica-de-creacion-artistica\\\/\"},\"author\":{\"name\":\"Moderador\",\"@id\":\"https:\\\/\\\/vrip.ubiobio.cl\\\/inicio\\\/#\\\/schema\\\/person\\\/692fdff965936e115510632e7340cba2\"},\"headline\":\"UBB pone en marcha su Pol\u00edtica de Creaci\u00f3n Art\u00edstica\",\"datePublished\":\"2021-01-22T10:00:39+00:00\",\"dateModified\":\"2021-10-07T06:11:52+00:00\",\"mainEntityOfPage\":{\"@id\":\"https:\\\/\\\/vrip.ubiobio.cl\\\/inicio\\\/noticias\\\/ubb-pone-en-marcha-su-politica-de-creacion-artistica\\\/\"},\"wordCount\":921,\"commentCount\":0,\"publisher\":{\"@id\":\"https:\\\/\\\/vrip.ubiobio.cl\\\/inicio\\\/#organization\"},\"image\":{\"@id\":\"https:\\\/\\\/vrip.ubiobio.cl\\\/inicio\\\/noticias\\\/ubb-pone-en-marcha-su-politica-de-creacion-artistica\\\/#primaryimage\"},\"thumbnailUrl\":\"https:\\\/\\\/vrip.ubiobio.cl\\\/wp-content\\\/uploads\\\/2021\\\/01\\\/Politica-de-Creacion-Artistica.jpg\",\"articleSection\":[\"Noticias\"],\"inLanguage\":\"es\",\"potentialAction\":[{\"@type\":\"CommentAction\",\"name\":\"Comment\",\"target\":[\"https:\\\/\\\/vrip.ubiobio.cl\\\/inicio\\\/noticias\\\/ubb-pone-en-marcha-su-politica-de-creacion-artistica\\\/#respond\"]}]},{\"@type\":\"WebPage\",\"@id\":\"https:\\\/\\\/vrip.ubiobio.cl\\\/inicio\\\/noticias\\\/ubb-pone-en-marcha-su-politica-de-creacion-artistica\\\/\",\"url\":\"https:\\\/\\\/vrip.ubiobio.cl\\\/inicio\\\/noticias\\\/ubb-pone-en-marcha-su-politica-de-creacion-artistica\\\/\",\"name\":\"UBB pone en marcha su Pol\u00edtica de Creaci\u00f3n Art\u00edstica - VRIP\",\"isPartOf\":{\"@id\":\"https:\\\/\\\/vrip.ubiobio.cl\\\/inicio\\\/#website\"},\"primaryImageOfPage\":{\"@id\":\"https:\\\/\\\/vrip.ubiobio.cl\\\/inicio\\\/noticias\\\/ubb-pone-en-marcha-su-politica-de-creacion-artistica\\\/#primaryimage\"},\"image\":{\"@id\":\"https:\\\/\\\/vrip.ubiobio.cl\\\/inicio\\\/noticias\\\/ubb-pone-en-marcha-su-politica-de-creacion-artistica\\\/#primaryimage\"},\"thumbnailUrl\":\"https:\\\/\\\/vrip.ubiobio.cl\\\/wp-content\\\/uploads\\\/2021\\\/01\\\/Politica-de-Creacion-Artistica.jpg\",\"datePublished\":\"2021-01-22T10:00:39+00:00\",\"dateModified\":\"2021-10-07T06:11:52+00:00\",\"breadcrumb\":{\"@id\":\"https:\\\/\\\/vrip.ubiobio.cl\\\/inicio\\\/noticias\\\/ubb-pone-en-marcha-su-politica-de-creacion-artistica\\\/#breadcrumb\"},\"inLanguage\":\"es\",\"potentialAction\":[{\"@type\":\"ReadAction\",\"target\":[\"https:\\\/\\\/vrip.ubiobio.cl\\\/inicio\\\/noticias\\\/ubb-pone-en-marcha-su-politica-de-creacion-artistica\\\/\"]}]},{\"@type\":\"ImageObject\",\"inLanguage\":\"es\",\"@id\":\"https:\\\/\\\/vrip.ubiobio.cl\\\/inicio\\\/noticias\\\/ubb-pone-en-marcha-su-politica-de-creacion-artistica\\\/#primaryimage\",\"url\":\"https:\\\/\\\/vrip.ubiobio.cl\\\/wp-content\\\/uploads\\\/2021\\\/01\\\/Politica-de-Creacion-Artistica.jpg\",\"contentUrl\":\"https:\\\/\\\/vrip.ubiobio.cl\\\/wp-content\\\/uploads\\\/2021\\\/01\\\/Politica-de-Creacion-Artistica.jpg\",\"width\":2251,\"height\":792},{\"@type\":\"BreadcrumbList\",\"@id\":\"https:\\\/\\\/vrip.ubiobio.cl\\\/inicio\\\/noticias\\\/ubb-pone-en-marcha-su-politica-de-creacion-artistica\\\/#breadcrumb\",\"itemListElement\":[{\"@type\":\"ListItem\",\"position\":1,\"name\":\"Portada\",\"item\":\"https:\\\/\\\/vrip.ubiobio.cl\\\/inicio\\\/\"},{\"@type\":\"ListItem\",\"position\":2,\"name\":\"UBB pone en marcha su Pol\u00edtica de Creaci\u00f3n Art\u00edstica\"}]},{\"@type\":\"WebSite\",\"@id\":\"https:\\\/\\\/vrip.ubiobio.cl\\\/inicio\\\/#website\",\"url\":\"https:\\\/\\\/vrip.ubiobio.cl\\\/inicio\\\/\",\"name\":\"VRIP\",\"description\":\"Vicerrector\u00eda de Investigaci\u00f3n y Postgrado\",\"publisher\":{\"@id\":\"https:\\\/\\\/vrip.ubiobio.cl\\\/inicio\\\/#organization\"},\"potentialAction\":[{\"@type\":\"SearchAction\",\"target\":{\"@type\":\"EntryPoint\",\"urlTemplate\":\"https:\\\/\\\/vrip.ubiobio.cl\\\/inicio\\\/?s={search_term_string}\"},\"query-input\":{\"@type\":\"PropertyValueSpecification\",\"valueRequired\":true,\"valueName\":\"search_term_string\"}}],\"inLanguage\":\"es\"},{\"@type\":\"Organization\",\"@id\":\"https:\\\/\\\/vrip.ubiobio.cl\\\/inicio\\\/#organization\",\"name\":\"VRIP\",\"url\":\"https:\\\/\\\/vrip.ubiobio.cl\\\/inicio\\\/\",\"logo\":{\"@type\":\"ImageObject\",\"inLanguage\":\"es\",\"@id\":\"https:\\\/\\\/vrip.ubiobio.cl\\\/inicio\\\/#\\\/schema\\\/logo\\\/image\\\/\",\"url\":\"https:\\\/\\\/vrip.ubiobio.cl\\\/wp-content\\\/uploads\\\/2022\\\/10\\\/logo-vrip_Mesa-de-trabajo-1.png\",\"contentUrl\":\"https:\\\/\\\/vrip.ubiobio.cl\\\/wp-content\\\/uploads\\\/2022\\\/10\\\/logo-vrip_Mesa-de-trabajo-1.png\",\"width\":642,\"height\":178,\"caption\":\"VRIP\"},\"image\":{\"@id\":\"https:\\\/\\\/vrip.ubiobio.cl\\\/inicio\\\/#\\\/schema\\\/logo\\\/image\\\/\"},\"sameAs\":[\"https:\\\/\\\/x.com\\\/vripubb\",\"https:\\\/\\\/www.instagram.com\\\/vrip_ubb\\\/\",\"https:\\\/\\\/www.youtube.com\\\/channel\\\/UCf7o8yHRJ7Y_QQLxwu1KQgA\",\"https:\\\/\\\/www.linkedin.com\\\/company\\\/96035097\\\/admin\\\/dashboard\\\/\"]},{\"@type\":\"Person\",\"@id\":\"https:\\\/\\\/vrip.ubiobio.cl\\\/inicio\\\/#\\\/schema\\\/person\\\/692fdff965936e115510632e7340cba2\",\"name\":\"Moderador\",\"image\":{\"@type\":\"ImageObject\",\"inLanguage\":\"es\",\"@id\":\"https:\\\/\\\/secure.gravatar.com\\\/avatar\\\/d16ec183e637d727e6c6574e3768aa439442611065e2b4f983793af8bb630edc?s=96&d=mm&r=g\",\"url\":\"https:\\\/\\\/secure.gravatar.com\\\/avatar\\\/d16ec183e637d727e6c6574e3768aa439442611065e2b4f983793af8bb630edc?s=96&d=mm&r=g\",\"contentUrl\":\"https:\\\/\\\/secure.gravatar.com\\\/avatar\\\/d16ec183e637d727e6c6574e3768aa439442611065e2b4f983793af8bb630edc?s=96&d=mm&r=g\",\"caption\":\"Moderador\"},\"url\":\"https:\\\/\\\/vrip.ubiobio.cl\\\/inicio\\\/author\\\/dago\\\/\"}]}<\/script>\n<!-- \/ Yoast SEO plugin. -->","yoast_head_json":{"title":"UBB pone en marcha su Pol\u00edtica de Creaci\u00f3n Art\u00edstica - VRIP","robots":{"index":"index","follow":"follow","max-snippet":"max-snippet:-1","max-image-preview":"max-image-preview:large","max-video-preview":"max-video-preview:-1"},"canonical":"https:\/\/vrip.ubiobio.cl\/inicio\/noticias\/ubb-pone-en-marcha-su-politica-de-creacion-artistica\/","og_locale":"es_ES","og_type":"article","og_title":"UBB pone en marcha su Pol\u00edtica de Creaci\u00f3n Art\u00edstica - VRIP","og_description":"Luego de un a\u00f1o de trabajo liderado por directivos de la Direcci\u00f3n de Investigaci\u00f3n y Creaci\u00f3n Art\u00edstica de la Vicerrector\u00eda de Investigaci\u00f3n y Postgrado, se dio por finalizado el proceso de dise\u00f1o, aprobaci\u00f3n y normalizaci\u00f3n del documento que regular\u00e1 las actividades y desarrollos asociados a la creaci\u00f3n art\u00edstica, comprometidos por la Universidad del B\u00edo-B\u00edo en...","og_url":"https:\/\/vrip.ubiobio.cl\/inicio\/noticias\/ubb-pone-en-marcha-su-politica-de-creacion-artistica\/","og_site_name":"VRIP","article_published_time":"2021-01-22T10:00:39+00:00","article_modified_time":"2021-10-07T06:11:52+00:00","og_image":[{"width":2251,"height":792,"url":"https:\/\/vrip.ubiobio.cl\/wp-content\/uploads\/2021\/01\/Politica-de-Creacion-Artistica.jpg","type":"image\/jpeg"}],"author":"Moderador","twitter_card":"summary_large_image","twitter_creator":"@vripubb","twitter_site":"@vripubb","twitter_misc":{"Escrito por":"Moderador","Tiempo de lectura":"5 minutos"},"schema":{"@context":"https:\/\/schema.org","@graph":[{"@type":"Article","@id":"https:\/\/vrip.ubiobio.cl\/inicio\/noticias\/ubb-pone-en-marcha-su-politica-de-creacion-artistica\/#article","isPartOf":{"@id":"https:\/\/vrip.ubiobio.cl\/inicio\/noticias\/ubb-pone-en-marcha-su-politica-de-creacion-artistica\/"},"author":{"name":"Moderador","@id":"https:\/\/vrip.ubiobio.cl\/inicio\/#\/schema\/person\/692fdff965936e115510632e7340cba2"},"headline":"UBB pone en marcha su Pol\u00edtica de Creaci\u00f3n Art\u00edstica","datePublished":"2021-01-22T10:00:39+00:00","dateModified":"2021-10-07T06:11:52+00:00","mainEntityOfPage":{"@id":"https:\/\/vrip.ubiobio.cl\/inicio\/noticias\/ubb-pone-en-marcha-su-politica-de-creacion-artistica\/"},"wordCount":921,"commentCount":0,"publisher":{"@id":"https:\/\/vrip.ubiobio.cl\/inicio\/#organization"},"image":{"@id":"https:\/\/vrip.ubiobio.cl\/inicio\/noticias\/ubb-pone-en-marcha-su-politica-de-creacion-artistica\/#primaryimage"},"thumbnailUrl":"https:\/\/vrip.ubiobio.cl\/wp-content\/uploads\/2021\/01\/Politica-de-Creacion-Artistica.jpg","articleSection":["Noticias"],"inLanguage":"es","potentialAction":[{"@type":"CommentAction","name":"Comment","target":["https:\/\/vrip.ubiobio.cl\/inicio\/noticias\/ubb-pone-en-marcha-su-politica-de-creacion-artistica\/#respond"]}]},{"@type":"WebPage","@id":"https:\/\/vrip.ubiobio.cl\/inicio\/noticias\/ubb-pone-en-marcha-su-politica-de-creacion-artistica\/","url":"https:\/\/vrip.ubiobio.cl\/inicio\/noticias\/ubb-pone-en-marcha-su-politica-de-creacion-artistica\/","name":"UBB pone en marcha su Pol\u00edtica de Creaci\u00f3n Art\u00edstica - VRIP","isPartOf":{"@id":"https:\/\/vrip.ubiobio.cl\/inicio\/#website"},"primaryImageOfPage":{"@id":"https:\/\/vrip.ubiobio.cl\/inicio\/noticias\/ubb-pone-en-marcha-su-politica-de-creacion-artistica\/#primaryimage"},"image":{"@id":"https:\/\/vrip.ubiobio.cl\/inicio\/noticias\/ubb-pone-en-marcha-su-politica-de-creacion-artistica\/#primaryimage"},"thumbnailUrl":"https:\/\/vrip.ubiobio.cl\/wp-content\/uploads\/2021\/01\/Politica-de-Creacion-Artistica.jpg","datePublished":"2021-01-22T10:00:39+00:00","dateModified":"2021-10-07T06:11:52+00:00","breadcrumb":{"@id":"https:\/\/vrip.ubiobio.cl\/inicio\/noticias\/ubb-pone-en-marcha-su-politica-de-creacion-artistica\/#breadcrumb"},"inLanguage":"es","potentialAction":[{"@type":"ReadAction","target":["https:\/\/vrip.ubiobio.cl\/inicio\/noticias\/ubb-pone-en-marcha-su-politica-de-creacion-artistica\/"]}]},{"@type":"ImageObject","inLanguage":"es","@id":"https:\/\/vrip.ubiobio.cl\/inicio\/noticias\/ubb-pone-en-marcha-su-politica-de-creacion-artistica\/#primaryimage","url":"https:\/\/vrip.ubiobio.cl\/wp-content\/uploads\/2021\/01\/Politica-de-Creacion-Artistica.jpg","contentUrl":"https:\/\/vrip.ubiobio.cl\/wp-content\/uploads\/2021\/01\/Politica-de-Creacion-Artistica.jpg","width":2251,"height":792},{"@type":"BreadcrumbList","@id":"https:\/\/vrip.ubiobio.cl\/inicio\/noticias\/ubb-pone-en-marcha-su-politica-de-creacion-artistica\/#breadcrumb","itemListElement":[{"@type":"ListItem","position":1,"name":"Portada","item":"https:\/\/vrip.ubiobio.cl\/inicio\/"},{"@type":"ListItem","position":2,"name":"UBB pone en marcha su Pol\u00edtica de Creaci\u00f3n Art\u00edstica"}]},{"@type":"WebSite","@id":"https:\/\/vrip.ubiobio.cl\/inicio\/#website","url":"https:\/\/vrip.ubiobio.cl\/inicio\/","name":"VRIP","description":"Vicerrector\u00eda de Investigaci\u00f3n y Postgrado","publisher":{"@id":"https:\/\/vrip.ubiobio.cl\/inicio\/#organization"},"potentialAction":[{"@type":"SearchAction","target":{"@type":"EntryPoint","urlTemplate":"https:\/\/vrip.ubiobio.cl\/inicio\/?s={search_term_string}"},"query-input":{"@type":"PropertyValueSpecification","valueRequired":true,"valueName":"search_term_string"}}],"inLanguage":"es"},{"@type":"Organization","@id":"https:\/\/vrip.ubiobio.cl\/inicio\/#organization","name":"VRIP","url":"https:\/\/vrip.ubiobio.cl\/inicio\/","logo":{"@type":"ImageObject","inLanguage":"es","@id":"https:\/\/vrip.ubiobio.cl\/inicio\/#\/schema\/logo\/image\/","url":"https:\/\/vrip.ubiobio.cl\/wp-content\/uploads\/2022\/10\/logo-vrip_Mesa-de-trabajo-1.png","contentUrl":"https:\/\/vrip.ubiobio.cl\/wp-content\/uploads\/2022\/10\/logo-vrip_Mesa-de-trabajo-1.png","width":642,"height":178,"caption":"VRIP"},"image":{"@id":"https:\/\/vrip.ubiobio.cl\/inicio\/#\/schema\/logo\/image\/"},"sameAs":["https:\/\/x.com\/vripubb","https:\/\/www.instagram.com\/vrip_ubb\/","https:\/\/www.youtube.com\/channel\/UCf7o8yHRJ7Y_QQLxwu1KQgA","https:\/\/www.linkedin.com\/company\/96035097\/admin\/dashboard\/"]},{"@type":"Person","@id":"https:\/\/vrip.ubiobio.cl\/inicio\/#\/schema\/person\/692fdff965936e115510632e7340cba2","name":"Moderador","image":{"@type":"ImageObject","inLanguage":"es","@id":"https:\/\/secure.gravatar.com\/avatar\/d16ec183e637d727e6c6574e3768aa439442611065e2b4f983793af8bb630edc?s=96&d=mm&r=g","url":"https:\/\/secure.gravatar.com\/avatar\/d16ec183e637d727e6c6574e3768aa439442611065e2b4f983793af8bb630edc?s=96&d=mm&r=g","contentUrl":"https:\/\/secure.gravatar.com\/avatar\/d16ec183e637d727e6c6574e3768aa439442611065e2b4f983793af8bb630edc?s=96&d=mm&r=g","caption":"Moderador"},"url":"https:\/\/vrip.ubiobio.cl\/inicio\/author\/dago\/"}]}},"_links":{"self":[{"href":"https:\/\/vrip.ubiobio.cl\/inicio\/wp-json\/wp\/v2\/posts\/20492","targetHints":{"allow":["GET"]}}],"collection":[{"href":"https:\/\/vrip.ubiobio.cl\/inicio\/wp-json\/wp\/v2\/posts"}],"about":[{"href":"https:\/\/vrip.ubiobio.cl\/inicio\/wp-json\/wp\/v2\/types\/post"}],"author":[{"embeddable":true,"href":"https:\/\/vrip.ubiobio.cl\/inicio\/wp-json\/wp\/v2\/users\/4"}],"replies":[{"embeddable":true,"href":"https:\/\/vrip.ubiobio.cl\/inicio\/wp-json\/wp\/v2\/comments?post=20492"}],"version-history":[{"count":2,"href":"https:\/\/vrip.ubiobio.cl\/inicio\/wp-json\/wp\/v2\/posts\/20492\/revisions"}],"predecessor-version":[{"id":22991,"href":"https:\/\/vrip.ubiobio.cl\/inicio\/wp-json\/wp\/v2\/posts\/20492\/revisions\/22991"}],"wp:featuredmedia":[{"embeddable":true,"href":"https:\/\/vrip.ubiobio.cl\/inicio\/wp-json\/wp\/v2\/media\/22989"}],"wp:attachment":[{"href":"https:\/\/vrip.ubiobio.cl\/inicio\/wp-json\/wp\/v2\/media?parent=20492"}],"wp:term":[{"taxonomy":"category","embeddable":true,"href":"https:\/\/vrip.ubiobio.cl\/inicio\/wp-json\/wp\/v2\/categories?post=20492"},{"taxonomy":"post_tag","embeddable":true,"href":"https:\/\/vrip.ubiobio.cl\/inicio\/wp-json\/wp\/v2\/tags?post=20492"}],"curies":[{"name":"wp","href":"https:\/\/api.w.org\/{rel}","templated":true}]}}