{"id":20446,"date":"2021-01-20T09:03:08","date_gmt":"2021-01-20T12:03:08","guid":{"rendered":"http:\/\/vrip.ubiobio.cl\/vrip\/?p=20446"},"modified":"2021-10-06T15:22:41","modified_gmt":"2021-10-06T15:22:41","slug":"concurso-idea-id-2021","status":"publish","type":"post","link":"https:\/\/vrip.ubiobio.cl\/inicio\/noticias\/concurso-idea-id-2021\/","title":{"rendered":"Apertura Concurso IDeA I+D, 2021"},"content":{"rendered":"<p><span style=\"color: var(--global-palette4); font-family: var(--global-body-font-family);\">La Vicerrector\u00eda de Investigaci\u00f3n y Postgrado, a trav\u00e9s de la Unidad de Proyectos de la Direcci\u00f3n de Innovaci\u00f3n, les hace un llamado a manifestar vuestro inter\u00e9s de participar en el\u00a0<\/span><strong style=\"color: var(--global-palette4); font-family: var(--global-body-font-family);\">\u00abConcurso IDeA I+D, 2021\u00bb\u00a0<\/strong><span style=\"color: var(--global-palette4); font-family: var(--global-body-font-family);\">de la\u00a0Agencia Nacional de Investigaci\u00f3n y Desarrollo &#8211; ANID<\/span><strong style=\"color: var(--global-palette4); font-family: var(--global-body-font-family);\">.<\/strong><\/p>\n<p style=\"font-weight: 400;\">El\u00a0Concurso IDeA I+D\u00a0tiene como prop\u00f3sito apoyar financieramente la ejecuci\u00f3n de proyectos de investigaci\u00f3n cient\u00edfica y tecnol\u00f3gica, en todas las \u00e1reas de las ciencias, que cuenten con resultados previos que sustenten una hip\u00f3tesis de aplicaci\u00f3n de un producto, proceso o servicio y que, con el desarrollo de la investigaci\u00f3n, logren su validaci\u00f3n a trav\u00e9s de un prototipo a peque\u00f1a escala en un plazo breve de dos a\u00f1os.<\/p>\n<p style=\"font-weight: 400;\">A la presente convocatoria pueden presentarse proyectos a las distintas \u00e1reas de FONDEF Gen\u00e9rico (Alimentos, Agropecuaria, Forestal; Educaci\u00f3n y Ciencias Sociales; Salud; Manufactura, Infraestructura, Miner\u00eda; Energ\u00eda, Agua, Medio Ambiente; Pesca y Acuicultura y TIC) como tambi\u00e9n se hace una convocatoria especial en el marco de l\u00edneas definidas como desaf\u00edos pa\u00eds y tem\u00e1ticos:\u00a0\u00a0Adaptaci\u00f3n al cambio clim\u00e1tico y desastres de origen natural, Envejecimiento y Personas Mayores,\u00a0\u00a0Revoluci\u00f3n Tecnol\u00f3gica, Salud Resiliente y Astroingenier\u00eda.<\/p>\n<p style=\"font-weight: 400;\">El plazo m\u00e1ximo de ejecuci\u00f3n de los proyectos ser\u00e1 de\u00a0<strong>24 meses<\/strong>\u00a0y el monto m\u00e1ximo de subsidio a entregar por la Agencia Nacional de Investigaci\u00f3n y Desarrollo ser\u00e1 de hasta\u00a0<strong>200 millones de pesos.<\/strong><\/p>\n<p style=\"font-weight: 400;\">Las instituciones beneficiarias deben aportar un m\u00ednimo del 30% (incremental o no incremental) del monto solicitado como subsidio a la ANID. El proyecto debe tener al menos dos asociadas que deben hacer un aporte m\u00ednimo del 15% del monto solicitado como subsidio a la ANID,\u00a0\u00a0incremental y\/o no incremental.<\/p>\n<p style=\"font-weight: 400;\">El plazo de cierre de las postulaciones es el <strong>15 de abril de 2021 a las 17:00 hrs.<\/strong><\/p>\n<p style=\"font-weight: 400;\"><strong>Las Bases y Formularios del concurso pueden ser descargadas en la siguiente direcci\u00f3n:<\/strong><\/p>\n<p style=\"font-weight: 400;\"><a href=\"https:\/\/www.anid.cl\/concursos\/concurso\/?id=522\" data-saferedirecturl=\"https:\/\/www.google.com\/url?q=https:\/\/www.anid.cl\/concursos\/concurso\/?id%3D522&amp;source=gmail&amp;ust=1611285150108000&amp;usg=AFQjCNEhdp7LsZNxLSHuRAJfgOyqG0aMFQ\">\u00a0https:\/\/www.anid.cl\/concursos\/concurso\/?id=522<\/a><\/p>\n<p style=\"font-weight: 400;\">La coordinaci\u00f3n de la etapa de formulaci\u00f3n, ser\u00e1 de responsabilidad de la Direcci\u00f3n de Innovaci\u00f3n, a trav\u00e9s de su Unidad de Proyectos.<\/p>\n<p style=\"font-weight: 400;\">La Unidad de Proyectos recibir\u00e1 las ideas de proyectos hasta el d\u00eda viernes<strong>\u00a026 de febrero de 2021, a las 12:00 hrs.\u00a0<\/strong>\u00a0plazo que nos permitir\u00e1 organizar nuestros recursos para el apoyo a la formulaci\u00f3n de proyectos. Adjuntamos archivo en el cual los interesados\/as podr\u00e1n indicarnos la idea de proyecto, el que debe ser enviado al mail:\u00a0\u00a0<strong><strong><a href=\"http:\/\/innovaci%C3%B3n@ubiobio.cl\/\" data-saferedirecturl=\"https:\/\/www.google.com\/url?q=http:\/\/innovaci%25C3%25B3n@ubiobio.cl\/&amp;source=gmail&amp;ust=1611285150108000&amp;usg=AFQjCNEEmwtmMS5il09dAx_-rt4hul9j1w\">innovacion@ubiobio.cl<\/a><br \/>\n<\/strong><\/strong><\/p>\n<p style=\"font-weight: 400;\">Cualquier consulta al respecto, agradeceremos tomar contacto al mail:\u00a0<strong><u><a href=\"mailto:innovacion@ubiobio.cl\">innovacion@ubiobio.cl<\/a><\/u><\/strong><\/p>\n<p style=\"font-weight: 400;\"><a href=\"http:\/\/vrip.ubiobio.cl\/wp-content\/uploads\/2021\/10\/Formulario-idea-de-Proyecto-ID.doc\">Formulario idea de Proyecto I+D<\/a><\/p>\n<p>&nbsp;<\/p>\n","protected":false},"excerpt":{"rendered":"<p>La Vicerrector\u00eda de Investigaci\u00f3n y Postgrado, a trav\u00e9s de la Unidad de Proyectos de la Direcci\u00f3n de Innovaci\u00f3n, les hace un llamado a manifestar vuestro inter\u00e9s de participar en el\u00a0\u00abConcurso IDeA I+D, 2021\u00bb\u00a0de la\u00a0Agencia Nacional de Investigaci\u00f3n y Desarrollo &#8211; ANID. El\u00a0Concurso IDeA I+D\u00a0tiene como prop\u00f3sito apoyar financieramente la ejecuci\u00f3n de proyectos de investigaci\u00f3n cient\u00edfica&#8230;<\/p>\n","protected":false},"author":4,"featured_media":22974,"comment_status":"open","ping_status":"closed","sticky":false,"template":"","format":"standard","meta":{"_kadence_starter_templates_imported_post":false,"_kad_post_transparent":"default","_kad_post_title":"default","_kad_post_layout":"default","_kad_post_sidebar_id":"","_kad_post_content_style":"default","_kad_post_vertical_padding":"default","_kad_post_feature":"","_kad_post_feature_position":"","_kad_post_header":false,"_kad_post_footer":false,"footnotes":""},"categories":[3],"tags":[],"class_list":["post-20446","post","type-post","status-publish","format-standard","has-post-thumbnail","hentry","category-noticias"],"yoast_head":"<!-- This site is optimized with the Yoast SEO plugin v27.5 - https:\/\/yoast.com\/product\/yoast-seo-wordpress\/ -->\n<title>Apertura Concurso IDeA I+D, 2021 - VRIP<\/title>\n<meta name=\"robots\" content=\"index, follow, max-snippet:-1, max-image-preview:large, max-video-preview:-1\" \/>\n<link rel=\"canonical\" href=\"https:\/\/vrip.ubiobio.cl\/inicio\/noticias\/concurso-idea-id-2021\/\" \/>\n<meta property=\"og:locale\" content=\"es_ES\" \/>\n<meta property=\"og:type\" content=\"article\" \/>\n<meta property=\"og:title\" content=\"Apertura Concurso IDeA I+D, 2021 - VRIP\" \/>\n<meta property=\"og:description\" content=\"La Vicerrector\u00eda de Investigaci\u00f3n y Postgrado, a trav\u00e9s de la Unidad de Proyectos de la Direcci\u00f3n de Innovaci\u00f3n, les hace un llamado a manifestar vuestro inter\u00e9s de participar en el\u00a0\u00abConcurso IDeA I+D, 2021\u00bb\u00a0de la\u00a0Agencia Nacional de Investigaci\u00f3n y Desarrollo &#8211; ANID. El\u00a0Concurso IDeA I+D\u00a0tiene como prop\u00f3sito apoyar financieramente la ejecuci\u00f3n de proyectos de investigaci\u00f3n cient\u00edfica...\" \/>\n<meta property=\"og:url\" content=\"https:\/\/vrip.ubiobio.cl\/inicio\/noticias\/concurso-idea-id-2021\/\" \/>\n<meta property=\"og:site_name\" content=\"VRIP\" \/>\n<meta property=\"article:published_time\" content=\"2021-01-20T12:03:08+00:00\" \/>\n<meta property=\"article:modified_time\" content=\"2021-10-06T15:22:41+00:00\" \/>\n<meta property=\"og:image\" content=\"https:\/\/vrip.ubiobio.cl\/wp-content\/uploads\/2021\/01\/Concurso-IDeA-ID-2021.jpg\" \/>\n\t<meta property=\"og:image:width\" content=\"1080\" \/>\n\t<meta property=\"og:image:height\" content=\"380\" \/>\n\t<meta property=\"og:image:type\" content=\"image\/jpeg\" \/>\n<meta name=\"author\" content=\"Moderador\" \/>\n<meta name=\"twitter:card\" content=\"summary_large_image\" \/>\n<meta name=\"twitter:creator\" content=\"@vripubb\" \/>\n<meta name=\"twitter:site\" content=\"@vripubb\" \/>\n<meta name=\"twitter:label1\" content=\"Escrito por\" \/>\n\t<meta name=\"twitter:data1\" content=\"Moderador\" \/>\n\t<meta name=\"twitter:label2\" content=\"Tiempo de lectura\" \/>\n\t<meta name=\"twitter:data2\" content=\"2 minutos\" \/>\n<script type=\"application\/ld+json\" class=\"yoast-schema-graph\">{\"@context\":\"https:\\\/\\\/schema.org\",\"@graph\":[{\"@type\":\"Article\",\"@id\":\"https:\\\/\\\/vrip.ubiobio.cl\\\/inicio\\\/noticias\\\/concurso-idea-id-2021\\\/#article\",\"isPartOf\":{\"@id\":\"https:\\\/\\\/vrip.ubiobio.cl\\\/inicio\\\/noticias\\\/concurso-idea-id-2021\\\/\"},\"author\":{\"name\":\"Moderador\",\"@id\":\"https:\\\/\\\/vrip.ubiobio.cl\\\/inicio\\\/#\\\/schema\\\/person\\\/692fdff965936e115510632e7340cba2\"},\"headline\":\"Apertura Concurso IDeA I+D, 2021\",\"datePublished\":\"2021-01-20T12:03:08+00:00\",\"dateModified\":\"2021-10-06T15:22:41+00:00\",\"mainEntityOfPage\":{\"@id\":\"https:\\\/\\\/vrip.ubiobio.cl\\\/inicio\\\/noticias\\\/concurso-idea-id-2021\\\/\"},\"wordCount\":452,\"commentCount\":0,\"publisher\":{\"@id\":\"https:\\\/\\\/vrip.ubiobio.cl\\\/inicio\\\/#organization\"},\"image\":{\"@id\":\"https:\\\/\\\/vrip.ubiobio.cl\\\/inicio\\\/noticias\\\/concurso-idea-id-2021\\\/#primaryimage\"},\"thumbnailUrl\":\"https:\\\/\\\/vrip.ubiobio.cl\\\/wp-content\\\/uploads\\\/2021\\\/01\\\/Concurso-IDeA-ID-2021.jpg\",\"articleSection\":[\"Noticias\"],\"inLanguage\":\"es\",\"potentialAction\":[{\"@type\":\"CommentAction\",\"name\":\"Comment\",\"target\":[\"https:\\\/\\\/vrip.ubiobio.cl\\\/inicio\\\/noticias\\\/concurso-idea-id-2021\\\/#respond\"]}]},{\"@type\":\"WebPage\",\"@id\":\"https:\\\/\\\/vrip.ubiobio.cl\\\/inicio\\\/noticias\\\/concurso-idea-id-2021\\\/\",\"url\":\"https:\\\/\\\/vrip.ubiobio.cl\\\/inicio\\\/noticias\\\/concurso-idea-id-2021\\\/\",\"name\":\"Apertura Concurso IDeA I+D, 2021 - VRIP\",\"isPartOf\":{\"@id\":\"https:\\\/\\\/vrip.ubiobio.cl\\\/inicio\\\/#website\"},\"primaryImageOfPage\":{\"@id\":\"https:\\\/\\\/vrip.ubiobio.cl\\\/inicio\\\/noticias\\\/concurso-idea-id-2021\\\/#primaryimage\"},\"image\":{\"@id\":\"https:\\\/\\\/vrip.ubiobio.cl\\\/inicio\\\/noticias\\\/concurso-idea-id-2021\\\/#primaryimage\"},\"thumbnailUrl\":\"https:\\\/\\\/vrip.ubiobio.cl\\\/wp-content\\\/uploads\\\/2021\\\/01\\\/Concurso-IDeA-ID-2021.jpg\",\"datePublished\":\"2021-01-20T12:03:08+00:00\",\"dateModified\":\"2021-10-06T15:22:41+00:00\",\"breadcrumb\":{\"@id\":\"https:\\\/\\\/vrip.ubiobio.cl\\\/inicio\\\/noticias\\\/concurso-idea-id-2021\\\/#breadcrumb\"},\"inLanguage\":\"es\",\"potentialAction\":[{\"@type\":\"ReadAction\",\"target\":[\"https:\\\/\\\/vrip.ubiobio.cl\\\/inicio\\\/noticias\\\/concurso-idea-id-2021\\\/\"]}]},{\"@type\":\"ImageObject\",\"inLanguage\":\"es\",\"@id\":\"https:\\\/\\\/vrip.ubiobio.cl\\\/inicio\\\/noticias\\\/concurso-idea-id-2021\\\/#primaryimage\",\"url\":\"https:\\\/\\\/vrip.ubiobio.cl\\\/wp-content\\\/uploads\\\/2021\\\/01\\\/Concurso-IDeA-ID-2021.jpg\",\"contentUrl\":\"https:\\\/\\\/vrip.ubiobio.cl\\\/wp-content\\\/uploads\\\/2021\\\/01\\\/Concurso-IDeA-ID-2021.jpg\",\"width\":1080,\"height\":380},{\"@type\":\"BreadcrumbList\",\"@id\":\"https:\\\/\\\/vrip.ubiobio.cl\\\/inicio\\\/noticias\\\/concurso-idea-id-2021\\\/#breadcrumb\",\"itemListElement\":[{\"@type\":\"ListItem\",\"position\":1,\"name\":\"Portada\",\"item\":\"https:\\\/\\\/vrip.ubiobio.cl\\\/inicio\\\/\"},{\"@type\":\"ListItem\",\"position\":2,\"name\":\"Apertura Concurso IDeA I+D, 2021\"}]},{\"@type\":\"WebSite\",\"@id\":\"https:\\\/\\\/vrip.ubiobio.cl\\\/inicio\\\/#website\",\"url\":\"https:\\\/\\\/vrip.ubiobio.cl\\\/inicio\\\/\",\"name\":\"VRIP\",\"description\":\"Vicerrector\u00eda de Investigaci\u00f3n y Postgrado\",\"publisher\":{\"@id\":\"https:\\\/\\\/vrip.ubiobio.cl\\\/inicio\\\/#organization\"},\"potentialAction\":[{\"@type\":\"SearchAction\",\"target\":{\"@type\":\"EntryPoint\",\"urlTemplate\":\"https:\\\/\\\/vrip.ubiobio.cl\\\/inicio\\\/?s={search_term_string}\"},\"query-input\":{\"@type\":\"PropertyValueSpecification\",\"valueRequired\":true,\"valueName\":\"search_term_string\"}}],\"inLanguage\":\"es\"},{\"@type\":\"Organization\",\"@id\":\"https:\\\/\\\/vrip.ubiobio.cl\\\/inicio\\\/#organization\",\"name\":\"VRIP\",\"url\":\"https:\\\/\\\/vrip.ubiobio.cl\\\/inicio\\\/\",\"logo\":{\"@type\":\"ImageObject\",\"inLanguage\":\"es\",\"@id\":\"https:\\\/\\\/vrip.ubiobio.cl\\\/inicio\\\/#\\\/schema\\\/logo\\\/image\\\/\",\"url\":\"https:\\\/\\\/vrip.ubiobio.cl\\\/wp-content\\\/uploads\\\/2022\\\/10\\\/logo-vrip_Mesa-de-trabajo-1.png\",\"contentUrl\":\"https:\\\/\\\/vrip.ubiobio.cl\\\/wp-content\\\/uploads\\\/2022\\\/10\\\/logo-vrip_Mesa-de-trabajo-1.png\",\"width\":642,\"height\":178,\"caption\":\"VRIP\"},\"image\":{\"@id\":\"https:\\\/\\\/vrip.ubiobio.cl\\\/inicio\\\/#\\\/schema\\\/logo\\\/image\\\/\"},\"sameAs\":[\"https:\\\/\\\/x.com\\\/vripubb\",\"https:\\\/\\\/www.instagram.com\\\/vrip_ubb\\\/\",\"https:\\\/\\\/www.youtube.com\\\/channel\\\/UCf7o8yHRJ7Y_QQLxwu1KQgA\",\"https:\\\/\\\/www.linkedin.com\\\/company\\\/96035097\\\/admin\\\/dashboard\\\/\"]},{\"@type\":\"Person\",\"@id\":\"https:\\\/\\\/vrip.ubiobio.cl\\\/inicio\\\/#\\\/schema\\\/person\\\/692fdff965936e115510632e7340cba2\",\"name\":\"Moderador\",\"image\":{\"@type\":\"ImageObject\",\"inLanguage\":\"es\",\"@id\":\"https:\\\/\\\/secure.gravatar.com\\\/avatar\\\/d16ec183e637d727e6c6574e3768aa439442611065e2b4f983793af8bb630edc?s=96&d=mm&r=g\",\"url\":\"https:\\\/\\\/secure.gravatar.com\\\/avatar\\\/d16ec183e637d727e6c6574e3768aa439442611065e2b4f983793af8bb630edc?s=96&d=mm&r=g\",\"contentUrl\":\"https:\\\/\\\/secure.gravatar.com\\\/avatar\\\/d16ec183e637d727e6c6574e3768aa439442611065e2b4f983793af8bb630edc?s=96&d=mm&r=g\",\"caption\":\"Moderador\"},\"url\":\"https:\\\/\\\/vrip.ubiobio.cl\\\/inicio\\\/author\\\/dago\\\/\"}]}<\/script>\n<!-- \/ Yoast SEO plugin. -->","yoast_head_json":{"title":"Apertura Concurso IDeA I+D, 2021 - VRIP","robots":{"index":"index","follow":"follow","max-snippet":"max-snippet:-1","max-image-preview":"max-image-preview:large","max-video-preview":"max-video-preview:-1"},"canonical":"https:\/\/vrip.ubiobio.cl\/inicio\/noticias\/concurso-idea-id-2021\/","og_locale":"es_ES","og_type":"article","og_title":"Apertura Concurso IDeA I+D, 2021 - VRIP","og_description":"La Vicerrector\u00eda de Investigaci\u00f3n y Postgrado, a trav\u00e9s de la Unidad de Proyectos de la Direcci\u00f3n de Innovaci\u00f3n, les hace un llamado a manifestar vuestro inter\u00e9s de participar en el\u00a0\u00abConcurso IDeA I+D, 2021\u00bb\u00a0de la\u00a0Agencia Nacional de Investigaci\u00f3n y Desarrollo &#8211; ANID. El\u00a0Concurso IDeA I+D\u00a0tiene como prop\u00f3sito apoyar financieramente la ejecuci\u00f3n de proyectos de investigaci\u00f3n cient\u00edfica...","og_url":"https:\/\/vrip.ubiobio.cl\/inicio\/noticias\/concurso-idea-id-2021\/","og_site_name":"VRIP","article_published_time":"2021-01-20T12:03:08+00:00","article_modified_time":"2021-10-06T15:22:41+00:00","og_image":[{"width":1080,"height":380,"url":"https:\/\/vrip.ubiobio.cl\/wp-content\/uploads\/2021\/01\/Concurso-IDeA-ID-2021.jpg","type":"image\/jpeg"}],"author":"Moderador","twitter_card":"summary_large_image","twitter_creator":"@vripubb","twitter_site":"@vripubb","twitter_misc":{"Escrito por":"Moderador","Tiempo de lectura":"2 minutos"},"schema":{"@context":"https:\/\/schema.org","@graph":[{"@type":"Article","@id":"https:\/\/vrip.ubiobio.cl\/inicio\/noticias\/concurso-idea-id-2021\/#article","isPartOf":{"@id":"https:\/\/vrip.ubiobio.cl\/inicio\/noticias\/concurso-idea-id-2021\/"},"author":{"name":"Moderador","@id":"https:\/\/vrip.ubiobio.cl\/inicio\/#\/schema\/person\/692fdff965936e115510632e7340cba2"},"headline":"Apertura Concurso IDeA I+D, 2021","datePublished":"2021-01-20T12:03:08+00:00","dateModified":"2021-10-06T15:22:41+00:00","mainEntityOfPage":{"@id":"https:\/\/vrip.ubiobio.cl\/inicio\/noticias\/concurso-idea-id-2021\/"},"wordCount":452,"commentCount":0,"publisher":{"@id":"https:\/\/vrip.ubiobio.cl\/inicio\/#organization"},"image":{"@id":"https:\/\/vrip.ubiobio.cl\/inicio\/noticias\/concurso-idea-id-2021\/#primaryimage"},"thumbnailUrl":"https:\/\/vrip.ubiobio.cl\/wp-content\/uploads\/2021\/01\/Concurso-IDeA-ID-2021.jpg","articleSection":["Noticias"],"inLanguage":"es","potentialAction":[{"@type":"CommentAction","name":"Comment","target":["https:\/\/vrip.ubiobio.cl\/inicio\/noticias\/concurso-idea-id-2021\/#respond"]}]},{"@type":"WebPage","@id":"https:\/\/vrip.ubiobio.cl\/inicio\/noticias\/concurso-idea-id-2021\/","url":"https:\/\/vrip.ubiobio.cl\/inicio\/noticias\/concurso-idea-id-2021\/","name":"Apertura Concurso IDeA I+D, 2021 - VRIP","isPartOf":{"@id":"https:\/\/vrip.ubiobio.cl\/inicio\/#website"},"primaryImageOfPage":{"@id":"https:\/\/vrip.ubiobio.cl\/inicio\/noticias\/concurso-idea-id-2021\/#primaryimage"},"image":{"@id":"https:\/\/vrip.ubiobio.cl\/inicio\/noticias\/concurso-idea-id-2021\/#primaryimage"},"thumbnailUrl":"https:\/\/vrip.ubiobio.cl\/wp-content\/uploads\/2021\/01\/Concurso-IDeA-ID-2021.jpg","datePublished":"2021-01-20T12:03:08+00:00","dateModified":"2021-10-06T15:22:41+00:00","breadcrumb":{"@id":"https:\/\/vrip.ubiobio.cl\/inicio\/noticias\/concurso-idea-id-2021\/#breadcrumb"},"inLanguage":"es","potentialAction":[{"@type":"ReadAction","target":["https:\/\/vrip.ubiobio.cl\/inicio\/noticias\/concurso-idea-id-2021\/"]}]},{"@type":"ImageObject","inLanguage":"es","@id":"https:\/\/vrip.ubiobio.cl\/inicio\/noticias\/concurso-idea-id-2021\/#primaryimage","url":"https:\/\/vrip.ubiobio.cl\/wp-content\/uploads\/2021\/01\/Concurso-IDeA-ID-2021.jpg","contentUrl":"https:\/\/vrip.ubiobio.cl\/wp-content\/uploads\/2021\/01\/Concurso-IDeA-ID-2021.jpg","width":1080,"height":380},{"@type":"BreadcrumbList","@id":"https:\/\/vrip.ubiobio.cl\/inicio\/noticias\/concurso-idea-id-2021\/#breadcrumb","itemListElement":[{"@type":"ListItem","position":1,"name":"Portada","item":"https:\/\/vrip.ubiobio.cl\/inicio\/"},{"@type":"ListItem","position":2,"name":"Apertura Concurso IDeA I+D, 2021"}]},{"@type":"WebSite","@id":"https:\/\/vrip.ubiobio.cl\/inicio\/#website","url":"https:\/\/vrip.ubiobio.cl\/inicio\/","name":"VRIP","description":"Vicerrector\u00eda de Investigaci\u00f3n y Postgrado","publisher":{"@id":"https:\/\/vrip.ubiobio.cl\/inicio\/#organization"},"potentialAction":[{"@type":"SearchAction","target":{"@type":"EntryPoint","urlTemplate":"https:\/\/vrip.ubiobio.cl\/inicio\/?s={search_term_string}"},"query-input":{"@type":"PropertyValueSpecification","valueRequired":true,"valueName":"search_term_string"}}],"inLanguage":"es"},{"@type":"Organization","@id":"https:\/\/vrip.ubiobio.cl\/inicio\/#organization","name":"VRIP","url":"https:\/\/vrip.ubiobio.cl\/inicio\/","logo":{"@type":"ImageObject","inLanguage":"es","@id":"https:\/\/vrip.ubiobio.cl\/inicio\/#\/schema\/logo\/image\/","url":"https:\/\/vrip.ubiobio.cl\/wp-content\/uploads\/2022\/10\/logo-vrip_Mesa-de-trabajo-1.png","contentUrl":"https:\/\/vrip.ubiobio.cl\/wp-content\/uploads\/2022\/10\/logo-vrip_Mesa-de-trabajo-1.png","width":642,"height":178,"caption":"VRIP"},"image":{"@id":"https:\/\/vrip.ubiobio.cl\/inicio\/#\/schema\/logo\/image\/"},"sameAs":["https:\/\/x.com\/vripubb","https:\/\/www.instagram.com\/vrip_ubb\/","https:\/\/www.youtube.com\/channel\/UCf7o8yHRJ7Y_QQLxwu1KQgA","https:\/\/www.linkedin.com\/company\/96035097\/admin\/dashboard\/"]},{"@type":"Person","@id":"https:\/\/vrip.ubiobio.cl\/inicio\/#\/schema\/person\/692fdff965936e115510632e7340cba2","name":"Moderador","image":{"@type":"ImageObject","inLanguage":"es","@id":"https:\/\/secure.gravatar.com\/avatar\/d16ec183e637d727e6c6574e3768aa439442611065e2b4f983793af8bb630edc?s=96&d=mm&r=g","url":"https:\/\/secure.gravatar.com\/avatar\/d16ec183e637d727e6c6574e3768aa439442611065e2b4f983793af8bb630edc?s=96&d=mm&r=g","contentUrl":"https:\/\/secure.gravatar.com\/avatar\/d16ec183e637d727e6c6574e3768aa439442611065e2b4f983793af8bb630edc?s=96&d=mm&r=g","caption":"Moderador"},"url":"https:\/\/vrip.ubiobio.cl\/inicio\/author\/dago\/"}]}},"_links":{"self":[{"href":"https:\/\/vrip.ubiobio.cl\/inicio\/wp-json\/wp\/v2\/posts\/20446","targetHints":{"allow":["GET"]}}],"collection":[{"href":"https:\/\/vrip.ubiobio.cl\/inicio\/wp-json\/wp\/v2\/posts"}],"about":[{"href":"https:\/\/vrip.ubiobio.cl\/inicio\/wp-json\/wp\/v2\/types\/post"}],"author":[{"embeddable":true,"href":"https:\/\/vrip.ubiobio.cl\/inicio\/wp-json\/wp\/v2\/users\/4"}],"replies":[{"embeddable":true,"href":"https:\/\/vrip.ubiobio.cl\/inicio\/wp-json\/wp\/v2\/comments?post=20446"}],"version-history":[{"count":2,"href":"https:\/\/vrip.ubiobio.cl\/inicio\/wp-json\/wp\/v2\/posts\/20446\/revisions"}],"predecessor-version":[{"id":22975,"href":"https:\/\/vrip.ubiobio.cl\/inicio\/wp-json\/wp\/v2\/posts\/20446\/revisions\/22975"}],"wp:featuredmedia":[{"embeddable":true,"href":"https:\/\/vrip.ubiobio.cl\/inicio\/wp-json\/wp\/v2\/media\/22974"}],"wp:attachment":[{"href":"https:\/\/vrip.ubiobio.cl\/inicio\/wp-json\/wp\/v2\/media?parent=20446"}],"wp:term":[{"taxonomy":"category","embeddable":true,"href":"https:\/\/vrip.ubiobio.cl\/inicio\/wp-json\/wp\/v2\/categories?post=20446"},{"taxonomy":"post_tag","embeddable":true,"href":"https:\/\/vrip.ubiobio.cl\/inicio\/wp-json\/wp\/v2\/tags?post=20446"}],"curies":[{"name":"wp","href":"https:\/\/api.w.org\/{rel}","templated":true}]}}