{"id":20397,"date":"2021-01-14T08:30:06","date_gmt":"2021-01-14T11:30:06","guid":{"rendered":"http:\/\/vrip.ubiobio.cl\/vrip\/?p=20397"},"modified":"2022-01-07T14:51:15","modified_gmt":"2022-01-07T14:51:15","slug":"webinar-articulacion-de-empresas-estado-y-academia-en-el-territorio-de-nuble","status":"publish","type":"post","link":"https:\/\/vrip.ubiobio.cl\/inicio\/noticias\/webinar-articulacion-de-empresas-estado-y-academia-en-el-territorio-de-nuble\/","title":{"rendered":"Webinar: \u00abArticulaci\u00f3n de Empresas, Estado y Academia  en el  Territorio de \u00d1uble\u00bb"},"content":{"rendered":"<p>&nbsp;<\/p>\n<p><img fetchpriority=\"high\" decoding=\"async\" class=\"wp-image-22944 alignleft\" src=\"http:\/\/vrip.ubiobio.cl\/wp-content\/uploads\/2021\/01\/Webinar-Articulacion-de-Empresas-Estado-y-Academia-en-el-Territorio-de-Nuble-212x300.png\" alt=\"\" width=\"441\" height=\"624\" srcset=\"https:\/\/vrip.ubiobio.cl\/wp-content\/uploads\/2021\/01\/Webinar-Articulacion-de-Empresas-Estado-y-Academia-en-el-Territorio-de-Nuble-212x300.png 212w, https:\/\/vrip.ubiobio.cl\/wp-content\/uploads\/2021\/01\/Webinar-Articulacion-de-Empresas-Estado-y-Academia-en-el-Territorio-de-Nuble-724x1024.png 724w, https:\/\/vrip.ubiobio.cl\/wp-content\/uploads\/2021\/01\/Webinar-Articulacion-de-Empresas-Estado-y-Academia-en-el-Territorio-de-Nuble-768x1086.png 768w, https:\/\/vrip.ubiobio.cl\/wp-content\/uploads\/2021\/01\/Webinar-Articulacion-de-Empresas-Estado-y-Academia-en-el-Territorio-de-Nuble-1086x1536.png 1086w, https:\/\/vrip.ubiobio.cl\/wp-content\/uploads\/2021\/01\/Webinar-Articulacion-de-Empresas-Estado-y-Academia-en-el-Territorio-de-Nuble-1448x2048.png 1448w, https:\/\/vrip.ubiobio.cl\/wp-content\/uploads\/2021\/01\/Webinar-Articulacion-de-Empresas-Estado-y-Academia-en-el-Territorio-de-Nuble.png 1587w\" sizes=\"(max-width: 441px) 100vw, 441px\" \/><\/p>\n<p>La Vicerrector\u00eda de Investigaci\u00f3n y Postgrado y la Unidad de\u00a0 Gesti\u00f3n Estrat\u00e9gica y Articulaci\u00f3n de Proyectos Institucionales tienen el agrado de invitar a participar\u00a0del Webinar:<em>\u00a0<\/em><em>\u00ab<strong>Articulaci\u00f3n de Empresas, Estado y Academia\u00a0 en el \u00a0Territorio de \u00d1uble<\/strong>\u00ab<\/em><strong>.\u00a0<\/strong><\/p>\n<p>Esta actividad se realizar\u00e1 el d\u00eda\u00a0<strong>20\u00a0de enero<\/strong>, <strong>entre 18:00 y 19:30 hrs<\/strong>.,\u00a0a trav\u00e9s de la plataforma digital Zoom.<\/p>\n<p>El Objetivo de esta iniciativa \u00a0es generar una instancia de participaci\u00f3n \u00a0e interacci\u00f3n de diferentes actores \u00a0relevantes del\u00a0 Territorio de \u00d1uble, como son \u00a0las Empresas, Estado y Academia y c\u00f3mo estos\u00a0 \u00a0contribuyen y se articulan\u00a0 \u00a0para el desarrollo\u00a0 y mejoramiento de la calidad de vida de sus habitantes\u00a0 y de la Regi\u00f3n.<\/p>\n<p>Link de incripci\u00f3n:\u00a0<u><a href=\"https:\/\/reuna.zoom.us\/meeting\/register\/tZAsfuyspz8oH9ZKPOt40CnvuZipv2JeWgMe\">https:\/\/reuna.zoom.us\/meeting\/register\/tZAsfuyspz8oH9ZKPOt40CnvuZipv2JeWgMe<\/a><\/u><\/p>\n<p>Luego de la inscripci\u00f3n, recibir\u00e1 un correo electr\u00f3nico de confirmaci\u00f3n con informaci\u00f3n para unirse al\u00a0 Webinar.<\/p>\n<p>Agradecemos desde ya su participaci\u00f3n y la difusi\u00f3n de este evento.<\/p>\n<p>\u00a1Los esperamos!<\/p>\n<p><a href=\"http:\/\/vrip.ubiobio.cl\/wp-content\/uploads\/2021\/01\/Programa-Webinar-Articulacion-de-Empresas-Estado-y-Academia-en-el-Territorio-de-Nuble.pdf\">Programa-Webinar.pdf<\/a><\/p>\n<p>Fuente: VRIP Comunicaciones<\/p>\n","protected":false},"excerpt":{"rendered":"<p>&nbsp; La Vicerrector\u00eda de Investigaci\u00f3n y Postgrado y la Unidad de\u00a0 Gesti\u00f3n Estrat\u00e9gica y Articulaci\u00f3n de Proyectos Institucionales tienen el agrado de invitar a participar\u00a0del Webinar:\u00a0\u00abArticulaci\u00f3n de Empresas, Estado y Academia\u00a0 en el \u00a0Territorio de \u00d1uble\u00ab.\u00a0 Esta actividad se realizar\u00e1 el d\u00eda\u00a020\u00a0de enero, entre 18:00 y 19:30 hrs.,\u00a0a trav\u00e9s de la plataforma digital Zoom. El&#8230;<\/p>\n","protected":false},"author":4,"featured_media":24658,"comment_status":"open","ping_status":"closed","sticky":false,"template":"","format":"standard","meta":{"_kadence_starter_templates_imported_post":false,"_kad_post_transparent":"default","_kad_post_title":"default","_kad_post_layout":"default","_kad_post_sidebar_id":"","_kad_post_content_style":"default","_kad_post_vertical_padding":"default","_kad_post_feature":"","_kad_post_feature_position":"","_kad_post_header":false,"_kad_post_footer":false,"footnotes":""},"categories":[3],"tags":[],"class_list":["post-20397","post","type-post","status-publish","format-standard","has-post-thumbnail","hentry","category-noticias"],"yoast_head":"<!-- This site is optimized with the Yoast SEO plugin v27.5 - https:\/\/yoast.com\/product\/yoast-seo-wordpress\/ -->\n<title>Webinar: &quot;Articulaci\u00f3n de Empresas, Estado y Academia en el Territorio de \u00d1uble&quot; - VRIP<\/title>\n<meta name=\"robots\" content=\"index, follow, max-snippet:-1, max-image-preview:large, max-video-preview:-1\" \/>\n<link rel=\"canonical\" href=\"https:\/\/vrip.ubiobio.cl\/inicio\/noticias\/webinar-articulacion-de-empresas-estado-y-academia-en-el-territorio-de-nuble\/\" \/>\n<meta property=\"og:locale\" content=\"es_ES\" \/>\n<meta property=\"og:type\" content=\"article\" \/>\n<meta property=\"og:title\" content=\"Webinar: &quot;Articulaci\u00f3n de Empresas, Estado y Academia en el Territorio de \u00d1uble&quot; - VRIP\" \/>\n<meta property=\"og:description\" content=\"&nbsp; La Vicerrector\u00eda de Investigaci\u00f3n y Postgrado y la Unidad de\u00a0 Gesti\u00f3n Estrat\u00e9gica y Articulaci\u00f3n de Proyectos Institucionales tienen el agrado de invitar a participar\u00a0del Webinar:\u00a0\u00abArticulaci\u00f3n de Empresas, Estado y Academia\u00a0 en el \u00a0Territorio de \u00d1uble\u00ab.\u00a0 Esta actividad se realizar\u00e1 el d\u00eda\u00a020\u00a0de enero, entre 18:00 y 19:30 hrs.,\u00a0a trav\u00e9s de la plataforma digital Zoom. El...\" \/>\n<meta property=\"og:url\" content=\"https:\/\/vrip.ubiobio.cl\/inicio\/noticias\/webinar-articulacion-de-empresas-estado-y-academia-en-el-territorio-de-nuble\/\" \/>\n<meta property=\"og:site_name\" content=\"VRIP\" \/>\n<meta property=\"article:published_time\" content=\"2021-01-14T11:30:06+00:00\" \/>\n<meta property=\"article:modified_time\" content=\"2022-01-07T14:51:15+00:00\" \/>\n<meta property=\"og:image\" content=\"https:\/\/vrip.ubiobio.cl\/wp-content\/uploads\/2021\/09\/Vrip_Banner-Noticias.jpg\" \/>\n\t<meta property=\"og:image:width\" content=\"1428\" \/>\n\t<meta property=\"og:image:height\" content=\"400\" \/>\n\t<meta property=\"og:image:type\" content=\"image\/jpeg\" \/>\n<meta name=\"author\" content=\"Moderador\" \/>\n<meta name=\"twitter:card\" content=\"summary_large_image\" \/>\n<meta name=\"twitter:creator\" content=\"@vripubb\" \/>\n<meta name=\"twitter:site\" content=\"@vripubb\" \/>\n<meta name=\"twitter:label1\" content=\"Escrito por\" \/>\n\t<meta name=\"twitter:data1\" content=\"Moderador\" \/>\n\t<meta name=\"twitter:label2\" content=\"Tiempo de lectura\" \/>\n\t<meta name=\"twitter:data2\" content=\"1 minuto\" \/>\n<script type=\"application\/ld+json\" class=\"yoast-schema-graph\">{\"@context\":\"https:\\\/\\\/schema.org\",\"@graph\":[{\"@type\":\"Article\",\"@id\":\"https:\\\/\\\/vrip.ubiobio.cl\\\/inicio\\\/noticias\\\/webinar-articulacion-de-empresas-estado-y-academia-en-el-territorio-de-nuble\\\/#article\",\"isPartOf\":{\"@id\":\"https:\\\/\\\/vrip.ubiobio.cl\\\/inicio\\\/noticias\\\/webinar-articulacion-de-empresas-estado-y-academia-en-el-territorio-de-nuble\\\/\"},\"author\":{\"name\":\"Moderador\",\"@id\":\"https:\\\/\\\/vrip.ubiobio.cl\\\/inicio\\\/#\\\/schema\\\/person\\\/692fdff965936e115510632e7340cba2\"},\"headline\":\"Webinar: \u00abArticulaci\u00f3n de Empresas, Estado y Academia en el Territorio de \u00d1uble\u00bb\",\"datePublished\":\"2021-01-14T11:30:06+00:00\",\"dateModified\":\"2022-01-07T14:51:15+00:00\",\"mainEntityOfPage\":{\"@id\":\"https:\\\/\\\/vrip.ubiobio.cl\\\/inicio\\\/noticias\\\/webinar-articulacion-de-empresas-estado-y-academia-en-el-territorio-de-nuble\\\/\"},\"wordCount\":188,\"commentCount\":0,\"publisher\":{\"@id\":\"https:\\\/\\\/vrip.ubiobio.cl\\\/inicio\\\/#organization\"},\"image\":{\"@id\":\"https:\\\/\\\/vrip.ubiobio.cl\\\/inicio\\\/noticias\\\/webinar-articulacion-de-empresas-estado-y-academia-en-el-territorio-de-nuble\\\/#primaryimage\"},\"thumbnailUrl\":\"https:\\\/\\\/vrip.ubiobio.cl\\\/wp-content\\\/uploads\\\/2021\\\/09\\\/Vrip_Banner-Noticias.jpg\",\"articleSection\":[\"Noticias\"],\"inLanguage\":\"es\",\"potentialAction\":[{\"@type\":\"CommentAction\",\"name\":\"Comment\",\"target\":[\"https:\\\/\\\/vrip.ubiobio.cl\\\/inicio\\\/noticias\\\/webinar-articulacion-de-empresas-estado-y-academia-en-el-territorio-de-nuble\\\/#respond\"]}]},{\"@type\":\"WebPage\",\"@id\":\"https:\\\/\\\/vrip.ubiobio.cl\\\/inicio\\\/noticias\\\/webinar-articulacion-de-empresas-estado-y-academia-en-el-territorio-de-nuble\\\/\",\"url\":\"https:\\\/\\\/vrip.ubiobio.cl\\\/inicio\\\/noticias\\\/webinar-articulacion-de-empresas-estado-y-academia-en-el-territorio-de-nuble\\\/\",\"name\":\"Webinar: \\\"Articulaci\u00f3n de Empresas, Estado y Academia en el Territorio de \u00d1uble\\\" - VRIP\",\"isPartOf\":{\"@id\":\"https:\\\/\\\/vrip.ubiobio.cl\\\/inicio\\\/#website\"},\"primaryImageOfPage\":{\"@id\":\"https:\\\/\\\/vrip.ubiobio.cl\\\/inicio\\\/noticias\\\/webinar-articulacion-de-empresas-estado-y-academia-en-el-territorio-de-nuble\\\/#primaryimage\"},\"image\":{\"@id\":\"https:\\\/\\\/vrip.ubiobio.cl\\\/inicio\\\/noticias\\\/webinar-articulacion-de-empresas-estado-y-academia-en-el-territorio-de-nuble\\\/#primaryimage\"},\"thumbnailUrl\":\"https:\\\/\\\/vrip.ubiobio.cl\\\/wp-content\\\/uploads\\\/2021\\\/09\\\/Vrip_Banner-Noticias.jpg\",\"datePublished\":\"2021-01-14T11:30:06+00:00\",\"dateModified\":\"2022-01-07T14:51:15+00:00\",\"breadcrumb\":{\"@id\":\"https:\\\/\\\/vrip.ubiobio.cl\\\/inicio\\\/noticias\\\/webinar-articulacion-de-empresas-estado-y-academia-en-el-territorio-de-nuble\\\/#breadcrumb\"},\"inLanguage\":\"es\",\"potentialAction\":[{\"@type\":\"ReadAction\",\"target\":[\"https:\\\/\\\/vrip.ubiobio.cl\\\/inicio\\\/noticias\\\/webinar-articulacion-de-empresas-estado-y-academia-en-el-territorio-de-nuble\\\/\"]}]},{\"@type\":\"ImageObject\",\"inLanguage\":\"es\",\"@id\":\"https:\\\/\\\/vrip.ubiobio.cl\\\/inicio\\\/noticias\\\/webinar-articulacion-de-empresas-estado-y-academia-en-el-territorio-de-nuble\\\/#primaryimage\",\"url\":\"https:\\\/\\\/vrip.ubiobio.cl\\\/wp-content\\\/uploads\\\/2021\\\/09\\\/Vrip_Banner-Noticias.jpg\",\"contentUrl\":\"https:\\\/\\\/vrip.ubiobio.cl\\\/wp-content\\\/uploads\\\/2021\\\/09\\\/Vrip_Banner-Noticias.jpg\",\"width\":1428,\"height\":400},{\"@type\":\"BreadcrumbList\",\"@id\":\"https:\\\/\\\/vrip.ubiobio.cl\\\/inicio\\\/noticias\\\/webinar-articulacion-de-empresas-estado-y-academia-en-el-territorio-de-nuble\\\/#breadcrumb\",\"itemListElement\":[{\"@type\":\"ListItem\",\"position\":1,\"name\":\"Portada\",\"item\":\"https:\\\/\\\/vrip.ubiobio.cl\\\/inicio\\\/\"},{\"@type\":\"ListItem\",\"position\":2,\"name\":\"Webinar: \u00abArticulaci\u00f3n de Empresas, Estado y Academia en el Territorio de \u00d1uble\u00bb\"}]},{\"@type\":\"WebSite\",\"@id\":\"https:\\\/\\\/vrip.ubiobio.cl\\\/inicio\\\/#website\",\"url\":\"https:\\\/\\\/vrip.ubiobio.cl\\\/inicio\\\/\",\"name\":\"VRIP\",\"description\":\"Vicerrector\u00eda de Investigaci\u00f3n y Postgrado\",\"publisher\":{\"@id\":\"https:\\\/\\\/vrip.ubiobio.cl\\\/inicio\\\/#organization\"},\"potentialAction\":[{\"@type\":\"SearchAction\",\"target\":{\"@type\":\"EntryPoint\",\"urlTemplate\":\"https:\\\/\\\/vrip.ubiobio.cl\\\/inicio\\\/?s={search_term_string}\"},\"query-input\":{\"@type\":\"PropertyValueSpecification\",\"valueRequired\":true,\"valueName\":\"search_term_string\"}}],\"inLanguage\":\"es\"},{\"@type\":\"Organization\",\"@id\":\"https:\\\/\\\/vrip.ubiobio.cl\\\/inicio\\\/#organization\",\"name\":\"VRIP\",\"url\":\"https:\\\/\\\/vrip.ubiobio.cl\\\/inicio\\\/\",\"logo\":{\"@type\":\"ImageObject\",\"inLanguage\":\"es\",\"@id\":\"https:\\\/\\\/vrip.ubiobio.cl\\\/inicio\\\/#\\\/schema\\\/logo\\\/image\\\/\",\"url\":\"https:\\\/\\\/vrip.ubiobio.cl\\\/wp-content\\\/uploads\\\/2022\\\/10\\\/logo-vrip_Mesa-de-trabajo-1.png\",\"contentUrl\":\"https:\\\/\\\/vrip.ubiobio.cl\\\/wp-content\\\/uploads\\\/2022\\\/10\\\/logo-vrip_Mesa-de-trabajo-1.png\",\"width\":642,\"height\":178,\"caption\":\"VRIP\"},\"image\":{\"@id\":\"https:\\\/\\\/vrip.ubiobio.cl\\\/inicio\\\/#\\\/schema\\\/logo\\\/image\\\/\"},\"sameAs\":[\"https:\\\/\\\/x.com\\\/vripubb\",\"https:\\\/\\\/www.instagram.com\\\/vrip_ubb\\\/\",\"https:\\\/\\\/www.youtube.com\\\/channel\\\/UCf7o8yHRJ7Y_QQLxwu1KQgA\",\"https:\\\/\\\/www.linkedin.com\\\/company\\\/96035097\\\/admin\\\/dashboard\\\/\"]},{\"@type\":\"Person\",\"@id\":\"https:\\\/\\\/vrip.ubiobio.cl\\\/inicio\\\/#\\\/schema\\\/person\\\/692fdff965936e115510632e7340cba2\",\"name\":\"Moderador\",\"image\":{\"@type\":\"ImageObject\",\"inLanguage\":\"es\",\"@id\":\"https:\\\/\\\/secure.gravatar.com\\\/avatar\\\/d16ec183e637d727e6c6574e3768aa439442611065e2b4f983793af8bb630edc?s=96&d=mm&r=g\",\"url\":\"https:\\\/\\\/secure.gravatar.com\\\/avatar\\\/d16ec183e637d727e6c6574e3768aa439442611065e2b4f983793af8bb630edc?s=96&d=mm&r=g\",\"contentUrl\":\"https:\\\/\\\/secure.gravatar.com\\\/avatar\\\/d16ec183e637d727e6c6574e3768aa439442611065e2b4f983793af8bb630edc?s=96&d=mm&r=g\",\"caption\":\"Moderador\"},\"url\":\"https:\\\/\\\/vrip.ubiobio.cl\\\/inicio\\\/author\\\/dago\\\/\"}]}<\/script>\n<!-- \/ Yoast SEO plugin. -->","yoast_head_json":{"title":"Webinar: \"Articulaci\u00f3n de Empresas, Estado y Academia en el Territorio de \u00d1uble\" - VRIP","robots":{"index":"index","follow":"follow","max-snippet":"max-snippet:-1","max-image-preview":"max-image-preview:large","max-video-preview":"max-video-preview:-1"},"canonical":"https:\/\/vrip.ubiobio.cl\/inicio\/noticias\/webinar-articulacion-de-empresas-estado-y-academia-en-el-territorio-de-nuble\/","og_locale":"es_ES","og_type":"article","og_title":"Webinar: \"Articulaci\u00f3n de Empresas, Estado y Academia en el Territorio de \u00d1uble\" - VRIP","og_description":"&nbsp; La Vicerrector\u00eda de Investigaci\u00f3n y Postgrado y la Unidad de\u00a0 Gesti\u00f3n Estrat\u00e9gica y Articulaci\u00f3n de Proyectos Institucionales tienen el agrado de invitar a participar\u00a0del Webinar:\u00a0\u00abArticulaci\u00f3n de Empresas, Estado y Academia\u00a0 en el \u00a0Territorio de \u00d1uble\u00ab.\u00a0 Esta actividad se realizar\u00e1 el d\u00eda\u00a020\u00a0de enero, entre 18:00 y 19:30 hrs.,\u00a0a trav\u00e9s de la plataforma digital Zoom. El...","og_url":"https:\/\/vrip.ubiobio.cl\/inicio\/noticias\/webinar-articulacion-de-empresas-estado-y-academia-en-el-territorio-de-nuble\/","og_site_name":"VRIP","article_published_time":"2021-01-14T11:30:06+00:00","article_modified_time":"2022-01-07T14:51:15+00:00","og_image":[{"width":1428,"height":400,"url":"https:\/\/vrip.ubiobio.cl\/wp-content\/uploads\/2021\/09\/Vrip_Banner-Noticias.jpg","type":"image\/jpeg"}],"author":"Moderador","twitter_card":"summary_large_image","twitter_creator":"@vripubb","twitter_site":"@vripubb","twitter_misc":{"Escrito por":"Moderador","Tiempo de lectura":"1 minuto"},"schema":{"@context":"https:\/\/schema.org","@graph":[{"@type":"Article","@id":"https:\/\/vrip.ubiobio.cl\/inicio\/noticias\/webinar-articulacion-de-empresas-estado-y-academia-en-el-territorio-de-nuble\/#article","isPartOf":{"@id":"https:\/\/vrip.ubiobio.cl\/inicio\/noticias\/webinar-articulacion-de-empresas-estado-y-academia-en-el-territorio-de-nuble\/"},"author":{"name":"Moderador","@id":"https:\/\/vrip.ubiobio.cl\/inicio\/#\/schema\/person\/692fdff965936e115510632e7340cba2"},"headline":"Webinar: \u00abArticulaci\u00f3n de Empresas, Estado y Academia en el Territorio de \u00d1uble\u00bb","datePublished":"2021-01-14T11:30:06+00:00","dateModified":"2022-01-07T14:51:15+00:00","mainEntityOfPage":{"@id":"https:\/\/vrip.ubiobio.cl\/inicio\/noticias\/webinar-articulacion-de-empresas-estado-y-academia-en-el-territorio-de-nuble\/"},"wordCount":188,"commentCount":0,"publisher":{"@id":"https:\/\/vrip.ubiobio.cl\/inicio\/#organization"},"image":{"@id":"https:\/\/vrip.ubiobio.cl\/inicio\/noticias\/webinar-articulacion-de-empresas-estado-y-academia-en-el-territorio-de-nuble\/#primaryimage"},"thumbnailUrl":"https:\/\/vrip.ubiobio.cl\/wp-content\/uploads\/2021\/09\/Vrip_Banner-Noticias.jpg","articleSection":["Noticias"],"inLanguage":"es","potentialAction":[{"@type":"CommentAction","name":"Comment","target":["https:\/\/vrip.ubiobio.cl\/inicio\/noticias\/webinar-articulacion-de-empresas-estado-y-academia-en-el-territorio-de-nuble\/#respond"]}]},{"@type":"WebPage","@id":"https:\/\/vrip.ubiobio.cl\/inicio\/noticias\/webinar-articulacion-de-empresas-estado-y-academia-en-el-territorio-de-nuble\/","url":"https:\/\/vrip.ubiobio.cl\/inicio\/noticias\/webinar-articulacion-de-empresas-estado-y-academia-en-el-territorio-de-nuble\/","name":"Webinar: \"Articulaci\u00f3n de Empresas, Estado y Academia en el Territorio de \u00d1uble\" - VRIP","isPartOf":{"@id":"https:\/\/vrip.ubiobio.cl\/inicio\/#website"},"primaryImageOfPage":{"@id":"https:\/\/vrip.ubiobio.cl\/inicio\/noticias\/webinar-articulacion-de-empresas-estado-y-academia-en-el-territorio-de-nuble\/#primaryimage"},"image":{"@id":"https:\/\/vrip.ubiobio.cl\/inicio\/noticias\/webinar-articulacion-de-empresas-estado-y-academia-en-el-territorio-de-nuble\/#primaryimage"},"thumbnailUrl":"https:\/\/vrip.ubiobio.cl\/wp-content\/uploads\/2021\/09\/Vrip_Banner-Noticias.jpg","datePublished":"2021-01-14T11:30:06+00:00","dateModified":"2022-01-07T14:51:15+00:00","breadcrumb":{"@id":"https:\/\/vrip.ubiobio.cl\/inicio\/noticias\/webinar-articulacion-de-empresas-estado-y-academia-en-el-territorio-de-nuble\/#breadcrumb"},"inLanguage":"es","potentialAction":[{"@type":"ReadAction","target":["https:\/\/vrip.ubiobio.cl\/inicio\/noticias\/webinar-articulacion-de-empresas-estado-y-academia-en-el-territorio-de-nuble\/"]}]},{"@type":"ImageObject","inLanguage":"es","@id":"https:\/\/vrip.ubiobio.cl\/inicio\/noticias\/webinar-articulacion-de-empresas-estado-y-academia-en-el-territorio-de-nuble\/#primaryimage","url":"https:\/\/vrip.ubiobio.cl\/wp-content\/uploads\/2021\/09\/Vrip_Banner-Noticias.jpg","contentUrl":"https:\/\/vrip.ubiobio.cl\/wp-content\/uploads\/2021\/09\/Vrip_Banner-Noticias.jpg","width":1428,"height":400},{"@type":"BreadcrumbList","@id":"https:\/\/vrip.ubiobio.cl\/inicio\/noticias\/webinar-articulacion-de-empresas-estado-y-academia-en-el-territorio-de-nuble\/#breadcrumb","itemListElement":[{"@type":"ListItem","position":1,"name":"Portada","item":"https:\/\/vrip.ubiobio.cl\/inicio\/"},{"@type":"ListItem","position":2,"name":"Webinar: \u00abArticulaci\u00f3n de Empresas, Estado y Academia en el Territorio de \u00d1uble\u00bb"}]},{"@type":"WebSite","@id":"https:\/\/vrip.ubiobio.cl\/inicio\/#website","url":"https:\/\/vrip.ubiobio.cl\/inicio\/","name":"VRIP","description":"Vicerrector\u00eda de Investigaci\u00f3n y Postgrado","publisher":{"@id":"https:\/\/vrip.ubiobio.cl\/inicio\/#organization"},"potentialAction":[{"@type":"SearchAction","target":{"@type":"EntryPoint","urlTemplate":"https:\/\/vrip.ubiobio.cl\/inicio\/?s={search_term_string}"},"query-input":{"@type":"PropertyValueSpecification","valueRequired":true,"valueName":"search_term_string"}}],"inLanguage":"es"},{"@type":"Organization","@id":"https:\/\/vrip.ubiobio.cl\/inicio\/#organization","name":"VRIP","url":"https:\/\/vrip.ubiobio.cl\/inicio\/","logo":{"@type":"ImageObject","inLanguage":"es","@id":"https:\/\/vrip.ubiobio.cl\/inicio\/#\/schema\/logo\/image\/","url":"https:\/\/vrip.ubiobio.cl\/wp-content\/uploads\/2022\/10\/logo-vrip_Mesa-de-trabajo-1.png","contentUrl":"https:\/\/vrip.ubiobio.cl\/wp-content\/uploads\/2022\/10\/logo-vrip_Mesa-de-trabajo-1.png","width":642,"height":178,"caption":"VRIP"},"image":{"@id":"https:\/\/vrip.ubiobio.cl\/inicio\/#\/schema\/logo\/image\/"},"sameAs":["https:\/\/x.com\/vripubb","https:\/\/www.instagram.com\/vrip_ubb\/","https:\/\/www.youtube.com\/channel\/UCf7o8yHRJ7Y_QQLxwu1KQgA","https:\/\/www.linkedin.com\/company\/96035097\/admin\/dashboard\/"]},{"@type":"Person","@id":"https:\/\/vrip.ubiobio.cl\/inicio\/#\/schema\/person\/692fdff965936e115510632e7340cba2","name":"Moderador","image":{"@type":"ImageObject","inLanguage":"es","@id":"https:\/\/secure.gravatar.com\/avatar\/d16ec183e637d727e6c6574e3768aa439442611065e2b4f983793af8bb630edc?s=96&d=mm&r=g","url":"https:\/\/secure.gravatar.com\/avatar\/d16ec183e637d727e6c6574e3768aa439442611065e2b4f983793af8bb630edc?s=96&d=mm&r=g","contentUrl":"https:\/\/secure.gravatar.com\/avatar\/d16ec183e637d727e6c6574e3768aa439442611065e2b4f983793af8bb630edc?s=96&d=mm&r=g","caption":"Moderador"},"url":"https:\/\/vrip.ubiobio.cl\/inicio\/author\/dago\/"}]}},"_links":{"self":[{"href":"https:\/\/vrip.ubiobio.cl\/inicio\/wp-json\/wp\/v2\/posts\/20397","targetHints":{"allow":["GET"]}}],"collection":[{"href":"https:\/\/vrip.ubiobio.cl\/inicio\/wp-json\/wp\/v2\/posts"}],"about":[{"href":"https:\/\/vrip.ubiobio.cl\/inicio\/wp-json\/wp\/v2\/types\/post"}],"author":[{"embeddable":true,"href":"https:\/\/vrip.ubiobio.cl\/inicio\/wp-json\/wp\/v2\/users\/4"}],"replies":[{"embeddable":true,"href":"https:\/\/vrip.ubiobio.cl\/inicio\/wp-json\/wp\/v2\/comments?post=20397"}],"version-history":[{"count":2,"href":"https:\/\/vrip.ubiobio.cl\/inicio\/wp-json\/wp\/v2\/posts\/20397\/revisions"}],"predecessor-version":[{"id":22946,"href":"https:\/\/vrip.ubiobio.cl\/inicio\/wp-json\/wp\/v2\/posts\/20397\/revisions\/22946"}],"wp:featuredmedia":[{"embeddable":true,"href":"https:\/\/vrip.ubiobio.cl\/inicio\/wp-json\/wp\/v2\/media\/24658"}],"wp:attachment":[{"href":"https:\/\/vrip.ubiobio.cl\/inicio\/wp-json\/wp\/v2\/media?parent=20397"}],"wp:term":[{"taxonomy":"category","embeddable":true,"href":"https:\/\/vrip.ubiobio.cl\/inicio\/wp-json\/wp\/v2\/categories?post=20397"},{"taxonomy":"post_tag","embeddable":true,"href":"https:\/\/vrip.ubiobio.cl\/inicio\/wp-json\/wp\/v2\/tags?post=20397"}],"curies":[{"name":"wp","href":"https:\/\/api.w.org\/{rel}","templated":true}]}}