{"id":19584,"date":"2020-09-04T00:09:56","date_gmt":"2020-09-04T04:09:56","guid":{"rendered":"http:\/\/vrip.ubiobio.cl\/vrip\/?p=19584"},"modified":"2021-10-14T15:52:06","modified_gmt":"2021-10-14T15:52:06","slug":"academico-ubb-expuso-sobre-las-ultimas-tendencias-en-construccion-4-0","status":"publish","type":"post","link":"https:\/\/vrip.ubiobio.cl\/inicio\/noticias\/academico-ubb-expuso-sobre-las-ultimas-tendencias-en-construccion-4-0\/","title":{"rendered":"Seminario acentu\u00f3 los aportes tecnol\u00f3gicos en el desarrollo de la construcci\u00f3n"},"content":{"rendered":"\t\t<div data-elementor-type=\"wp-post\" data-elementor-id=\"19584\" class=\"elementor elementor-19584\" data-elementor-settings=\"{&quot;ha_cmc_init_switcher&quot;:&quot;no&quot;}\">\n\t\t\t\t\t\t<section class=\"elementor-section elementor-top-section elementor-element elementor-element-d9d3f6e elementor-section-boxed elementor-section-height-default elementor-section-height-default\" data-id=\"d9d3f6e\" data-element_type=\"section\" data-e-type=\"section\" data-settings=\"{&quot;_ha_eqh_enable&quot;:false}\">\n\t\t\t\t\t\t<div class=\"elementor-container elementor-column-gap-default\">\n\t\t\t\t\t<div class=\"elementor-column elementor-col-50 elementor-top-column elementor-element elementor-element-ab3c316\" data-id=\"ab3c316\" data-element_type=\"column\" data-e-type=\"column\">\n\t\t\t<div class=\"elementor-widget-wrap elementor-element-populated\">\n\t\t\t\t\t\t<div class=\"elementor-element elementor-element-b6466be elementor-widget elementor-widget-image\" data-id=\"b6466be\" data-element_type=\"widget\" data-e-type=\"widget\" data-widget_type=\"image.default\">\n\t\t\t\t<div class=\"elementor-widget-container\">\n\t\t\t\t\t\t\t\t\t\t\t\t\t\t\t<img fetchpriority=\"high\" decoding=\"async\" width=\"867\" height=\"492\" src=\"https:\/\/vrip.ubiobio.cl\/wp-content\/uploads\/2020\/09\/Seminario-BIM-y-Construccion-Impresa-3D-zoom-1.jpg\" class=\"attachment-large size-large wp-image-24038\" alt=\"\" srcset=\"https:\/\/vrip.ubiobio.cl\/wp-content\/uploads\/2020\/09\/Seminario-BIM-y-Construccion-Impresa-3D-zoom-1.jpg 867w, https:\/\/vrip.ubiobio.cl\/wp-content\/uploads\/2020\/09\/Seminario-BIM-y-Construccion-Impresa-3D-zoom-1-300x170.jpg 300w, https:\/\/vrip.ubiobio.cl\/wp-content\/uploads\/2020\/09\/Seminario-BIM-y-Construccion-Impresa-3D-zoom-1-768x436.jpg 768w\" sizes=\"(max-width: 867px) 100vw, 867px\" \/>\t\t\t\t\t\t\t\t\t\t\t\t\t\t\t<\/div>\n\t\t\t\t<\/div>\n\t\t\t\t\t<\/div>\n\t\t<\/div>\n\t\t\t\t<div class=\"elementor-column elementor-col-50 elementor-top-column elementor-element elementor-element-ee8abd3\" data-id=\"ee8abd3\" data-element_type=\"column\" data-e-type=\"column\">\n\t\t\t<div class=\"elementor-widget-wrap elementor-element-populated\">\n\t\t\t\t\t\t<div class=\"elementor-element elementor-element-90cf82d elementor-widget elementor-widget-image\" data-id=\"90cf82d\" data-element_type=\"widget\" data-e-type=\"widget\" data-widget_type=\"image.default\">\n\t\t\t\t<div class=\"elementor-widget-container\">\n\t\t\t\t\t\t\t\t\t\t\t\t\t\t\t<img decoding=\"async\" width=\"766\" height=\"429\" src=\"https:\/\/vrip.ubiobio.cl\/wp-content\/uploads\/2020\/09\/Seminario-BIM-y-Construccion-Impresa-3D-zoom-2.jpg\" class=\"attachment-large size-large wp-image-24039\" alt=\"\" srcset=\"https:\/\/vrip.ubiobio.cl\/wp-content\/uploads\/2020\/09\/Seminario-BIM-y-Construccion-Impresa-3D-zoom-2.jpg 766w, https:\/\/vrip.ubiobio.cl\/wp-content\/uploads\/2020\/09\/Seminario-BIM-y-Construccion-Impresa-3D-zoom-2-300x168.jpg 300w\" sizes=\"(max-width: 766px) 100vw, 766px\" \/>\t\t\t\t\t\t\t\t\t\t\t\t\t\t\t<\/div>\n\t\t\t\t<\/div>\n\t\t\t\t\t<\/div>\n\t\t<\/div>\n\t\t\t\t\t<\/div>\n\t\t<\/section>\n\t\t\t\t<section class=\"elementor-section elementor-top-section elementor-element elementor-element-2ba33a21 elementor-section-boxed elementor-section-height-default elementor-section-height-default\" data-id=\"2ba33a21\" data-element_type=\"section\" data-e-type=\"section\" data-settings=\"{&quot;_ha_eqh_enable&quot;:false}\">\n\t\t\t\t\t\t<div class=\"elementor-container elementor-column-gap-default\">\n\t\t\t\t\t<div class=\"elementor-column elementor-col-100 elementor-top-column elementor-element elementor-element-bd178cd\" data-id=\"bd178cd\" data-element_type=\"column\" data-e-type=\"column\">\n\t\t\t<div class=\"elementor-widget-wrap elementor-element-populated\">\n\t\t\t\t\t\t<div class=\"elementor-element elementor-element-7f0808f3 elementor-widget elementor-widget-text-editor\" data-id=\"7f0808f3\" data-element_type=\"widget\" data-e-type=\"widget\" data-widget_type=\"text-editor.default\">\n\t\t\t\t<div class=\"elementor-widget-container\">\n\t\t\t\t\t\t\t\t\t<p><em>En el marco del Seminario BIM y Construcci\u00f3n Impresa 3D, realizado v\u00eda plataforma zoom, se llev\u00f3 a cabo este encuentro que permiti\u00f3 analizar las nuevas formas arquitect\u00f3nicas que se est\u00e1n desarrollando para la construcci\u00f3n impresa 3D.<\/em><\/p><p><div class=\"perfect-pullquote algo pullquote-align-left\" style=\"font-size:15px !important;\"><blockquote><p style=\"font-size:15px !important;\">Si bien en el mundo se han logrado importantes avances, a nivel nacional esta tecnolog\u00eda est\u00e1 reci\u00e9n dando sus primeros pasos, aunque con resultados notables, muchos de los cuales han sido publicados en algunas de las revistas cient\u00edficas m\u00e1s importantes del mundo\u201d, asegura el Dr. Eric Forcael<\/p><\/blockquote><\/div><\/p><p>Una iniciativa del proyecto Fondecyt 1181015, que dirige el acad\u00e9mico Rodrigo Garc\u00eda, del Departamento Dise\u00f1o y Teor\u00eda de la Arquitectura, y moderador de este encuentro. Quien agradeci\u00f3 a CIPYCS por impulsar estas iniciativas de la construcci\u00f3n sustentable. Y planteo las interrogantes de c\u00f3mo BIM, la modelaci\u00f3n de los edificios y la construcci\u00f3n impresa, dos revolucionarias tecnolog\u00edas pueden aportar a la industria de la construcci\u00f3n.<\/p><p>Entre los expositores destaca el Dr. Eric Forcael del Departamento de Ingenier\u00eda Civil y Ambiental de la Universidad del B\u00edo-B\u00edo; Alejandro Mart\u00ednez, docente e investigador del Departamento de Construcciones Arquitect\u00f3nicas II, Universidad de Sevilla, Espa\u00f1a; quien se refiri\u00f3 a la programaci\u00f3n param\u00e9trica en BIM aplicada al an\u00e1lisis masivo de nuevas formas arquitect\u00f3nicas eficientes para construcci\u00f3n impresa; y Eduardo Valenzuela, docente e investigador del Departamento de Arquitectura de la Universidad T\u00e9cnica Federico Santa Mar\u00eda, quien se refiri\u00f3 al desarrollo experimental de sistema multi-robot para construcci\u00f3n impresa.<\/p><p>Esta actividad se desarroll\u00f3 dentro de los \u00a0webinar que est\u00e1 llevando a cabo el Centro Interdisciplinario para la Productividad y Construcci\u00f3n Sustentable, CIPYCS, primera entidad tecnol\u00f3gica para la innovaci\u00f3n y el prototipado a gran escala en Sudam\u00e9rica, donde la Universidad del B\u00edo-B\u00edo, lidera el Nodo Sur.<\/p><p>En la oportunidad el profesor Eric Forcael se refiri\u00f3 a las \u00faltimas tendencias en un \u00e1mbito conocido como \u00abConstrucci\u00f3n 4.0\u00bb, que se caracteriza por la irrupci\u00f3n de una serie de tecnolog\u00edas en la industria de la construcci\u00f3n: BIM, Big Data, Internet de las Cosas, Impresi\u00f3n 3D, Inteligencia Artificial y Rob\u00f3tica, Realidad Virtual y Aumentada, entre otras, asegura el acad\u00e9mico. Adem\u00e1s, de algunas de las investigaciones que se est\u00e1n realizando en la Universidad del B\u00edo-B\u00edo relativas a dise\u00f1o integrado de proyectos, en particular BIM e impresi\u00f3n 3D de hormigones.<\/p><p><div class=\"perfect-pullquote  pullquote-align-full\" style=\"font-size:15px !important;\"><blockquote><p style=\"font-size:15px !important;\">Este laboratorio, denominado PEP Lab, ser\u00e1 el primero en su tipo en Chile, y uno de los primeros en Latinoam\u00e9rica, siendo su foco espec\u00edfico, el prototipado de soluciones constructivas innovadoras con potencial de ser transferidas a la industria con un alto nivel de desarrollo. Este laboratorio, con m\u00e1s de 1.600m2 de equipamiento de \u00faltima generaci\u00f3n, podr\u00eda ser la puerta de entrada para la creaci\u00f3n de modelos de transferencia tecnol\u00f3gicos Universidad-Industria, como los que poseen los pa\u00edses desarrollados\u201d, acota el Dr. Forcael.<\/p><\/blockquote><\/div><\/p><p>El Dr. Forcael destac\u00f3 este encuentro especialmente para los interesados en estas materias quienes pudieron conocer algunas de las \u00faltimas tendencias relativas a BIM y Manufactura Aditiva (Impresi\u00f3n 3D de hormigones), y en particular c\u00f3mo estas tecnolog\u00edas ir\u00e1n irrumpiendo cada vez con m\u00e1s fuerza en la industria de la construcci\u00f3n.<\/p><p>En cuanto a c\u00f3mo ve a la regi\u00f3n y a Chile en tema de impresi\u00f3n 3D, -el investigador Eric Forcael, relata-,\u00a0 que en el \u00e1mbito espec\u00edfico de la impresi\u00f3n 3D de hormigones reci\u00e9n se est\u00e1 comenzando, no s\u00f3lo en la regi\u00f3n sino tambi\u00e9n en el pa\u00eds. \u201cSi bien en el mundo se han logrado importantes avances, a nivel nacional esta tecnolog\u00eda est\u00e1 reci\u00e9n dando sus primeros pasos, aunque con resultados notables, muchos de los cuales han sido publicados en algunas de las revistas cient\u00edficas m\u00e1s importantes del mundo\u201d, asegura.<\/p><p>En este mismo contexto del seminario el Dr. Forcael se refiri\u00f3 a la construcci\u00f3n del primer laboratorio piloto que se levanta en dependencias de la Universidad del B\u00edo-B\u00edo, en el marco del proyecto CIPYCS, denominado PEPlab.\u00a0 \u201cEste laboratorio, denominado PEP Lab, ser\u00e1 el primero en su tipo en Chile, y uno de los primeros en Latinoam\u00e9rica, siendo su foco espec\u00edfico, el prototipado de soluciones constructivas innovadoras con potencial de ser transferidas a la industria con un alto nivel de desarrollo. Este laboratorio, con m\u00e1s de 1.600m2 de equipamiento de \u00faltima generaci\u00f3n, podr\u00eda ser la puerta de entrada para la creaci\u00f3n de modelos de transferencia tecnol\u00f3gicos Universidad-Industria, como los que poseen los pa\u00edses desarrollados\u201d, acota.<\/p><p>Adem\u00e1s el Dr. Forcael, tuvo palabras para referirse a la actual situaci\u00f3n que vive el pa\u00eds a ra\u00edz de la crisis sanitaria producto de la pandemia del Covi-19, subrayando que sin dudas \u00a0la industria de la construcci\u00f3n local y nacional, como muchas otras industrias, se ha visto afectada por la baja en la disponibilidad de mano de obra, producto de las medidas sanitarias que se han implementado, en particular aquellas relativas al distanciamiento social. \u201cEn este sentido, es importante destacar el rol que pueden jugar las universidades al momento de enfrentar este tipo de cat\u00e1strofes, y como ejemplo un bot\u00f3n: junto a uno de nuestros estudiantes, estamos trabajando en un algoritmo basado en los principios de la inteligencia de enjambre (swarm intelligence), que busca encontrar patrones de distanciamiento \u00f3ptimo de trabajadores en proyectos de edificaci\u00f3n\u201d.<\/p><p>Finalmente el Dr. Eric Forcael, se\u00f1al\u00f3 que actualmente, el equipo de investigadores de la Universidad del B\u00edo-B\u00edo se encuentra trabajando en torno al uso de tecnolog\u00edas en la construcci\u00f3n, postulando a diversos proyectos de investigaci\u00f3n durante este a\u00f1o (Fondecyt, Fondequip, etc.), de los cuales espera adjudicar algunos, y con ello continuar avanzando en el fascinante mundo de la Construcci\u00f3n 4.0.<\/p><p>Interesados en ver este seminario:<\/p><p><a href=\"https:\/\/vimeo.com\/452346969\">https:\/\/vimeo.com\/452346969<\/a><\/p><p>Fuente: VRIP Comunicaciones<\/p>\t\t\t\t\t\t\t\t<\/div>\n\t\t\t\t<\/div>\n\t\t\t\t\t<\/div>\n\t\t<\/div>\n\t\t\t\t\t<\/div>\n\t\t<\/section>\n\t\t\t\t<\/div>\n\t\t","protected":false},"excerpt":{"rendered":"<p>En el marco del Seminario BIM y Construcci\u00f3n Impresa 3D, realizado v\u00eda plataforma zoom, se llev\u00f3 a cabo este encuentro que permiti\u00f3 analizar las nuevas formas arquitect\u00f3nicas que se est\u00e1n desarrollando para la construcci\u00f3n impresa 3D. Una iniciativa del proyecto Fondecyt 1181015, que dirige el acad\u00e9mico Rodrigo Garc\u00eda, del Departamento Dise\u00f1o y Teor\u00eda de la&#8230;<\/p>\n","protected":false},"author":4,"featured_media":24032,"comment_status":"open","ping_status":"closed","sticky":false,"template":"","format":"standard","meta":{"_kadence_starter_templates_imported_post":false,"_kad_post_transparent":"default","_kad_post_title":"default","_kad_post_layout":"default","_kad_post_sidebar_id":"","_kad_post_content_style":"default","_kad_post_vertical_padding":"default","_kad_post_feature":"","_kad_post_feature_position":"","_kad_post_header":false,"_kad_post_footer":false,"footnotes":""},"categories":[3],"tags":[],"class_list":["post-19584","post","type-post","status-publish","format-standard","has-post-thumbnail","hentry","category-noticias"],"yoast_head":"<!-- This site is optimized with the Yoast SEO plugin v27.5 - https:\/\/yoast.com\/product\/yoast-seo-wordpress\/ -->\n<title>Seminario acentu\u00f3 los aportes tecnol\u00f3gicos en el desarrollo de la construcci\u00f3n - VRIP<\/title>\n<meta name=\"robots\" content=\"index, follow, max-snippet:-1, max-image-preview:large, max-video-preview:-1\" \/>\n<link rel=\"canonical\" href=\"https:\/\/vrip.ubiobio.cl\/inicio\/noticias\/academico-ubb-expuso-sobre-las-ultimas-tendencias-en-construccion-4-0\/\" \/>\n<meta property=\"og:locale\" content=\"es_ES\" \/>\n<meta property=\"og:type\" content=\"article\" \/>\n<meta property=\"og:title\" content=\"Seminario acentu\u00f3 los aportes tecnol\u00f3gicos en el desarrollo de la construcci\u00f3n - VRIP\" \/>\n<meta property=\"og:description\" content=\"En el marco del Seminario BIM y Construcci\u00f3n Impresa 3D, realizado v\u00eda plataforma zoom, se llev\u00f3 a cabo este encuentro que permiti\u00f3 analizar las nuevas formas arquitect\u00f3nicas que se est\u00e1n desarrollando para la construcci\u00f3n impresa 3D. Una iniciativa del proyecto Fondecyt 1181015, que dirige el acad\u00e9mico Rodrigo Garc\u00eda, del Departamento Dise\u00f1o y Teor\u00eda de la...\" \/>\n<meta property=\"og:url\" content=\"https:\/\/vrip.ubiobio.cl\/inicio\/noticias\/academico-ubb-expuso-sobre-las-ultimas-tendencias-en-construccion-4-0\/\" \/>\n<meta property=\"og:site_name\" content=\"VRIP\" \/>\n<meta property=\"article:published_time\" content=\"2020-09-04T04:09:56+00:00\" \/>\n<meta property=\"article:modified_time\" content=\"2021-10-14T15:52:06+00:00\" \/>\n<meta property=\"og:image\" content=\"https:\/\/vrip.ubiobio.cl\/wp-content\/uploads\/2020\/09\/Banner-Seminario-BIM-y-Construccion-Impresa-3D.jpg\" \/>\n\t<meta property=\"og:image:width\" content=\"2250\" \/>\n\t<meta property=\"og:image:height\" content=\"792\" \/>\n\t<meta property=\"og:image:type\" content=\"image\/jpeg\" \/>\n<meta name=\"author\" content=\"Moderador\" \/>\n<meta name=\"twitter:card\" content=\"summary_large_image\" \/>\n<meta name=\"twitter:creator\" content=\"@vripubb\" \/>\n<meta name=\"twitter:site\" content=\"@vripubb\" \/>\n<meta name=\"twitter:label1\" content=\"Escrito por\" \/>\n\t<meta name=\"twitter:data1\" content=\"Moderador\" \/>\n\t<meta name=\"twitter:label2\" content=\"Tiempo de lectura\" \/>\n\t<meta name=\"twitter:data2\" content=\"5 minutos\" \/>\n<script type=\"application\/ld+json\" class=\"yoast-schema-graph\">{\"@context\":\"https:\\\/\\\/schema.org\",\"@graph\":[{\"@type\":\"Article\",\"@id\":\"https:\\\/\\\/vrip.ubiobio.cl\\\/inicio\\\/noticias\\\/academico-ubb-expuso-sobre-las-ultimas-tendencias-en-construccion-4-0\\\/#article\",\"isPartOf\":{\"@id\":\"https:\\\/\\\/vrip.ubiobio.cl\\\/inicio\\\/noticias\\\/academico-ubb-expuso-sobre-las-ultimas-tendencias-en-construccion-4-0\\\/\"},\"author\":{\"name\":\"Moderador\",\"@id\":\"https:\\\/\\\/vrip.ubiobio.cl\\\/inicio\\\/#\\\/schema\\\/person\\\/692fdff965936e115510632e7340cba2\"},\"headline\":\"Seminario acentu\u00f3 los aportes tecnol\u00f3gicos en el desarrollo de la construcci\u00f3n\",\"datePublished\":\"2020-09-04T04:09:56+00:00\",\"dateModified\":\"2021-10-14T15:52:06+00:00\",\"mainEntityOfPage\":{\"@id\":\"https:\\\/\\\/vrip.ubiobio.cl\\\/inicio\\\/noticias\\\/academico-ubb-expuso-sobre-las-ultimas-tendencias-en-construccion-4-0\\\/\"},\"wordCount\":1039,\"commentCount\":0,\"publisher\":{\"@id\":\"https:\\\/\\\/vrip.ubiobio.cl\\\/inicio\\\/#organization\"},\"image\":{\"@id\":\"https:\\\/\\\/vrip.ubiobio.cl\\\/inicio\\\/noticias\\\/academico-ubb-expuso-sobre-las-ultimas-tendencias-en-construccion-4-0\\\/#primaryimage\"},\"thumbnailUrl\":\"https:\\\/\\\/vrip.ubiobio.cl\\\/wp-content\\\/uploads\\\/2020\\\/09\\\/Banner-Seminario-BIM-y-Construccion-Impresa-3D.jpg\",\"articleSection\":[\"Noticias\"],\"inLanguage\":\"es\",\"potentialAction\":[{\"@type\":\"CommentAction\",\"name\":\"Comment\",\"target\":[\"https:\\\/\\\/vrip.ubiobio.cl\\\/inicio\\\/noticias\\\/academico-ubb-expuso-sobre-las-ultimas-tendencias-en-construccion-4-0\\\/#respond\"]}]},{\"@type\":\"WebPage\",\"@id\":\"https:\\\/\\\/vrip.ubiobio.cl\\\/inicio\\\/noticias\\\/academico-ubb-expuso-sobre-las-ultimas-tendencias-en-construccion-4-0\\\/\",\"url\":\"https:\\\/\\\/vrip.ubiobio.cl\\\/inicio\\\/noticias\\\/academico-ubb-expuso-sobre-las-ultimas-tendencias-en-construccion-4-0\\\/\",\"name\":\"Seminario acentu\u00f3 los aportes tecnol\u00f3gicos en el desarrollo de la construcci\u00f3n - VRIP\",\"isPartOf\":{\"@id\":\"https:\\\/\\\/vrip.ubiobio.cl\\\/inicio\\\/#website\"},\"primaryImageOfPage\":{\"@id\":\"https:\\\/\\\/vrip.ubiobio.cl\\\/inicio\\\/noticias\\\/academico-ubb-expuso-sobre-las-ultimas-tendencias-en-construccion-4-0\\\/#primaryimage\"},\"image\":{\"@id\":\"https:\\\/\\\/vrip.ubiobio.cl\\\/inicio\\\/noticias\\\/academico-ubb-expuso-sobre-las-ultimas-tendencias-en-construccion-4-0\\\/#primaryimage\"},\"thumbnailUrl\":\"https:\\\/\\\/vrip.ubiobio.cl\\\/wp-content\\\/uploads\\\/2020\\\/09\\\/Banner-Seminario-BIM-y-Construccion-Impresa-3D.jpg\",\"datePublished\":\"2020-09-04T04:09:56+00:00\",\"dateModified\":\"2021-10-14T15:52:06+00:00\",\"breadcrumb\":{\"@id\":\"https:\\\/\\\/vrip.ubiobio.cl\\\/inicio\\\/noticias\\\/academico-ubb-expuso-sobre-las-ultimas-tendencias-en-construccion-4-0\\\/#breadcrumb\"},\"inLanguage\":\"es\",\"potentialAction\":[{\"@type\":\"ReadAction\",\"target\":[\"https:\\\/\\\/vrip.ubiobio.cl\\\/inicio\\\/noticias\\\/academico-ubb-expuso-sobre-las-ultimas-tendencias-en-construccion-4-0\\\/\"]}]},{\"@type\":\"ImageObject\",\"inLanguage\":\"es\",\"@id\":\"https:\\\/\\\/vrip.ubiobio.cl\\\/inicio\\\/noticias\\\/academico-ubb-expuso-sobre-las-ultimas-tendencias-en-construccion-4-0\\\/#primaryimage\",\"url\":\"https:\\\/\\\/vrip.ubiobio.cl\\\/wp-content\\\/uploads\\\/2020\\\/09\\\/Banner-Seminario-BIM-y-Construccion-Impresa-3D.jpg\",\"contentUrl\":\"https:\\\/\\\/vrip.ubiobio.cl\\\/wp-content\\\/uploads\\\/2020\\\/09\\\/Banner-Seminario-BIM-y-Construccion-Impresa-3D.jpg\",\"width\":2250,\"height\":792},{\"@type\":\"BreadcrumbList\",\"@id\":\"https:\\\/\\\/vrip.ubiobio.cl\\\/inicio\\\/noticias\\\/academico-ubb-expuso-sobre-las-ultimas-tendencias-en-construccion-4-0\\\/#breadcrumb\",\"itemListElement\":[{\"@type\":\"ListItem\",\"position\":1,\"name\":\"Portada\",\"item\":\"https:\\\/\\\/vrip.ubiobio.cl\\\/inicio\\\/\"},{\"@type\":\"ListItem\",\"position\":2,\"name\":\"Seminario acentu\u00f3 los aportes tecnol\u00f3gicos en el desarrollo de la construcci\u00f3n\"}]},{\"@type\":\"WebSite\",\"@id\":\"https:\\\/\\\/vrip.ubiobio.cl\\\/inicio\\\/#website\",\"url\":\"https:\\\/\\\/vrip.ubiobio.cl\\\/inicio\\\/\",\"name\":\"VRIP\",\"description\":\"Vicerrector\u00eda de Investigaci\u00f3n y Postgrado\",\"publisher\":{\"@id\":\"https:\\\/\\\/vrip.ubiobio.cl\\\/inicio\\\/#organization\"},\"potentialAction\":[{\"@type\":\"SearchAction\",\"target\":{\"@type\":\"EntryPoint\",\"urlTemplate\":\"https:\\\/\\\/vrip.ubiobio.cl\\\/inicio\\\/?s={search_term_string}\"},\"query-input\":{\"@type\":\"PropertyValueSpecification\",\"valueRequired\":true,\"valueName\":\"search_term_string\"}}],\"inLanguage\":\"es\"},{\"@type\":\"Organization\",\"@id\":\"https:\\\/\\\/vrip.ubiobio.cl\\\/inicio\\\/#organization\",\"name\":\"VRIP\",\"url\":\"https:\\\/\\\/vrip.ubiobio.cl\\\/inicio\\\/\",\"logo\":{\"@type\":\"ImageObject\",\"inLanguage\":\"es\",\"@id\":\"https:\\\/\\\/vrip.ubiobio.cl\\\/inicio\\\/#\\\/schema\\\/logo\\\/image\\\/\",\"url\":\"https:\\\/\\\/vrip.ubiobio.cl\\\/wp-content\\\/uploads\\\/2022\\\/10\\\/logo-vrip_Mesa-de-trabajo-1.png\",\"contentUrl\":\"https:\\\/\\\/vrip.ubiobio.cl\\\/wp-content\\\/uploads\\\/2022\\\/10\\\/logo-vrip_Mesa-de-trabajo-1.png\",\"width\":642,\"height\":178,\"caption\":\"VRIP\"},\"image\":{\"@id\":\"https:\\\/\\\/vrip.ubiobio.cl\\\/inicio\\\/#\\\/schema\\\/logo\\\/image\\\/\"},\"sameAs\":[\"https:\\\/\\\/x.com\\\/vripubb\",\"https:\\\/\\\/www.instagram.com\\\/vrip_ubb\\\/\",\"https:\\\/\\\/www.youtube.com\\\/channel\\\/UCf7o8yHRJ7Y_QQLxwu1KQgA\",\"https:\\\/\\\/www.linkedin.com\\\/company\\\/96035097\\\/admin\\\/dashboard\\\/\"]},{\"@type\":\"Person\",\"@id\":\"https:\\\/\\\/vrip.ubiobio.cl\\\/inicio\\\/#\\\/schema\\\/person\\\/692fdff965936e115510632e7340cba2\",\"name\":\"Moderador\",\"image\":{\"@type\":\"ImageObject\",\"inLanguage\":\"es\",\"@id\":\"https:\\\/\\\/secure.gravatar.com\\\/avatar\\\/d16ec183e637d727e6c6574e3768aa439442611065e2b4f983793af8bb630edc?s=96&d=mm&r=g\",\"url\":\"https:\\\/\\\/secure.gravatar.com\\\/avatar\\\/d16ec183e637d727e6c6574e3768aa439442611065e2b4f983793af8bb630edc?s=96&d=mm&r=g\",\"contentUrl\":\"https:\\\/\\\/secure.gravatar.com\\\/avatar\\\/d16ec183e637d727e6c6574e3768aa439442611065e2b4f983793af8bb630edc?s=96&d=mm&r=g\",\"caption\":\"Moderador\"},\"url\":\"https:\\\/\\\/vrip.ubiobio.cl\\\/inicio\\\/author\\\/dago\\\/\"}]}<\/script>\n<!-- \/ Yoast SEO plugin. -->","yoast_head_json":{"title":"Seminario acentu\u00f3 los aportes tecnol\u00f3gicos en el desarrollo de la construcci\u00f3n - VRIP","robots":{"index":"index","follow":"follow","max-snippet":"max-snippet:-1","max-image-preview":"max-image-preview:large","max-video-preview":"max-video-preview:-1"},"canonical":"https:\/\/vrip.ubiobio.cl\/inicio\/noticias\/academico-ubb-expuso-sobre-las-ultimas-tendencias-en-construccion-4-0\/","og_locale":"es_ES","og_type":"article","og_title":"Seminario acentu\u00f3 los aportes tecnol\u00f3gicos en el desarrollo de la construcci\u00f3n - VRIP","og_description":"En el marco del Seminario BIM y Construcci\u00f3n Impresa 3D, realizado v\u00eda plataforma zoom, se llev\u00f3 a cabo este encuentro que permiti\u00f3 analizar las nuevas formas arquitect\u00f3nicas que se est\u00e1n desarrollando para la construcci\u00f3n impresa 3D. Una iniciativa del proyecto Fondecyt 1181015, que dirige el acad\u00e9mico Rodrigo Garc\u00eda, del Departamento Dise\u00f1o y Teor\u00eda de la...","og_url":"https:\/\/vrip.ubiobio.cl\/inicio\/noticias\/academico-ubb-expuso-sobre-las-ultimas-tendencias-en-construccion-4-0\/","og_site_name":"VRIP","article_published_time":"2020-09-04T04:09:56+00:00","article_modified_time":"2021-10-14T15:52:06+00:00","og_image":[{"width":2250,"height":792,"url":"https:\/\/vrip.ubiobio.cl\/wp-content\/uploads\/2020\/09\/Banner-Seminario-BIM-y-Construccion-Impresa-3D.jpg","type":"image\/jpeg"}],"author":"Moderador","twitter_card":"summary_large_image","twitter_creator":"@vripubb","twitter_site":"@vripubb","twitter_misc":{"Escrito por":"Moderador","Tiempo de lectura":"5 minutos"},"schema":{"@context":"https:\/\/schema.org","@graph":[{"@type":"Article","@id":"https:\/\/vrip.ubiobio.cl\/inicio\/noticias\/academico-ubb-expuso-sobre-las-ultimas-tendencias-en-construccion-4-0\/#article","isPartOf":{"@id":"https:\/\/vrip.ubiobio.cl\/inicio\/noticias\/academico-ubb-expuso-sobre-las-ultimas-tendencias-en-construccion-4-0\/"},"author":{"name":"Moderador","@id":"https:\/\/vrip.ubiobio.cl\/inicio\/#\/schema\/person\/692fdff965936e115510632e7340cba2"},"headline":"Seminario acentu\u00f3 los aportes tecnol\u00f3gicos en el desarrollo de la construcci\u00f3n","datePublished":"2020-09-04T04:09:56+00:00","dateModified":"2021-10-14T15:52:06+00:00","mainEntityOfPage":{"@id":"https:\/\/vrip.ubiobio.cl\/inicio\/noticias\/academico-ubb-expuso-sobre-las-ultimas-tendencias-en-construccion-4-0\/"},"wordCount":1039,"commentCount":0,"publisher":{"@id":"https:\/\/vrip.ubiobio.cl\/inicio\/#organization"},"image":{"@id":"https:\/\/vrip.ubiobio.cl\/inicio\/noticias\/academico-ubb-expuso-sobre-las-ultimas-tendencias-en-construccion-4-0\/#primaryimage"},"thumbnailUrl":"https:\/\/vrip.ubiobio.cl\/wp-content\/uploads\/2020\/09\/Banner-Seminario-BIM-y-Construccion-Impresa-3D.jpg","articleSection":["Noticias"],"inLanguage":"es","potentialAction":[{"@type":"CommentAction","name":"Comment","target":["https:\/\/vrip.ubiobio.cl\/inicio\/noticias\/academico-ubb-expuso-sobre-las-ultimas-tendencias-en-construccion-4-0\/#respond"]}]},{"@type":"WebPage","@id":"https:\/\/vrip.ubiobio.cl\/inicio\/noticias\/academico-ubb-expuso-sobre-las-ultimas-tendencias-en-construccion-4-0\/","url":"https:\/\/vrip.ubiobio.cl\/inicio\/noticias\/academico-ubb-expuso-sobre-las-ultimas-tendencias-en-construccion-4-0\/","name":"Seminario acentu\u00f3 los aportes tecnol\u00f3gicos en el desarrollo de la construcci\u00f3n - VRIP","isPartOf":{"@id":"https:\/\/vrip.ubiobio.cl\/inicio\/#website"},"primaryImageOfPage":{"@id":"https:\/\/vrip.ubiobio.cl\/inicio\/noticias\/academico-ubb-expuso-sobre-las-ultimas-tendencias-en-construccion-4-0\/#primaryimage"},"image":{"@id":"https:\/\/vrip.ubiobio.cl\/inicio\/noticias\/academico-ubb-expuso-sobre-las-ultimas-tendencias-en-construccion-4-0\/#primaryimage"},"thumbnailUrl":"https:\/\/vrip.ubiobio.cl\/wp-content\/uploads\/2020\/09\/Banner-Seminario-BIM-y-Construccion-Impresa-3D.jpg","datePublished":"2020-09-04T04:09:56+00:00","dateModified":"2021-10-14T15:52:06+00:00","breadcrumb":{"@id":"https:\/\/vrip.ubiobio.cl\/inicio\/noticias\/academico-ubb-expuso-sobre-las-ultimas-tendencias-en-construccion-4-0\/#breadcrumb"},"inLanguage":"es","potentialAction":[{"@type":"ReadAction","target":["https:\/\/vrip.ubiobio.cl\/inicio\/noticias\/academico-ubb-expuso-sobre-las-ultimas-tendencias-en-construccion-4-0\/"]}]},{"@type":"ImageObject","inLanguage":"es","@id":"https:\/\/vrip.ubiobio.cl\/inicio\/noticias\/academico-ubb-expuso-sobre-las-ultimas-tendencias-en-construccion-4-0\/#primaryimage","url":"https:\/\/vrip.ubiobio.cl\/wp-content\/uploads\/2020\/09\/Banner-Seminario-BIM-y-Construccion-Impresa-3D.jpg","contentUrl":"https:\/\/vrip.ubiobio.cl\/wp-content\/uploads\/2020\/09\/Banner-Seminario-BIM-y-Construccion-Impresa-3D.jpg","width":2250,"height":792},{"@type":"BreadcrumbList","@id":"https:\/\/vrip.ubiobio.cl\/inicio\/noticias\/academico-ubb-expuso-sobre-las-ultimas-tendencias-en-construccion-4-0\/#breadcrumb","itemListElement":[{"@type":"ListItem","position":1,"name":"Portada","item":"https:\/\/vrip.ubiobio.cl\/inicio\/"},{"@type":"ListItem","position":2,"name":"Seminario acentu\u00f3 los aportes tecnol\u00f3gicos en el desarrollo de la construcci\u00f3n"}]},{"@type":"WebSite","@id":"https:\/\/vrip.ubiobio.cl\/inicio\/#website","url":"https:\/\/vrip.ubiobio.cl\/inicio\/","name":"VRIP","description":"Vicerrector\u00eda de Investigaci\u00f3n y Postgrado","publisher":{"@id":"https:\/\/vrip.ubiobio.cl\/inicio\/#organization"},"potentialAction":[{"@type":"SearchAction","target":{"@type":"EntryPoint","urlTemplate":"https:\/\/vrip.ubiobio.cl\/inicio\/?s={search_term_string}"},"query-input":{"@type":"PropertyValueSpecification","valueRequired":true,"valueName":"search_term_string"}}],"inLanguage":"es"},{"@type":"Organization","@id":"https:\/\/vrip.ubiobio.cl\/inicio\/#organization","name":"VRIP","url":"https:\/\/vrip.ubiobio.cl\/inicio\/","logo":{"@type":"ImageObject","inLanguage":"es","@id":"https:\/\/vrip.ubiobio.cl\/inicio\/#\/schema\/logo\/image\/","url":"https:\/\/vrip.ubiobio.cl\/wp-content\/uploads\/2022\/10\/logo-vrip_Mesa-de-trabajo-1.png","contentUrl":"https:\/\/vrip.ubiobio.cl\/wp-content\/uploads\/2022\/10\/logo-vrip_Mesa-de-trabajo-1.png","width":642,"height":178,"caption":"VRIP"},"image":{"@id":"https:\/\/vrip.ubiobio.cl\/inicio\/#\/schema\/logo\/image\/"},"sameAs":["https:\/\/x.com\/vripubb","https:\/\/www.instagram.com\/vrip_ubb\/","https:\/\/www.youtube.com\/channel\/UCf7o8yHRJ7Y_QQLxwu1KQgA","https:\/\/www.linkedin.com\/company\/96035097\/admin\/dashboard\/"]},{"@type":"Person","@id":"https:\/\/vrip.ubiobio.cl\/inicio\/#\/schema\/person\/692fdff965936e115510632e7340cba2","name":"Moderador","image":{"@type":"ImageObject","inLanguage":"es","@id":"https:\/\/secure.gravatar.com\/avatar\/d16ec183e637d727e6c6574e3768aa439442611065e2b4f983793af8bb630edc?s=96&d=mm&r=g","url":"https:\/\/secure.gravatar.com\/avatar\/d16ec183e637d727e6c6574e3768aa439442611065e2b4f983793af8bb630edc?s=96&d=mm&r=g","contentUrl":"https:\/\/secure.gravatar.com\/avatar\/d16ec183e637d727e6c6574e3768aa439442611065e2b4f983793af8bb630edc?s=96&d=mm&r=g","caption":"Moderador"},"url":"https:\/\/vrip.ubiobio.cl\/inicio\/author\/dago\/"}]}},"_links":{"self":[{"href":"https:\/\/vrip.ubiobio.cl\/inicio\/wp-json\/wp\/v2\/posts\/19584","targetHints":{"allow":["GET"]}}],"collection":[{"href":"https:\/\/vrip.ubiobio.cl\/inicio\/wp-json\/wp\/v2\/posts"}],"about":[{"href":"https:\/\/vrip.ubiobio.cl\/inicio\/wp-json\/wp\/v2\/types\/post"}],"author":[{"embeddable":true,"href":"https:\/\/vrip.ubiobio.cl\/inicio\/wp-json\/wp\/v2\/users\/4"}],"replies":[{"embeddable":true,"href":"https:\/\/vrip.ubiobio.cl\/inicio\/wp-json\/wp\/v2\/comments?post=19584"}],"version-history":[{"count":4,"href":"https:\/\/vrip.ubiobio.cl\/inicio\/wp-json\/wp\/v2\/posts\/19584\/revisions"}],"predecessor-version":[{"id":24042,"href":"https:\/\/vrip.ubiobio.cl\/inicio\/wp-json\/wp\/v2\/posts\/19584\/revisions\/24042"}],"wp:featuredmedia":[{"embeddable":true,"href":"https:\/\/vrip.ubiobio.cl\/inicio\/wp-json\/wp\/v2\/media\/24032"}],"wp:attachment":[{"href":"https:\/\/vrip.ubiobio.cl\/inicio\/wp-json\/wp\/v2\/media?parent=19584"}],"wp:term":[{"taxonomy":"category","embeddable":true,"href":"https:\/\/vrip.ubiobio.cl\/inicio\/wp-json\/wp\/v2\/categories?post=19584"},{"taxonomy":"post_tag","embeddable":true,"href":"https:\/\/vrip.ubiobio.cl\/inicio\/wp-json\/wp\/v2\/tags?post=19584"}],"curies":[{"name":"wp","href":"https:\/\/api.w.org\/{rel}","templated":true}]}}