{"id":19271,"date":"2020-07-31T10:08:21","date_gmt":"2020-07-31T14:08:21","guid":{"rendered":"http:\/\/vrip.ubiobio.cl\/vrip\/?p=19271"},"modified":"2022-01-07T18:47:18","modified_gmt":"2022-01-07T18:47:18","slug":"workshop-sistemas-inteligentes-y-complejos","status":"publish","type":"post","link":"https:\/\/vrip.ubiobio.cl\/inicio\/noticias\/workshop-sistemas-inteligentes-y-complejos\/","title":{"rendered":"Workshop Sistemas Inteligentes y Complejos"},"content":{"rendered":"<p><img fetchpriority=\"high\" decoding=\"async\" class=\"alignnone wp-image-24329\" src=\"http:\/\/vrip.ubiobio.cl\/wp-content\/uploads\/2020\/07\/Workshop-Sistemas-Inteligentes-y-Complejos-300x106.jpg\" alt=\"\" width=\"713\" height=\"252\" srcset=\"https:\/\/vrip.ubiobio.cl\/wp-content\/uploads\/2020\/07\/Workshop-Sistemas-Inteligentes-y-Complejos-300x106.jpg 300w, https:\/\/vrip.ubiobio.cl\/wp-content\/uploads\/2020\/07\/Workshop-Sistemas-Inteligentes-y-Complejos.jpg 600w\" sizes=\"(max-width: 713px) 100vw, 713px\" \/><\/p>\n<p><em>Una iniciativa del Grupo de Investigaci\u00f3n en Industria Inteligente y Sistemas Complejos de la Universidad del B\u00edo-B\u00edo, (Giscom-UBB) con apoyo de la Direcci\u00f3n de Investigaci\u00f3n y Creaci\u00f3n Art\u00edstica de la Vicerrector\u00eda de Investigaci\u00f3n y Postgrado. Esta actividad se llevar\u00e1 a cabo v\u00eda plataforma zoom.<\/em><\/p>\n<p>Workshop Sistemas Inteligentes y Complejos, se desarrollar\u00e1 en dos etapas desde agosto a octubre de 2020. Y el Grupo de Investigaci\u00f3n en Industria Inteligente y Sistemas Complejos de la Universidad del B\u00edo-B\u00edo, que lidera esta actividad tiene por desaf\u00edo la investigaci\u00f3n y transferencia que ayude a la industria y sus territorios en toda su cadena de valor, con mirada compleja y herramientas basadas en datos, inteligencia artificial (IA) y digitalizaci\u00f3n.<\/p>\n<p>Para solicitar acceso a conexi\u00f3n v\u00eda zoom y detalles de esta actividad: <a href=\"mailto:pgaldames@ubiobio.cl\">pgaldames@ubiobio.cl<\/a><\/p>\n<p>Unirse a la reuni\u00f3n v\u00eda Zoom, este jueves 6 de agosto.<br \/>\n<a href=\"https:\/\/reuna.zoom.us\/j\/97841681746?pwd=RHVTeUJRbEFjYUIxd2NJaUUzTmVLUT09\" target=\"_blank\" rel=\"noopener noreferrer\" data-saferedirecturl=\"https:\/\/www.google.com\/url?q=https:\/\/reuna.zoom.us\/j\/97841681746?pwd%3DRHVTeUJRbEFjYUIxd2NJaUUzTmVLUT09&amp;source=gmail&amp;ust=1596761737047000&amp;usg=AFQjCNFqnq0s1S7orWG8ga7DP8Zc3Umt3w\">https:\/\/reuna.zoom.us\/j\/<wbr \/>97841681746?pwd=<wbr \/>RHVTeUJRbEFjYUIxd2NJaUUzTmVLUT<wbr \/>09<\/a><\/p>\n<p>ID de reuni\u00f3n: 978 4168 1746<br \/>\nC\u00f3digo de acceso: 260859<\/p>\n<p><strong>Programa a desarrollar Agosto-Octubre 2020<\/strong><\/p>\n<p><strong>Etapa I: 6 de agosto y 3 de septiembre 2020<\/strong><\/p>\n<p><strong>&#8211; Jueves 6 de agosto a las 18 horas. <\/strong><\/p>\n<p>Maquinas artificiales: una visi\u00f3n desde las neurociencias<\/p>\n<p>Dr. Adri\u00e1n Palacios, Acad\u00e9mico\u00a0 Instituto de Neurociencias, Universidad de Valpara\u00edso<\/p>\n<p><strong>&#8211; Jueves 13 de agosto a las 18 horas. <\/strong><\/p>\n<p>Sistemas Regionales e Industria 4.0<\/p>\n<p>Claudio Maggi. Director de Open Beauchef.\u00a0\u00a0Escuela\u00a0 de Ingenier\u00eda de la Universidad de Chile<\/p>\n<p><strong>&#8211; Jueves 20 de agosto a las 18 horas<\/strong><\/p>\n<p>Industria 4.0 y tecnolog\u00edas\u00a0habilitantes. Un desaf\u00edo<\/p>\n<p>Dr. Mario Ramos, Acad\u00e9mico\u00a0Facultad de Ingenier\u00eda UBB<\/p>\n<p><strong>-Jueves 27 de agosto (Presentaci\u00f3n alumnos ayudantes). <\/strong>Jornada de trabajo interna a partir de las 17 horas.<\/p>\n<p><strong>-Jueves 3 de septiembre a las 18 horas. <\/strong><\/p>\n<p>Ciencia de datos en la industria<\/p>\n<p>Dr. V\u00edctor Leiva. Acad\u00e9mico de la Pontificia Universidad Cat\u00f3lica de Valpara\u00edso. Departamento de Ingenier\u00eda\u00a0Industrial.<\/p>\n<p><strong>Etapa II: Septiembre &#8211; Octubre (programa preliminar)<\/strong><\/p>\n<p>&#8211;<strong>Jueves 24 de septiembre a las 18 horas<\/strong><\/p>\n<p>Industria 4.0 y mercado del trabajo<\/p>\n<p>Dr. Francisco Gatica N. Acad\u00e9mico FACE UBB.<\/p>\n<p>&#8211;<strong>Jueves 1 de octubre<\/strong><\/p>\n<p>Modelos y Machine Learning<\/p>\n<p>Dr. Cesar\u00a0Collazos, Acad\u00e9mico Universidad del Cauca, Colombia<\/p>\n<p>&#8211;<strong>Jueves 8 de octubre<\/strong><\/p>\n<p>Aplicaciones de Ingenier\u00eda de software y Machine Learning<\/p>\n<p>Dr. Patricio Galdames, Acad\u00e9mico FACE UBB<\/p>\n<p>&#8211; <strong>Jueves 15 de octubre<\/strong><\/p>\n<p>Ciencia de datos aplicada a la Industria Alimentaria<\/p>\n<p>Dra. Marcela Gonz\u00e1lez, Acad\u00e9mica U. de Talca<\/p>\n<p><strong>-Jueves 22 de octubre<\/strong><\/p>\n<p>Realidad y f\u00e1brica virtual en un contexto de industria 4.0<\/p>\n<p>Dr. Jaime Bustos, acad\u00e9mico U. de la Frontera.<\/p>\n<p>&nbsp;<\/p>\n<p>Fuente: Giscom-UBB @giscomUbb<\/p>\n","protected":false},"excerpt":{"rendered":"<p>Una iniciativa del Grupo de Investigaci\u00f3n en Industria Inteligente y Sistemas Complejos de la Universidad del B\u00edo-B\u00edo, (Giscom-UBB) con apoyo de la Direcci\u00f3n de Investigaci\u00f3n y Creaci\u00f3n Art\u00edstica de la Vicerrector\u00eda de Investigaci\u00f3n y Postgrado. Esta actividad se llevar\u00e1 a cabo v\u00eda plataforma zoom. Workshop Sistemas Inteligentes y Complejos, se desarrollar\u00e1 en dos etapas desde&#8230;<\/p>\n","protected":false},"author":4,"featured_media":24658,"comment_status":"open","ping_status":"closed","sticky":false,"template":"","format":"standard","meta":{"_kadence_starter_templates_imported_post":false,"_kad_post_transparent":"default","_kad_post_title":"default","_kad_post_layout":"default","_kad_post_sidebar_id":"","_kad_post_content_style":"default","_kad_post_vertical_padding":"default","_kad_post_feature":"","_kad_post_feature_position":"","_kad_post_header":false,"_kad_post_footer":false,"footnotes":""},"categories":[3],"tags":[],"class_list":["post-19271","post","type-post","status-publish","format-standard","has-post-thumbnail","hentry","category-noticias"],"yoast_head":"<!-- This site is optimized with the Yoast SEO plugin v27.5 - https:\/\/yoast.com\/product\/yoast-seo-wordpress\/ -->\n<title>Workshop Sistemas Inteligentes y Complejos - VRIP<\/title>\n<meta name=\"robots\" content=\"index, follow, max-snippet:-1, max-image-preview:large, max-video-preview:-1\" \/>\n<link rel=\"canonical\" href=\"https:\/\/vrip.ubiobio.cl\/inicio\/noticias\/workshop-sistemas-inteligentes-y-complejos\/\" \/>\n<meta property=\"og:locale\" content=\"es_ES\" \/>\n<meta property=\"og:type\" content=\"article\" \/>\n<meta property=\"og:title\" content=\"Workshop Sistemas Inteligentes y Complejos - VRIP\" \/>\n<meta property=\"og:description\" content=\"Una iniciativa del Grupo de Investigaci\u00f3n en Industria Inteligente y Sistemas Complejos de la Universidad del B\u00edo-B\u00edo, (Giscom-UBB) con apoyo de la Direcci\u00f3n de Investigaci\u00f3n y Creaci\u00f3n Art\u00edstica de la Vicerrector\u00eda de Investigaci\u00f3n y Postgrado. Esta actividad se llevar\u00e1 a cabo v\u00eda plataforma zoom. Workshop Sistemas Inteligentes y Complejos, se desarrollar\u00e1 en dos etapas desde...\" \/>\n<meta property=\"og:url\" content=\"https:\/\/vrip.ubiobio.cl\/inicio\/noticias\/workshop-sistemas-inteligentes-y-complejos\/\" \/>\n<meta property=\"og:site_name\" content=\"VRIP\" \/>\n<meta property=\"article:published_time\" content=\"2020-07-31T14:08:21+00:00\" \/>\n<meta property=\"article:modified_time\" content=\"2022-01-07T18:47:18+00:00\" \/>\n<meta property=\"og:image\" content=\"https:\/\/vrip.ubiobio.cl\/wp-content\/uploads\/2021\/09\/Vrip_Banner-Noticias.jpg\" \/>\n\t<meta property=\"og:image:width\" content=\"1428\" \/>\n\t<meta property=\"og:image:height\" content=\"400\" \/>\n\t<meta property=\"og:image:type\" content=\"image\/jpeg\" \/>\n<meta name=\"author\" content=\"Moderador\" \/>\n<meta name=\"twitter:card\" content=\"summary_large_image\" \/>\n<meta name=\"twitter:creator\" content=\"@vripubb\" \/>\n<meta name=\"twitter:site\" content=\"@vripubb\" \/>\n<meta name=\"twitter:label1\" content=\"Escrito por\" \/>\n\t<meta name=\"twitter:data1\" content=\"Moderador\" \/>\n\t<meta name=\"twitter:label2\" content=\"Tiempo de lectura\" \/>\n\t<meta name=\"twitter:data2\" content=\"2 minutos\" \/>\n<script type=\"application\/ld+json\" class=\"yoast-schema-graph\">{\"@context\":\"https:\\\/\\\/schema.org\",\"@graph\":[{\"@type\":\"Article\",\"@id\":\"https:\\\/\\\/vrip.ubiobio.cl\\\/inicio\\\/noticias\\\/workshop-sistemas-inteligentes-y-complejos\\\/#article\",\"isPartOf\":{\"@id\":\"https:\\\/\\\/vrip.ubiobio.cl\\\/inicio\\\/noticias\\\/workshop-sistemas-inteligentes-y-complejos\\\/\"},\"author\":{\"name\":\"Moderador\",\"@id\":\"https:\\\/\\\/vrip.ubiobio.cl\\\/inicio\\\/#\\\/schema\\\/person\\\/692fdff965936e115510632e7340cba2\"},\"headline\":\"Workshop Sistemas Inteligentes y Complejos\",\"datePublished\":\"2020-07-31T14:08:21+00:00\",\"dateModified\":\"2022-01-07T18:47:18+00:00\",\"mainEntityOfPage\":{\"@id\":\"https:\\\/\\\/vrip.ubiobio.cl\\\/inicio\\\/noticias\\\/workshop-sistemas-inteligentes-y-complejos\\\/\"},\"wordCount\":425,\"commentCount\":0,\"publisher\":{\"@id\":\"https:\\\/\\\/vrip.ubiobio.cl\\\/inicio\\\/#organization\"},\"image\":{\"@id\":\"https:\\\/\\\/vrip.ubiobio.cl\\\/inicio\\\/noticias\\\/workshop-sistemas-inteligentes-y-complejos\\\/#primaryimage\"},\"thumbnailUrl\":\"https:\\\/\\\/vrip.ubiobio.cl\\\/wp-content\\\/uploads\\\/2021\\\/09\\\/Vrip_Banner-Noticias.jpg\",\"articleSection\":[\"Noticias\"],\"inLanguage\":\"es\",\"potentialAction\":[{\"@type\":\"CommentAction\",\"name\":\"Comment\",\"target\":[\"https:\\\/\\\/vrip.ubiobio.cl\\\/inicio\\\/noticias\\\/workshop-sistemas-inteligentes-y-complejos\\\/#respond\"]}]},{\"@type\":\"WebPage\",\"@id\":\"https:\\\/\\\/vrip.ubiobio.cl\\\/inicio\\\/noticias\\\/workshop-sistemas-inteligentes-y-complejos\\\/\",\"url\":\"https:\\\/\\\/vrip.ubiobio.cl\\\/inicio\\\/noticias\\\/workshop-sistemas-inteligentes-y-complejos\\\/\",\"name\":\"Workshop Sistemas Inteligentes y Complejos - VRIP\",\"isPartOf\":{\"@id\":\"https:\\\/\\\/vrip.ubiobio.cl\\\/inicio\\\/#website\"},\"primaryImageOfPage\":{\"@id\":\"https:\\\/\\\/vrip.ubiobio.cl\\\/inicio\\\/noticias\\\/workshop-sistemas-inteligentes-y-complejos\\\/#primaryimage\"},\"image\":{\"@id\":\"https:\\\/\\\/vrip.ubiobio.cl\\\/inicio\\\/noticias\\\/workshop-sistemas-inteligentes-y-complejos\\\/#primaryimage\"},\"thumbnailUrl\":\"https:\\\/\\\/vrip.ubiobio.cl\\\/wp-content\\\/uploads\\\/2021\\\/09\\\/Vrip_Banner-Noticias.jpg\",\"datePublished\":\"2020-07-31T14:08:21+00:00\",\"dateModified\":\"2022-01-07T18:47:18+00:00\",\"breadcrumb\":{\"@id\":\"https:\\\/\\\/vrip.ubiobio.cl\\\/inicio\\\/noticias\\\/workshop-sistemas-inteligentes-y-complejos\\\/#breadcrumb\"},\"inLanguage\":\"es\",\"potentialAction\":[{\"@type\":\"ReadAction\",\"target\":[\"https:\\\/\\\/vrip.ubiobio.cl\\\/inicio\\\/noticias\\\/workshop-sistemas-inteligentes-y-complejos\\\/\"]}]},{\"@type\":\"ImageObject\",\"inLanguage\":\"es\",\"@id\":\"https:\\\/\\\/vrip.ubiobio.cl\\\/inicio\\\/noticias\\\/workshop-sistemas-inteligentes-y-complejos\\\/#primaryimage\",\"url\":\"https:\\\/\\\/vrip.ubiobio.cl\\\/wp-content\\\/uploads\\\/2021\\\/09\\\/Vrip_Banner-Noticias.jpg\",\"contentUrl\":\"https:\\\/\\\/vrip.ubiobio.cl\\\/wp-content\\\/uploads\\\/2021\\\/09\\\/Vrip_Banner-Noticias.jpg\",\"width\":1428,\"height\":400},{\"@type\":\"BreadcrumbList\",\"@id\":\"https:\\\/\\\/vrip.ubiobio.cl\\\/inicio\\\/noticias\\\/workshop-sistemas-inteligentes-y-complejos\\\/#breadcrumb\",\"itemListElement\":[{\"@type\":\"ListItem\",\"position\":1,\"name\":\"Portada\",\"item\":\"https:\\\/\\\/vrip.ubiobio.cl\\\/inicio\\\/\"},{\"@type\":\"ListItem\",\"position\":2,\"name\":\"Workshop Sistemas Inteligentes y Complejos\"}]},{\"@type\":\"WebSite\",\"@id\":\"https:\\\/\\\/vrip.ubiobio.cl\\\/inicio\\\/#website\",\"url\":\"https:\\\/\\\/vrip.ubiobio.cl\\\/inicio\\\/\",\"name\":\"VRIP\",\"description\":\"Vicerrector\u00eda de Investigaci\u00f3n y Postgrado\",\"publisher\":{\"@id\":\"https:\\\/\\\/vrip.ubiobio.cl\\\/inicio\\\/#organization\"},\"potentialAction\":[{\"@type\":\"SearchAction\",\"target\":{\"@type\":\"EntryPoint\",\"urlTemplate\":\"https:\\\/\\\/vrip.ubiobio.cl\\\/inicio\\\/?s={search_term_string}\"},\"query-input\":{\"@type\":\"PropertyValueSpecification\",\"valueRequired\":true,\"valueName\":\"search_term_string\"}}],\"inLanguage\":\"es\"},{\"@type\":\"Organization\",\"@id\":\"https:\\\/\\\/vrip.ubiobio.cl\\\/inicio\\\/#organization\",\"name\":\"VRIP\",\"url\":\"https:\\\/\\\/vrip.ubiobio.cl\\\/inicio\\\/\",\"logo\":{\"@type\":\"ImageObject\",\"inLanguage\":\"es\",\"@id\":\"https:\\\/\\\/vrip.ubiobio.cl\\\/inicio\\\/#\\\/schema\\\/logo\\\/image\\\/\",\"url\":\"https:\\\/\\\/vrip.ubiobio.cl\\\/wp-content\\\/uploads\\\/2022\\\/10\\\/logo-vrip_Mesa-de-trabajo-1.png\",\"contentUrl\":\"https:\\\/\\\/vrip.ubiobio.cl\\\/wp-content\\\/uploads\\\/2022\\\/10\\\/logo-vrip_Mesa-de-trabajo-1.png\",\"width\":642,\"height\":178,\"caption\":\"VRIP\"},\"image\":{\"@id\":\"https:\\\/\\\/vrip.ubiobio.cl\\\/inicio\\\/#\\\/schema\\\/logo\\\/image\\\/\"},\"sameAs\":[\"https:\\\/\\\/x.com\\\/vripubb\",\"https:\\\/\\\/www.instagram.com\\\/vrip_ubb\\\/\",\"https:\\\/\\\/www.youtube.com\\\/channel\\\/UCf7o8yHRJ7Y_QQLxwu1KQgA\",\"https:\\\/\\\/www.linkedin.com\\\/company\\\/96035097\\\/admin\\\/dashboard\\\/\"]},{\"@type\":\"Person\",\"@id\":\"https:\\\/\\\/vrip.ubiobio.cl\\\/inicio\\\/#\\\/schema\\\/person\\\/692fdff965936e115510632e7340cba2\",\"name\":\"Moderador\",\"image\":{\"@type\":\"ImageObject\",\"inLanguage\":\"es\",\"@id\":\"https:\\\/\\\/secure.gravatar.com\\\/avatar\\\/d16ec183e637d727e6c6574e3768aa439442611065e2b4f983793af8bb630edc?s=96&d=mm&r=g\",\"url\":\"https:\\\/\\\/secure.gravatar.com\\\/avatar\\\/d16ec183e637d727e6c6574e3768aa439442611065e2b4f983793af8bb630edc?s=96&d=mm&r=g\",\"contentUrl\":\"https:\\\/\\\/secure.gravatar.com\\\/avatar\\\/d16ec183e637d727e6c6574e3768aa439442611065e2b4f983793af8bb630edc?s=96&d=mm&r=g\",\"caption\":\"Moderador\"},\"url\":\"https:\\\/\\\/vrip.ubiobio.cl\\\/inicio\\\/author\\\/dago\\\/\"}]}<\/script>\n<!-- \/ Yoast SEO plugin. -->","yoast_head_json":{"title":"Workshop Sistemas Inteligentes y Complejos - VRIP","robots":{"index":"index","follow":"follow","max-snippet":"max-snippet:-1","max-image-preview":"max-image-preview:large","max-video-preview":"max-video-preview:-1"},"canonical":"https:\/\/vrip.ubiobio.cl\/inicio\/noticias\/workshop-sistemas-inteligentes-y-complejos\/","og_locale":"es_ES","og_type":"article","og_title":"Workshop Sistemas Inteligentes y Complejos - VRIP","og_description":"Una iniciativa del Grupo de Investigaci\u00f3n en Industria Inteligente y Sistemas Complejos de la Universidad del B\u00edo-B\u00edo, (Giscom-UBB) con apoyo de la Direcci\u00f3n de Investigaci\u00f3n y Creaci\u00f3n Art\u00edstica de la Vicerrector\u00eda de Investigaci\u00f3n y Postgrado. Esta actividad se llevar\u00e1 a cabo v\u00eda plataforma zoom. Workshop Sistemas Inteligentes y Complejos, se desarrollar\u00e1 en dos etapas desde...","og_url":"https:\/\/vrip.ubiobio.cl\/inicio\/noticias\/workshop-sistemas-inteligentes-y-complejos\/","og_site_name":"VRIP","article_published_time":"2020-07-31T14:08:21+00:00","article_modified_time":"2022-01-07T18:47:18+00:00","og_image":[{"width":1428,"height":400,"url":"https:\/\/vrip.ubiobio.cl\/wp-content\/uploads\/2021\/09\/Vrip_Banner-Noticias.jpg","type":"image\/jpeg"}],"author":"Moderador","twitter_card":"summary_large_image","twitter_creator":"@vripubb","twitter_site":"@vripubb","twitter_misc":{"Escrito por":"Moderador","Tiempo de lectura":"2 minutos"},"schema":{"@context":"https:\/\/schema.org","@graph":[{"@type":"Article","@id":"https:\/\/vrip.ubiobio.cl\/inicio\/noticias\/workshop-sistemas-inteligentes-y-complejos\/#article","isPartOf":{"@id":"https:\/\/vrip.ubiobio.cl\/inicio\/noticias\/workshop-sistemas-inteligentes-y-complejos\/"},"author":{"name":"Moderador","@id":"https:\/\/vrip.ubiobio.cl\/inicio\/#\/schema\/person\/692fdff965936e115510632e7340cba2"},"headline":"Workshop Sistemas Inteligentes y Complejos","datePublished":"2020-07-31T14:08:21+00:00","dateModified":"2022-01-07T18:47:18+00:00","mainEntityOfPage":{"@id":"https:\/\/vrip.ubiobio.cl\/inicio\/noticias\/workshop-sistemas-inteligentes-y-complejos\/"},"wordCount":425,"commentCount":0,"publisher":{"@id":"https:\/\/vrip.ubiobio.cl\/inicio\/#organization"},"image":{"@id":"https:\/\/vrip.ubiobio.cl\/inicio\/noticias\/workshop-sistemas-inteligentes-y-complejos\/#primaryimage"},"thumbnailUrl":"https:\/\/vrip.ubiobio.cl\/wp-content\/uploads\/2021\/09\/Vrip_Banner-Noticias.jpg","articleSection":["Noticias"],"inLanguage":"es","potentialAction":[{"@type":"CommentAction","name":"Comment","target":["https:\/\/vrip.ubiobio.cl\/inicio\/noticias\/workshop-sistemas-inteligentes-y-complejos\/#respond"]}]},{"@type":"WebPage","@id":"https:\/\/vrip.ubiobio.cl\/inicio\/noticias\/workshop-sistemas-inteligentes-y-complejos\/","url":"https:\/\/vrip.ubiobio.cl\/inicio\/noticias\/workshop-sistemas-inteligentes-y-complejos\/","name":"Workshop Sistemas Inteligentes y Complejos - VRIP","isPartOf":{"@id":"https:\/\/vrip.ubiobio.cl\/inicio\/#website"},"primaryImageOfPage":{"@id":"https:\/\/vrip.ubiobio.cl\/inicio\/noticias\/workshop-sistemas-inteligentes-y-complejos\/#primaryimage"},"image":{"@id":"https:\/\/vrip.ubiobio.cl\/inicio\/noticias\/workshop-sistemas-inteligentes-y-complejos\/#primaryimage"},"thumbnailUrl":"https:\/\/vrip.ubiobio.cl\/wp-content\/uploads\/2021\/09\/Vrip_Banner-Noticias.jpg","datePublished":"2020-07-31T14:08:21+00:00","dateModified":"2022-01-07T18:47:18+00:00","breadcrumb":{"@id":"https:\/\/vrip.ubiobio.cl\/inicio\/noticias\/workshop-sistemas-inteligentes-y-complejos\/#breadcrumb"},"inLanguage":"es","potentialAction":[{"@type":"ReadAction","target":["https:\/\/vrip.ubiobio.cl\/inicio\/noticias\/workshop-sistemas-inteligentes-y-complejos\/"]}]},{"@type":"ImageObject","inLanguage":"es","@id":"https:\/\/vrip.ubiobio.cl\/inicio\/noticias\/workshop-sistemas-inteligentes-y-complejos\/#primaryimage","url":"https:\/\/vrip.ubiobio.cl\/wp-content\/uploads\/2021\/09\/Vrip_Banner-Noticias.jpg","contentUrl":"https:\/\/vrip.ubiobio.cl\/wp-content\/uploads\/2021\/09\/Vrip_Banner-Noticias.jpg","width":1428,"height":400},{"@type":"BreadcrumbList","@id":"https:\/\/vrip.ubiobio.cl\/inicio\/noticias\/workshop-sistemas-inteligentes-y-complejos\/#breadcrumb","itemListElement":[{"@type":"ListItem","position":1,"name":"Portada","item":"https:\/\/vrip.ubiobio.cl\/inicio\/"},{"@type":"ListItem","position":2,"name":"Workshop Sistemas Inteligentes y Complejos"}]},{"@type":"WebSite","@id":"https:\/\/vrip.ubiobio.cl\/inicio\/#website","url":"https:\/\/vrip.ubiobio.cl\/inicio\/","name":"VRIP","description":"Vicerrector\u00eda de Investigaci\u00f3n y Postgrado","publisher":{"@id":"https:\/\/vrip.ubiobio.cl\/inicio\/#organization"},"potentialAction":[{"@type":"SearchAction","target":{"@type":"EntryPoint","urlTemplate":"https:\/\/vrip.ubiobio.cl\/inicio\/?s={search_term_string}"},"query-input":{"@type":"PropertyValueSpecification","valueRequired":true,"valueName":"search_term_string"}}],"inLanguage":"es"},{"@type":"Organization","@id":"https:\/\/vrip.ubiobio.cl\/inicio\/#organization","name":"VRIP","url":"https:\/\/vrip.ubiobio.cl\/inicio\/","logo":{"@type":"ImageObject","inLanguage":"es","@id":"https:\/\/vrip.ubiobio.cl\/inicio\/#\/schema\/logo\/image\/","url":"https:\/\/vrip.ubiobio.cl\/wp-content\/uploads\/2022\/10\/logo-vrip_Mesa-de-trabajo-1.png","contentUrl":"https:\/\/vrip.ubiobio.cl\/wp-content\/uploads\/2022\/10\/logo-vrip_Mesa-de-trabajo-1.png","width":642,"height":178,"caption":"VRIP"},"image":{"@id":"https:\/\/vrip.ubiobio.cl\/inicio\/#\/schema\/logo\/image\/"},"sameAs":["https:\/\/x.com\/vripubb","https:\/\/www.instagram.com\/vrip_ubb\/","https:\/\/www.youtube.com\/channel\/UCf7o8yHRJ7Y_QQLxwu1KQgA","https:\/\/www.linkedin.com\/company\/96035097\/admin\/dashboard\/"]},{"@type":"Person","@id":"https:\/\/vrip.ubiobio.cl\/inicio\/#\/schema\/person\/692fdff965936e115510632e7340cba2","name":"Moderador","image":{"@type":"ImageObject","inLanguage":"es","@id":"https:\/\/secure.gravatar.com\/avatar\/d16ec183e637d727e6c6574e3768aa439442611065e2b4f983793af8bb630edc?s=96&d=mm&r=g","url":"https:\/\/secure.gravatar.com\/avatar\/d16ec183e637d727e6c6574e3768aa439442611065e2b4f983793af8bb630edc?s=96&d=mm&r=g","contentUrl":"https:\/\/secure.gravatar.com\/avatar\/d16ec183e637d727e6c6574e3768aa439442611065e2b4f983793af8bb630edc?s=96&d=mm&r=g","caption":"Moderador"},"url":"https:\/\/vrip.ubiobio.cl\/inicio\/author\/dago\/"}]}},"_links":{"self":[{"href":"https:\/\/vrip.ubiobio.cl\/inicio\/wp-json\/wp\/v2\/posts\/19271","targetHints":{"allow":["GET"]}}],"collection":[{"href":"https:\/\/vrip.ubiobio.cl\/inicio\/wp-json\/wp\/v2\/posts"}],"about":[{"href":"https:\/\/vrip.ubiobio.cl\/inicio\/wp-json\/wp\/v2\/types\/post"}],"author":[{"embeddable":true,"href":"https:\/\/vrip.ubiobio.cl\/inicio\/wp-json\/wp\/v2\/users\/4"}],"replies":[{"embeddable":true,"href":"https:\/\/vrip.ubiobio.cl\/inicio\/wp-json\/wp\/v2\/comments?post=19271"}],"version-history":[{"count":2,"href":"https:\/\/vrip.ubiobio.cl\/inicio\/wp-json\/wp\/v2\/posts\/19271\/revisions"}],"predecessor-version":[{"id":24331,"href":"https:\/\/vrip.ubiobio.cl\/inicio\/wp-json\/wp\/v2\/posts\/19271\/revisions\/24331"}],"wp:featuredmedia":[{"embeddable":true,"href":"https:\/\/vrip.ubiobio.cl\/inicio\/wp-json\/wp\/v2\/media\/24658"}],"wp:attachment":[{"href":"https:\/\/vrip.ubiobio.cl\/inicio\/wp-json\/wp\/v2\/media?parent=19271"}],"wp:term":[{"taxonomy":"category","embeddable":true,"href":"https:\/\/vrip.ubiobio.cl\/inicio\/wp-json\/wp\/v2\/categories?post=19271"},{"taxonomy":"post_tag","embeddable":true,"href":"https:\/\/vrip.ubiobio.cl\/inicio\/wp-json\/wp\/v2\/tags?post=19271"}],"curies":[{"name":"wp","href":"https:\/\/api.w.org\/{rel}","templated":true}]}}