{"id":18701,"date":"2020-03-02T11:22:08","date_gmt":"2020-03-02T14:22:08","guid":{"rendered":"http:\/\/vrip.ubiobio.cl\/vrip\/?p=18701"},"modified":"2022-01-07T19:13:10","modified_gmt":"2022-01-07T19:13:10","slug":"charla-de-difusion-concurso-viu-2020","status":"publish","type":"post","link":"https:\/\/vrip.ubiobio.cl\/inicio\/noticias\/charla-de-difusion-concurso-viu-2020\/","title":{"rendered":"Charla de difusi\u00f3n Concurso VIU 2020"},"content":{"rendered":"<p><img fetchpriority=\"high\" decoding=\"async\" class=\"alignnone wp-image-24529\" src=\"http:\/\/vrip.ubiobio.cl\/wp-content\/uploads\/2020\/03\/Charla-de-difusion-Concurso-VIU-2020-300x150.jpg\" alt=\"\" width=\"634\" height=\"317\" srcset=\"https:\/\/vrip.ubiobio.cl\/wp-content\/uploads\/2020\/03\/Charla-de-difusion-Concurso-VIU-2020-300x150.jpg 300w, https:\/\/vrip.ubiobio.cl\/wp-content\/uploads\/2020\/03\/Charla-de-difusion-Concurso-VIU-2020-1024x512.jpg 1024w, https:\/\/vrip.ubiobio.cl\/wp-content\/uploads\/2020\/03\/Charla-de-difusion-Concurso-VIU-2020-768x384.jpg 768w, https:\/\/vrip.ubiobio.cl\/wp-content\/uploads\/2020\/03\/Charla-de-difusion-Concurso-VIU-2020.jpg 1281w\" sizes=\"(max-width: 634px) 100vw, 634px\" \/><span style=\"color: var(--global-palette4); font-family: var(--global-body-font-family);\">Se informa que la <\/span><strong style=\"color: var(--global-palette4); font-family: var(--global-body-font-family);\">Agencia Nacional de Investigaci\u00f3n y Desarrollo<\/strong><span style=\"color: var(--global-palette4); font-family: var(--global-body-font-family);\">, ANID, a trav\u00e9s de la Subdirecci\u00f3n de Investigaci\u00f3n Aplicada, invita a participar en la charla de difusi\u00f3n del\u00a0<\/span><strong style=\"color: var(--global-palette4); font-family: var(--global-body-font-family);\">D\u00e9cimo Concurso Valorizaci\u00f3n de la Investigaci\u00f3n en la Universidad 2020 (VIU)<\/strong><span style=\"color: var(--global-palette4); font-family: var(--global-body-font-family);\">\u00a0instancia informativa para todas las instituciones ligadas al \u00e1rea I+D.<\/span><\/p>\n<p>La actividad se llevar\u00e1 a cabo el<strong> 05 de marzo 2020 a las 10:00 horas<\/strong> v\u00eda streaming, transmisi\u00f3n que estar\u00e1 disponible trav\u00e9s del siguiente link:\u00a0<a href=\"https:\/\/youtu.be\/Eu36QFoJmE0\">https:\/\/youtu.be\/Eu36QFoJmE0<\/a>.<\/p>\n<p>Preguntas y dudas podr\u00e1n ser planteadas en l\u00ednea o mediante el correo\u00a0<a href=\"mailto:contactofondef@anid.cl\">contactofondef@anid.cl<\/a>.<\/p>\n<p>Adicionalmente la Unidad de Emprendimiento estar\u00e1 disponible para consultas para apoyo de la postulaci\u00f3n al correo\u00a0<a href=\"mailto:ssepulveda@ubiobio.cl\">ssepulveda@ubiobio.cl<\/a>\u00a0o fono 41 311 1028 o 41 311 1360.<\/p>\n<p>Unidad de Emprendimiento UBB<\/p>\n<p><a href=\"http:\/\/www.cre-ando.cl\/\">http:\/\/www.cre-ando.cl\/<\/a><\/p>\n","protected":false},"excerpt":{"rendered":"<p>Se informa que la Agencia Nacional de Investigaci\u00f3n y Desarrollo, ANID, a trav\u00e9s de la Subdirecci\u00f3n de Investigaci\u00f3n Aplicada, invita a participar en la charla de difusi\u00f3n del\u00a0D\u00e9cimo Concurso Valorizaci\u00f3n de la Investigaci\u00f3n en la Universidad 2020 (VIU)\u00a0instancia informativa para todas las instituciones ligadas al \u00e1rea I+D. La actividad se llevar\u00e1 a cabo el 05&#8230;<\/p>\n","protected":false},"author":4,"featured_media":24658,"comment_status":"open","ping_status":"closed","sticky":false,"template":"","format":"standard","meta":{"_kadence_starter_templates_imported_post":false,"_kad_post_transparent":"default","_kad_post_title":"default","_kad_post_layout":"default","_kad_post_sidebar_id":"","_kad_post_content_style":"default","_kad_post_vertical_padding":"default","_kad_post_feature":"","_kad_post_feature_position":"","_kad_post_header":false,"_kad_post_footer":false,"footnotes":""},"categories":[3],"tags":[],"class_list":["post-18701","post","type-post","status-publish","format-standard","has-post-thumbnail","hentry","category-noticias"],"yoast_head":"<!-- This site is optimized with the Yoast SEO plugin v27.5 - https:\/\/yoast.com\/product\/yoast-seo-wordpress\/ -->\n<title>Charla de difusi\u00f3n Concurso VIU 2020 - VRIP<\/title>\n<meta name=\"robots\" content=\"index, follow, max-snippet:-1, max-image-preview:large, max-video-preview:-1\" \/>\n<link rel=\"canonical\" href=\"https:\/\/vrip.ubiobio.cl\/inicio\/noticias\/charla-de-difusion-concurso-viu-2020\/\" \/>\n<meta property=\"og:locale\" content=\"es_ES\" \/>\n<meta property=\"og:type\" content=\"article\" \/>\n<meta property=\"og:title\" content=\"Charla de difusi\u00f3n Concurso VIU 2020 - VRIP\" \/>\n<meta property=\"og:description\" content=\"Se informa que la Agencia Nacional de Investigaci\u00f3n y Desarrollo, ANID, a trav\u00e9s de la Subdirecci\u00f3n de Investigaci\u00f3n Aplicada, invita a participar en la charla de difusi\u00f3n del\u00a0D\u00e9cimo Concurso Valorizaci\u00f3n de la Investigaci\u00f3n en la Universidad 2020 (VIU)\u00a0instancia informativa para todas las instituciones ligadas al \u00e1rea I+D. La actividad se llevar\u00e1 a cabo el 05...\" \/>\n<meta property=\"og:url\" content=\"https:\/\/vrip.ubiobio.cl\/inicio\/noticias\/charla-de-difusion-concurso-viu-2020\/\" \/>\n<meta property=\"og:site_name\" content=\"VRIP\" \/>\n<meta property=\"article:published_time\" content=\"2020-03-02T14:22:08+00:00\" \/>\n<meta property=\"article:modified_time\" content=\"2022-01-07T19:13:10+00:00\" \/>\n<meta property=\"og:image\" content=\"https:\/\/vrip.ubiobio.cl\/wp-content\/uploads\/2021\/09\/Vrip_Banner-Noticias.jpg\" \/>\n\t<meta property=\"og:image:width\" content=\"1428\" \/>\n\t<meta property=\"og:image:height\" content=\"400\" \/>\n\t<meta property=\"og:image:type\" content=\"image\/jpeg\" \/>\n<meta name=\"author\" content=\"Moderador\" \/>\n<meta name=\"twitter:card\" content=\"summary_large_image\" \/>\n<meta name=\"twitter:creator\" content=\"@vripubb\" \/>\n<meta name=\"twitter:site\" content=\"@vripubb\" \/>\n<meta name=\"twitter:label1\" content=\"Escrito por\" \/>\n\t<meta name=\"twitter:data1\" content=\"Moderador\" \/>\n\t<meta name=\"twitter:label2\" content=\"Tiempo de lectura\" \/>\n\t<meta name=\"twitter:data2\" content=\"1 minuto\" \/>\n<script type=\"application\/ld+json\" class=\"yoast-schema-graph\">{\"@context\":\"https:\\\/\\\/schema.org\",\"@graph\":[{\"@type\":\"Article\",\"@id\":\"https:\\\/\\\/vrip.ubiobio.cl\\\/inicio\\\/noticias\\\/charla-de-difusion-concurso-viu-2020\\\/#article\",\"isPartOf\":{\"@id\":\"https:\\\/\\\/vrip.ubiobio.cl\\\/inicio\\\/noticias\\\/charla-de-difusion-concurso-viu-2020\\\/\"},\"author\":{\"name\":\"Moderador\",\"@id\":\"https:\\\/\\\/vrip.ubiobio.cl\\\/inicio\\\/#\\\/schema\\\/person\\\/692fdff965936e115510632e7340cba2\"},\"headline\":\"Charla de difusi\u00f3n Concurso VIU 2020\",\"datePublished\":\"2020-03-02T14:22:08+00:00\",\"dateModified\":\"2022-01-07T19:13:10+00:00\",\"mainEntityOfPage\":{\"@id\":\"https:\\\/\\\/vrip.ubiobio.cl\\\/inicio\\\/noticias\\\/charla-de-difusion-concurso-viu-2020\\\/\"},\"wordCount\":141,\"commentCount\":0,\"publisher\":{\"@id\":\"https:\\\/\\\/vrip.ubiobio.cl\\\/inicio\\\/#organization\"},\"image\":{\"@id\":\"https:\\\/\\\/vrip.ubiobio.cl\\\/inicio\\\/noticias\\\/charla-de-difusion-concurso-viu-2020\\\/#primaryimage\"},\"thumbnailUrl\":\"https:\\\/\\\/vrip.ubiobio.cl\\\/wp-content\\\/uploads\\\/2021\\\/09\\\/Vrip_Banner-Noticias.jpg\",\"articleSection\":[\"Noticias\"],\"inLanguage\":\"es\",\"potentialAction\":[{\"@type\":\"CommentAction\",\"name\":\"Comment\",\"target\":[\"https:\\\/\\\/vrip.ubiobio.cl\\\/inicio\\\/noticias\\\/charla-de-difusion-concurso-viu-2020\\\/#respond\"]}]},{\"@type\":\"WebPage\",\"@id\":\"https:\\\/\\\/vrip.ubiobio.cl\\\/inicio\\\/noticias\\\/charla-de-difusion-concurso-viu-2020\\\/\",\"url\":\"https:\\\/\\\/vrip.ubiobio.cl\\\/inicio\\\/noticias\\\/charla-de-difusion-concurso-viu-2020\\\/\",\"name\":\"Charla de difusi\u00f3n Concurso VIU 2020 - VRIP\",\"isPartOf\":{\"@id\":\"https:\\\/\\\/vrip.ubiobio.cl\\\/inicio\\\/#website\"},\"primaryImageOfPage\":{\"@id\":\"https:\\\/\\\/vrip.ubiobio.cl\\\/inicio\\\/noticias\\\/charla-de-difusion-concurso-viu-2020\\\/#primaryimage\"},\"image\":{\"@id\":\"https:\\\/\\\/vrip.ubiobio.cl\\\/inicio\\\/noticias\\\/charla-de-difusion-concurso-viu-2020\\\/#primaryimage\"},\"thumbnailUrl\":\"https:\\\/\\\/vrip.ubiobio.cl\\\/wp-content\\\/uploads\\\/2021\\\/09\\\/Vrip_Banner-Noticias.jpg\",\"datePublished\":\"2020-03-02T14:22:08+00:00\",\"dateModified\":\"2022-01-07T19:13:10+00:00\",\"breadcrumb\":{\"@id\":\"https:\\\/\\\/vrip.ubiobio.cl\\\/inicio\\\/noticias\\\/charla-de-difusion-concurso-viu-2020\\\/#breadcrumb\"},\"inLanguage\":\"es\",\"potentialAction\":[{\"@type\":\"ReadAction\",\"target\":[\"https:\\\/\\\/vrip.ubiobio.cl\\\/inicio\\\/noticias\\\/charla-de-difusion-concurso-viu-2020\\\/\"]}]},{\"@type\":\"ImageObject\",\"inLanguage\":\"es\",\"@id\":\"https:\\\/\\\/vrip.ubiobio.cl\\\/inicio\\\/noticias\\\/charla-de-difusion-concurso-viu-2020\\\/#primaryimage\",\"url\":\"https:\\\/\\\/vrip.ubiobio.cl\\\/wp-content\\\/uploads\\\/2021\\\/09\\\/Vrip_Banner-Noticias.jpg\",\"contentUrl\":\"https:\\\/\\\/vrip.ubiobio.cl\\\/wp-content\\\/uploads\\\/2021\\\/09\\\/Vrip_Banner-Noticias.jpg\",\"width\":1428,\"height\":400},{\"@type\":\"BreadcrumbList\",\"@id\":\"https:\\\/\\\/vrip.ubiobio.cl\\\/inicio\\\/noticias\\\/charla-de-difusion-concurso-viu-2020\\\/#breadcrumb\",\"itemListElement\":[{\"@type\":\"ListItem\",\"position\":1,\"name\":\"Portada\",\"item\":\"https:\\\/\\\/vrip.ubiobio.cl\\\/inicio\\\/\"},{\"@type\":\"ListItem\",\"position\":2,\"name\":\"Charla de difusi\u00f3n Concurso VIU 2020\"}]},{\"@type\":\"WebSite\",\"@id\":\"https:\\\/\\\/vrip.ubiobio.cl\\\/inicio\\\/#website\",\"url\":\"https:\\\/\\\/vrip.ubiobio.cl\\\/inicio\\\/\",\"name\":\"VRIP\",\"description\":\"Vicerrector\u00eda de Investigaci\u00f3n y Postgrado\",\"publisher\":{\"@id\":\"https:\\\/\\\/vrip.ubiobio.cl\\\/inicio\\\/#organization\"},\"potentialAction\":[{\"@type\":\"SearchAction\",\"target\":{\"@type\":\"EntryPoint\",\"urlTemplate\":\"https:\\\/\\\/vrip.ubiobio.cl\\\/inicio\\\/?s={search_term_string}\"},\"query-input\":{\"@type\":\"PropertyValueSpecification\",\"valueRequired\":true,\"valueName\":\"search_term_string\"}}],\"inLanguage\":\"es\"},{\"@type\":\"Organization\",\"@id\":\"https:\\\/\\\/vrip.ubiobio.cl\\\/inicio\\\/#organization\",\"name\":\"VRIP\",\"url\":\"https:\\\/\\\/vrip.ubiobio.cl\\\/inicio\\\/\",\"logo\":{\"@type\":\"ImageObject\",\"inLanguage\":\"es\",\"@id\":\"https:\\\/\\\/vrip.ubiobio.cl\\\/inicio\\\/#\\\/schema\\\/logo\\\/image\\\/\",\"url\":\"https:\\\/\\\/vrip.ubiobio.cl\\\/wp-content\\\/uploads\\\/2022\\\/10\\\/logo-vrip_Mesa-de-trabajo-1.png\",\"contentUrl\":\"https:\\\/\\\/vrip.ubiobio.cl\\\/wp-content\\\/uploads\\\/2022\\\/10\\\/logo-vrip_Mesa-de-trabajo-1.png\",\"width\":642,\"height\":178,\"caption\":\"VRIP\"},\"image\":{\"@id\":\"https:\\\/\\\/vrip.ubiobio.cl\\\/inicio\\\/#\\\/schema\\\/logo\\\/image\\\/\"},\"sameAs\":[\"https:\\\/\\\/x.com\\\/vripubb\",\"https:\\\/\\\/www.instagram.com\\\/vrip_ubb\\\/\",\"https:\\\/\\\/www.youtube.com\\\/channel\\\/UCf7o8yHRJ7Y_QQLxwu1KQgA\",\"https:\\\/\\\/www.linkedin.com\\\/company\\\/96035097\\\/admin\\\/dashboard\\\/\"]},{\"@type\":\"Person\",\"@id\":\"https:\\\/\\\/vrip.ubiobio.cl\\\/inicio\\\/#\\\/schema\\\/person\\\/692fdff965936e115510632e7340cba2\",\"name\":\"Moderador\",\"image\":{\"@type\":\"ImageObject\",\"inLanguage\":\"es\",\"@id\":\"https:\\\/\\\/secure.gravatar.com\\\/avatar\\\/d16ec183e637d727e6c6574e3768aa439442611065e2b4f983793af8bb630edc?s=96&d=mm&r=g\",\"url\":\"https:\\\/\\\/secure.gravatar.com\\\/avatar\\\/d16ec183e637d727e6c6574e3768aa439442611065e2b4f983793af8bb630edc?s=96&d=mm&r=g\",\"contentUrl\":\"https:\\\/\\\/secure.gravatar.com\\\/avatar\\\/d16ec183e637d727e6c6574e3768aa439442611065e2b4f983793af8bb630edc?s=96&d=mm&r=g\",\"caption\":\"Moderador\"},\"url\":\"https:\\\/\\\/vrip.ubiobio.cl\\\/inicio\\\/author\\\/dago\\\/\"}]}<\/script>\n<!-- \/ Yoast SEO plugin. -->","yoast_head_json":{"title":"Charla de difusi\u00f3n Concurso VIU 2020 - VRIP","robots":{"index":"index","follow":"follow","max-snippet":"max-snippet:-1","max-image-preview":"max-image-preview:large","max-video-preview":"max-video-preview:-1"},"canonical":"https:\/\/vrip.ubiobio.cl\/inicio\/noticias\/charla-de-difusion-concurso-viu-2020\/","og_locale":"es_ES","og_type":"article","og_title":"Charla de difusi\u00f3n Concurso VIU 2020 - VRIP","og_description":"Se informa que la Agencia Nacional de Investigaci\u00f3n y Desarrollo, ANID, a trav\u00e9s de la Subdirecci\u00f3n de Investigaci\u00f3n Aplicada, invita a participar en la charla de difusi\u00f3n del\u00a0D\u00e9cimo Concurso Valorizaci\u00f3n de la Investigaci\u00f3n en la Universidad 2020 (VIU)\u00a0instancia informativa para todas las instituciones ligadas al \u00e1rea I+D. La actividad se llevar\u00e1 a cabo el 05...","og_url":"https:\/\/vrip.ubiobio.cl\/inicio\/noticias\/charla-de-difusion-concurso-viu-2020\/","og_site_name":"VRIP","article_published_time":"2020-03-02T14:22:08+00:00","article_modified_time":"2022-01-07T19:13:10+00:00","og_image":[{"width":1428,"height":400,"url":"https:\/\/vrip.ubiobio.cl\/wp-content\/uploads\/2021\/09\/Vrip_Banner-Noticias.jpg","type":"image\/jpeg"}],"author":"Moderador","twitter_card":"summary_large_image","twitter_creator":"@vripubb","twitter_site":"@vripubb","twitter_misc":{"Escrito por":"Moderador","Tiempo de lectura":"1 minuto"},"schema":{"@context":"https:\/\/schema.org","@graph":[{"@type":"Article","@id":"https:\/\/vrip.ubiobio.cl\/inicio\/noticias\/charla-de-difusion-concurso-viu-2020\/#article","isPartOf":{"@id":"https:\/\/vrip.ubiobio.cl\/inicio\/noticias\/charla-de-difusion-concurso-viu-2020\/"},"author":{"name":"Moderador","@id":"https:\/\/vrip.ubiobio.cl\/inicio\/#\/schema\/person\/692fdff965936e115510632e7340cba2"},"headline":"Charla de difusi\u00f3n Concurso VIU 2020","datePublished":"2020-03-02T14:22:08+00:00","dateModified":"2022-01-07T19:13:10+00:00","mainEntityOfPage":{"@id":"https:\/\/vrip.ubiobio.cl\/inicio\/noticias\/charla-de-difusion-concurso-viu-2020\/"},"wordCount":141,"commentCount":0,"publisher":{"@id":"https:\/\/vrip.ubiobio.cl\/inicio\/#organization"},"image":{"@id":"https:\/\/vrip.ubiobio.cl\/inicio\/noticias\/charla-de-difusion-concurso-viu-2020\/#primaryimage"},"thumbnailUrl":"https:\/\/vrip.ubiobio.cl\/wp-content\/uploads\/2021\/09\/Vrip_Banner-Noticias.jpg","articleSection":["Noticias"],"inLanguage":"es","potentialAction":[{"@type":"CommentAction","name":"Comment","target":["https:\/\/vrip.ubiobio.cl\/inicio\/noticias\/charla-de-difusion-concurso-viu-2020\/#respond"]}]},{"@type":"WebPage","@id":"https:\/\/vrip.ubiobio.cl\/inicio\/noticias\/charla-de-difusion-concurso-viu-2020\/","url":"https:\/\/vrip.ubiobio.cl\/inicio\/noticias\/charla-de-difusion-concurso-viu-2020\/","name":"Charla de difusi\u00f3n Concurso VIU 2020 - VRIP","isPartOf":{"@id":"https:\/\/vrip.ubiobio.cl\/inicio\/#website"},"primaryImageOfPage":{"@id":"https:\/\/vrip.ubiobio.cl\/inicio\/noticias\/charla-de-difusion-concurso-viu-2020\/#primaryimage"},"image":{"@id":"https:\/\/vrip.ubiobio.cl\/inicio\/noticias\/charla-de-difusion-concurso-viu-2020\/#primaryimage"},"thumbnailUrl":"https:\/\/vrip.ubiobio.cl\/wp-content\/uploads\/2021\/09\/Vrip_Banner-Noticias.jpg","datePublished":"2020-03-02T14:22:08+00:00","dateModified":"2022-01-07T19:13:10+00:00","breadcrumb":{"@id":"https:\/\/vrip.ubiobio.cl\/inicio\/noticias\/charla-de-difusion-concurso-viu-2020\/#breadcrumb"},"inLanguage":"es","potentialAction":[{"@type":"ReadAction","target":["https:\/\/vrip.ubiobio.cl\/inicio\/noticias\/charla-de-difusion-concurso-viu-2020\/"]}]},{"@type":"ImageObject","inLanguage":"es","@id":"https:\/\/vrip.ubiobio.cl\/inicio\/noticias\/charla-de-difusion-concurso-viu-2020\/#primaryimage","url":"https:\/\/vrip.ubiobio.cl\/wp-content\/uploads\/2021\/09\/Vrip_Banner-Noticias.jpg","contentUrl":"https:\/\/vrip.ubiobio.cl\/wp-content\/uploads\/2021\/09\/Vrip_Banner-Noticias.jpg","width":1428,"height":400},{"@type":"BreadcrumbList","@id":"https:\/\/vrip.ubiobio.cl\/inicio\/noticias\/charla-de-difusion-concurso-viu-2020\/#breadcrumb","itemListElement":[{"@type":"ListItem","position":1,"name":"Portada","item":"https:\/\/vrip.ubiobio.cl\/inicio\/"},{"@type":"ListItem","position":2,"name":"Charla de difusi\u00f3n Concurso VIU 2020"}]},{"@type":"WebSite","@id":"https:\/\/vrip.ubiobio.cl\/inicio\/#website","url":"https:\/\/vrip.ubiobio.cl\/inicio\/","name":"VRIP","description":"Vicerrector\u00eda de Investigaci\u00f3n y Postgrado","publisher":{"@id":"https:\/\/vrip.ubiobio.cl\/inicio\/#organization"},"potentialAction":[{"@type":"SearchAction","target":{"@type":"EntryPoint","urlTemplate":"https:\/\/vrip.ubiobio.cl\/inicio\/?s={search_term_string}"},"query-input":{"@type":"PropertyValueSpecification","valueRequired":true,"valueName":"search_term_string"}}],"inLanguage":"es"},{"@type":"Organization","@id":"https:\/\/vrip.ubiobio.cl\/inicio\/#organization","name":"VRIP","url":"https:\/\/vrip.ubiobio.cl\/inicio\/","logo":{"@type":"ImageObject","inLanguage":"es","@id":"https:\/\/vrip.ubiobio.cl\/inicio\/#\/schema\/logo\/image\/","url":"https:\/\/vrip.ubiobio.cl\/wp-content\/uploads\/2022\/10\/logo-vrip_Mesa-de-trabajo-1.png","contentUrl":"https:\/\/vrip.ubiobio.cl\/wp-content\/uploads\/2022\/10\/logo-vrip_Mesa-de-trabajo-1.png","width":642,"height":178,"caption":"VRIP"},"image":{"@id":"https:\/\/vrip.ubiobio.cl\/inicio\/#\/schema\/logo\/image\/"},"sameAs":["https:\/\/x.com\/vripubb","https:\/\/www.instagram.com\/vrip_ubb\/","https:\/\/www.youtube.com\/channel\/UCf7o8yHRJ7Y_QQLxwu1KQgA","https:\/\/www.linkedin.com\/company\/96035097\/admin\/dashboard\/"]},{"@type":"Person","@id":"https:\/\/vrip.ubiobio.cl\/inicio\/#\/schema\/person\/692fdff965936e115510632e7340cba2","name":"Moderador","image":{"@type":"ImageObject","inLanguage":"es","@id":"https:\/\/secure.gravatar.com\/avatar\/d16ec183e637d727e6c6574e3768aa439442611065e2b4f983793af8bb630edc?s=96&d=mm&r=g","url":"https:\/\/secure.gravatar.com\/avatar\/d16ec183e637d727e6c6574e3768aa439442611065e2b4f983793af8bb630edc?s=96&d=mm&r=g","contentUrl":"https:\/\/secure.gravatar.com\/avatar\/d16ec183e637d727e6c6574e3768aa439442611065e2b4f983793af8bb630edc?s=96&d=mm&r=g","caption":"Moderador"},"url":"https:\/\/vrip.ubiobio.cl\/inicio\/author\/dago\/"}]}},"_links":{"self":[{"href":"https:\/\/vrip.ubiobio.cl\/inicio\/wp-json\/wp\/v2\/posts\/18701","targetHints":{"allow":["GET"]}}],"collection":[{"href":"https:\/\/vrip.ubiobio.cl\/inicio\/wp-json\/wp\/v2\/posts"}],"about":[{"href":"https:\/\/vrip.ubiobio.cl\/inicio\/wp-json\/wp\/v2\/types\/post"}],"author":[{"embeddable":true,"href":"https:\/\/vrip.ubiobio.cl\/inicio\/wp-json\/wp\/v2\/users\/4"}],"replies":[{"embeddable":true,"href":"https:\/\/vrip.ubiobio.cl\/inicio\/wp-json\/wp\/v2\/comments?post=18701"}],"version-history":[{"count":2,"href":"https:\/\/vrip.ubiobio.cl\/inicio\/wp-json\/wp\/v2\/posts\/18701\/revisions"}],"predecessor-version":[{"id":24531,"href":"https:\/\/vrip.ubiobio.cl\/inicio\/wp-json\/wp\/v2\/posts\/18701\/revisions\/24531"}],"wp:featuredmedia":[{"embeddable":true,"href":"https:\/\/vrip.ubiobio.cl\/inicio\/wp-json\/wp\/v2\/media\/24658"}],"wp:attachment":[{"href":"https:\/\/vrip.ubiobio.cl\/inicio\/wp-json\/wp\/v2\/media?parent=18701"}],"wp:term":[{"taxonomy":"category","embeddable":true,"href":"https:\/\/vrip.ubiobio.cl\/inicio\/wp-json\/wp\/v2\/categories?post=18701"},{"taxonomy":"post_tag","embeddable":true,"href":"https:\/\/vrip.ubiobio.cl\/inicio\/wp-json\/wp\/v2\/tags?post=18701"}],"curies":[{"name":"wp","href":"https:\/\/api.w.org\/{rel}","templated":true}]}}