{"id":18488,"date":"2019-12-20T10:00:13","date_gmt":"2019-12-20T13:00:13","guid":{"rendered":"http:\/\/vrip.ubiobio.cl\/vrip\/?p=18488"},"modified":"2022-01-07T19:21:47","modified_gmt":"2022-01-07T19:21:47","slug":"universidad-del-bio-bio-consolida-su-apoyo-a-nuevas-iniciativas-productivas","status":"publish","type":"post","link":"https:\/\/vrip.ubiobio.cl\/inicio\/noticias\/universidad-del-bio-bio-consolida-su-apoyo-a-nuevas-iniciativas-productivas\/","title":{"rendered":"Universidad del B\u00edo-B\u00edo consolida su apoyo a nuevas iniciativas productivas"},"content":{"rendered":"<p><img fetchpriority=\"high\" decoding=\"async\" class=\"wp-image-24766 aligncenter\" src=\"http:\/\/vrip.ubiobio.cl\/wp-content\/uploads\/2019\/12\/Noticia-UBB-apoyo-a-nuevas-iniciativas-productivas-276x300.jpg\" alt=\"\" width=\"471\" height=\"512\" srcset=\"https:\/\/vrip.ubiobio.cl\/wp-content\/uploads\/2019\/12\/Noticia-UBB-apoyo-a-nuevas-iniciativas-productivas-276x300.jpg 276w, https:\/\/vrip.ubiobio.cl\/wp-content\/uploads\/2019\/12\/Noticia-UBB-apoyo-a-nuevas-iniciativas-productivas-768x834.jpg 768w, https:\/\/vrip.ubiobio.cl\/wp-content\/uploads\/2019\/12\/Noticia-UBB-apoyo-a-nuevas-iniciativas-productivas.jpg 857w\" sizes=\"(max-width: 471px) 100vw, 471px\" \/><em style=\"color: var(--global-palette4); font-family: var(--global-body-font-family);\">La Unidad de Emprendimiento CREando de la Universidad del B\u00edo-B\u00edo (UBB) apoy\u00f3 diversos proyectos en las regiones del Biob\u00edo y \u00d1uble durante el 2019. De \u00e9stos, se han presentado los 39 proyectos adjudicados en los \u00faltimos 7 meses del 2019.<\/em><\/p>\n<div class=\"perfect-pullquote  pullquote-align-full\" style=\"font-size:15px !important;\"><blockquote><p style=\"font-size:15px !important;\">Es pol\u00edtica de la vicerrector\u00eda y de la universidad cambiar el empleo antiguo donde t\u00fa llegabas y jubilabas, ahora el estudiante es protagonista de su desarrollo y naturalmente queremos que hagan emprendimientos con el conocimiento y la tecnolog\u00eda que nosotros les impartimos en la universidad, o sea, emprendimientos de base tecnol\u00f3gica y cient\u00edfica\u00bb, Francisco Vergara, director de Innovaci\u00f3n<\/p><\/blockquote><\/div>\n<p>L a Unidad de Emprendimiento de la Direcci\u00f3n de Innovaci\u00f3n de la Vicerrector\u00eda de Investigaci\u00f3n y Postgrado de la Universidad del B\u00edo-B\u00edo (UBB), reestructurada en mayo 2018, es la responsable de implementar y monitorear las pol\u00edticas de emprendimiento de estudiantes y acad\u00e9micos, administrando las instancias de patrocinio t\u00e9cnico y financiero de proyectos de emprendimiento, potenciando la creaci\u00f3n de empresas basadas en el conocimiento generado en la universidad.<\/p>\n<p>Alumnos, exalumnos, acad\u00e9micos y externos han sido beneficiados por la Unidad en la postulaci\u00f3n a concursos p\u00fablicos de fondos CORFO, Comit\u00e9 de Desarrollo Productivo Regional del Biob\u00edo y Fondef VIU de Conicyt.<\/p>\n<p>El desglose de las iniciativas adjudicadas el presente a\u00f1o son: 4 Proyectos Fondef VIU \u2013 II Etapa (8vo Concurso VIU), 9 Proyectos Fondef VIU \u2013 II Etapa (9no Concurso VIU), 1Semilla Expande \u2013 Comit\u00e9 de Desarrollo Productivo Regional del Biob\u00edo, 2 Semilla Inicia Regional &#8211; Comit\u00e9 de Desarrollo Productivo Regional del Biob\u00edo, 7 Semilla Inicia Nacional \u2013 CORFO y 16Tesis Innovadoras2019 &#8211; Comit\u00e9 de Desarrollo Productivo Regional del Biob\u00edo.<\/p>\n<div class=\"perfect-pullquote algo pullquote-align-left\" style=\"font-size:15px !important;\"><blockquote><p style=\"font-size:15px !important;\">Estamos abocados en potenciar en los estudiantes las habilidades que les permita desarrollarse en un mundo que va hacia la innovaci\u00f3n permanente\u201d, Gipsy Tabilo, Vicerrectora de Investigaci\u00f3n y Postgrado <\/p><\/blockquote><\/div>\n<p>Ante esto Francisco Vergara Gonz\u00e1lez, director de Innovaci\u00f3n de la Universidad del B\u00edo-B\u00edo, menciona que \u201cel mercado laboral ha cambiado mucho y creemos que los estudiantes pueden ser los l\u00edderes de su propio empleo, pueden crear empresas, pueden crear equipos para nuevos productos. Entonces, es una pol\u00edtica de la vicerrector\u00eda y de la universidad cambiar el empleo antiguo donde t\u00fa llegabas y jubilabas, ahora el estudiante es protagonista de su desarrollo y naturalmente queremos que hagan emprendimientos con el conocimiento y la tecnolog\u00eda que nosotros les impartimos en la universidad, o sea, emprendimientos de base tecnol\u00f3gica y cient\u00edfica\u201d.<\/p>\n<p>Gipsy Tabilo Munizaga, vicerrectora de Investigaci\u00f3n y Postgrado de la UBB explica que para la universidad es importante desarrollar la capacidad innovativa en los estudiantes para su futuro profesional, es por esto que para ella \u201cel emprendimiento les permitir\u00e1 innovar y desarrollar sus habilidades que han adquirido en su formaci\u00f3n y eso lo hacemos a trav\u00e9s de este apoyo en proyectos que est\u00e1n enfocados a ese fin y nuestra universidad a trav\u00e9s de la direcci\u00f3n de innovaci\u00f3n tiene ese objetivo. Estamos abocados en potenciar en los estudiantes las habilidades que les permita desarrollarse en un mundo que va hacia la innovaci\u00f3n permanente\u201d.<\/p>\n<div class=\"perfect-pullquote algo pullquote-align-left\" style=\"font-size:15px !important;\"><blockquote><p style=\"font-size:15px !important;\">Para nuestra unidad es muy importante estos resultados, porque nos demuestran un largo camino en el apoyo a estudiantes, exalumnos, acad\u00e9micos y externos que logran mediante la adjudicaci\u00f3n de fondos para hacer realidad sus sue\u00f1os, Sebasti\u00e1n Opazo, Coordinador (I) Unidad de Emprendimiento<\/p><\/blockquote><\/div>\n<p>Sebasti\u00e1n Opazo Dur\u00e1n, coordinador (I) de la Unidad de Emprendimiento de la Universidad del B\u00edo-B\u00edo comenta que \u201cpara nuestra unidad es muy importante estos resultados, porque nos demuestran un largo camino en el apoyo a estudiantes, exalumnos, acad\u00e9micos y externos que logran mediante la adjudicaci\u00f3n de fondos para hacer realidad sue\u00f1os. Es importante seguir dando ese apoyo a nuestros emprendedores, para que se fortalezcan esas ideas y puedan consolidar sus propuestas innovadoras\u201d.<\/p>\n<p>Fuente: VRIP, Comunicaciones<\/p>\n<p>*Edici\u00f3n Especial, diario El Sur, 20 de diciembre de 2019, Suplemento Fuerza Emprendedora, publirreportaje, pag. 5<\/p>\n<p><a href=\"https:\/\/www.elsur.cl\/impresa\/2019\/12\/20\/full\/edicion-especial-1\/5\/\">https:\/\/www.elsur.cl\/impresa\/2019\/12\/20\/full\/edicion-especial-1\/5\/<\/a><\/p>\n","protected":false},"excerpt":{"rendered":"<p>La Unidad de Emprendimiento CREando de la Universidad del B\u00edo-B\u00edo (UBB) apoy\u00f3 diversos proyectos en las regiones del Biob\u00edo y \u00d1uble durante el 2019. De \u00e9stos, se han presentado los 39 proyectos adjudicados en los \u00faltimos 7 meses del 2019. L a Unidad de Emprendimiento de la Direcci\u00f3n de Innovaci\u00f3n de la Vicerrector\u00eda de Investigaci\u00f3n&#8230;<\/p>\n","protected":false},"author":4,"featured_media":24658,"comment_status":"open","ping_status":"closed","sticky":false,"template":"","format":"standard","meta":{"_kadence_starter_templates_imported_post":false,"_kad_post_transparent":"default","_kad_post_title":"default","_kad_post_layout":"default","_kad_post_sidebar_id":"","_kad_post_content_style":"default","_kad_post_vertical_padding":"default","_kad_post_feature":"","_kad_post_feature_position":"","_kad_post_header":false,"_kad_post_footer":false,"footnotes":""},"categories":[3],"tags":[],"class_list":["post-18488","post","type-post","status-publish","format-standard","has-post-thumbnail","hentry","category-noticias"],"yoast_head":"<!-- This site is optimized with the Yoast SEO plugin v27.5 - https:\/\/yoast.com\/product\/yoast-seo-wordpress\/ -->\n<title>Universidad del B\u00edo-B\u00edo consolida su apoyo a nuevas iniciativas productivas - VRIP<\/title>\n<meta name=\"robots\" content=\"index, follow, max-snippet:-1, max-image-preview:large, max-video-preview:-1\" \/>\n<link rel=\"canonical\" href=\"https:\/\/vrip.ubiobio.cl\/inicio\/noticias\/universidad-del-bio-bio-consolida-su-apoyo-a-nuevas-iniciativas-productivas\/\" \/>\n<meta property=\"og:locale\" content=\"es_ES\" \/>\n<meta property=\"og:type\" content=\"article\" \/>\n<meta property=\"og:title\" content=\"Universidad del B\u00edo-B\u00edo consolida su apoyo a nuevas iniciativas productivas - VRIP\" \/>\n<meta property=\"og:description\" content=\"La Unidad de Emprendimiento CREando de la Universidad del B\u00edo-B\u00edo (UBB) apoy\u00f3 diversos proyectos en las regiones del Biob\u00edo y \u00d1uble durante el 2019. De \u00e9stos, se han presentado los 39 proyectos adjudicados en los \u00faltimos 7 meses del 2019. L a Unidad de Emprendimiento de la Direcci\u00f3n de Innovaci\u00f3n de la Vicerrector\u00eda de Investigaci\u00f3n...\" \/>\n<meta property=\"og:url\" content=\"https:\/\/vrip.ubiobio.cl\/inicio\/noticias\/universidad-del-bio-bio-consolida-su-apoyo-a-nuevas-iniciativas-productivas\/\" \/>\n<meta property=\"og:site_name\" content=\"VRIP\" \/>\n<meta property=\"article:published_time\" content=\"2019-12-20T13:00:13+00:00\" \/>\n<meta property=\"article:modified_time\" content=\"2022-01-07T19:21:47+00:00\" \/>\n<meta property=\"og:image\" content=\"https:\/\/vrip.ubiobio.cl\/wp-content\/uploads\/2021\/09\/Vrip_Banner-Noticias.jpg\" \/>\n\t<meta property=\"og:image:width\" content=\"1428\" \/>\n\t<meta property=\"og:image:height\" content=\"400\" \/>\n\t<meta property=\"og:image:type\" content=\"image\/jpeg\" \/>\n<meta name=\"author\" content=\"Moderador\" \/>\n<meta name=\"twitter:card\" content=\"summary_large_image\" \/>\n<meta name=\"twitter:creator\" content=\"@vripubb\" \/>\n<meta name=\"twitter:site\" content=\"@vripubb\" \/>\n<meta name=\"twitter:label1\" content=\"Escrito por\" \/>\n\t<meta name=\"twitter:data1\" content=\"Moderador\" \/>\n\t<meta name=\"twitter:label2\" content=\"Tiempo de lectura\" \/>\n\t<meta name=\"twitter:data2\" content=\"4 minutos\" \/>\n<script type=\"application\/ld+json\" class=\"yoast-schema-graph\">{\"@context\":\"https:\\\/\\\/schema.org\",\"@graph\":[{\"@type\":\"Article\",\"@id\":\"https:\\\/\\\/vrip.ubiobio.cl\\\/inicio\\\/noticias\\\/universidad-del-bio-bio-consolida-su-apoyo-a-nuevas-iniciativas-productivas\\\/#article\",\"isPartOf\":{\"@id\":\"https:\\\/\\\/vrip.ubiobio.cl\\\/inicio\\\/noticias\\\/universidad-del-bio-bio-consolida-su-apoyo-a-nuevas-iniciativas-productivas\\\/\"},\"author\":{\"name\":\"Moderador\",\"@id\":\"https:\\\/\\\/vrip.ubiobio.cl\\\/inicio\\\/#\\\/schema\\\/person\\\/692fdff965936e115510632e7340cba2\"},\"headline\":\"Universidad del B\u00edo-B\u00edo consolida su apoyo a nuevas iniciativas productivas\",\"datePublished\":\"2019-12-20T13:00:13+00:00\",\"dateModified\":\"2022-01-07T19:21:47+00:00\",\"mainEntityOfPage\":{\"@id\":\"https:\\\/\\\/vrip.ubiobio.cl\\\/inicio\\\/noticias\\\/universidad-del-bio-bio-consolida-su-apoyo-a-nuevas-iniciativas-productivas\\\/\"},\"wordCount\":717,\"commentCount\":0,\"publisher\":{\"@id\":\"https:\\\/\\\/vrip.ubiobio.cl\\\/inicio\\\/#organization\"},\"image\":{\"@id\":\"https:\\\/\\\/vrip.ubiobio.cl\\\/inicio\\\/noticias\\\/universidad-del-bio-bio-consolida-su-apoyo-a-nuevas-iniciativas-productivas\\\/#primaryimage\"},\"thumbnailUrl\":\"https:\\\/\\\/vrip.ubiobio.cl\\\/wp-content\\\/uploads\\\/2021\\\/09\\\/Vrip_Banner-Noticias.jpg\",\"articleSection\":[\"Noticias\"],\"inLanguage\":\"es\",\"potentialAction\":[{\"@type\":\"CommentAction\",\"name\":\"Comment\",\"target\":[\"https:\\\/\\\/vrip.ubiobio.cl\\\/inicio\\\/noticias\\\/universidad-del-bio-bio-consolida-su-apoyo-a-nuevas-iniciativas-productivas\\\/#respond\"]}]},{\"@type\":\"WebPage\",\"@id\":\"https:\\\/\\\/vrip.ubiobio.cl\\\/inicio\\\/noticias\\\/universidad-del-bio-bio-consolida-su-apoyo-a-nuevas-iniciativas-productivas\\\/\",\"url\":\"https:\\\/\\\/vrip.ubiobio.cl\\\/inicio\\\/noticias\\\/universidad-del-bio-bio-consolida-su-apoyo-a-nuevas-iniciativas-productivas\\\/\",\"name\":\"Universidad del B\u00edo-B\u00edo consolida su apoyo a nuevas iniciativas productivas - VRIP\",\"isPartOf\":{\"@id\":\"https:\\\/\\\/vrip.ubiobio.cl\\\/inicio\\\/#website\"},\"primaryImageOfPage\":{\"@id\":\"https:\\\/\\\/vrip.ubiobio.cl\\\/inicio\\\/noticias\\\/universidad-del-bio-bio-consolida-su-apoyo-a-nuevas-iniciativas-productivas\\\/#primaryimage\"},\"image\":{\"@id\":\"https:\\\/\\\/vrip.ubiobio.cl\\\/inicio\\\/noticias\\\/universidad-del-bio-bio-consolida-su-apoyo-a-nuevas-iniciativas-productivas\\\/#primaryimage\"},\"thumbnailUrl\":\"https:\\\/\\\/vrip.ubiobio.cl\\\/wp-content\\\/uploads\\\/2021\\\/09\\\/Vrip_Banner-Noticias.jpg\",\"datePublished\":\"2019-12-20T13:00:13+00:00\",\"dateModified\":\"2022-01-07T19:21:47+00:00\",\"breadcrumb\":{\"@id\":\"https:\\\/\\\/vrip.ubiobio.cl\\\/inicio\\\/noticias\\\/universidad-del-bio-bio-consolida-su-apoyo-a-nuevas-iniciativas-productivas\\\/#breadcrumb\"},\"inLanguage\":\"es\",\"potentialAction\":[{\"@type\":\"ReadAction\",\"target\":[\"https:\\\/\\\/vrip.ubiobio.cl\\\/inicio\\\/noticias\\\/universidad-del-bio-bio-consolida-su-apoyo-a-nuevas-iniciativas-productivas\\\/\"]}]},{\"@type\":\"ImageObject\",\"inLanguage\":\"es\",\"@id\":\"https:\\\/\\\/vrip.ubiobio.cl\\\/inicio\\\/noticias\\\/universidad-del-bio-bio-consolida-su-apoyo-a-nuevas-iniciativas-productivas\\\/#primaryimage\",\"url\":\"https:\\\/\\\/vrip.ubiobio.cl\\\/wp-content\\\/uploads\\\/2021\\\/09\\\/Vrip_Banner-Noticias.jpg\",\"contentUrl\":\"https:\\\/\\\/vrip.ubiobio.cl\\\/wp-content\\\/uploads\\\/2021\\\/09\\\/Vrip_Banner-Noticias.jpg\",\"width\":1428,\"height\":400},{\"@type\":\"BreadcrumbList\",\"@id\":\"https:\\\/\\\/vrip.ubiobio.cl\\\/inicio\\\/noticias\\\/universidad-del-bio-bio-consolida-su-apoyo-a-nuevas-iniciativas-productivas\\\/#breadcrumb\",\"itemListElement\":[{\"@type\":\"ListItem\",\"position\":1,\"name\":\"Portada\",\"item\":\"https:\\\/\\\/vrip.ubiobio.cl\\\/inicio\\\/\"},{\"@type\":\"ListItem\",\"position\":2,\"name\":\"Universidad del B\u00edo-B\u00edo consolida su apoyo a nuevas iniciativas productivas\"}]},{\"@type\":\"WebSite\",\"@id\":\"https:\\\/\\\/vrip.ubiobio.cl\\\/inicio\\\/#website\",\"url\":\"https:\\\/\\\/vrip.ubiobio.cl\\\/inicio\\\/\",\"name\":\"VRIP\",\"description\":\"Vicerrector\u00eda de Investigaci\u00f3n y Postgrado\",\"publisher\":{\"@id\":\"https:\\\/\\\/vrip.ubiobio.cl\\\/inicio\\\/#organization\"},\"potentialAction\":[{\"@type\":\"SearchAction\",\"target\":{\"@type\":\"EntryPoint\",\"urlTemplate\":\"https:\\\/\\\/vrip.ubiobio.cl\\\/inicio\\\/?s={search_term_string}\"},\"query-input\":{\"@type\":\"PropertyValueSpecification\",\"valueRequired\":true,\"valueName\":\"search_term_string\"}}],\"inLanguage\":\"es\"},{\"@type\":\"Organization\",\"@id\":\"https:\\\/\\\/vrip.ubiobio.cl\\\/inicio\\\/#organization\",\"name\":\"VRIP\",\"url\":\"https:\\\/\\\/vrip.ubiobio.cl\\\/inicio\\\/\",\"logo\":{\"@type\":\"ImageObject\",\"inLanguage\":\"es\",\"@id\":\"https:\\\/\\\/vrip.ubiobio.cl\\\/inicio\\\/#\\\/schema\\\/logo\\\/image\\\/\",\"url\":\"https:\\\/\\\/vrip.ubiobio.cl\\\/wp-content\\\/uploads\\\/2022\\\/10\\\/logo-vrip_Mesa-de-trabajo-1.png\",\"contentUrl\":\"https:\\\/\\\/vrip.ubiobio.cl\\\/wp-content\\\/uploads\\\/2022\\\/10\\\/logo-vrip_Mesa-de-trabajo-1.png\",\"width\":642,\"height\":178,\"caption\":\"VRIP\"},\"image\":{\"@id\":\"https:\\\/\\\/vrip.ubiobio.cl\\\/inicio\\\/#\\\/schema\\\/logo\\\/image\\\/\"},\"sameAs\":[\"https:\\\/\\\/x.com\\\/vripubb\",\"https:\\\/\\\/www.instagram.com\\\/vrip_ubb\\\/\",\"https:\\\/\\\/www.youtube.com\\\/channel\\\/UCf7o8yHRJ7Y_QQLxwu1KQgA\",\"https:\\\/\\\/www.linkedin.com\\\/company\\\/96035097\\\/admin\\\/dashboard\\\/\"]},{\"@type\":\"Person\",\"@id\":\"https:\\\/\\\/vrip.ubiobio.cl\\\/inicio\\\/#\\\/schema\\\/person\\\/692fdff965936e115510632e7340cba2\",\"name\":\"Moderador\",\"image\":{\"@type\":\"ImageObject\",\"inLanguage\":\"es\",\"@id\":\"https:\\\/\\\/secure.gravatar.com\\\/avatar\\\/d16ec183e637d727e6c6574e3768aa439442611065e2b4f983793af8bb630edc?s=96&d=mm&r=g\",\"url\":\"https:\\\/\\\/secure.gravatar.com\\\/avatar\\\/d16ec183e637d727e6c6574e3768aa439442611065e2b4f983793af8bb630edc?s=96&d=mm&r=g\",\"contentUrl\":\"https:\\\/\\\/secure.gravatar.com\\\/avatar\\\/d16ec183e637d727e6c6574e3768aa439442611065e2b4f983793af8bb630edc?s=96&d=mm&r=g\",\"caption\":\"Moderador\"},\"url\":\"https:\\\/\\\/vrip.ubiobio.cl\\\/inicio\\\/author\\\/dago\\\/\"}]}<\/script>\n<!-- \/ Yoast SEO plugin. -->","yoast_head_json":{"title":"Universidad del B\u00edo-B\u00edo consolida su apoyo a nuevas iniciativas productivas - VRIP","robots":{"index":"index","follow":"follow","max-snippet":"max-snippet:-1","max-image-preview":"max-image-preview:large","max-video-preview":"max-video-preview:-1"},"canonical":"https:\/\/vrip.ubiobio.cl\/inicio\/noticias\/universidad-del-bio-bio-consolida-su-apoyo-a-nuevas-iniciativas-productivas\/","og_locale":"es_ES","og_type":"article","og_title":"Universidad del B\u00edo-B\u00edo consolida su apoyo a nuevas iniciativas productivas - VRIP","og_description":"La Unidad de Emprendimiento CREando de la Universidad del B\u00edo-B\u00edo (UBB) apoy\u00f3 diversos proyectos en las regiones del Biob\u00edo y \u00d1uble durante el 2019. De \u00e9stos, se han presentado los 39 proyectos adjudicados en los \u00faltimos 7 meses del 2019. L a Unidad de Emprendimiento de la Direcci\u00f3n de Innovaci\u00f3n de la Vicerrector\u00eda de Investigaci\u00f3n...","og_url":"https:\/\/vrip.ubiobio.cl\/inicio\/noticias\/universidad-del-bio-bio-consolida-su-apoyo-a-nuevas-iniciativas-productivas\/","og_site_name":"VRIP","article_published_time":"2019-12-20T13:00:13+00:00","article_modified_time":"2022-01-07T19:21:47+00:00","og_image":[{"width":1428,"height":400,"url":"https:\/\/vrip.ubiobio.cl\/wp-content\/uploads\/2021\/09\/Vrip_Banner-Noticias.jpg","type":"image\/jpeg"}],"author":"Moderador","twitter_card":"summary_large_image","twitter_creator":"@vripubb","twitter_site":"@vripubb","twitter_misc":{"Escrito por":"Moderador","Tiempo de lectura":"4 minutos"},"schema":{"@context":"https:\/\/schema.org","@graph":[{"@type":"Article","@id":"https:\/\/vrip.ubiobio.cl\/inicio\/noticias\/universidad-del-bio-bio-consolida-su-apoyo-a-nuevas-iniciativas-productivas\/#article","isPartOf":{"@id":"https:\/\/vrip.ubiobio.cl\/inicio\/noticias\/universidad-del-bio-bio-consolida-su-apoyo-a-nuevas-iniciativas-productivas\/"},"author":{"name":"Moderador","@id":"https:\/\/vrip.ubiobio.cl\/inicio\/#\/schema\/person\/692fdff965936e115510632e7340cba2"},"headline":"Universidad del B\u00edo-B\u00edo consolida su apoyo a nuevas iniciativas productivas","datePublished":"2019-12-20T13:00:13+00:00","dateModified":"2022-01-07T19:21:47+00:00","mainEntityOfPage":{"@id":"https:\/\/vrip.ubiobio.cl\/inicio\/noticias\/universidad-del-bio-bio-consolida-su-apoyo-a-nuevas-iniciativas-productivas\/"},"wordCount":717,"commentCount":0,"publisher":{"@id":"https:\/\/vrip.ubiobio.cl\/inicio\/#organization"},"image":{"@id":"https:\/\/vrip.ubiobio.cl\/inicio\/noticias\/universidad-del-bio-bio-consolida-su-apoyo-a-nuevas-iniciativas-productivas\/#primaryimage"},"thumbnailUrl":"https:\/\/vrip.ubiobio.cl\/wp-content\/uploads\/2021\/09\/Vrip_Banner-Noticias.jpg","articleSection":["Noticias"],"inLanguage":"es","potentialAction":[{"@type":"CommentAction","name":"Comment","target":["https:\/\/vrip.ubiobio.cl\/inicio\/noticias\/universidad-del-bio-bio-consolida-su-apoyo-a-nuevas-iniciativas-productivas\/#respond"]}]},{"@type":"WebPage","@id":"https:\/\/vrip.ubiobio.cl\/inicio\/noticias\/universidad-del-bio-bio-consolida-su-apoyo-a-nuevas-iniciativas-productivas\/","url":"https:\/\/vrip.ubiobio.cl\/inicio\/noticias\/universidad-del-bio-bio-consolida-su-apoyo-a-nuevas-iniciativas-productivas\/","name":"Universidad del B\u00edo-B\u00edo consolida su apoyo a nuevas iniciativas productivas - VRIP","isPartOf":{"@id":"https:\/\/vrip.ubiobio.cl\/inicio\/#website"},"primaryImageOfPage":{"@id":"https:\/\/vrip.ubiobio.cl\/inicio\/noticias\/universidad-del-bio-bio-consolida-su-apoyo-a-nuevas-iniciativas-productivas\/#primaryimage"},"image":{"@id":"https:\/\/vrip.ubiobio.cl\/inicio\/noticias\/universidad-del-bio-bio-consolida-su-apoyo-a-nuevas-iniciativas-productivas\/#primaryimage"},"thumbnailUrl":"https:\/\/vrip.ubiobio.cl\/wp-content\/uploads\/2021\/09\/Vrip_Banner-Noticias.jpg","datePublished":"2019-12-20T13:00:13+00:00","dateModified":"2022-01-07T19:21:47+00:00","breadcrumb":{"@id":"https:\/\/vrip.ubiobio.cl\/inicio\/noticias\/universidad-del-bio-bio-consolida-su-apoyo-a-nuevas-iniciativas-productivas\/#breadcrumb"},"inLanguage":"es","potentialAction":[{"@type":"ReadAction","target":["https:\/\/vrip.ubiobio.cl\/inicio\/noticias\/universidad-del-bio-bio-consolida-su-apoyo-a-nuevas-iniciativas-productivas\/"]}]},{"@type":"ImageObject","inLanguage":"es","@id":"https:\/\/vrip.ubiobio.cl\/inicio\/noticias\/universidad-del-bio-bio-consolida-su-apoyo-a-nuevas-iniciativas-productivas\/#primaryimage","url":"https:\/\/vrip.ubiobio.cl\/wp-content\/uploads\/2021\/09\/Vrip_Banner-Noticias.jpg","contentUrl":"https:\/\/vrip.ubiobio.cl\/wp-content\/uploads\/2021\/09\/Vrip_Banner-Noticias.jpg","width":1428,"height":400},{"@type":"BreadcrumbList","@id":"https:\/\/vrip.ubiobio.cl\/inicio\/noticias\/universidad-del-bio-bio-consolida-su-apoyo-a-nuevas-iniciativas-productivas\/#breadcrumb","itemListElement":[{"@type":"ListItem","position":1,"name":"Portada","item":"https:\/\/vrip.ubiobio.cl\/inicio\/"},{"@type":"ListItem","position":2,"name":"Universidad del B\u00edo-B\u00edo consolida su apoyo a nuevas iniciativas productivas"}]},{"@type":"WebSite","@id":"https:\/\/vrip.ubiobio.cl\/inicio\/#website","url":"https:\/\/vrip.ubiobio.cl\/inicio\/","name":"VRIP","description":"Vicerrector\u00eda de Investigaci\u00f3n y Postgrado","publisher":{"@id":"https:\/\/vrip.ubiobio.cl\/inicio\/#organization"},"potentialAction":[{"@type":"SearchAction","target":{"@type":"EntryPoint","urlTemplate":"https:\/\/vrip.ubiobio.cl\/inicio\/?s={search_term_string}"},"query-input":{"@type":"PropertyValueSpecification","valueRequired":true,"valueName":"search_term_string"}}],"inLanguage":"es"},{"@type":"Organization","@id":"https:\/\/vrip.ubiobio.cl\/inicio\/#organization","name":"VRIP","url":"https:\/\/vrip.ubiobio.cl\/inicio\/","logo":{"@type":"ImageObject","inLanguage":"es","@id":"https:\/\/vrip.ubiobio.cl\/inicio\/#\/schema\/logo\/image\/","url":"https:\/\/vrip.ubiobio.cl\/wp-content\/uploads\/2022\/10\/logo-vrip_Mesa-de-trabajo-1.png","contentUrl":"https:\/\/vrip.ubiobio.cl\/wp-content\/uploads\/2022\/10\/logo-vrip_Mesa-de-trabajo-1.png","width":642,"height":178,"caption":"VRIP"},"image":{"@id":"https:\/\/vrip.ubiobio.cl\/inicio\/#\/schema\/logo\/image\/"},"sameAs":["https:\/\/x.com\/vripubb","https:\/\/www.instagram.com\/vrip_ubb\/","https:\/\/www.youtube.com\/channel\/UCf7o8yHRJ7Y_QQLxwu1KQgA","https:\/\/www.linkedin.com\/company\/96035097\/admin\/dashboard\/"]},{"@type":"Person","@id":"https:\/\/vrip.ubiobio.cl\/inicio\/#\/schema\/person\/692fdff965936e115510632e7340cba2","name":"Moderador","image":{"@type":"ImageObject","inLanguage":"es","@id":"https:\/\/secure.gravatar.com\/avatar\/d16ec183e637d727e6c6574e3768aa439442611065e2b4f983793af8bb630edc?s=96&d=mm&r=g","url":"https:\/\/secure.gravatar.com\/avatar\/d16ec183e637d727e6c6574e3768aa439442611065e2b4f983793af8bb630edc?s=96&d=mm&r=g","contentUrl":"https:\/\/secure.gravatar.com\/avatar\/d16ec183e637d727e6c6574e3768aa439442611065e2b4f983793af8bb630edc?s=96&d=mm&r=g","caption":"Moderador"},"url":"https:\/\/vrip.ubiobio.cl\/inicio\/author\/dago\/"}]}},"_links":{"self":[{"href":"https:\/\/vrip.ubiobio.cl\/inicio\/wp-json\/wp\/v2\/posts\/18488","targetHints":{"allow":["GET"]}}],"collection":[{"href":"https:\/\/vrip.ubiobio.cl\/inicio\/wp-json\/wp\/v2\/posts"}],"about":[{"href":"https:\/\/vrip.ubiobio.cl\/inicio\/wp-json\/wp\/v2\/types\/post"}],"author":[{"embeddable":true,"href":"https:\/\/vrip.ubiobio.cl\/inicio\/wp-json\/wp\/v2\/users\/4"}],"replies":[{"embeddable":true,"href":"https:\/\/vrip.ubiobio.cl\/inicio\/wp-json\/wp\/v2\/comments?post=18488"}],"version-history":[{"count":2,"href":"https:\/\/vrip.ubiobio.cl\/inicio\/wp-json\/wp\/v2\/posts\/18488\/revisions"}],"predecessor-version":[{"id":24768,"href":"https:\/\/vrip.ubiobio.cl\/inicio\/wp-json\/wp\/v2\/posts\/18488\/revisions\/24768"}],"wp:featuredmedia":[{"embeddable":true,"href":"https:\/\/vrip.ubiobio.cl\/inicio\/wp-json\/wp\/v2\/media\/24658"}],"wp:attachment":[{"href":"https:\/\/vrip.ubiobio.cl\/inicio\/wp-json\/wp\/v2\/media?parent=18488"}],"wp:term":[{"taxonomy":"category","embeddable":true,"href":"https:\/\/vrip.ubiobio.cl\/inicio\/wp-json\/wp\/v2\/categories?post=18488"},{"taxonomy":"post_tag","embeddable":true,"href":"https:\/\/vrip.ubiobio.cl\/inicio\/wp-json\/wp\/v2\/tags?post=18488"}],"curies":[{"name":"wp","href":"https:\/\/api.w.org\/{rel}","templated":true}]}}