{"id":18320,"date":"2019-11-18T11:14:34","date_gmt":"2019-11-18T14:14:34","guid":{"rendered":"http:\/\/vrip.ubiobio.cl\/vrip\/?p=18320"},"modified":"2022-01-07T19:16:27","modified_gmt":"2022-01-07T19:16:27","slug":"conicyt-informa","status":"publish","type":"post","link":"https:\/\/vrip.ubiobio.cl\/inicio\/noticias\/conicyt-informa\/","title":{"rendered":"Conicyt informa sobre plazos y postulaciones a fondos concursables vigentes"},"content":{"rendered":"<p><span style=\"color: var(--global-palette4); font-family: var(--global-body-font-family);\">En atenci\u00f3n al impacto que el acontecer social y pol\u00edtico ha tenido en el funcionamiento de algunas instituciones y al trabajo coordinado realizado con las Vicerrector\u00edas de Investigaci\u00f3n de las distintas Universidades nacionales, comunicamos lo siguiente:<\/span><\/p>\n<div class=\"perfect-pullquote  pullquote-align-right\" style=\"font-size:15px !important;\"><blockquote><p style=\"font-size:15px !important;\">Invitamos, una vez m\u00e1s, a aquellos postulantes que est\u00e1n en condiciones de cumplir los plazos establecidos originalmente a que, por favor, lo hagan, ya que estas extensiones impactan directamente en los plazos de fallo, convenios y transferencias, adem\u00e1s de alterar la coordinaci\u00f3n del sistema.<\/p><\/blockquote><\/div>\n<ol>\n<li>Para los\u00a0<strong>procesos de\u00a0postulaci\u00f3n de Becas Nacionales de Doctorado y Mag\u00edster<\/strong>, cumplir con los plazos establecidos de cierre de las postulaciones vigentes es fundamental en su procesamiento a tiempo para la entrega de recursos, de manera coordinada con los requisitos de los becarios. En raz\u00f3n de lo anterior,\u00a0<u>mantendremos las fechas de cierre de concursos<\/u>, en la medida que la disponibilidad de los certificados necesarios para la admisibilidad de las postulaciones desde las Universidades, lo permita. En caso de ser necesaria una extensi\u00f3n, \u00e9sta se comunicar\u00e1 dentro de los pr\u00f3ximos d\u00edas.<\/li>\n<\/ol>\n<ol start=\"2\">\n<li>El proceso de\u00a0<strong>renovaci\u00f3n de Becas<\/strong>, se realizar\u00e1 con la documentaci\u00f3n que los becarios posean al 31 de enero de 2020. Las manutenciones se pagar\u00e1n con normalidad.<\/li>\n<\/ol>\n<ol start=\"3\">\n<li>En relaci\u00f3n al concurso de\u00a0Anillos para la Regi\u00f3n de O\u00b4Higgins, se extiende la fecha del proceso de postulaci\u00f3n hasta el 28 de noviembre 2019.<\/li>\n<\/ol>\n<ol start=\"4\">\n<li>Respecto de la solicitud al Comit\u00e9 de \u00c9tica\/Bio\u00e9tica\/Bioseguridad de los proyectos\u00a0<strong>Fondef\u00a0<\/strong>y\u00a0<strong>Fonis<\/strong>\u00a0adjudicados en el 2019, se permitir\u00eda de manera excepcional obtener la primera transferencia del proyecto con el\u00a0<u>comprobante formal<\/u>\u00a0que acredite que dicha solicitud fue presentada.<\/li>\n<\/ol>\n<ol start=\"5\">\n<li>En el caso del concurso abierto para\u00a0<strong>N\u00facleos Milenio<\/strong>, se est\u00e1n conversando posibles cambios en el calendario con los evaluadores internacionales. En base al resultado de este di\u00e1logo, se comunicar\u00e1 si es posible una nueva fecha de cierre para el proceso de postulaci\u00f3n.<\/li>\n<\/ol>\n<ol start=\"6\">\n<li>Para el concurso\u00a0<strong>Fondequip\u00a0<\/strong>regional, se mantiene la fecha de cierre del proceso de postulaci\u00f3n, sin embargo, de manera excepcional, se permitir\u00e1 la presentaci\u00f3n de las cartas de apoyo institucional al momento de la firma del Convenio y no de la postulaci\u00f3n.<\/li>\n<\/ol>\n<ol start=\"7\">\n<li>En el caso de concurso de\u00a0<strong>APEX<\/strong>, la fecha de cierrre de postulaci\u00f3n se extiende hasta el 28 de noviembre 2019.<\/li>\n<\/ol>\n<p>Invitamos, una vez m\u00e1s, a aquellos postulantes que est\u00e1n en condiciones de cumplir los plazos establecidos originalmente a que, por favor, lo hagan, ya que estas extensiones impactan directamente en los plazos de fallo, convenios y transferencias, adem\u00e1s de alterar la coordinaci\u00f3n del sistema.<\/p>\n<p>Por \u00faltimo, reiteramos que estamos en constante monitoreo de los procesos y en comunicaci\u00f3n con las Universidades, por lo que informaremos en el menor tiempo posible, las situaciones que a\u00fan siguen pendientes.<\/p>\n<p>Fuente. Conicyt<\/p>\n<p><a href=\"https:\/\/www.conicyt.cl\">https:\/\/www.conicyt.cl\u00a0<\/a><\/p>\n","protected":false},"excerpt":{"rendered":"<p>En atenci\u00f3n al impacto que el acontecer social y pol\u00edtico ha tenido en el funcionamiento de algunas instituciones y al trabajo coordinado realizado con las Vicerrector\u00edas de Investigaci\u00f3n de las distintas Universidades nacionales, comunicamos lo siguiente: Para los\u00a0procesos de\u00a0postulaci\u00f3n de Becas Nacionales de Doctorado y Mag\u00edster, cumplir con los plazos establecidos de cierre de las&#8230;<\/p>\n","protected":false},"author":4,"featured_media":24658,"comment_status":"open","ping_status":"closed","sticky":false,"template":"","format":"standard","meta":{"_kadence_starter_templates_imported_post":false,"_kad_post_transparent":"default","_kad_post_title":"default","_kad_post_layout":"default","_kad_post_sidebar_id":"","_kad_post_content_style":"default","_kad_post_vertical_padding":"default","_kad_post_feature":"","_kad_post_feature_position":"","_kad_post_header":false,"_kad_post_footer":false,"footnotes":""},"categories":[3],"tags":[],"class_list":["post-18320","post","type-post","status-publish","format-standard","has-post-thumbnail","hentry","category-noticias"],"yoast_head":"<!-- This site is optimized with the Yoast SEO plugin v27.5 - https:\/\/yoast.com\/product\/yoast-seo-wordpress\/ -->\n<title>Conicyt informa sobre plazos y postulaciones a fondos concursables vigentes - VRIP<\/title>\n<meta name=\"robots\" content=\"index, follow, max-snippet:-1, max-image-preview:large, max-video-preview:-1\" \/>\n<link rel=\"canonical\" href=\"https:\/\/vrip.ubiobio.cl\/inicio\/noticias\/conicyt-informa\/\" \/>\n<meta property=\"og:locale\" content=\"es_ES\" \/>\n<meta property=\"og:type\" content=\"article\" \/>\n<meta property=\"og:title\" content=\"Conicyt informa sobre plazos y postulaciones a fondos concursables vigentes - VRIP\" \/>\n<meta property=\"og:description\" content=\"En atenci\u00f3n al impacto que el acontecer social y pol\u00edtico ha tenido en el funcionamiento de algunas instituciones y al trabajo coordinado realizado con las Vicerrector\u00edas de Investigaci\u00f3n de las distintas Universidades nacionales, comunicamos lo siguiente: Para los\u00a0procesos de\u00a0postulaci\u00f3n de Becas Nacionales de Doctorado y Mag\u00edster, cumplir con los plazos establecidos de cierre de las...\" \/>\n<meta property=\"og:url\" content=\"https:\/\/vrip.ubiobio.cl\/inicio\/noticias\/conicyt-informa\/\" \/>\n<meta property=\"og:site_name\" content=\"VRIP\" \/>\n<meta property=\"article:published_time\" content=\"2019-11-18T14:14:34+00:00\" \/>\n<meta property=\"article:modified_time\" content=\"2022-01-07T19:16:27+00:00\" \/>\n<meta property=\"og:image\" content=\"https:\/\/vrip.ubiobio.cl\/wp-content\/uploads\/2021\/09\/Vrip_Banner-Noticias.jpg\" \/>\n\t<meta property=\"og:image:width\" content=\"1428\" \/>\n\t<meta property=\"og:image:height\" content=\"400\" \/>\n\t<meta property=\"og:image:type\" content=\"image\/jpeg\" \/>\n<meta name=\"author\" content=\"Moderador\" \/>\n<meta name=\"twitter:card\" content=\"summary_large_image\" \/>\n<meta name=\"twitter:creator\" content=\"@vripubb\" \/>\n<meta name=\"twitter:site\" content=\"@vripubb\" \/>\n<meta name=\"twitter:label1\" content=\"Escrito por\" \/>\n\t<meta name=\"twitter:data1\" content=\"Moderador\" \/>\n\t<meta name=\"twitter:label2\" content=\"Tiempo de lectura\" \/>\n\t<meta name=\"twitter:data2\" content=\"2 minutos\" \/>\n<script type=\"application\/ld+json\" class=\"yoast-schema-graph\">{\"@context\":\"https:\\\/\\\/schema.org\",\"@graph\":[{\"@type\":\"Article\",\"@id\":\"https:\\\/\\\/vrip.ubiobio.cl\\\/inicio\\\/noticias\\\/conicyt-informa\\\/#article\",\"isPartOf\":{\"@id\":\"https:\\\/\\\/vrip.ubiobio.cl\\\/inicio\\\/noticias\\\/conicyt-informa\\\/\"},\"author\":{\"name\":\"Moderador\",\"@id\":\"https:\\\/\\\/vrip.ubiobio.cl\\\/inicio\\\/#\\\/schema\\\/person\\\/692fdff965936e115510632e7340cba2\"},\"headline\":\"Conicyt informa sobre plazos y postulaciones a fondos concursables vigentes\",\"datePublished\":\"2019-11-18T14:14:34+00:00\",\"dateModified\":\"2022-01-07T19:16:27+00:00\",\"mainEntityOfPage\":{\"@id\":\"https:\\\/\\\/vrip.ubiobio.cl\\\/inicio\\\/noticias\\\/conicyt-informa\\\/\"},\"wordCount\":503,\"commentCount\":0,\"publisher\":{\"@id\":\"https:\\\/\\\/vrip.ubiobio.cl\\\/inicio\\\/#organization\"},\"image\":{\"@id\":\"https:\\\/\\\/vrip.ubiobio.cl\\\/inicio\\\/noticias\\\/conicyt-informa\\\/#primaryimage\"},\"thumbnailUrl\":\"https:\\\/\\\/vrip.ubiobio.cl\\\/wp-content\\\/uploads\\\/2021\\\/09\\\/Vrip_Banner-Noticias.jpg\",\"articleSection\":[\"Noticias\"],\"inLanguage\":\"es\",\"potentialAction\":[{\"@type\":\"CommentAction\",\"name\":\"Comment\",\"target\":[\"https:\\\/\\\/vrip.ubiobio.cl\\\/inicio\\\/noticias\\\/conicyt-informa\\\/#respond\"]}]},{\"@type\":\"WebPage\",\"@id\":\"https:\\\/\\\/vrip.ubiobio.cl\\\/inicio\\\/noticias\\\/conicyt-informa\\\/\",\"url\":\"https:\\\/\\\/vrip.ubiobio.cl\\\/inicio\\\/noticias\\\/conicyt-informa\\\/\",\"name\":\"Conicyt informa sobre plazos y postulaciones a fondos concursables vigentes - VRIP\",\"isPartOf\":{\"@id\":\"https:\\\/\\\/vrip.ubiobio.cl\\\/inicio\\\/#website\"},\"primaryImageOfPage\":{\"@id\":\"https:\\\/\\\/vrip.ubiobio.cl\\\/inicio\\\/noticias\\\/conicyt-informa\\\/#primaryimage\"},\"image\":{\"@id\":\"https:\\\/\\\/vrip.ubiobio.cl\\\/inicio\\\/noticias\\\/conicyt-informa\\\/#primaryimage\"},\"thumbnailUrl\":\"https:\\\/\\\/vrip.ubiobio.cl\\\/wp-content\\\/uploads\\\/2021\\\/09\\\/Vrip_Banner-Noticias.jpg\",\"datePublished\":\"2019-11-18T14:14:34+00:00\",\"dateModified\":\"2022-01-07T19:16:27+00:00\",\"breadcrumb\":{\"@id\":\"https:\\\/\\\/vrip.ubiobio.cl\\\/inicio\\\/noticias\\\/conicyt-informa\\\/#breadcrumb\"},\"inLanguage\":\"es\",\"potentialAction\":[{\"@type\":\"ReadAction\",\"target\":[\"https:\\\/\\\/vrip.ubiobio.cl\\\/inicio\\\/noticias\\\/conicyt-informa\\\/\"]}]},{\"@type\":\"ImageObject\",\"inLanguage\":\"es\",\"@id\":\"https:\\\/\\\/vrip.ubiobio.cl\\\/inicio\\\/noticias\\\/conicyt-informa\\\/#primaryimage\",\"url\":\"https:\\\/\\\/vrip.ubiobio.cl\\\/wp-content\\\/uploads\\\/2021\\\/09\\\/Vrip_Banner-Noticias.jpg\",\"contentUrl\":\"https:\\\/\\\/vrip.ubiobio.cl\\\/wp-content\\\/uploads\\\/2021\\\/09\\\/Vrip_Banner-Noticias.jpg\",\"width\":1428,\"height\":400},{\"@type\":\"BreadcrumbList\",\"@id\":\"https:\\\/\\\/vrip.ubiobio.cl\\\/inicio\\\/noticias\\\/conicyt-informa\\\/#breadcrumb\",\"itemListElement\":[{\"@type\":\"ListItem\",\"position\":1,\"name\":\"Portada\",\"item\":\"https:\\\/\\\/vrip.ubiobio.cl\\\/inicio\\\/\"},{\"@type\":\"ListItem\",\"position\":2,\"name\":\"Conicyt informa sobre plazos y postulaciones a fondos concursables vigentes\"}]},{\"@type\":\"WebSite\",\"@id\":\"https:\\\/\\\/vrip.ubiobio.cl\\\/inicio\\\/#website\",\"url\":\"https:\\\/\\\/vrip.ubiobio.cl\\\/inicio\\\/\",\"name\":\"VRIP\",\"description\":\"Vicerrector\u00eda de Investigaci\u00f3n y Postgrado\",\"publisher\":{\"@id\":\"https:\\\/\\\/vrip.ubiobio.cl\\\/inicio\\\/#organization\"},\"potentialAction\":[{\"@type\":\"SearchAction\",\"target\":{\"@type\":\"EntryPoint\",\"urlTemplate\":\"https:\\\/\\\/vrip.ubiobio.cl\\\/inicio\\\/?s={search_term_string}\"},\"query-input\":{\"@type\":\"PropertyValueSpecification\",\"valueRequired\":true,\"valueName\":\"search_term_string\"}}],\"inLanguage\":\"es\"},{\"@type\":\"Organization\",\"@id\":\"https:\\\/\\\/vrip.ubiobio.cl\\\/inicio\\\/#organization\",\"name\":\"VRIP\",\"url\":\"https:\\\/\\\/vrip.ubiobio.cl\\\/inicio\\\/\",\"logo\":{\"@type\":\"ImageObject\",\"inLanguage\":\"es\",\"@id\":\"https:\\\/\\\/vrip.ubiobio.cl\\\/inicio\\\/#\\\/schema\\\/logo\\\/image\\\/\",\"url\":\"https:\\\/\\\/vrip.ubiobio.cl\\\/wp-content\\\/uploads\\\/2022\\\/10\\\/logo-vrip_Mesa-de-trabajo-1.png\",\"contentUrl\":\"https:\\\/\\\/vrip.ubiobio.cl\\\/wp-content\\\/uploads\\\/2022\\\/10\\\/logo-vrip_Mesa-de-trabajo-1.png\",\"width\":642,\"height\":178,\"caption\":\"VRIP\"},\"image\":{\"@id\":\"https:\\\/\\\/vrip.ubiobio.cl\\\/inicio\\\/#\\\/schema\\\/logo\\\/image\\\/\"},\"sameAs\":[\"https:\\\/\\\/x.com\\\/vripubb\",\"https:\\\/\\\/www.instagram.com\\\/vrip_ubb\\\/\",\"https:\\\/\\\/www.youtube.com\\\/channel\\\/UCf7o8yHRJ7Y_QQLxwu1KQgA\",\"https:\\\/\\\/www.linkedin.com\\\/company\\\/96035097\\\/admin\\\/dashboard\\\/\"]},{\"@type\":\"Person\",\"@id\":\"https:\\\/\\\/vrip.ubiobio.cl\\\/inicio\\\/#\\\/schema\\\/person\\\/692fdff965936e115510632e7340cba2\",\"name\":\"Moderador\",\"image\":{\"@type\":\"ImageObject\",\"inLanguage\":\"es\",\"@id\":\"https:\\\/\\\/secure.gravatar.com\\\/avatar\\\/d16ec183e637d727e6c6574e3768aa439442611065e2b4f983793af8bb630edc?s=96&d=mm&r=g\",\"url\":\"https:\\\/\\\/secure.gravatar.com\\\/avatar\\\/d16ec183e637d727e6c6574e3768aa439442611065e2b4f983793af8bb630edc?s=96&d=mm&r=g\",\"contentUrl\":\"https:\\\/\\\/secure.gravatar.com\\\/avatar\\\/d16ec183e637d727e6c6574e3768aa439442611065e2b4f983793af8bb630edc?s=96&d=mm&r=g\",\"caption\":\"Moderador\"},\"url\":\"https:\\\/\\\/vrip.ubiobio.cl\\\/inicio\\\/author\\\/dago\\\/\"}]}<\/script>\n<!-- \/ Yoast SEO plugin. -->","yoast_head_json":{"title":"Conicyt informa sobre plazos y postulaciones a fondos concursables vigentes - VRIP","robots":{"index":"index","follow":"follow","max-snippet":"max-snippet:-1","max-image-preview":"max-image-preview:large","max-video-preview":"max-video-preview:-1"},"canonical":"https:\/\/vrip.ubiobio.cl\/inicio\/noticias\/conicyt-informa\/","og_locale":"es_ES","og_type":"article","og_title":"Conicyt informa sobre plazos y postulaciones a fondos concursables vigentes - VRIP","og_description":"En atenci\u00f3n al impacto que el acontecer social y pol\u00edtico ha tenido en el funcionamiento de algunas instituciones y al trabajo coordinado realizado con las Vicerrector\u00edas de Investigaci\u00f3n de las distintas Universidades nacionales, comunicamos lo siguiente: Para los\u00a0procesos de\u00a0postulaci\u00f3n de Becas Nacionales de Doctorado y Mag\u00edster, cumplir con los plazos establecidos de cierre de las...","og_url":"https:\/\/vrip.ubiobio.cl\/inicio\/noticias\/conicyt-informa\/","og_site_name":"VRIP","article_published_time":"2019-11-18T14:14:34+00:00","article_modified_time":"2022-01-07T19:16:27+00:00","og_image":[{"width":1428,"height":400,"url":"https:\/\/vrip.ubiobio.cl\/wp-content\/uploads\/2021\/09\/Vrip_Banner-Noticias.jpg","type":"image\/jpeg"}],"author":"Moderador","twitter_card":"summary_large_image","twitter_creator":"@vripubb","twitter_site":"@vripubb","twitter_misc":{"Escrito por":"Moderador","Tiempo de lectura":"2 minutos"},"schema":{"@context":"https:\/\/schema.org","@graph":[{"@type":"Article","@id":"https:\/\/vrip.ubiobio.cl\/inicio\/noticias\/conicyt-informa\/#article","isPartOf":{"@id":"https:\/\/vrip.ubiobio.cl\/inicio\/noticias\/conicyt-informa\/"},"author":{"name":"Moderador","@id":"https:\/\/vrip.ubiobio.cl\/inicio\/#\/schema\/person\/692fdff965936e115510632e7340cba2"},"headline":"Conicyt informa sobre plazos y postulaciones a fondos concursables vigentes","datePublished":"2019-11-18T14:14:34+00:00","dateModified":"2022-01-07T19:16:27+00:00","mainEntityOfPage":{"@id":"https:\/\/vrip.ubiobio.cl\/inicio\/noticias\/conicyt-informa\/"},"wordCount":503,"commentCount":0,"publisher":{"@id":"https:\/\/vrip.ubiobio.cl\/inicio\/#organization"},"image":{"@id":"https:\/\/vrip.ubiobio.cl\/inicio\/noticias\/conicyt-informa\/#primaryimage"},"thumbnailUrl":"https:\/\/vrip.ubiobio.cl\/wp-content\/uploads\/2021\/09\/Vrip_Banner-Noticias.jpg","articleSection":["Noticias"],"inLanguage":"es","potentialAction":[{"@type":"CommentAction","name":"Comment","target":["https:\/\/vrip.ubiobio.cl\/inicio\/noticias\/conicyt-informa\/#respond"]}]},{"@type":"WebPage","@id":"https:\/\/vrip.ubiobio.cl\/inicio\/noticias\/conicyt-informa\/","url":"https:\/\/vrip.ubiobio.cl\/inicio\/noticias\/conicyt-informa\/","name":"Conicyt informa sobre plazos y postulaciones a fondos concursables vigentes - VRIP","isPartOf":{"@id":"https:\/\/vrip.ubiobio.cl\/inicio\/#website"},"primaryImageOfPage":{"@id":"https:\/\/vrip.ubiobio.cl\/inicio\/noticias\/conicyt-informa\/#primaryimage"},"image":{"@id":"https:\/\/vrip.ubiobio.cl\/inicio\/noticias\/conicyt-informa\/#primaryimage"},"thumbnailUrl":"https:\/\/vrip.ubiobio.cl\/wp-content\/uploads\/2021\/09\/Vrip_Banner-Noticias.jpg","datePublished":"2019-11-18T14:14:34+00:00","dateModified":"2022-01-07T19:16:27+00:00","breadcrumb":{"@id":"https:\/\/vrip.ubiobio.cl\/inicio\/noticias\/conicyt-informa\/#breadcrumb"},"inLanguage":"es","potentialAction":[{"@type":"ReadAction","target":["https:\/\/vrip.ubiobio.cl\/inicio\/noticias\/conicyt-informa\/"]}]},{"@type":"ImageObject","inLanguage":"es","@id":"https:\/\/vrip.ubiobio.cl\/inicio\/noticias\/conicyt-informa\/#primaryimage","url":"https:\/\/vrip.ubiobio.cl\/wp-content\/uploads\/2021\/09\/Vrip_Banner-Noticias.jpg","contentUrl":"https:\/\/vrip.ubiobio.cl\/wp-content\/uploads\/2021\/09\/Vrip_Banner-Noticias.jpg","width":1428,"height":400},{"@type":"BreadcrumbList","@id":"https:\/\/vrip.ubiobio.cl\/inicio\/noticias\/conicyt-informa\/#breadcrumb","itemListElement":[{"@type":"ListItem","position":1,"name":"Portada","item":"https:\/\/vrip.ubiobio.cl\/inicio\/"},{"@type":"ListItem","position":2,"name":"Conicyt informa sobre plazos y postulaciones a fondos concursables vigentes"}]},{"@type":"WebSite","@id":"https:\/\/vrip.ubiobio.cl\/inicio\/#website","url":"https:\/\/vrip.ubiobio.cl\/inicio\/","name":"VRIP","description":"Vicerrector\u00eda de Investigaci\u00f3n y Postgrado","publisher":{"@id":"https:\/\/vrip.ubiobio.cl\/inicio\/#organization"},"potentialAction":[{"@type":"SearchAction","target":{"@type":"EntryPoint","urlTemplate":"https:\/\/vrip.ubiobio.cl\/inicio\/?s={search_term_string}"},"query-input":{"@type":"PropertyValueSpecification","valueRequired":true,"valueName":"search_term_string"}}],"inLanguage":"es"},{"@type":"Organization","@id":"https:\/\/vrip.ubiobio.cl\/inicio\/#organization","name":"VRIP","url":"https:\/\/vrip.ubiobio.cl\/inicio\/","logo":{"@type":"ImageObject","inLanguage":"es","@id":"https:\/\/vrip.ubiobio.cl\/inicio\/#\/schema\/logo\/image\/","url":"https:\/\/vrip.ubiobio.cl\/wp-content\/uploads\/2022\/10\/logo-vrip_Mesa-de-trabajo-1.png","contentUrl":"https:\/\/vrip.ubiobio.cl\/wp-content\/uploads\/2022\/10\/logo-vrip_Mesa-de-trabajo-1.png","width":642,"height":178,"caption":"VRIP"},"image":{"@id":"https:\/\/vrip.ubiobio.cl\/inicio\/#\/schema\/logo\/image\/"},"sameAs":["https:\/\/x.com\/vripubb","https:\/\/www.instagram.com\/vrip_ubb\/","https:\/\/www.youtube.com\/channel\/UCf7o8yHRJ7Y_QQLxwu1KQgA","https:\/\/www.linkedin.com\/company\/96035097\/admin\/dashboard\/"]},{"@type":"Person","@id":"https:\/\/vrip.ubiobio.cl\/inicio\/#\/schema\/person\/692fdff965936e115510632e7340cba2","name":"Moderador","image":{"@type":"ImageObject","inLanguage":"es","@id":"https:\/\/secure.gravatar.com\/avatar\/d16ec183e637d727e6c6574e3768aa439442611065e2b4f983793af8bb630edc?s=96&d=mm&r=g","url":"https:\/\/secure.gravatar.com\/avatar\/d16ec183e637d727e6c6574e3768aa439442611065e2b4f983793af8bb630edc?s=96&d=mm&r=g","contentUrl":"https:\/\/secure.gravatar.com\/avatar\/d16ec183e637d727e6c6574e3768aa439442611065e2b4f983793af8bb630edc?s=96&d=mm&r=g","caption":"Moderador"},"url":"https:\/\/vrip.ubiobio.cl\/inicio\/author\/dago\/"}]}},"_links":{"self":[{"href":"https:\/\/vrip.ubiobio.cl\/inicio\/wp-json\/wp\/v2\/posts\/18320","targetHints":{"allow":["GET"]}}],"collection":[{"href":"https:\/\/vrip.ubiobio.cl\/inicio\/wp-json\/wp\/v2\/posts"}],"about":[{"href":"https:\/\/vrip.ubiobio.cl\/inicio\/wp-json\/wp\/v2\/types\/post"}],"author":[{"embeddable":true,"href":"https:\/\/vrip.ubiobio.cl\/inicio\/wp-json\/wp\/v2\/users\/4"}],"replies":[{"embeddable":true,"href":"https:\/\/vrip.ubiobio.cl\/inicio\/wp-json\/wp\/v2\/comments?post=18320"}],"version-history":[{"count":2,"href":"https:\/\/vrip.ubiobio.cl\/inicio\/wp-json\/wp\/v2\/posts\/18320\/revisions"}],"predecessor-version":[{"id":24782,"href":"https:\/\/vrip.ubiobio.cl\/inicio\/wp-json\/wp\/v2\/posts\/18320\/revisions\/24782"}],"wp:featuredmedia":[{"embeddable":true,"href":"https:\/\/vrip.ubiobio.cl\/inicio\/wp-json\/wp\/v2\/media\/24658"}],"wp:attachment":[{"href":"https:\/\/vrip.ubiobio.cl\/inicio\/wp-json\/wp\/v2\/media?parent=18320"}],"wp:term":[{"taxonomy":"category","embeddable":true,"href":"https:\/\/vrip.ubiobio.cl\/inicio\/wp-json\/wp\/v2\/categories?post=18320"},{"taxonomy":"post_tag","embeddable":true,"href":"https:\/\/vrip.ubiobio.cl\/inicio\/wp-json\/wp\/v2\/tags?post=18320"}],"curies":[{"name":"wp","href":"https:\/\/api.w.org\/{rel}","templated":true}]}}