{"id":15522,"date":"2018-03-29T13:02:19","date_gmt":"2018-03-29T16:02:19","guid":{"rendered":"http:\/\/vrip.ubiobio.cl\/vrip\/?p=15522"},"modified":"2022-01-07T20:45:46","modified_gmt":"2022-01-07T20:45:46","slug":"ciencia-con-sentido","status":"publish","type":"post","link":"https:\/\/vrip.ubiobio.cl\/inicio\/noticias\/ciencia-con-sentido\/","title":{"rendered":"Ciencia con sentido"},"content":{"rendered":"<p><span style=\"color: var(--global-palette4); font-family: var(--global-body-font-family);\">En el marco de la inauguraci\u00f3n del a\u00f1o acad\u00e9mico 2018 del Departamento de Ciencias B\u00e1sicas, su director, Dr. Julio Alarc\u00f3n, invita a participar de la conferencia \u201c<\/span><em style=\"color: var(--global-palette4); font-family: var(--global-body-font-family);\">Making Sense of Science: the role of science education in developing and supporting scientific Literacy\u201d<\/em><strong style=\"color: var(--global-palette4); font-family: var(--global-body-font-family);\">\u00a0<\/strong><span style=\"color: var(--global-palette4); font-family: var(--global-body-font-family);\">(Ciencia con sentido: El rol de la educaci\u00f3n en el desarrollo y apoyo a la alfabetizaci\u00f3n cient\u00edfica) de los Doctores Judith S. Lederman y. Norman G. Lederman, ambos acad\u00e9micos del\u00a0College of Science de \u201dIllinois Institute of Technology \u2013 USA\u201d, a realizarse el\u00a0<\/span><strong style=\"color: var(--global-palette4); font-family: var(--global-body-font-family);\">lunes 2\u00a0de Abril a las 11:10 horas en la sala C-1<\/strong><span style=\"color: var(--global-palette4); font-family: var(--global-body-font-family);\">, Campus Fdo. May, Chill\u00e1n.<\/span><\/p>\n<p><img fetchpriority=\"high\" decoding=\"async\" class=\"alignnone size-full wp-image-21820\" src=\"http:\/\/vrip.ubiobio.cl\/wp-content\/uploads\/2018\/03\/Invitacion-Inauguracion-Ano-Academico-001.jpg\" alt=\"\" width=\"290\" height=\"218\" \/><\/p>\n","protected":false},"excerpt":{"rendered":"<p>En el marco de la inauguraci\u00f3n del a\u00f1o acad\u00e9mico 2018 del Departamento de Ciencias B\u00e1sicas, su director, Dr. Julio Alarc\u00f3n, invita a participar de la conferencia \u201cMaking Sense of Science: the role of science education in developing and supporting scientific Literacy\u201d\u00a0(Ciencia con sentido: El rol de la educaci\u00f3n en el desarrollo y apoyo a la&#8230;<\/p>\n","protected":false},"author":1,"featured_media":24658,"comment_status":"open","ping_status":"closed","sticky":false,"template":"","format":"standard","meta":{"_kadence_starter_templates_imported_post":false,"_kad_post_transparent":"default","_kad_post_title":"default","_kad_post_layout":"default","_kad_post_sidebar_id":"","_kad_post_content_style":"default","_kad_post_vertical_padding":"default","_kad_post_feature":"","_kad_post_feature_position":"","_kad_post_header":false,"_kad_post_footer":false,"footnotes":""},"categories":[3],"tags":[],"_links":{"self":[{"href":"https:\/\/vrip.ubiobio.cl\/inicio\/wp-json\/wp\/v2\/posts\/15522"}],"collection":[{"href":"https:\/\/vrip.ubiobio.cl\/inicio\/wp-json\/wp\/v2\/posts"}],"about":[{"href":"https:\/\/vrip.ubiobio.cl\/inicio\/wp-json\/wp\/v2\/types\/post"}],"author":[{"embeddable":true,"href":"https:\/\/vrip.ubiobio.cl\/inicio\/wp-json\/wp\/v2\/users\/1"}],"replies":[{"embeddable":true,"href":"https:\/\/vrip.ubiobio.cl\/inicio\/wp-json\/wp\/v2\/comments?post=15522"}],"version-history":[{"count":3,"href":"https:\/\/vrip.ubiobio.cl\/inicio\/wp-json\/wp\/v2\/posts\/15522\/revisions"}],"predecessor-version":[{"id":27327,"href":"https:\/\/vrip.ubiobio.cl\/inicio\/wp-json\/wp\/v2\/posts\/15522\/revisions\/27327"}],"wp:featuredmedia":[{"embeddable":true,"href":"https:\/\/vrip.ubiobio.cl\/inicio\/wp-json\/wp\/v2\/media\/24658"}],"wp:attachment":[{"href":"https:\/\/vrip.ubiobio.cl\/inicio\/wp-json\/wp\/v2\/media?parent=15522"}],"wp:term":[{"taxonomy":"category","embeddable":true,"href":"https:\/\/vrip.ubiobio.cl\/inicio\/wp-json\/wp\/v2\/categories?post=15522"},{"taxonomy":"post_tag","embeddable":true,"href":"https:\/\/vrip.ubiobio.cl\/inicio\/wp-json\/wp\/v2\/tags?post=15522"}],"curies":[{"name":"wp","href":"https:\/\/api.w.org\/{rel}","templated":true}]}}